{"id":616361,"date":"2023-08-06T21:54:24","date_gmt":"2023-08-06T17:54:24","guid":{"rendered":"https:\/\/arantv.az\/?p=616361"},"modified":"2023-08-06T21:54:24","modified_gmt":"2023-08-06T17:54:24","slug":"beyn%c9%99lxalq-huquq-olk%c9%99l%c9%99r%c9%99-v%c9%99-%c9%99razil%c9%99r%c9%99-f%c9%99rqli-s%c9%99kild%c9%99-t%c9%99tbiq-oluna-bilm%c9%99z-s%c9%99rh-foto","status":"publish","type":"post","link":"https:\/\/arantv.az\/?p=616361","title":{"rendered":"\u201cBeyn\u0259lxalq h\u00fcquq \u00f6lk\u0259l\u0259r\u0259 v\u0259 \u0259razil\u0259r\u0259 f\u0259rqli \u015f\u0259kild\u0259 t\u0259tbiq oluna bilm\u0259z\u201d &#8211; \u015e\u018fRH + FOTO"},"content":{"rendered":"<p>\u201cErm\u0259nistan\u0131n Az\u0259rbaycanla raz\u0131la\u015fd\u0131rmadan suveren \u0259razimiz\u0259 \u201chumanitar yard\u0131m\u201d ad\u0131 alt\u0131nda y\u00fck avtomobill\u0259ri g\u00f6nd\u0259rm\u0259k c\u0259hdi \u0259razi b\u00fct\u00f6vl\u00fcy\u00fcm\u00fcz\u0259, beyn\u0259lxalq h\u00fcququn fundamental prinsipl\u0259rin\u0259 a\u00e7\u0131q h\u00f6rm\u0259tsizlikdir. \u00c7ox t\u0259\u0259ss\u00fcf ki, biz bir s\u0131ra beyn\u0259lxalq t\u0259\u015fkilatlar\u0131n, ayr\u0131-ayr\u0131 \u00f6lk\u0259l\u0259rin bu m\u0259s\u0259l\u0259y\u0259 qeyri-obyektiv yana\u015fmas\u0131n\u0131 m\u00fc\u015fahid\u0259 edirik\u201d.<\/p>\n<p>Bu fikirl\u0259ri AZ\u018fRTAC-a a\u00e7\u0131qlamas\u0131nda Milli M\u0259clisin deputat\u0131 Soltan M\u0259mm\u0259dov deyib.<\/p>\n<p>Deputat vur\u011fulay\u0131b ki, Erm\u0259nistan\u0131n \u0259sl m\u0259qs\u0259dinin s\u00fcni ajiotaj yaratmaq, La\u00e7\u0131n yolu il\u0259 ba\u011fl\u0131 beyn\u0259lxalq ictimaiyy\u0259td\u0259 yanl\u0131\u015f t\u0259s\u0259vv\u00fcr formala\u015fd\u0131rmaqdan ibar\u0259t oldu\u011fu \u00e7ox ayd\u0131n \u015f\u0259kild\u0259 g\u00f6r\u00fcns\u0259 d\u0259, b\u0259zi d\u00f6vl\u0259tl\u0259r bu m\u0259s\u0259l\u0259y\u0259 ikili standartlar prizmas\u0131ndan qiym\u0259t verir.<\/p>\n<p><img src=\"https:\/\/cdn.oxu.az\/uploads\/W1siZiIsIjIwMjMvMDgvMDYvMTgvNDcvNDkvODNkNTc0MWQtZmFkOS00YjY5LWFlYjItNDE1NzY5YWE2ZDg4L1NjcmVlbnNob3QgMjAyMy0wOC0wNiAxODQ0MjMucG5nIl0sWyJwIiwiZW5jb2RlIiwianBnIiwiLXF1YWxpdHkgODAiXSxbInAiLCJ0aHVtYiIsIjU5MHg1OTBcdTAwM2UiXV0?sha=272d923c75528db6\" alt=\"\" \/>Deputat xat\u0131rlad\u0131b ki, 2014-c\u00fc ild\u0259 Rusiya Federasiyas\u0131n\u0131n Ukrayna \u0259razisin\u0259 humanitar yard\u0131m g\u00f6nd\u0259rm\u0259k t\u0259\u015f\u0259bb\u00fcs\u00fcn\u0259 beyn\u0259lxalq birliyin reaksiyas\u0131 tamamil\u0259 f\u0259rqli motivl\u0259r\u0259 \u0259saslanm\u0131\u015fd\u0131:<\/p>\n<p>\u201cBu bar\u0259d\u0259 Az\u0259rbaycan medias\u0131nda da maraql\u0131 ara\u015fd\u0131rmalar d\u0259rc olunub. Bu, \u0259slind\u0259 b\u00fct\u00f6vl\u00fckd\u0259 Az\u0259rbaycan ictimaiyy\u0259tini maraqland\u0131ran bir m\u00f6vzudur. 2014-c\u00fc il avqustunda Rusiyan\u0131n ir\u0259li s\u00fcrd\u00fcy\u00fc Donetsk v\u0259 Luqanska humanitar karvanlar\u0131n g\u00f6nd\u0259rilm\u0259si t\u0259klifi Q\u0259rb \u00f6lk\u0259l\u0259rinin k\u0259skin etiraz\u0131na s\u0259b\u0259b olmu\u015fdu. AB\u015e Rusiyan\u0131n Ukraynaya humanitar yard\u0131m \u00e7atd\u0131rmaqla ba\u011fl\u0131 birt\u0259r\u0259fli add\u0131m\u0131n\u0131 birba\u015fa i\u015f\u011fal kimi qiym\u0259tl\u0259ndir\u0259c\u0259yini, AT\u018fT is\u0259 yard\u0131m\u0131n Ukraynan\u0131n \u0259razi b\u00fct\u00f6vl\u00fcy\u00fcn\u0259 h\u00f6rm\u0259t edilm\u0259k \u015f\u0259rti il\u0259 \u00e7atd\u0131r\u0131lmas\u0131n\u0131n z\u0259ruriliyini b\u0259yan etmi\u015fdi. \u00dcmumiyy\u0259tl\u0259, m\u00fcxt\u0259lif \u00f6lk\u0259l\u0259rin v\u0259 beyn\u0259lxalq qurumlar\u0131n m\u0259s\u0259l\u0259 il\u0259 ba\u011fl\u0131 \u00fcmumi m\u00f6vqeyi bundan ibar\u0259t idi ki, Ukraynan\u0131n r\u0259smi icaz\u0259si olmadan \u201chumanitar y\u00fck\u201d karvan\u0131n\u0131n g\u00f6nd\u0259rilm\u0259si Ukraynan\u0131n suverenliyin\u0259 h\u00f6rm\u0259tsizlikdir. \u018flb\u0259tt\u0259 ki, onlar bu m\u00f6vqel\u0259rind\u0259 haql\u0131 idil\u0259r. M\u0259hz bu kontekstd\u0259 baxd\u0131qda, bu g\u00fcn La\u00e7\u0131n yolu \u0259traf\u0131nda ba\u015f ver\u0259nl\u0259r\u0259 bir \u00e7ox q\u0259rb d\u00f6vl\u0259tl\u0259ri v\u0259 beyn\u0259lxalq t\u0259\u015fkilatlar\u0131n yana\u015fmas\u0131 tamamil\u0259 anla\u015f\u0131lmazd\u0131r&#8221;.<\/p>\n<p><img src=\"https:\/\/cdn.oxu.az\/uploads\/W1siZiIsIjIwMjMvMDgvMDYvMTkvMTEvMTgvOWFlYWM2YjktYjNiOC00MTkzLWIzOTktMmU2NmQ4MDJlYzA2L1NjcmVlbnNob3QgMjAyMy0wOC0wNiAxOTEwNDkucG5nIl0sWyJwIiwiZW5jb2RlIiwianBnIiwiLXF1YWxpdHkgODAiXSxbInAiLCJ0aHVtYiIsIjU5MHg1OTBcdTAwM2UiXV0?sha=f12480643ace1a97\" alt=\"\" \/>Soltan M\u0259mm\u0259dov qeyd edib ki, Erm\u0259nistan\u0131n ba\u015fqa bir d\u00f6vl\u0259tin \u0259razisin\u0259 raz\u0131la\u015fd\u0131rmadan \u201chumanitar yard\u0131m\u201d g\u00f6nd\u0259rm\u0259k c\u0259hdi siyasi sabotajd\u0131r v\u0259 \u0259sas m\u0259qs\u0259d Az\u0259rbaycanla m\u00fcnasib\u0259tl\u0259rin normalla\u015fd\u0131r\u0131lmas\u0131 istiqam\u0259tind\u0259 apar\u0131lan dan\u0131\u015f\u0131qlara z\u0259rb\u0259 vurmaqdan ibar\u0259tdir:<\/p>\n<p>\u201cAz\u0259rbaycan\u0131n m\u00f6vqeyi is\u0259 beyn\u0259lxalq h\u00fcquqa \u0259saslan\u0131r. Ukrayna v\u0259 Q\u0259rb d\u00f6vl\u0259tl\u0259ri, el\u0259c\u0259 d\u0259 onlarla eyni m\u00f6vqed\u0259n \u00e7\u0131x\u0131\u015f ed\u0259n beyn\u0259lxalq t\u0259\u015fkilatlar doqquz il bundan \u00f6nc\u0259 Rusiyan\u0131n Donetsk v\u0259 Luqanska humanitar yard\u0131m g\u00f6nd\u0259rm\u0259k t\u0259\u015f\u0259bb\u00fcs\u00fcn\u0259 hans\u0131 arqumentl\u0259rl\u0259 etiraz edirdil\u0259rs\u0259 Az\u0259rbaycan bu g\u00fcn Erm\u0259nistan\u0131n eyni m\u0259zmunlu c\u0259hdin\u0259 m\u00fcnasib\u0259td\u0259 eyni arqumentl\u0259r\u0259 istinad edir. \u00c7\u00fcnki beyn\u0259lxalq h\u00fcquq \u00f6lk\u0259l\u0259r\u0259 v\u0259 \u0259razil\u0259r\u0259 f\u0259rqli \u015f\u0259kild\u0259 t\u0259tbiq oluna bilm\u0259z. T\u0259\u0259ss\u00fcf ki, biz bu g\u00fcn h\u0259min \u00f6lk\u0259l\u0259rin v\u0259 qurumlar\u0131n tamamil\u0259 f\u0259rqli m\u00f6vqeyini m\u00fc\u015fahid\u0259 edirik. Bu, beyn\u0259lxalq nizam qaydalar\u0131n\u0131n i\u015fl\u0259k mexanizml\u0259rinin effektivliyini itirdiyin\u0259, ikili standartlar\u0131n beyn\u0259lxalq m\u00fcnasib\u0259tl\u0259r sisteminin \u0259n t\u0259sirli prinsipl\u0259rind\u0259n birin\u0259 \u00e7evrildiyin\u0259 dair m\u00fclahiz\u0259l\u0259rin \u0259sasl\u0131 oldu\u011funu g\u00f6st\u0259rir\u201d.<\/p>\n<p><img src=\"https:\/\/cdn.oxu.az\/uploads\/W1siZiIsIjIwMjMvMDgvMDYvMTgvNDcvNTUvMzQ3ZWNmOWEtMzU1Yi00YjVhLTg3YzQtMWRhOWI2MTZhZWViL2M4YTg1MWI5LTUwOGUtNDFkMC04Mjk2LWYyYzY4NmU3NzkzNS5qcGciXSxbInAiLCJlbmNvZGUiLCJqcGciLCItcXVhbGl0eSA4MCJdLFsicCIsInRodW1iIiwiNTkweDU5MFx1MDAzZSJdXQ?sha=78a17c237be6c0c8\" alt=\"\" \/>Milli M\u0259clisin deputat\u0131 bildirib ki, Az\u0259rbaycan \u00f6z haql\u0131 m\u00f6vqeyind\u0259n geri \u00e7\u0259kilm\u0259y\u0259c\u0259yini \u0259n y\u00fcks\u0259k s\u0259viyy\u0259d\u0259 b\u0259yan edib:<\/p>\n<p>\u201cPrezident\u00a0<strong>\u0130lham \u018fliyev<\/strong>\u00a0\u201cEuronews\u201d televiziyas\u0131na m\u00fcsahib\u0259sind\u0259 La\u00e7\u0131n yolu il\u0259 ba\u011fl\u0131 Az\u0259rbaycan d\u00f6vl\u0259tinin m\u00f6vqeyini \u00e7ox ayd\u0131n v\u0259 konkret \u015f\u0259kild\u0259 bildirib. Az\u0259rbaycana t\u0259zyiq yolu il\u0259 hans\u0131sa \u0259dal\u0259tsiz yana\u015fman\u0131 q\u0259bul etdirm\u0259k m\u00fcmk\u00fcn deyil. Yax\u0131n tariximizin t\u0259cr\u00fcb\u0259si bunu d\u0259f\u0259l\u0259rl\u0259 t\u0259sdiq edib. Regionda v\u0259 d\u00fcnyada ba\u015f ver\u0259n m\u00fcr\u0259kk\u0259b, ziddiyy\u0259tli prosesl\u0259r fonunda \u00f6lk\u0259nin milli t\u0259hl\u00fck\u0259sizliyini v\u0259 d\u00f6vl\u0259t maraqlar\u0131n\u0131 qorumaq n\u0259 q\u0259d\u0259r \u00e7\u0259tin olsa da Az\u0259rbaycan g\u00fccl\u00fc bir d\u00f6vl\u0259t kimi haql\u0131 v\u0259 \u0259dal\u0259tli m\u00f6vqeyini q\u0259tiyy\u0259tl\u0259 m\u00fcdafi\u0259 ed\u0259c\u0259k\u201d.<\/p>\n","protected":false},"excerpt":{"rendered":"<p>\u201cErm\u0259nistan\u0131n Az\u0259rbaycanla raz\u0131la\u015fd\u0131rmadan suveren \u0259razimiz\u0259 \u201chumanitar yard\u0131m\u201d ad\u0131 alt\u0131nda y\u00fck avtomobill\u0259ri g\u00f6nd\u0259rm\u0259k c\u0259hdi \u0259razi b\u00fct\u00f6vl\u00fcy\u00fcm\u00fcz\u0259, beyn\u0259lxalq h\u00fcququn fundamental prinsipl\u0259rin\u0259 a\u00e7\u0131q h\u00f6rm\u0259tsizlikdir. \u00c7ox t\u0259\u0259ss\u00fcf ki, biz bir s\u0131ra beyn\u0259lxalq t\u0259\u015fkilatlar\u0131n, ayr\u0131-ayr\u0131 \u00f6lk\u0259l\u0259rin bu m\u0259s\u0259l\u0259y\u0259 qeyri-obyektiv yana\u015fmas\u0131n\u0131 m\u00fc\u015fahid\u0259 edirik\u201d. Bu fikirl\u0259ri AZ\u018fRTAC-a a\u00e7\u0131qlamas\u0131nda Milli M\u0259clisin deputat\u0131 Soltan M\u0259mm\u0259dov deyib. Deputat vur\u011fulay\u0131b ki, Erm\u0259nistan\u0131n \u0259sl m\u0259qs\u0259dinin s\u00fcni ajiotaj yaratmaq, La\u00e7\u0131n yolu il\u0259 ba\u011fl\u0131 beyn\u0259lxalq ictimaiyy\u0259td\u0259 yanl\u0131\u015f t\u0259s\u0259vv\u00fcr formala\u015fd\u0131rmaqdan ibar\u0259t oldu\u011fu \u00e7ox ayd\u0131n \u015f\u0259kild\u0259 g\u00f6r\u00fcns\u0259 d\u0259, b\u0259zi d\u00f6vl\u0259tl\u0259r bu m\u0259s\u0259l\u0259y\u0259 ikili standartlar prizmas\u0131ndan qiym\u0259t verir. Deputat xat\u0131rlad\u0131b ki, 2014-c\u00fc ild\u0259 Rusiya Federasiyas\u0131n\u0131n Ukrayna \u0259razisin\u0259&hellip;<\/p>\n","protected":false},"author":2,"featured_media":616363,"comment_status":"closed","ping_status":"closed","sticky":false,"template":"","format":"standard","meta":{"om_disable_all_campaigns":false,"_monsterinsights_skip_tracking":false,"_monsterinsights_sitenote_active":false,"_monsterinsights_sitenote_note":"","_monsterinsights_sitenote_category":0},"categories":[4],"tags":[],"aioseo_notices":[],"gutentor_comment":0,"rttpg_featured_image_url":{"full":["https:\/\/arantv.az\/wp-content\/uploads\/2023\/08\/spayka-1690804469.jpg",620,413,false],"landscape":["https:\/\/arantv.az\/wp-content\/uploads\/2023\/08\/spayka-1690804469.jpg",620,413,false],"portraits":["https:\/\/arantv.az\/wp-content\/uploads\/2023\/08\/spayka-1690804469.jpg",620,413,false],"thumbnail":["https:\/\/arantv.az\/wp-content\/uploads\/2023\/08\/spayka-1690804469-500x280.jpg",500,280,true],"medium":["https:\/\/arantv.az\/wp-content\/uploads\/2023\/08\/spayka-1690804469-548x365.jpg",548,365,true],"large":["https:\/\/arantv.az\/wp-content\/uploads\/2023\/08\/spayka-1690804469.jpg",620,413,false],"1536x1536":["https:\/\/arantv.az\/wp-content\/uploads\/2023\/08\/spayka-1690804469.jpg",620,413,false],"2048x2048":["https:\/\/arantv.az\/wp-content\/uploads\/2023\/08\/spayka-1690804469.jpg",620,413,false],"post-thumbnail":["https:\/\/arantv.az\/wp-content\/uploads\/2023\/08\/spayka-1690804469-240x172.jpg",240,172,true],"advps-thumb-one":["https:\/\/arantv.az\/wp-content\/uploads\/2023\/08\/spayka-1690804469.jpg",620,413,false]},"rttpg_author":{"display_name":"V\u00fcsal Rafiqo\u011flu","author_link":"https:\/\/arantv.az\/?author=2"},"rttpg_comment":0,"rttpg_category":"<a href=\"https:\/\/arantv.az\/?cat=4\" rel=\"category\">Siyas\u0259t<\/a>","rttpg_excerpt":"\u201cErm\u0259nistan\u0131n Az\u0259rbaycanla raz\u0131la\u015fd\u0131rmadan suveren \u0259razimiz\u0259 \u201chumanitar yard\u0131m\u201d ad\u0131 alt\u0131nda y\u00fck avtomobill\u0259ri g\u00f6nd\u0259rm\u0259k c\u0259hdi \u0259razi b\u00fct\u00f6vl\u00fcy\u00fcm\u00fcz\u0259, beyn\u0259lxalq h\u00fcququn fundamental prinsipl\u0259rin\u0259 a\u00e7\u0131q h\u00f6rm\u0259tsizlikdir. \u00c7ox t\u0259\u0259ss\u00fcf ki, biz bir s\u0131ra beyn\u0259lxalq t\u0259\u015fkilatlar\u0131n, ayr\u0131-ayr\u0131 \u00f6lk\u0259l\u0259rin bu m\u0259s\u0259l\u0259y\u0259 qeyri-obyektiv yana\u015fmas\u0131n\u0131 m\u00fc\u015fahid\u0259 edirik\u201d. Bu fikirl\u0259ri AZ\u018fRTAC-a a\u00e7\u0131qlamas\u0131nda Milli M\u0259clisin deputat\u0131 Soltan M\u0259mm\u0259dov deyib. Deputat vur\u011fulay\u0131b ki, Erm\u0259nistan\u0131n \u0259sl m\u0259qs\u0259dinin s\u00fcni ajiotaj&hellip;","_links":{"self":[{"href":"https:\/\/arantv.az\/index.php?rest_route=\/wp\/v2\/posts\/616361"}],"collection":[{"href":"https:\/\/arantv.az\/index.php?rest_route=\/wp\/v2\/posts"}],"about":[{"href":"https:\/\/arantv.az\/index.php?rest_route=\/wp\/v2\/types\/post"}],"author":[{"embeddable":true,"href":"https:\/\/arantv.az\/index.php?rest_route=\/wp\/v2\/users\/2"}],"replies":[{"embeddable":true,"href":"https:\/\/arantv.az\/index.php?rest_route=%2Fwp%2Fv2%2Fcomments&post=616361"}],"version-history":[{"count":0,"href":"https:\/\/arantv.az\/index.php?rest_route=\/wp\/v2\/posts\/616361\/revisions"}],"wp:featuredmedia":[{"embeddable":true,"href":"https:\/\/arantv.az\/index.php?rest_route=\/wp\/v2\/media\/616363"}],"wp:attachment":[{"href":"https:\/\/arantv.az\/index.php?rest_route=%2Fwp%2Fv2%2Fmedia&parent=616361"}],"wp:term":[{"taxonomy":"category","embeddable":true,"href":"https:\/\/arantv.az\/index.php?rest_route=%2Fwp%2Fv2%2Fcategories&post=616361"},{"taxonomy":"post_tag","embeddable":true,"href":"https:\/\/arantv.az\/index.php?rest_route=%2Fwp%2Fv2%2Ftags&post=616361"}],"curies":[{"name":"wp","href":"https:\/\/api.w.org\/{rel}","templated":true}]}}