{"id":616377,"date":"2023-08-07T08:06:49","date_gmt":"2023-08-07T04:06:49","guid":{"rendered":"https:\/\/arantv.az\/?p=616377"},"modified":"2023-08-07T08:06:49","modified_gmt":"2023-08-07T04:06:49","slug":"aliment-verm%c9%99y%c9%99nl%c9%99rin-adlari-reyestr%c9%99-salina-bil%c9%99r-video","status":"publish","type":"post","link":"https:\/\/arantv.az\/?p=616377","title":{"rendered":"Aliment verm\u0259y\u0259nl\u0259rin adlar\u0131 reyestr\u0259 sal\u0131na bil\u0259r &#8211; V\u0130DEO"},"content":{"rendered":"<article class=\"news\">\n<div class=\"news-inner\">\n<p>\u201cAliment t\u0259l\u0259bin\u0259 dair m\u0259hk\u0259m\u0259 q\u0259rarlar\u0131n\u0131n \u00e7oxu yerin\u0259 yetirilmir\u201d.<\/p>\n<p>Xezerxeber.az x\u0259b\u0259r verir ki, bunu Milli M\u0259clisinin Ail\u0259, Qad\u0131n v\u0259 U\u015faq m\u0259s\u0259l\u0259l\u0259ri komit\u0259sinin s\u0259dri Hicran H\u00fcseynova bildirib. Onun s\u00f6zl\u0259rin\u0259 g\u00f6r\u0259, bu m\u0259s\u0259l\u0259 il\u0259 ba\u011fl\u0131 mill\u0259t v\u0259kill\u0259rin\u0259 m\u00fcraci\u0259t ed\u0259nl\u0259rin say\u0131 olduqca \u00e7oxdur.<\/p>\n<p>Deputat\u0131n s\u00f6zl\u0259rin\u0259 g\u00f6r\u0259, problemin aradan qald\u0131r\u0131lmas\u0131 \u00fc\u00e7\u00fcn Aliment Fondu yarad\u0131lmal\u0131 v\u0259 aliment verm\u0259y\u0259n \u015f\u0259xsl\u0259rin u\u015faqlar\u0131na \u00f6d\u0259m\u0259l\u0259r d\u00f6vl\u0259t t\u0259r\u0259find\u0259n h\u0259yata ke\u00e7irilm\u0259lidir.<\/p>\n<p>H.H\u00fcseynova qeyd edib ki, aliment \u00f6d\u0259m\u0259y\u0259nl\u0259rin h\u0259bs olunmas\u0131 il\u0259 problemi \u00e7\u00f6zm\u0259k m\u00fcmk\u00fcn deyil:<\/p>\n<p>\u201cT\u0259bii ki, m\u0259hk\u0259m\u0259 q\u0259rar\u0131n\u0131 icra etm\u0259y\u0259nl\u0259r c\u0259zas\u0131n\u0131 \u00e7\u0259km\u0259lidirl\u0259r. Amma, m\u00fcxt\u0259lif vasit\u0259l\u0259rl\u0259 bu bo\u015flu\u011fu doldurmaq laz\u0131md\u0131r. Aliment \u00f6d\u0259m\u0259kd\u0259n imtina ed\u0259n \u015f\u0259xsl\u0259rin reyestrinin yarad\u0131lmas\u0131n\u0131 t\u0259klif edir\u0259m\u201d.<\/p>\n<p>Mill\u0259t v\u0259kili \u0259lav\u0259 edib ki, m\u0259s\u0259l\u0259 yenid\u0259n parlamentd\u0259 m\u00fczakir\u0259y\u0259 \u00e7\u0131xar\u0131lacaq.<\/p>\n<p>Qeyd ed\u0259k ki, Aliment Fondunun yarad\u0131lmas\u0131 m\u0259s\u0259l\u0259si bir ne\u00e7\u0259 d\u0259f\u0259 Ombudsman\u0131n illik m\u0259ruz\u0259l\u0259rin\u0259 daxil edilib. Sonradan m\u0259s\u0259l\u0259 Milli M\u0259clis s\u0259viyy\u0259sind\u0259 m\u00fczakir\u0259 olunsa da, indiy\u0259 q\u0259d\u0259r fondun yarad\u0131lmas\u0131 m\u00fcsb\u0259t h\u0259llini tapmay\u0131b.<\/p>\n<p>Daha \u0259trafl\u0131 videomaterialda:<\/p>\n<div><iframe loading=\"lazy\" title=\"YouTube video player\" src=\"https:\/\/www.youtube.com\/embed\/lRQWRuJQ4Ds\" width=\"560\" height=\"315\" frameborder=\"0\" allowfullscreen=\"allowfullscreen\" data-mce-fragment=\"1\"><\/iframe><\/div>\n<\/div>\n<\/article>\n","protected":false},"excerpt":{"rendered":"<p>\u201cAliment t\u0259l\u0259bin\u0259 dair m\u0259hk\u0259m\u0259 q\u0259rarlar\u0131n\u0131n \u00e7oxu yerin\u0259 yetirilmir\u201d. Xezerxeber.az x\u0259b\u0259r verir ki, bunu Milli M\u0259clisinin Ail\u0259, Qad\u0131n v\u0259 U\u015faq m\u0259s\u0259l\u0259l\u0259ri komit\u0259sinin s\u0259dri Hicran H\u00fcseynova bildirib. Onun s\u00f6zl\u0259rin\u0259 g\u00f6r\u0259, bu m\u0259s\u0259l\u0259 il\u0259 ba\u011fl\u0131 mill\u0259t v\u0259kill\u0259rin\u0259 m\u00fcraci\u0259t ed\u0259nl\u0259rin say\u0131 olduqca \u00e7oxdur. Deputat\u0131n s\u00f6zl\u0259rin\u0259 g\u00f6r\u0259, problemin aradan qald\u0131r\u0131lmas\u0131 \u00fc\u00e7\u00fcn Aliment Fondu yarad\u0131lmal\u0131 v\u0259 aliment verm\u0259y\u0259n \u015f\u0259xsl\u0259rin u\u015faqlar\u0131na \u00f6d\u0259m\u0259l\u0259r d\u00f6vl\u0259t t\u0259r\u0259find\u0259n h\u0259yata ke\u00e7irilm\u0259lidir. H.H\u00fcseynova qeyd edib ki, aliment \u00f6d\u0259m\u0259y\u0259nl\u0259rin h\u0259bs olunmas\u0131 il\u0259 problemi \u00e7\u00f6zm\u0259k m\u00fcmk\u00fcn deyil: \u201cT\u0259bii ki, m\u0259hk\u0259m\u0259 q\u0259rar\u0131n\u0131 icra etm\u0259y\u0259nl\u0259r c\u0259zas\u0131n\u0131 \u00e7\u0259km\u0259lidirl\u0259r. Amma, m\u00fcxt\u0259lif vasit\u0259l\u0259rl\u0259 bu bo\u015flu\u011fu doldurmaq laz\u0131md\u0131r. Aliment \u00f6d\u0259m\u0259kd\u0259n imtina&hellip;<\/p>\n","protected":false},"author":2,"featured_media":616378,"comment_status":"closed","ping_status":"closed","sticky":false,"template":"","format":"standard","meta":{"om_disable_all_campaigns":false,"_monsterinsights_skip_tracking":false,"_monsterinsights_sitenote_active":false,"_monsterinsights_sitenote_note":"","_monsterinsights_sitenote_category":0},"categories":[1],"tags":[],"aioseo_notices":[],"gutentor_comment":0,"rttpg_featured_image_url":{"full":["https:\/\/arantv.az\/wp-content\/uploads\/2023\/08\/aliment-735x400-1.jpg",620,413,false],"landscape":["https:\/\/arantv.az\/wp-content\/uploads\/2023\/08\/aliment-735x400-1.jpg",620,413,false],"portraits":["https:\/\/arantv.az\/wp-content\/uploads\/2023\/08\/aliment-735x400-1.jpg",620,413,false],"thumbnail":["https:\/\/arantv.az\/wp-content\/uploads\/2023\/08\/aliment-735x400-1-500x280.jpg",500,280,true],"medium":["https:\/\/arantv.az\/wp-content\/uploads\/2023\/08\/aliment-735x400-1-548x365.jpg",548,365,true],"large":["https:\/\/arantv.az\/wp-content\/uploads\/2023\/08\/aliment-735x400-1.jpg",620,413,false],"1536x1536":["https:\/\/arantv.az\/wp-content\/uploads\/2023\/08\/aliment-735x400-1.jpg",620,413,false],"2048x2048":["https:\/\/arantv.az\/wp-content\/uploads\/2023\/08\/aliment-735x400-1.jpg",620,413,false],"post-thumbnail":["https:\/\/arantv.az\/wp-content\/uploads\/2023\/08\/aliment-735x400-1-240x172.jpg",240,172,true],"advps-thumb-one":["https:\/\/arantv.az\/wp-content\/uploads\/2023\/08\/aliment-735x400-1.jpg",620,413,false]},"rttpg_author":{"display_name":"V\u00fcsal Rafiqo\u011flu","author_link":"https:\/\/arantv.az\/?author=2"},"rttpg_comment":0,"rttpg_category":"<a href=\"https:\/\/arantv.az\/?cat=1\" rel=\"category\">C\u0259miyy\u0259t<\/a>","rttpg_excerpt":"\u201cAliment t\u0259l\u0259bin\u0259 dair m\u0259hk\u0259m\u0259 q\u0259rarlar\u0131n\u0131n \u00e7oxu yerin\u0259 yetirilmir\u201d. Xezerxeber.az x\u0259b\u0259r verir ki, bunu Milli M\u0259clisinin Ail\u0259, Qad\u0131n v\u0259 U\u015faq m\u0259s\u0259l\u0259l\u0259ri komit\u0259sinin s\u0259dri Hicran H\u00fcseynova bildirib. Onun s\u00f6zl\u0259rin\u0259 g\u00f6r\u0259, bu m\u0259s\u0259l\u0259 il\u0259 ba\u011fl\u0131 mill\u0259t v\u0259kill\u0259rin\u0259 m\u00fcraci\u0259t ed\u0259nl\u0259rin say\u0131 olduqca \u00e7oxdur. Deputat\u0131n s\u00f6zl\u0259rin\u0259 g\u00f6r\u0259, problemin aradan qald\u0131r\u0131lmas\u0131 \u00fc\u00e7\u00fcn Aliment Fondu yarad\u0131lmal\u0131 v\u0259 aliment verm\u0259y\u0259n \u015f\u0259xsl\u0259rin u\u015faqlar\u0131na \u00f6d\u0259m\u0259l\u0259r&hellip;","_links":{"self":[{"href":"https:\/\/arantv.az\/index.php?rest_route=\/wp\/v2\/posts\/616377"}],"collection":[{"href":"https:\/\/arantv.az\/index.php?rest_route=\/wp\/v2\/posts"}],"about":[{"href":"https:\/\/arantv.az\/index.php?rest_route=\/wp\/v2\/types\/post"}],"author":[{"embeddable":true,"href":"https:\/\/arantv.az\/index.php?rest_route=\/wp\/v2\/users\/2"}],"replies":[{"embeddable":true,"href":"https:\/\/arantv.az\/index.php?rest_route=%2Fwp%2Fv2%2Fcomments&post=616377"}],"version-history":[{"count":0,"href":"https:\/\/arantv.az\/index.php?rest_route=\/wp\/v2\/posts\/616377\/revisions"}],"wp:featuredmedia":[{"embeddable":true,"href":"https:\/\/arantv.az\/index.php?rest_route=\/wp\/v2\/media\/616378"}],"wp:attachment":[{"href":"https:\/\/arantv.az\/index.php?rest_route=%2Fwp%2Fv2%2Fmedia&parent=616377"}],"wp:term":[{"taxonomy":"category","embeddable":true,"href":"https:\/\/arantv.az\/index.php?rest_route=%2Fwp%2Fv2%2Fcategories&post=616377"},{"taxonomy":"post_tag","embeddable":true,"href":"https:\/\/arantv.az\/index.php?rest_route=%2Fwp%2Fv2%2Ftags&post=616377"}],"curies":[{"name":"wp","href":"https:\/\/api.w.org\/{rel}","templated":true}]}}