{"id":616380,"date":"2023-08-07T08:07:30","date_gmt":"2023-08-07T04:07:30","guid":{"rendered":"https:\/\/arantv.az\/?p=616380"},"modified":"2023-08-07T08:07:30","modified_gmt":"2023-08-07T04:07:30","slug":"xaricd%c9%99n-az%c9%99rbaycana-g%c9%99tiril%c9%99n-avtomobill%c9%99r-bahalasdi-video","status":"publish","type":"post","link":"https:\/\/arantv.az\/?p=616380","title":{"rendered":"Xaricd\u0259n Az\u0259rbaycana g\u0259tiril\u0259n avtomobill\u0259r BAHALA\u015eDI &#8211; V\u0130DEO"},"content":{"rendered":"<article class=\"news\">\n<div class=\"news-inner\">\n<p>\u00d6lk\u0259y\u0259 yeni g\u0259tiril\u0259n avtomobill\u0259rin bahala\u015fmas\u0131\u00a0m\u00fc\u015fahid\u0259 edilir. N\u0259qliyyat vasit\u0259l\u0259rinin qiym\u0259ti art\u0131b v\u0259 haz\u0131rda bazarda dur\u011funluq ya\u015fan\u0131r.<\/p>\n<p>Xezerxeber.az-\u0131n x\u0259b\u0259rin\u0259 g\u00f6r\u0259, n\u0259qliyyat eksperti Eld\u0259niz C\u0259f\u0259rov deyir ki, da\u015f\u0131nma qiym\u0259tl\u0259rinin artmas\u0131 v\u0259 dig\u0259r amill\u0259r n\u0259qliyyat vasit\u0259l\u0259rinin qiym\u0259tl\u0259rin\u0259 t\u0259sir edib. \u00d6t\u0259n ayla m\u00fcqayis\u0259d\u0259 avtomobil bazar\u0131nda f\u0259all\u0131q a\u015fa\u011f\u0131 d\u00fc\u015f\u00fcb.<\/p>\n<p>K\u00f6hn\u0259 avtomobill\u0259r\u0259 g\u0259linc\u0259, \u00f6t\u0259n ay \u0259sas\u0259n burax\u0131l\u0131\u015f ili 2010-cu ild\u0259n sonra olan n\u0259qliyyat vasit\u0259l\u0259rind\u0259 art\u0131m daha \u00e7ox hiss olunub.<\/p>\n<p>Ekspert Eld\u0259niz C\u0259f\u0259rov bildirib ki, bahala\u015fma m\u00fcv\u0259qq\u0259ti xarakter da\u015f\u0131y\u0131r. \u0130li k\u00f6hn\u0259 olan avtomobill\u0259rin utilizasiyas\u0131 il\u0259 ba\u011fl\u0131 q\u0259rar\u0131n t\u0259sdiql\u0259nm\u0259si ikinci \u0259l avtomobil bazar\u0131nda qiym\u0259tl\u0259rin enm\u0259si il\u0259 n\u0259tic\u0259l\u0259n\u0259c\u0259k.<\/p>\n<p>Eld\u0259niz C\u0259f\u0259rov qeyd edib ki, al\u0131c\u0131lar haz\u0131rda m\u00fch\u0259rrik h\u0259cmin\u0259 g\u00f6r\u0259 se\u00e7im edirl\u0259r. Daha \u00e7ox m\u00fch\u0259rrik h\u0259cmi ki\u00e7ik olan avtomobill\u0259r\u0259 \u00fcst\u00fcnl\u00fck verilir.<\/p>\n<p>Ekspert \u0259lav\u0259 edib ki, bazarda dur\u011funluq m\u00f6vs\u00fcml\u0259 d\u0259 \u0259laq\u0259dard\u0131r. Avqust-sentyabr ay\u0131nda yenid\u0259n canlanma m\u00fc\u015fahid\u0259 olunacaq.<\/p>\n<p>Daha \u0259trafl\u0131 videomaterialda:<\/p>\n<div><iframe loading=\"lazy\" title=\"YouTube video player\" src=\"https:\/\/www.youtube.com\/embed\/7jYFngfdxM4\" width=\"560\" height=\"315\" frameborder=\"0\" allowfullscreen=\"allowfullscreen\" data-mce-fragment=\"1\"><\/iframe><\/div>\n<\/div>\n<\/article>\n","protected":false},"excerpt":{"rendered":"<p>\u00d6lk\u0259y\u0259 yeni g\u0259tiril\u0259n avtomobill\u0259rin bahala\u015fmas\u0131\u00a0m\u00fc\u015fahid\u0259 edilir. N\u0259qliyyat vasit\u0259l\u0259rinin qiym\u0259ti art\u0131b v\u0259 haz\u0131rda bazarda dur\u011funluq ya\u015fan\u0131r. Xezerxeber.az-\u0131n x\u0259b\u0259rin\u0259 g\u00f6r\u0259, n\u0259qliyyat eksperti Eld\u0259niz C\u0259f\u0259rov deyir ki, da\u015f\u0131nma qiym\u0259tl\u0259rinin artmas\u0131 v\u0259 dig\u0259r amill\u0259r n\u0259qliyyat vasit\u0259l\u0259rinin qiym\u0259tl\u0259rin\u0259 t\u0259sir edib. \u00d6t\u0259n ayla m\u00fcqayis\u0259d\u0259 avtomobil bazar\u0131nda f\u0259all\u0131q a\u015fa\u011f\u0131 d\u00fc\u015f\u00fcb. K\u00f6hn\u0259 avtomobill\u0259r\u0259 g\u0259linc\u0259, \u00f6t\u0259n ay \u0259sas\u0259n burax\u0131l\u0131\u015f ili 2010-cu ild\u0259n sonra olan n\u0259qliyyat vasit\u0259l\u0259rind\u0259 art\u0131m daha \u00e7ox hiss olunub. Ekspert Eld\u0259niz C\u0259f\u0259rov bildirib ki, bahala\u015fma m\u00fcv\u0259qq\u0259ti xarakter da\u015f\u0131y\u0131r. \u0130li k\u00f6hn\u0259 olan avtomobill\u0259rin utilizasiyas\u0131 il\u0259 ba\u011fl\u0131 q\u0259rar\u0131n t\u0259sdiql\u0259nm\u0259si ikinci \u0259l avtomobil bazar\u0131nda qiym\u0259tl\u0259rin enm\u0259si il\u0259 n\u0259tic\u0259l\u0259n\u0259c\u0259k. Eld\u0259niz C\u0259f\u0259rov&hellip;<\/p>\n","protected":false},"author":2,"featured_media":616381,"comment_status":"closed","ping_status":"closed","sticky":false,"template":"","format":"standard","meta":{"om_disable_all_campaigns":false,"_monsterinsights_skip_tracking":false,"_monsterinsights_sitenote_active":false,"_monsterinsights_sitenote_note":"","_monsterinsights_sitenote_category":0},"categories":[19],"tags":[],"aioseo_notices":[],"gutentor_comment":0,"rttpg_featured_image_url":{"full":["https:\/\/arantv.az\/wp-content\/uploads\/2023\/08\/Screenshot-2023-08-07-005932.jpg",620,413,false],"landscape":["https:\/\/arantv.az\/wp-content\/uploads\/2023\/08\/Screenshot-2023-08-07-005932.jpg",620,413,false],"portraits":["https:\/\/arantv.az\/wp-content\/uploads\/2023\/08\/Screenshot-2023-08-07-005932.jpg",620,413,false],"thumbnail":["https:\/\/arantv.az\/wp-content\/uploads\/2023\/08\/Screenshot-2023-08-07-005932-500x280.jpg",500,280,true],"medium":["https:\/\/arantv.az\/wp-content\/uploads\/2023\/08\/Screenshot-2023-08-07-005932-548x365.jpg",548,365,true],"large":["https:\/\/arantv.az\/wp-content\/uploads\/2023\/08\/Screenshot-2023-08-07-005932.jpg",620,413,false],"1536x1536":["https:\/\/arantv.az\/wp-content\/uploads\/2023\/08\/Screenshot-2023-08-07-005932.jpg",620,413,false],"2048x2048":["https:\/\/arantv.az\/wp-content\/uploads\/2023\/08\/Screenshot-2023-08-07-005932.jpg",620,413,false],"post-thumbnail":["https:\/\/arantv.az\/wp-content\/uploads\/2023\/08\/Screenshot-2023-08-07-005932-240x172.jpg",240,172,true],"advps-thumb-one":["https:\/\/arantv.az\/wp-content\/uploads\/2023\/08\/Screenshot-2023-08-07-005932.jpg",620,413,false]},"rttpg_author":{"display_name":"V\u00fcsal Rafiqo\u011flu","author_link":"https:\/\/arantv.az\/?author=2"},"rttpg_comment":0,"rttpg_category":"<a href=\"https:\/\/arantv.az\/?cat=19\" rel=\"category\">G\u00fcnd\u0259m<\/a>","rttpg_excerpt":"\u00d6lk\u0259y\u0259 yeni g\u0259tiril\u0259n avtomobill\u0259rin bahala\u015fmas\u0131\u00a0m\u00fc\u015fahid\u0259 edilir. N\u0259qliyyat vasit\u0259l\u0259rinin qiym\u0259ti art\u0131b v\u0259 haz\u0131rda bazarda dur\u011funluq ya\u015fan\u0131r. Xezerxeber.az-\u0131n x\u0259b\u0259rin\u0259 g\u00f6r\u0259, n\u0259qliyyat eksperti Eld\u0259niz C\u0259f\u0259rov deyir ki, da\u015f\u0131nma qiym\u0259tl\u0259rinin artmas\u0131 v\u0259 dig\u0259r amill\u0259r n\u0259qliyyat vasit\u0259l\u0259rinin qiym\u0259tl\u0259rin\u0259 t\u0259sir edib. \u00d6t\u0259n ayla m\u00fcqayis\u0259d\u0259 avtomobil bazar\u0131nda f\u0259all\u0131q a\u015fa\u011f\u0131 d\u00fc\u015f\u00fcb. K\u00f6hn\u0259 avtomobill\u0259r\u0259 g\u0259linc\u0259, \u00f6t\u0259n ay \u0259sas\u0259n burax\u0131l\u0131\u015f ili 2010-cu ild\u0259n sonra olan&hellip;","_links":{"self":[{"href":"https:\/\/arantv.az\/index.php?rest_route=\/wp\/v2\/posts\/616380"}],"collection":[{"href":"https:\/\/arantv.az\/index.php?rest_route=\/wp\/v2\/posts"}],"about":[{"href":"https:\/\/arantv.az\/index.php?rest_route=\/wp\/v2\/types\/post"}],"author":[{"embeddable":true,"href":"https:\/\/arantv.az\/index.php?rest_route=\/wp\/v2\/users\/2"}],"replies":[{"embeddable":true,"href":"https:\/\/arantv.az\/index.php?rest_route=%2Fwp%2Fv2%2Fcomments&post=616380"}],"version-history":[{"count":0,"href":"https:\/\/arantv.az\/index.php?rest_route=\/wp\/v2\/posts\/616380\/revisions"}],"wp:featuredmedia":[{"embeddable":true,"href":"https:\/\/arantv.az\/index.php?rest_route=\/wp\/v2\/media\/616381"}],"wp:attachment":[{"href":"https:\/\/arantv.az\/index.php?rest_route=%2Fwp%2Fv2%2Fmedia&parent=616380"}],"wp:term":[{"taxonomy":"category","embeddable":true,"href":"https:\/\/arantv.az\/index.php?rest_route=%2Fwp%2Fv2%2Fcategories&post=616380"},{"taxonomy":"post_tag","embeddable":true,"href":"https:\/\/arantv.az\/index.php?rest_route=%2Fwp%2Fv2%2Ftags&post=616380"}],"curies":[{"name":"wp","href":"https:\/\/api.w.org\/{rel}","templated":true}]}}