{"id":616383,"date":"2023-08-07T08:08:19","date_gmt":"2023-08-07T04:08:19","guid":{"rendered":"https:\/\/arantv.az\/?p=616383"},"modified":"2023-08-07T08:08:19","modified_gmt":"2023-08-07T04:08:19","slug":"gurcustan-qht-l%c9%99rind%c9%99n-erm%c9%99nil%c9%99r%c9%99-cavab-az%c9%99rbaycanin-t%c9%99l%c9%99bi-tam-haqlidir","status":"publish","type":"post","link":"https:\/\/arantv.az\/?p=616383","title":{"rendered":"G\u00fcrc\u00fcstan QHT-l\u0259rind\u0259n erm\u0259nil\u0259r\u0259 cavab: Az\u0259rbaycan\u0131n t\u0259l\u0259bi tam haql\u0131d\u0131r"},"content":{"rendered":"<p>G\u00fcrc\u00fcstanda f\u0259aliyy\u0259t g\u00f6st\u0259r\u0259n bir s\u0131ra s\u00fclhsev\u0259r qeyri-h\u00f6kum\u0259t t\u0259\u015fkilatlar\u0131 (QHT) erm\u0259ni y\u00f6n\u00fcml\u00fc QHT-l\u0259rin pozucu, qeyri sabitliy\u0259 v\u0259 c\u0259miyy\u0259td\u0259 \u00e7a\u015fq\u0131nl\u0131q yaradan b\u0259yanatlar\u0131na cavab veribl\u0259r.<\/p>\n<p>AZ\u018fRTAC x\u0259b\u0259r verir ki, regionda s\u00fclh\u00fcn v\u0259 sabitliyin t\u0259r\u0259fdar\u0131 olan QHT-l\u0259r hesab edirl\u0259r ki, regionda uzunm\u00fcdd\u0259tli s\u00fclh \u00fc\u00e7\u00fcn aqressiv separatizmi t\u0259\u015fviq ed\u0259n v\u0259 ajiotaj yaradan add\u0131mlar deyil, qanunun aliliyinin t\u0259min edilm\u0259sin\u0259, Erm\u0259nistan v\u0259 Az\u0259rbaycan aras\u0131nda dan\u0131\u015f\u0131qlar\u0131n g\u00fcnd\u0259liyinin h\u0259yata ke\u00e7irilm\u0259sin\u0259 y\u00f6n\u0259l\u0259n add\u0131mlar at\u0131lmal\u0131d\u0131r.<\/p>\n<p>H\u0259m\u00e7inin onlar\u0131n b\u0259yanat\u0131nda deyilir:<\/p>\n<p>\u201c\u00c7ox t\u0259\u0259ss\u00fcf ki, G\u00fcrc\u00fcstanda f\u0259aliyy\u0259t g\u00f6st\u0259r\u0259n bir ne\u00e7\u0259 qeyri-h\u00f6kum\u0259t t\u0259\u015fkilatlar\u0131 son g\u00fcnl\u0259rd\u0259 G\u00fcrc\u00fcstan\u0131n x\u0259b\u0259r m\u0259kan\u0131nda guya Az\u0259rbaycan\u0131n q\u0259sd\u0259n \u201chumanitar b\u00f6hran\u201d v\u0259 Qaraba\u011f erm\u0259nil\u0259rinin \u201cblokadada\u201d saxlamas\u0131 il\u0259 ba\u011fl\u0131 m\u00fcxt\u0259lif hesabatlar v\u0259 m\u0259lumatlar yay\u0131rlar. H\u0259min m\u0259lumatlarda Qaraba\u011fda \u201cyem\u0259k \u00e7at\u0131\u015fmazl\u0131\u011f\u0131na g\u00f6r\u0259 itl\u0259rin k\u00fc\u00e7\u0259y\u0259 at\u0131lmas\u0131 kimi c\u0259f\u0259ng fikirl\u0259r \u0259ksini tap\u0131b. Lakin b\u00fct\u00fcn bunlar he\u00e7 bir reall\u0131\u011f\u0131 v\u0259 h\u0259qiq\u0259ti \u0259ks etdirmir\u201d.<\/p>\n<p>Vur\u011fulan\u0131r ki, frans\u0131z soyadl\u0131 etnik erm\u0259ninin soyq\u0131r\u0131m\u0131 cinay\u0259tinin qar\u015f\u0131s\u0131n\u0131n al\u0131nmas\u0131 haqq\u0131nda Konvensiyan\u0131 xat\u0131rlamas\u0131 v\u0259 bunun \u0259sas\u0131nda b\u0259zi QHT-l\u0259rin yaln\u0131z bir t\u0259r\u0259fin yayd\u0131\u011f\u0131 r\u0259vay\u0259t \u0259sas\u0131nda b\u0259yanatla \u00e7\u0131x\u0131\u015f etm\u0259si b\u00fct\u00fcn etik normalara beyn\u0259lxalq h\u00fcququn prinsipl\u0259rin\u0259 tam ziddir.<\/p>\n<p>S\u0259n\u0259dd\u0259 deyilir ki, he\u00e7 kim\u0259 sirr deyil ki, G\u00fcrc\u00fcstan, Az\u0259rbaycan v\u0259 Erm\u0259nistan\u0131n mehriban qon\u015fusu kimi onlar\u0131n aras\u0131nda tezlikl\u0259 s\u00fclh m\u00fcqavil\u0259sinin ba\u011flanmas\u0131nda maraql\u0131d\u0131r. Bu m\u0259qs\u0259d\u0259 nail olmaq \u0259sasl\u0131 \u015f\u0259kild\u0259 daha m\u00fcsb\u0259t atmosfer yaradacaq v\u0259 G\u00fcrc\u00fcstanda m\u00fcnaqi\u015f\u0259l\u0259rin eyni universal \u0259sasda &#8211; \u0259razi b\u00fct\u00f6vl\u00fcy\u00fcn\u00fcn b\u0259rpas\u0131 v\u0259 insan h\u00fcquqlar\u0131n\u0131n m\u00fcdafi\u0259si n\u0259z\u0259r\u0259 al\u0131nmaqla h\u0259lli \u00fc\u00e7\u00fcn yax\u015f\u0131 stimul olacaq.<\/p>\n<p>\u201cRegionda s\u00fclh\u00fcn pozulmas\u0131na xidm\u0259t ed\u0259n QHT-l\u0259rin b\u0259yanatlar\u0131ndan sonra, biz, bir s\u0131ra g\u00fcrc\u00fc qeyri-h\u00f6kum\u0259t t\u0259\u015fkilatlar\u0131 30 il h\u0259llini tapmayan m\u00fcnaqi\u015f\u0259 n\u0259tic\u0259sind\u0259 ciddi \u015f\u0259kild\u0259 z\u0259r\u0259r \u00e7\u0259kmi\u015f, m\u00fcnaqi\u015f\u0259nin b\u00fct\u00fcn t\u0259r\u0259fl\u0259rinin \u0259halisin\u0259 h\u0259mr\u0259yliyimizi v\u0259 d\u0259st\u0259yimizi ifad\u0259 etm\u0259k ist\u0259yirik. 30 ildir k\u0259nardan g\u00fcc alan, aqressiv separatizmd\u0259n do\u011fan m\u00fcnaqi\u015f\u0259l\u0259rd\u0259n \u0259ziyy\u0259t \u00e7\u0259k\u0259n G\u00fcrc\u00fcstandak\u0131 QHT-l\u0259rin \u00fczvl\u0259rinin yadda\u015f\u0131 yax\u015f\u0131 olmal\u0131d\u0131r. Onlar unutmamal\u0131d\u0131rlar ki, ist\u0259r G\u00fcrc\u00fcstan\u0131n i\u015f\u011fal olunmu\u015f regionlar\u0131nda, ist\u0259rs\u0259 d\u0259 Az\u0259rbaycan \u0259razil\u0259rinin i\u015f\u011fal\u0131 zaman\u0131 m\u00fcnaqi\u015f\u0259d\u0259n h\u0259min rayonlar\u0131n sakinl\u0259ri separat\u00e7\u0131lardan z\u0259r\u0259r \u00e7\u0259kibl\u0259r. H\u0259r hans\u0131 s\u0259b\u0259bd\u0259n v\u0259 ya s\u0259b\u0259b olmadan x\u0259yali \u201csoyq\u0131r\u0131m\u0131\u201dndan yazanlar \u00fc\u00e7\u00fcn \u0259sl soyq\u0131r\u0131m\u0131 1992-ci ild\u0259 Qaqrada g\u00fcrc\u00fcl\u0259r\u0259, Xocal\u0131da az\u0259rbaycanl\u0131lara qar\u015f\u0131 h\u0259yata ke\u00e7irildiyini xat\u0131rlatmaq pis olmaz\u201d, \u2013 dey\u0259 s\u0259n\u0259dd\u0259 vur\u011fulan\u0131r.<\/p>\n<p>B\u0259yanat\u0131 imzalayan QHT-l\u0259r G\u00fcrc\u00fcstanda yay\u0131lan birt\u0259r\u0259fli r\u0259vay\u0259tl\u0259rd\u0259 Az\u0259rbaycan\u0131n guya Erm\u0259nistandan Qaraba\u011fa ged\u0259n yolda s\u0259rh\u0259d n\u0259zar\u0259ti t\u0259tbiq etm\u0259kl\u0259 beyn\u0259lxalq h\u00fcquq normalar\u0131n\u0131 pozmas\u0131 bar\u0259d\u0259 fikirl\u0259r\u0259 d\u0259 m\u00fcnasib\u0259t bildiribl\u0259r. Onlar hesab edirl\u0259r ki, Az\u0259rbaycan t\u0259r\u0259finin haql\u0131 olaraq qeyd etdiyi kimi, b\u00fct\u00fcn s\u0259rh\u0259d perimetri \u00fcz\u0259rind\u0259 n\u0259zar\u0259t d\u00f6vl\u0259tin qeyd-\u015f\u0259rtsiz preroqativ v\u0259 suveren h\u00fcququdur. S\u0259rh\u0259d x\u0259ttind\u0259ki de\u015fikl\u0259r, onun \u0259razisin\u0259 n\u0259zar\u0259tsiz daxil olmaq is\u0259 b\u00fct\u00fcn h\u00fcquq normalar\u0131n\u0131n pozulmas\u0131d\u0131r. Bu m\u0259s\u0259l\u0259 il\u0259 ba\u011fl\u0131 fikir formala\u015fd\u0131rmaq \u00fc\u00e7\u00fcn siz\u0259 G\u00fcrc\u00fcstan\u0131n \u201c\u0130\u015f\u011fal olunmu\u015f \u0259razil\u0259r haqq\u0131nda\u201d qanununun 4-c\u00fc madd\u0259sini yenid\u0259n oxuma\u011f\u0131 t\u00f6vsiy\u0259 ed\u0259 bil\u0259rik.<\/p>\n<p>Erm\u0259nistan Az\u0259rbaycan\u0131n La\u00e7\u0131n yolunda s\u0259rh\u0259d-ke\u00e7id m\u0259nt\u0259q\u0259si yaratmaq q\u0259rar\u0131n\u0131n qanuniliyini Beyn\u0259lxalq \u018fdal\u0259t M\u0259hk\u0259m\u0259sind\u0259 m\u00fcbahis\u0259l\u0259ndirm\u0259y\u0259 \u00e7al\u0131\u015f\u0131b v\u0259 m\u0259hk\u0259m\u0259nin 22 fevral 2023-c\u00fc il tarixli q\u0259rar\u0131n\u0131n d\u0259yi\u015fdirilm\u0259sini ist\u0259yib. Erm\u0259nistan, Az\u0259rbaycana \u201c2023-c\u00fc il 23 aprelind\u0259n sonra, La\u00e7\u0131n d\u0259hlizi boyunca yerl\u0259\u015fdirdiyi \u015f\u0259xsi hey\u0259ti \u00e7\u0131xarmaq v\u0259 sonrak\u0131 yerl\u0259\u015fdirm\u0259d\u0259n \u00e7\u0259kinm\u0259k\u201d \u0259mrinin verilm\u0259sini t\u0259l\u0259b edib. Lakin, bu ilin 6 iyul tarixli q\u0259rara \u0259sas\u0259n, beyn\u0259lxalq m\u0259hk\u0259m\u0259 Erm\u0259nistan\u0131n t\u0259l\u0259bini yekdillikl\u0259 r\u0259dd edib. H\u00fcquq\u015f\u00fcnaslardan ba\u015fqa n\u0259 is\u0259 g\u00f6zl\u0259m\u0259k \u00e7\u0259tindir, \u00e7\u00fcnki s\u0259rh\u0259d\u0259 n\u0259zar\u0259t h\u00fcququ d\u00f6vl\u0259tl\u0259r aras\u0131nda m\u00fcnasib\u0259tl\u0259rd\u0259 \u0259sas h\u00fcquqlardan biridir. Onun h\u0259yata ke\u00e7irilm\u0259si is\u0259 he\u00e7 bir halda v\u0259t\u0259nda\u015flar\u0131n h\u0259r\u0259k\u0259t h\u00fcququnun m\u0259hdudla\u015fd\u0131r\u0131lmas\u0131 kimi qiym\u0259tl\u0259ndiril\u0259 bilm\u0259z.<\/p>\n<p>\u201cBiz d\u0259rind\u0259n \u0259minik ki, Erm\u0259nistan t\u0259r\u0259finin bu ilin aprelin 23-d\u0259k t\u00f6r\u0259tdiyi qanun pozuntular\u0131 il\u0259 ba\u011fl\u0131 Az\u0259rbaycan\u0131n arqumentl\u0259ri d\u0259 tamamil\u0259 adekvatd\u0131r. Bel\u0259 ki, 2021-ci ild\u0259, 2020-ci ilin pay\u0131z\u0131nda ikinci Qaraba\u011f m\u00fcharib\u0259si ba\u015fa \u00e7atd\u0131qdan sonra, humanitar d\u0259hliz olaraq elan edilmi\u015f La\u00e7\u0131n yolu il\u0259 silah-sursat, o c\u00fcml\u0259d\u0259n minalar\u0131n da\u015f\u0131nmas\u0131 h\u0259yata ke\u00e7irilib. N\u0259tic\u0259d\u0259 2020-ci ilin noyabr ay\u0131ndan bu g\u00fcn\u0259d\u0259k ikisi jurnalist olmaqla 303 az\u0259rbaycanl\u0131 mina partlay\u0131\u015flar\u0131 n\u0259tic\u0259sind\u0259 h\u0259lak olub. Hesab edirik ki, Erm\u0259nistan\u0131n ba\u015f nazirinin \u00f6z\u00fcn\u00fcn d\u0259f\u0259l\u0259rl\u0259 Az\u0259rbaycan\u0131n t\u0259rkib hiss\u0259si kimi tan\u0131d\u0131\u011f\u0131 Qaraba\u011fdan Erm\u0259nistan silahl\u0131 q\u00fcvv\u0259l\u0259rinin tam \u00e7\u0131xar\u0131lmas\u0131n\u0131n t\u0259min edilm\u0259si il\u0259 ba\u011fl\u0131 Az\u0259rbaycan\u0131n t\u0259l\u0259bi tam haql\u0131d\u0131r. D\u00fc\u015f\u00fcn\u00fcr\u00fck ki, bu m\u0259s\u0259l\u0259y\u0259 obyektiv v\u0259 q\u0259r\u0259zsiz yana\u015fan v\u0259 onu anlamaq \u00fc\u00e7\u00fcn \u0259n az\u0131 minimum s\u0259y g\u00f6st\u0259r\u0259n he\u00e7 k\u0259s \u015f\u00fcbh\u0259 etmir ki, \u0259cn\u0259bi h\u0259rbi qulluq\u00e7ular\u0131n d\u00f6vl\u0259t \u0259razisind\u0259n qanunsuz \u00e7\u0131xar\u0131lmas\u0131 t\u0259l\u0259bl\u0259ri, s\u0259rh\u0259d n\u0259zar\u0259ti t\u0259min etm\u0259k tamamil\u0259 qanunidir. Hesab edirik ki, G\u00fcrc\u00fcstan c\u0259miyy\u0259ti Qaraba\u011f\u0131n erm\u0259ni \u0259halisinin reinteqrasiyas\u0131 bax\u0131m\u0131ndan Az\u0259rbaycan\u0131n u\u011furlu t\u0259cr\u00fcb\u0259sind\u0259 maraql\u0131 olmal\u0131d\u0131r. Bunun \u00fc\u00e7\u00fcn biz bar\u0131\u015f\u0131q, reinteqrasiya v\u0259 g\u0259l\u0259c\u0259k inki\u015faf m\u0259qs\u0259dl\u0259rini k\u00f6hn\u0259lmi\u015f m\u00fcnaqi\u015f\u0259 ritorikas\u0131n\u0131n xeyrin\u0259 torpeda ed\u0259n birt\u0259r\u0259fli t\u0259bli\u011fat al\u0259tin\u0259 \u00e7evrilm\u0259zd\u0259n \u0259vv\u0259l d\u00fc\u015f\u00fcns\u0259k, daha yax\u015f\u0131 olard\u0131\u201d.<\/p>\n<p>Qeyd ed\u0259k ki, b\u0259yanata G\u00fcrc\u00fcstan-Az\u0259rbaycan M\u00fcnasib\u0259tl\u0259rinin \u0130nki\u015faf\u0131 Fondu, &#8220;Tatsreli&#8221; fondu, G\u00fcrc\u00fcstan &#8211; Qafqaz Strateji Ara\u015fd\u0131rmalar \u0130nstitutu, Beyn\u0259lxalq M\u00fcnasib\u0259tl\u0259r v\u0259 Siyasi Elml\u0259r Akademiyas\u0131, Q\u0259l\u0259b\u0259 &#8211; T\u0259r\u0259fda\u015fl\u0131q Alyans\u0131, M\u00fclki M\u00fcdafi\u0259 Liqas\u0131 v\u0259 G\u00fcrc\u00fcstan Veteranlar Federasiyas\u0131 t\u0259\u015fkilatlar\u0131 imza at\u0131blar.<\/p>\n<p>M\u0259lumat \u00fc\u00e7\u00fcn bildir\u0259k ki, bundan \u00f6nc\u0259 G\u00fcrc\u00fcstanda f\u0259aliyy\u0259t g\u00f6st\u0259r\u0259n bir ne\u00e7\u0259 qeyri-h\u00f6kum\u0259t t\u0259\u015fkilat\u0131 &#8220;Qaraba\u011f\u0131n erm\u0259ni sakinl\u0259ri humanitar b\u00f6hranla \u00fczl\u0259\u015fib&#8221; kimi b\u0259yanat yay\u0131b.<\/p>\n","protected":false},"excerpt":{"rendered":"<p>G\u00fcrc\u00fcstanda f\u0259aliyy\u0259t g\u00f6st\u0259r\u0259n bir s\u0131ra s\u00fclhsev\u0259r qeyri-h\u00f6kum\u0259t t\u0259\u015fkilatlar\u0131 (QHT) erm\u0259ni y\u00f6n\u00fcml\u00fc QHT-l\u0259rin pozucu, qeyri sabitliy\u0259 v\u0259 c\u0259miyy\u0259td\u0259 \u00e7a\u015fq\u0131nl\u0131q yaradan b\u0259yanatlar\u0131na cavab veribl\u0259r. AZ\u018fRTAC x\u0259b\u0259r verir ki, regionda s\u00fclh\u00fcn v\u0259 sabitliyin t\u0259r\u0259fdar\u0131 olan QHT-l\u0259r hesab edirl\u0259r ki, regionda uzunm\u00fcdd\u0259tli s\u00fclh \u00fc\u00e7\u00fcn aqressiv separatizmi t\u0259\u015fviq ed\u0259n v\u0259 ajiotaj yaradan add\u0131mlar deyil, qanunun aliliyinin t\u0259min edilm\u0259sin\u0259, Erm\u0259nistan v\u0259 Az\u0259rbaycan aras\u0131nda dan\u0131\u015f\u0131qlar\u0131n g\u00fcnd\u0259liyinin h\u0259yata ke\u00e7irilm\u0259sin\u0259 y\u00f6n\u0259l\u0259n add\u0131mlar at\u0131lmal\u0131d\u0131r. H\u0259m\u00e7inin onlar\u0131n b\u0259yanat\u0131nda deyilir: \u201c\u00c7ox t\u0259\u0259ss\u00fcf ki, G\u00fcrc\u00fcstanda f\u0259aliyy\u0259t g\u00f6st\u0259r\u0259n bir ne\u00e7\u0259 qeyri-h\u00f6kum\u0259t t\u0259\u015fkilatlar\u0131 son g\u00fcnl\u0259rd\u0259 G\u00fcrc\u00fcstan\u0131n x\u0259b\u0259r m\u0259kan\u0131nda guya Az\u0259rbaycan\u0131n q\u0259sd\u0259n \u201chumanitar b\u00f6hran\u201d v\u0259 Qaraba\u011f&hellip;<\/p>\n","protected":false},"author":2,"featured_media":616384,"comment_status":"closed","ping_status":"closed","sticky":false,"template":"","format":"standard","meta":{"om_disable_all_campaigns":false,"_monsterinsights_skip_tracking":false,"_monsterinsights_sitenote_active":false,"_monsterinsights_sitenote_note":"","_monsterinsights_sitenote_category":0},"categories":[1],"tags":[],"aioseo_notices":[],"gutentor_comment":0,"rttpg_featured_image_url":{"full":["https:\/\/arantv.az\/wp-content\/uploads\/2023\/08\/16913294742054946235_1200x630.jpg",620,413,false],"landscape":["https:\/\/arantv.az\/wp-content\/uploads\/2023\/08\/16913294742054946235_1200x630.jpg",620,413,false],"portraits":["https:\/\/arantv.az\/wp-content\/uploads\/2023\/08\/16913294742054946235_1200x630.jpg",620,413,false],"thumbnail":["https:\/\/arantv.az\/wp-content\/uploads\/2023\/08\/16913294742054946235_1200x630-500x280.jpg",500,280,true],"medium":["https:\/\/arantv.az\/wp-content\/uploads\/2023\/08\/16913294742054946235_1200x630-548x365.jpg",548,365,true],"large":["https:\/\/arantv.az\/wp-content\/uploads\/2023\/08\/16913294742054946235_1200x630.jpg",620,413,false],"1536x1536":["https:\/\/arantv.az\/wp-content\/uploads\/2023\/08\/16913294742054946235_1200x630.jpg",620,413,false],"2048x2048":["https:\/\/arantv.az\/wp-content\/uploads\/2023\/08\/16913294742054946235_1200x630.jpg",620,413,false],"post-thumbnail":["https:\/\/arantv.az\/wp-content\/uploads\/2023\/08\/16913294742054946235_1200x630-240x172.jpg",240,172,true],"advps-thumb-one":["https:\/\/arantv.az\/wp-content\/uploads\/2023\/08\/16913294742054946235_1200x630.jpg",620,413,false]},"rttpg_author":{"display_name":"V\u00fcsal Rafiqo\u011flu","author_link":"https:\/\/arantv.az\/?author=2"},"rttpg_comment":0,"rttpg_category":"<a href=\"https:\/\/arantv.az\/?cat=1\" rel=\"category\">C\u0259miyy\u0259t<\/a>","rttpg_excerpt":"G\u00fcrc\u00fcstanda f\u0259aliyy\u0259t g\u00f6st\u0259r\u0259n bir s\u0131ra s\u00fclhsev\u0259r qeyri-h\u00f6kum\u0259t t\u0259\u015fkilatlar\u0131 (QHT) erm\u0259ni y\u00f6n\u00fcml\u00fc QHT-l\u0259rin pozucu, qeyri sabitliy\u0259 v\u0259 c\u0259miyy\u0259td\u0259 \u00e7a\u015fq\u0131nl\u0131q yaradan b\u0259yanatlar\u0131na cavab veribl\u0259r. AZ\u018fRTAC x\u0259b\u0259r verir ki, regionda s\u00fclh\u00fcn v\u0259 sabitliyin t\u0259r\u0259fdar\u0131 olan QHT-l\u0259r hesab edirl\u0259r ki, regionda uzunm\u00fcdd\u0259tli s\u00fclh \u00fc\u00e7\u00fcn aqressiv separatizmi t\u0259\u015fviq ed\u0259n v\u0259 ajiotaj yaradan add\u0131mlar deyil, qanunun aliliyinin t\u0259min edilm\u0259sin\u0259, Erm\u0259nistan v\u0259&hellip;","_links":{"self":[{"href":"https:\/\/arantv.az\/index.php?rest_route=\/wp\/v2\/posts\/616383"}],"collection":[{"href":"https:\/\/arantv.az\/index.php?rest_route=\/wp\/v2\/posts"}],"about":[{"href":"https:\/\/arantv.az\/index.php?rest_route=\/wp\/v2\/types\/post"}],"author":[{"embeddable":true,"href":"https:\/\/arantv.az\/index.php?rest_route=\/wp\/v2\/users\/2"}],"replies":[{"embeddable":true,"href":"https:\/\/arantv.az\/index.php?rest_route=%2Fwp%2Fv2%2Fcomments&post=616383"}],"version-history":[{"count":0,"href":"https:\/\/arantv.az\/index.php?rest_route=\/wp\/v2\/posts\/616383\/revisions"}],"wp:featuredmedia":[{"embeddable":true,"href":"https:\/\/arantv.az\/index.php?rest_route=\/wp\/v2\/media\/616384"}],"wp:attachment":[{"href":"https:\/\/arantv.az\/index.php?rest_route=%2Fwp%2Fv2%2Fmedia&parent=616383"}],"wp:term":[{"taxonomy":"category","embeddable":true,"href":"https:\/\/arantv.az\/index.php?rest_route=%2Fwp%2Fv2%2Fcategories&post=616383"},{"taxonomy":"post_tag","embeddable":true,"href":"https:\/\/arantv.az\/index.php?rest_route=%2Fwp%2Fv2%2Ftags&post=616383"}],"curies":[{"name":"wp","href":"https:\/\/api.w.org\/{rel}","templated":true}]}}