{"id":616386,"date":"2023-08-07T08:08:58","date_gmt":"2023-08-07T04:08:58","guid":{"rendered":"https:\/\/arantv.az\/?p=616386"},"modified":"2023-08-07T08:08:58","modified_gmt":"2023-08-07T04:08:58","slug":"polis-axsam-saatlarinda-cim%c9%99rlikl%c9%99r%c9%99-girisi-dayandirib","status":"publish","type":"post","link":"https:\/\/arantv.az\/?p=616386","title":{"rendered":"Polis ax\u015fam saatlar\u0131nda \u00e7im\u0259rlikl\u0259r\u0259 giri\u015fi dayand\u0131r\u0131b?"},"content":{"rendered":"<p>Polisl\u0259r ax\u015fam saatlar\u0131nda \u00e7im\u0259rlikl\u0259r\u0259 giri\u015fi dayand\u0131r\u0131blar.<\/p>\n<p>Bu bar\u0259d\u0259\u00a0<strong>Oxu.Az<\/strong>-a v\u0259t\u0259nda\u015flar m\u0259lumat veribl\u0259r.<\/p>\n<p>Bildirilib ki, polis \u0259m\u0259kda\u015flar\u0131 giri\u015fi ba\u011flayan zaman he\u00e7 bir x\u0259b\u0259rdarl\u0131q etm\u0259yibl\u0259r.<\/p>\n<p>Daxili \u0130\u015fl\u0259r Nazirliyinin (D\u0130N) M\u0259tbuat Xidm\u0259tinin \u0259m\u0259kda\u015f\u0131, polis mayoru Anar Qafarov\u00a0<strong>Oxu.Az<\/strong>-\u0131n sor\u011fusuna cavab olaraq bildirib ki, polis \u0259m\u0259kda\u015flar\u0131 t\u0259r\u0259find\u0259n ictimai \u00e7im\u0259rlikl\u0259r\u0259 t\u0259hl\u00fck\u0259sizlik m\u0259qs\u0259dil\u0259 havan\u0131n qaranl\u0131q saatlar\u0131nda giri\u015f dayand\u0131r\u0131l\u0131r:<\/p>\n<p>\u201cBatma v\u0259 bo\u011fulma t\u0259hl\u00fck\u0259si yarana bil\u0259r. Qeyd edil\u0259n b\u00fct\u00fcn t\u0259dbirl\u0259r v\u0259t\u0259nda\u015flar\u0131n m\u00fchafiz\u0259si v\u0259 t\u0259hl\u00fck\u0259sizliyi \u00fc\u00e7\u00fcn h\u0259yata ke\u00e7irilir. Xahi\u015f edirik ki, t\u0259hl\u00fck\u0259sizlikl\u0259 ba\u011fl\u0131 olan bu m\u0259s\u0259l\u0259l\u0259ri v\u0259t\u0259nda\u015flar n\u0259z\u0259r\u0259 als\u0131nlar\u201d.<\/p>\n","protected":false},"excerpt":{"rendered":"<p>Polisl\u0259r ax\u015fam saatlar\u0131nda \u00e7im\u0259rlikl\u0259r\u0259 giri\u015fi dayand\u0131r\u0131blar. Bu bar\u0259d\u0259\u00a0Oxu.Az-a v\u0259t\u0259nda\u015flar m\u0259lumat veribl\u0259r. Bildirilib ki, polis \u0259m\u0259kda\u015flar\u0131 giri\u015fi ba\u011flayan zaman he\u00e7 bir x\u0259b\u0259rdarl\u0131q etm\u0259yibl\u0259r. Daxili \u0130\u015fl\u0259r Nazirliyinin (D\u0130N) M\u0259tbuat Xidm\u0259tinin \u0259m\u0259kda\u015f\u0131, polis mayoru Anar Qafarov\u00a0Oxu.Az-\u0131n sor\u011fusuna cavab olaraq bildirib ki, polis \u0259m\u0259kda\u015flar\u0131 t\u0259r\u0259find\u0259n ictimai \u00e7im\u0259rlikl\u0259r\u0259 t\u0259hl\u00fck\u0259sizlik m\u0259qs\u0259dil\u0259 havan\u0131n qaranl\u0131q saatlar\u0131nda giri\u015f dayand\u0131r\u0131l\u0131r: \u201cBatma v\u0259 bo\u011fulma t\u0259hl\u00fck\u0259si yarana bil\u0259r. Qeyd edil\u0259n b\u00fct\u00fcn t\u0259dbirl\u0259r v\u0259t\u0259nda\u015flar\u0131n m\u00fchafiz\u0259si v\u0259 t\u0259hl\u00fck\u0259sizliyi \u00fc\u00e7\u00fcn h\u0259yata ke\u00e7irilir. Xahi\u015f edirik ki, t\u0259hl\u00fck\u0259sizlikl\u0259 ba\u011fl\u0131 olan bu m\u0259s\u0259l\u0259l\u0259ri v\u0259t\u0259nda\u015flar n\u0259z\u0259r\u0259 als\u0131nlar\u201d.<\/p>\n","protected":false},"author":2,"featured_media":616387,"comment_status":"closed","ping_status":"closed","sticky":false,"template":"","format":"standard","meta":{"om_disable_all_campaigns":false,"_monsterinsights_skip_tracking":false,"_monsterinsights_sitenote_active":false,"_monsterinsights_sitenote_note":"","_monsterinsights_sitenote_category":0},"categories":[1],"tags":[],"aioseo_notices":[],"gutentor_comment":0,"rttpg_featured_image_url":{"full":["https:\/\/arantv.az\/wp-content\/uploads\/2023\/08\/photo_125619.jpg",620,413,false],"landscape":["https:\/\/arantv.az\/wp-content\/uploads\/2023\/08\/photo_125619.jpg",620,413,false],"portraits":["https:\/\/arantv.az\/wp-content\/uploads\/2023\/08\/photo_125619.jpg",620,413,false],"thumbnail":["https:\/\/arantv.az\/wp-content\/uploads\/2023\/08\/photo_125619-500x280.jpg",500,280,true],"medium":["https:\/\/arantv.az\/wp-content\/uploads\/2023\/08\/photo_125619-548x365.jpg",548,365,true],"large":["https:\/\/arantv.az\/wp-content\/uploads\/2023\/08\/photo_125619.jpg",620,413,false],"1536x1536":["https:\/\/arantv.az\/wp-content\/uploads\/2023\/08\/photo_125619.jpg",620,413,false],"2048x2048":["https:\/\/arantv.az\/wp-content\/uploads\/2023\/08\/photo_125619.jpg",620,413,false],"post-thumbnail":["https:\/\/arantv.az\/wp-content\/uploads\/2023\/08\/photo_125619-240x172.jpg",240,172,true],"advps-thumb-one":["https:\/\/arantv.az\/wp-content\/uploads\/2023\/08\/photo_125619.jpg",620,413,false]},"rttpg_author":{"display_name":"V\u00fcsal Rafiqo\u011flu","author_link":"https:\/\/arantv.az\/?author=2"},"rttpg_comment":0,"rttpg_category":"<a href=\"https:\/\/arantv.az\/?cat=1\" rel=\"category\">C\u0259miyy\u0259t<\/a>","rttpg_excerpt":"Polisl\u0259r ax\u015fam saatlar\u0131nda \u00e7im\u0259rlikl\u0259r\u0259 giri\u015fi dayand\u0131r\u0131blar. Bu bar\u0259d\u0259\u00a0Oxu.Az-a v\u0259t\u0259nda\u015flar m\u0259lumat veribl\u0259r. Bildirilib ki, polis \u0259m\u0259kda\u015flar\u0131 giri\u015fi ba\u011flayan zaman he\u00e7 bir x\u0259b\u0259rdarl\u0131q etm\u0259yibl\u0259r. Daxili \u0130\u015fl\u0259r Nazirliyinin (D\u0130N) M\u0259tbuat Xidm\u0259tinin \u0259m\u0259kda\u015f\u0131, polis mayoru Anar Qafarov\u00a0Oxu.Az-\u0131n sor\u011fusuna cavab olaraq bildirib ki, polis \u0259m\u0259kda\u015flar\u0131 t\u0259r\u0259find\u0259n ictimai \u00e7im\u0259rlikl\u0259r\u0259 t\u0259hl\u00fck\u0259sizlik m\u0259qs\u0259dil\u0259 havan\u0131n qaranl\u0131q saatlar\u0131nda giri\u015f dayand\u0131r\u0131l\u0131r: \u201cBatma v\u0259 bo\u011fulma t\u0259hl\u00fck\u0259si yarana&hellip;","_links":{"self":[{"href":"https:\/\/arantv.az\/index.php?rest_route=\/wp\/v2\/posts\/616386"}],"collection":[{"href":"https:\/\/arantv.az\/index.php?rest_route=\/wp\/v2\/posts"}],"about":[{"href":"https:\/\/arantv.az\/index.php?rest_route=\/wp\/v2\/types\/post"}],"author":[{"embeddable":true,"href":"https:\/\/arantv.az\/index.php?rest_route=\/wp\/v2\/users\/2"}],"replies":[{"embeddable":true,"href":"https:\/\/arantv.az\/index.php?rest_route=%2Fwp%2Fv2%2Fcomments&post=616386"}],"version-history":[{"count":0,"href":"https:\/\/arantv.az\/index.php?rest_route=\/wp\/v2\/posts\/616386\/revisions"}],"wp:featuredmedia":[{"embeddable":true,"href":"https:\/\/arantv.az\/index.php?rest_route=\/wp\/v2\/media\/616387"}],"wp:attachment":[{"href":"https:\/\/arantv.az\/index.php?rest_route=%2Fwp%2Fv2%2Fmedia&parent=616386"}],"wp:term":[{"taxonomy":"category","embeddable":true,"href":"https:\/\/arantv.az\/index.php?rest_route=%2Fwp%2Fv2%2Fcategories&post=616386"},{"taxonomy":"post_tag","embeddable":true,"href":"https:\/\/arantv.az\/index.php?rest_route=%2Fwp%2Fv2%2Ftags&post=616386"}],"curies":[{"name":"wp","href":"https:\/\/api.w.org\/{rel}","templated":true}]}}