{"id":616402,"date":"2023-08-07T08:13:05","date_gmt":"2023-08-07T04:13:05","guid":{"rendered":"https:\/\/arantv.az\/?p=616402"},"modified":"2023-08-07T08:13:05","modified_gmt":"2023-08-07T04:13:05","slug":"ady-nin-isci-qatarlari-agdamda-video","status":"publish","type":"post","link":"https:\/\/arantv.az\/?p=616402","title":{"rendered":"ADY-nin i\u015f\u00e7i qatarlar\u0131 A\u011fdamda &#8211; V\u0130DEO"},"content":{"rendered":"<div class=\"text-content\" data-id=\"\" data-url=\"\">\n<p><strong>Az\u0259rbaycan D\u0259mir Yollar\u0131n\u0131n i\u015f\u00e7i qatarlar\u0131 i\u015f\u011faldan azad olunmu\u015f Qafqaz\u0131n &#8220;Hiro\u015fimas\u0131&#8221; adlanan A\u011fdamdad\u0131r.<\/strong><\/p>\n<p>Bunu Az\u0259rbaycan D\u0259mir Yollar\u0131 QSC-nin M\u0259tbuat Katibliyi \u015f\u00f6b\u0259sinin m\u00fcdiri S\u0259nub\u0259r N\u0259z\u0259rova bildirib.<\/p>\n<p>&#8220;Qaraba\u011fda h\u0259yat\u0131n, infrastrukturun b\u0259rpas\u0131nda ADY-nin potensial\u0131 \u0259v\u0259zsizdir&#8221;, &#8211; qurum r\u0259smisi qeyd edib.<\/p>\n<p><iframe src=\"https:\/\/www.facebook.com\/plugins\/video.php?href=https%3A%2F%2Fwww.facebook.com%2Fsanubar.nazarova%2Fvideos%2F1204230143589264%2F%3Fref%3Dembed_video&amp;show_text=0&amp;width=560\" frameborder=\"0\" scrolling=\"no\" allowfullscreen=\"allowfullscreen\" data-mce-fragment=\"1\"><\/iframe><\/p>\n<\/div>\n<div><\/div>\n<div class=\"inner-social-box\">\n<div class=\"subs-in-social subs-instagram\"><\/div>\n<\/div>\n","protected":false},"excerpt":{"rendered":"<p>Az\u0259rbaycan D\u0259mir Yollar\u0131n\u0131n i\u015f\u00e7i qatarlar\u0131 i\u015f\u011faldan azad olunmu\u015f Qafqaz\u0131n &#8220;Hiro\u015fimas\u0131&#8221; adlanan A\u011fdamdad\u0131r. Bunu Az\u0259rbaycan D\u0259mir Yollar\u0131 QSC-nin M\u0259tbuat Katibliyi \u015f\u00f6b\u0259sinin m\u00fcdiri S\u0259nub\u0259r N\u0259z\u0259rova bildirib. &#8220;Qaraba\u011fda h\u0259yat\u0131n, infrastrukturun b\u0259rpas\u0131nda ADY-nin potensial\u0131 \u0259v\u0259zsizdir&#8221;, &#8211; qurum r\u0259smisi qeyd edib.<\/p>\n","protected":false},"author":2,"featured_media":616403,"comment_status":"closed","ping_status":"closed","sticky":false,"template":"","format":"standard","meta":{"om_disable_all_campaigns":false,"_monsterinsights_skip_tracking":false,"_monsterinsights_sitenote_active":false,"_monsterinsights_sitenote_note":"","_monsterinsights_sitenote_category":0},"categories":[1],"tags":[],"aioseo_notices":[],"gutentor_comment":0,"rttpg_featured_image_url":{"full":["https:\/\/arantv.az\/wp-content\/uploads\/2023\/08\/96448cef7859949016b537794b40301a.jpg",850,500,false],"landscape":["https:\/\/arantv.az\/wp-content\/uploads\/2023\/08\/96448cef7859949016b537794b40301a.jpg",850,500,false],"portraits":["https:\/\/arantv.az\/wp-content\/uploads\/2023\/08\/96448cef7859949016b537794b40301a.jpg",850,500,false],"thumbnail":["https:\/\/arantv.az\/wp-content\/uploads\/2023\/08\/96448cef7859949016b537794b40301a-500x280.jpg",500,280,true],"medium":["https:\/\/arantv.az\/wp-content\/uploads\/2023\/08\/96448cef7859949016b537794b40301a-621x365.jpg",621,365,true],"large":["https:\/\/arantv.az\/wp-content\/uploads\/2023\/08\/96448cef7859949016b537794b40301a-840x494.jpg",640,376,true],"1536x1536":["https:\/\/arantv.az\/wp-content\/uploads\/2023\/08\/96448cef7859949016b537794b40301a.jpg",850,500,false],"2048x2048":["https:\/\/arantv.az\/wp-content\/uploads\/2023\/08\/96448cef7859949016b537794b40301a.jpg",850,500,false],"post-thumbnail":["https:\/\/arantv.az\/wp-content\/uploads\/2023\/08\/96448cef7859949016b537794b40301a-240x172.jpg",240,172,true],"advps-thumb-one":["https:\/\/arantv.az\/wp-content\/uploads\/2023\/08\/96448cef7859949016b537794b40301a.jpg",850,500,false]},"rttpg_author":{"display_name":"V\u00fcsal Rafiqo\u011flu","author_link":"https:\/\/arantv.az\/?author=2"},"rttpg_comment":0,"rttpg_category":"<a href=\"https:\/\/arantv.az\/?cat=1\" rel=\"category\">C\u0259miyy\u0259t<\/a>","rttpg_excerpt":"Az\u0259rbaycan D\u0259mir Yollar\u0131n\u0131n i\u015f\u00e7i qatarlar\u0131 i\u015f\u011faldan azad olunmu\u015f Qafqaz\u0131n &#8220;Hiro\u015fimas\u0131&#8221; adlanan A\u011fdamdad\u0131r. Bunu Az\u0259rbaycan D\u0259mir Yollar\u0131 QSC-nin M\u0259tbuat Katibliyi \u015f\u00f6b\u0259sinin m\u00fcdiri S\u0259nub\u0259r N\u0259z\u0259rova bildirib. &#8220;Qaraba\u011fda h\u0259yat\u0131n, infrastrukturun b\u0259rpas\u0131nda ADY-nin potensial\u0131 \u0259v\u0259zsizdir&#8221;, &#8211; qurum r\u0259smisi qeyd edib.","_links":{"self":[{"href":"https:\/\/arantv.az\/index.php?rest_route=\/wp\/v2\/posts\/616402"}],"collection":[{"href":"https:\/\/arantv.az\/index.php?rest_route=\/wp\/v2\/posts"}],"about":[{"href":"https:\/\/arantv.az\/index.php?rest_route=\/wp\/v2\/types\/post"}],"author":[{"embeddable":true,"href":"https:\/\/arantv.az\/index.php?rest_route=\/wp\/v2\/users\/2"}],"replies":[{"embeddable":true,"href":"https:\/\/arantv.az\/index.php?rest_route=%2Fwp%2Fv2%2Fcomments&post=616402"}],"version-history":[{"count":0,"href":"https:\/\/arantv.az\/index.php?rest_route=\/wp\/v2\/posts\/616402\/revisions"}],"wp:featuredmedia":[{"embeddable":true,"href":"https:\/\/arantv.az\/index.php?rest_route=\/wp\/v2\/media\/616403"}],"wp:attachment":[{"href":"https:\/\/arantv.az\/index.php?rest_route=%2Fwp%2Fv2%2Fmedia&parent=616402"}],"wp:term":[{"taxonomy":"category","embeddable":true,"href":"https:\/\/arantv.az\/index.php?rest_route=%2Fwp%2Fv2%2Fcategories&post=616402"},{"taxonomy":"post_tag","embeddable":true,"href":"https:\/\/arantv.az\/index.php?rest_route=%2Fwp%2Fv2%2Ftags&post=616402"}],"curies":[{"name":"wp","href":"https:\/\/api.w.org\/{rel}","templated":true}]}}