{"id":616420,"date":"2023-08-07T09:01:00","date_gmt":"2023-08-07T05:01:00","guid":{"rendered":"https:\/\/arantv.az\/?p=616420"},"modified":"2023-08-07T09:01:00","modified_gmt":"2023-08-07T05:01:00","slug":"g20-sammitind%c9%99-ukrayna-uzr%c9%99-yeni-sulh-danisiqlari-keciril%c9%99-bil%c9%99r","status":"publish","type":"post","link":"https:\/\/arantv.az\/?p=616420","title":{"rendered":"G20 sammitind\u0259 Ukrayna \u00fczr\u0259 yeni s\u00fclh dan\u0131\u015f\u0131qlar\u0131 ke\u00e7iril\u0259 bil\u0259r"},"content":{"rendered":"<p>\u201cB\u00f6y\u00fck \u0130yirmilik\u201d\u00a0(G20) sammiti \u00e7\u0259r\u00e7iv\u0259sind\u0259 Ukrayna \u00fczr\u0259 yeni s\u00fclh dan\u0131\u015f\u0131qlar\u0131 ke\u00e7iril\u0259 bil\u0259r.<\/p>\n<p>M\u0259lumata g\u00f6r\u0259, dan\u0131\u015f\u0131qlar\u0131n n\u00f6vb\u0259ti m\u0259rh\u0259l\u0259si sentyabrda Nyu-Dehlid\u0259 ke\u00e7iril\u0259c\u0259k G20 liderl\u0259rinin sammitind\u0259n \u0259vv\u0259l ba\u015f tutacaq.<\/p>\n<p>C\u0259nub \u00f6lk\u0259l\u0259rind\u0259n he\u00e7 biri Ukrayna il\u0259 ba\u011fl\u0131 n\u00f6vb\u0259ti dan\u0131\u015f\u0131qlarda Rusiyan\u0131n i\u015ftirak\u0131n\u0131 t\u0259l\u0259b etm\u0259yib. Bununla bel\u0259, Braziliya n\u00fcmay\u0259nd\u0259 hey\u0259tinin r\u0259hb\u0259ri Selso Amorim bildirib ki, s\u00fclh prosesin\u0259 Rusiya bu v\u0259 ya dig\u0259r formada daxil edilm\u0259lidir.<\/p>\n","protected":false},"excerpt":{"rendered":"<p>\u201cB\u00f6y\u00fck \u0130yirmilik\u201d\u00a0(G20) sammiti \u00e7\u0259r\u00e7iv\u0259sind\u0259 Ukrayna \u00fczr\u0259 yeni s\u00fclh dan\u0131\u015f\u0131qlar\u0131 ke\u00e7iril\u0259 bil\u0259r. M\u0259lumata g\u00f6r\u0259, dan\u0131\u015f\u0131qlar\u0131n n\u00f6vb\u0259ti m\u0259rh\u0259l\u0259si sentyabrda Nyu-Dehlid\u0259 ke\u00e7iril\u0259c\u0259k G20 liderl\u0259rinin sammitind\u0259n \u0259vv\u0259l ba\u015f tutacaq. C\u0259nub \u00f6lk\u0259l\u0259rind\u0259n he\u00e7 biri Ukrayna il\u0259 ba\u011fl\u0131 n\u00f6vb\u0259ti dan\u0131\u015f\u0131qlarda Rusiyan\u0131n i\u015ftirak\u0131n\u0131 t\u0259l\u0259b etm\u0259yib. Bununla bel\u0259, Braziliya n\u00fcmay\u0259nd\u0259 hey\u0259tinin r\u0259hb\u0259ri Selso Amorim bildirib ki, s\u00fclh prosesin\u0259 Rusiya bu v\u0259 ya dig\u0259r formada daxil edilm\u0259lidir.<\/p>\n","protected":false},"author":2,"featured_media":616421,"comment_status":"closed","ping_status":"closed","sticky":false,"template":"","format":"standard","meta":{"om_disable_all_campaigns":false,"_monsterinsights_skip_tracking":false,"_monsterinsights_sitenote_active":false,"_monsterinsights_sitenote_note":"","_monsterinsights_sitenote_category":0},"categories":[7],"tags":[],"aioseo_notices":[],"gutentor_comment":0,"rttpg_featured_image_url":{"full":["https:\/\/arantv.az\/wp-content\/uploads\/2023\/08\/314711709_904297823872343_2912505108540895620_n.jpg",620,413,false],"landscape":["https:\/\/arantv.az\/wp-content\/uploads\/2023\/08\/314711709_904297823872343_2912505108540895620_n.jpg",620,413,false],"portraits":["https:\/\/arantv.az\/wp-content\/uploads\/2023\/08\/314711709_904297823872343_2912505108540895620_n.jpg",620,413,false],"thumbnail":["https:\/\/arantv.az\/wp-content\/uploads\/2023\/08\/314711709_904297823872343_2912505108540895620_n-500x280.jpg",500,280,true],"medium":["https:\/\/arantv.az\/wp-content\/uploads\/2023\/08\/314711709_904297823872343_2912505108540895620_n-548x365.jpg",548,365,true],"large":["https:\/\/arantv.az\/wp-content\/uploads\/2023\/08\/314711709_904297823872343_2912505108540895620_n.jpg",620,413,false],"1536x1536":["https:\/\/arantv.az\/wp-content\/uploads\/2023\/08\/314711709_904297823872343_2912505108540895620_n.jpg",620,413,false],"2048x2048":["https:\/\/arantv.az\/wp-content\/uploads\/2023\/08\/314711709_904297823872343_2912505108540895620_n.jpg",620,413,false],"post-thumbnail":["https:\/\/arantv.az\/wp-content\/uploads\/2023\/08\/314711709_904297823872343_2912505108540895620_n-240x172.jpg",240,172,true],"advps-thumb-one":["https:\/\/arantv.az\/wp-content\/uploads\/2023\/08\/314711709_904297823872343_2912505108540895620_n.jpg",620,413,false]},"rttpg_author":{"display_name":"V\u00fcsal Rafiqo\u011flu","author_link":"https:\/\/arantv.az\/?author=2"},"rttpg_comment":0,"rttpg_category":"<a href=\"https:\/\/arantv.az\/?cat=7\" rel=\"category\">D\u00fcnya<\/a>","rttpg_excerpt":"\u201cB\u00f6y\u00fck \u0130yirmilik\u201d\u00a0(G20) sammiti \u00e7\u0259r\u00e7iv\u0259sind\u0259 Ukrayna \u00fczr\u0259 yeni s\u00fclh dan\u0131\u015f\u0131qlar\u0131 ke\u00e7iril\u0259 bil\u0259r. M\u0259lumata g\u00f6r\u0259, dan\u0131\u015f\u0131qlar\u0131n n\u00f6vb\u0259ti m\u0259rh\u0259l\u0259si sentyabrda Nyu-Dehlid\u0259 ke\u00e7iril\u0259c\u0259k G20 liderl\u0259rinin sammitind\u0259n \u0259vv\u0259l ba\u015f tutacaq. C\u0259nub \u00f6lk\u0259l\u0259rind\u0259n he\u00e7 biri Ukrayna il\u0259 ba\u011fl\u0131 n\u00f6vb\u0259ti dan\u0131\u015f\u0131qlarda Rusiyan\u0131n i\u015ftirak\u0131n\u0131 t\u0259l\u0259b etm\u0259yib. Bununla bel\u0259, Braziliya n\u00fcmay\u0259nd\u0259 hey\u0259tinin r\u0259hb\u0259ri Selso Amorim bildirib ki, s\u00fclh prosesin\u0259 Rusiya bu v\u0259 ya dig\u0259r&hellip;","_links":{"self":[{"href":"https:\/\/arantv.az\/index.php?rest_route=\/wp\/v2\/posts\/616420"}],"collection":[{"href":"https:\/\/arantv.az\/index.php?rest_route=\/wp\/v2\/posts"}],"about":[{"href":"https:\/\/arantv.az\/index.php?rest_route=\/wp\/v2\/types\/post"}],"author":[{"embeddable":true,"href":"https:\/\/arantv.az\/index.php?rest_route=\/wp\/v2\/users\/2"}],"replies":[{"embeddable":true,"href":"https:\/\/arantv.az\/index.php?rest_route=%2Fwp%2Fv2%2Fcomments&post=616420"}],"version-history":[{"count":0,"href":"https:\/\/arantv.az\/index.php?rest_route=\/wp\/v2\/posts\/616420\/revisions"}],"wp:featuredmedia":[{"embeddable":true,"href":"https:\/\/arantv.az\/index.php?rest_route=\/wp\/v2\/media\/616421"}],"wp:attachment":[{"href":"https:\/\/arantv.az\/index.php?rest_route=%2Fwp%2Fv2%2Fmedia&parent=616420"}],"wp:term":[{"taxonomy":"category","embeddable":true,"href":"https:\/\/arantv.az\/index.php?rest_route=%2Fwp%2Fv2%2Fcategories&post=616420"},{"taxonomy":"post_tag","embeddable":true,"href":"https:\/\/arantv.az\/index.php?rest_route=%2Fwp%2Fv2%2Ftags&post=616420"}],"curies":[{"name":"wp","href":"https:\/\/api.w.org\/{rel}","templated":true}]}}