{"id":616423,"date":"2023-08-07T09:01:58","date_gmt":"2023-08-07T05:01:58","guid":{"rendered":"https:\/\/arantv.az\/?p=616423"},"modified":"2023-08-07T09:01:58","modified_gmt":"2023-08-07T05:01:58","slug":"sagird-yerd%c9%99yism%c9%99sin%c9%99-start-verilir","status":"publish","type":"post","link":"https:\/\/arantv.az\/?p=616423","title":{"rendered":"\u015eagird yerd\u0259yi\u015fm\u0259sin\u0259 start verilir"},"content":{"rendered":"<p>Bu g\u00fcnd\u0259n 2023-2024-c\u00fc t\u0259dris ili \u00fczr\u0259 \u015fagird yerd\u0259yi\u015fm\u0259sin\u0259 start verilir.<\/p>\n<p>Elm v\u0259 T\u0259hsil Nazirliyind\u0259n\u00a0<strong>\u201c\u0130ki sahil\u201d\u0259<\/strong>\u00a0bildirilib ki, proses\u00a0sy.edu.az\u00a0elektron sistemi \u00fcz\u0259rind\u0259n h\u0259yata ke\u00e7irilir.<\/p>\n<p>Yerd\u0259yi\u015fm\u0259 2-9 v\u0259 11-ci sinifl\u0259r \u00fc\u00e7\u00fcn avqustun 7-si saat 15:00, 10-cu sinifl\u0259r \u00fc\u00e7\u00fcn is\u0259 avqustun 14-\u00fc saat 15:00-dan aktivl\u0259\u015fdiril\u0259c\u0259k.<\/p>\n<p>Valideynl\u0259r \u00fc\u00e7\u00fcn elektron sistemd\u0259 \u00fcmumi t\u0259hsil m\u00fc\u0259ssis\u0259l\u0259rin\u0259 sor\u011fu yerl\u0259\u015fdirm\u0259 prosesi avqustun 31-i saat 18:00-a q\u0259d\u0259r davam ed\u0259c\u0259k. Onlar sentyabr\u0131n 5-i saat 15:00-a q\u0259d\u0259r \u00f6vladlar\u0131n\u0131n s\u0259n\u0259dl\u0259rini yerd\u0259yi\u015fm\u0259 etdikl\u0259ri \u00fcmumi t\u0259hsil m\u00fc\u0259ssis\u0259sin\u0259 t\u0259qdim etm\u0259lidirl\u0259r.<\/p>\n<p>Qeyd ed\u0259k ki, a\u015fa\u011f\u0131da adlar\u0131 qeyd olunmu\u015f \u00fcmumi t\u0259hsil m\u00fc\u0259ssis\u0259l\u0259rinin 2-9-cu sinifl\u0259rind\u0259 yaranm\u0131\u015f vakant yerl\u0259r\u0259 \u015fagird yerd\u0259yi\u015fm\u0259si imtahanla apar\u0131l\u0131r. \u0130mtahana qeydiyyat sy.edu.az elektron sistemi vasit\u0259sil\u0259 apar\u0131lacaq. Qeydiyyat avqustun 7-si saat 15:00-dan avqustun 14-\u00fc saat 18:00-a q\u0259d\u0259r aktiv olacaq. \u0130mtahanlar ibtidai sinifl\u0259r \u00fczr\u0259 avqustun 17-si, 5-9-cu sinifl\u0259r \u00fczr\u0259 is\u0259 avqustun 18-i tarixind\u0259 ke\u00e7iril\u0259c\u0259k.<\/p>\n<p>\u0130mtahanla yerd\u0259yi\u015fm\u0259 apar\u0131lan \u00fcmumi t\u0259hsil m\u00fc\u0259ssis\u0259l\u0259rinin siyah\u0131s\u0131:<\/p>\n<p>&#8211; Heyd\u0259r \u018fliyev ad\u0131na lisey<\/p>\n<p>&#8211; T.\u0130smay\u0131lov ad\u0131na 6 n\u00f6mr\u0259li m\u0259kt\u0259b-lisey<\/p>\n<p>&#8211; 132-134 n\u00f6mr\u0259li t\u0259hsil kompleksi<\/p>\n<p>&#8211; T.H\u0259s\u0259nov ad\u0131na 23 n\u00f6mr\u0259li tam orta m\u0259kt\u0259b<\/p>\n<p>&#8211; \u0130lyas \u018ff\u0259ndiyev ad\u0131na Elitar gimnaziya<\/p>\n<p>&#8211; \u0130.Hac\u0131yev ad\u0131na \u201cT\u0259r\u0259qqi\u201d texniki-humanitar liseyi<\/p>\n<p>&#8211; Z\u0259ngi liseyi<\/p>\n<p>&#8211; Bak\u0131 Avropa Liseyi<\/p>\n<p>&#8211; \u201cAnkara m\u0259kt\u0259bi\u201d m\u0259kt\u0259b-lisey<\/p>\n<p>&#8211; Bak\u0131 Slavyan Universitetinin n\u0259zdind\u0259 m\u0259kt\u0259b-lisey kompleksi<\/p>\n<p>&#8211; B\u00fclb\u00fcl ad\u0131na orta ixtisas musiqi m\u0259kt\u0259bi<\/p>\n<p>&#8211; Humanitar f\u0259nl\u0259r t\u0259may\u00fcll\u00fc m\u0259kt\u0259b-lisey.<\/p>\n","protected":false},"excerpt":{"rendered":"<p>Bu g\u00fcnd\u0259n 2023-2024-c\u00fc t\u0259dris ili \u00fczr\u0259 \u015fagird yerd\u0259yi\u015fm\u0259sin\u0259 start verilir. Elm v\u0259 T\u0259hsil Nazirliyind\u0259n\u00a0\u201c\u0130ki sahil\u201d\u0259\u00a0bildirilib ki, proses\u00a0sy.edu.az\u00a0elektron sistemi \u00fcz\u0259rind\u0259n h\u0259yata ke\u00e7irilir. Yerd\u0259yi\u015fm\u0259 2-9 v\u0259 11-ci sinifl\u0259r \u00fc\u00e7\u00fcn avqustun 7-si saat 15:00, 10-cu sinifl\u0259r \u00fc\u00e7\u00fcn is\u0259 avqustun 14-\u00fc saat 15:00-dan aktivl\u0259\u015fdiril\u0259c\u0259k. Valideynl\u0259r \u00fc\u00e7\u00fcn elektron sistemd\u0259 \u00fcmumi t\u0259hsil m\u00fc\u0259ssis\u0259l\u0259rin\u0259 sor\u011fu yerl\u0259\u015fdirm\u0259 prosesi avqustun 31-i saat 18:00-a q\u0259d\u0259r davam ed\u0259c\u0259k. Onlar sentyabr\u0131n 5-i saat 15:00-a q\u0259d\u0259r \u00f6vladlar\u0131n\u0131n s\u0259n\u0259dl\u0259rini yerd\u0259yi\u015fm\u0259 etdikl\u0259ri \u00fcmumi t\u0259hsil m\u00fc\u0259ssis\u0259sin\u0259 t\u0259qdim etm\u0259lidirl\u0259r. Qeyd ed\u0259k ki, a\u015fa\u011f\u0131da adlar\u0131 qeyd olunmu\u015f \u00fcmumi t\u0259hsil m\u00fc\u0259ssis\u0259l\u0259rinin 2-9-cu sinifl\u0259rind\u0259 yaranm\u0131\u015f vakant yerl\u0259r\u0259 \u015fagird yerd\u0259yi\u015fm\u0259si imtahanla&hellip;<\/p>\n","protected":false},"author":2,"featured_media":616424,"comment_status":"closed","ping_status":"closed","sticky":false,"template":"","format":"standard","meta":{"om_disable_all_campaigns":false,"_monsterinsights_skip_tracking":false,"_monsterinsights_sitenote_active":false,"_monsterinsights_sitenote_note":"","_monsterinsights_sitenote_category":0},"categories":[1],"tags":[],"aioseo_notices":[],"gutentor_comment":0,"rttpg_featured_image_url":{"full":["https:\/\/arantv.az\/wp-content\/uploads\/2023\/08\/f52378e1156924516422249284210905717.jpg",975,540,false],"landscape":["https:\/\/arantv.az\/wp-content\/uploads\/2023\/08\/f52378e1156924516422249284210905717.jpg",975,540,false],"portraits":["https:\/\/arantv.az\/wp-content\/uploads\/2023\/08\/f52378e1156924516422249284210905717.jpg",975,540,false],"thumbnail":["https:\/\/arantv.az\/wp-content\/uploads\/2023\/08\/f52378e1156924516422249284210905717-500x280.jpg",500,280,true],"medium":["https:\/\/arantv.az\/wp-content\/uploads\/2023\/08\/f52378e1156924516422249284210905717-660x365.jpg",660,365,true],"large":["https:\/\/arantv.az\/wp-content\/uploads\/2023\/08\/f52378e1156924516422249284210905717-840x465.jpg",640,354,true],"1536x1536":["https:\/\/arantv.az\/wp-content\/uploads\/2023\/08\/f52378e1156924516422249284210905717.jpg",975,540,false],"2048x2048":["https:\/\/arantv.az\/wp-content\/uploads\/2023\/08\/f52378e1156924516422249284210905717.jpg",975,540,false],"post-thumbnail":["https:\/\/arantv.az\/wp-content\/uploads\/2023\/08\/f52378e1156924516422249284210905717-240x172.jpg",240,172,true],"advps-thumb-one":["https:\/\/arantv.az\/wp-content\/uploads\/2023\/08\/f52378e1156924516422249284210905717.jpg",975,540,false]},"rttpg_author":{"display_name":"V\u00fcsal Rafiqo\u011flu","author_link":"https:\/\/arantv.az\/?author=2"},"rttpg_comment":0,"rttpg_category":"<a href=\"https:\/\/arantv.az\/?cat=1\" rel=\"category\">C\u0259miyy\u0259t<\/a>","rttpg_excerpt":"Bu g\u00fcnd\u0259n 2023-2024-c\u00fc t\u0259dris ili \u00fczr\u0259 \u015fagird yerd\u0259yi\u015fm\u0259sin\u0259 start verilir. Elm v\u0259 T\u0259hsil Nazirliyind\u0259n\u00a0\u201c\u0130ki sahil\u201d\u0259\u00a0bildirilib ki, proses\u00a0sy.edu.az\u00a0elektron sistemi \u00fcz\u0259rind\u0259n h\u0259yata ke\u00e7irilir. Yerd\u0259yi\u015fm\u0259 2-9 v\u0259 11-ci sinifl\u0259r \u00fc\u00e7\u00fcn avqustun 7-si saat 15:00, 10-cu sinifl\u0259r \u00fc\u00e7\u00fcn is\u0259 avqustun 14-\u00fc saat 15:00-dan aktivl\u0259\u015fdiril\u0259c\u0259k. Valideynl\u0259r \u00fc\u00e7\u00fcn elektron sistemd\u0259 \u00fcmumi t\u0259hsil m\u00fc\u0259ssis\u0259l\u0259rin\u0259 sor\u011fu yerl\u0259\u015fdirm\u0259 prosesi avqustun 31-i saat 18:00-a q\u0259d\u0259r&hellip;","_links":{"self":[{"href":"https:\/\/arantv.az\/index.php?rest_route=\/wp\/v2\/posts\/616423"}],"collection":[{"href":"https:\/\/arantv.az\/index.php?rest_route=\/wp\/v2\/posts"}],"about":[{"href":"https:\/\/arantv.az\/index.php?rest_route=\/wp\/v2\/types\/post"}],"author":[{"embeddable":true,"href":"https:\/\/arantv.az\/index.php?rest_route=\/wp\/v2\/users\/2"}],"replies":[{"embeddable":true,"href":"https:\/\/arantv.az\/index.php?rest_route=%2Fwp%2Fv2%2Fcomments&post=616423"}],"version-history":[{"count":0,"href":"https:\/\/arantv.az\/index.php?rest_route=\/wp\/v2\/posts\/616423\/revisions"}],"wp:featuredmedia":[{"embeddable":true,"href":"https:\/\/arantv.az\/index.php?rest_route=\/wp\/v2\/media\/616424"}],"wp:attachment":[{"href":"https:\/\/arantv.az\/index.php?rest_route=%2Fwp%2Fv2%2Fmedia&parent=616423"}],"wp:term":[{"taxonomy":"category","embeddable":true,"href":"https:\/\/arantv.az\/index.php?rest_route=%2Fwp%2Fv2%2Fcategories&post=616423"},{"taxonomy":"post_tag","embeddable":true,"href":"https:\/\/arantv.az\/index.php?rest_route=%2Fwp%2Fv2%2Ftags&post=616423"}],"curies":[{"name":"wp","href":"https:\/\/api.w.org\/{rel}","templated":true}]}}