{"id":616460,"date":"2023-08-07T10:53:20","date_gmt":"2023-08-07T06:53:20","guid":{"rendered":"https:\/\/arantv.az\/?p=616460"},"modified":"2023-08-07T10:53:20","modified_gmt":"2023-08-07T06:53:20","slug":"saxa-respublikasini-yanginlar-buruyub-video","status":"publish","type":"post","link":"https:\/\/arantv.az\/?p=616460","title":{"rendered":"Saxa Respublikas\u0131n\u0131 yan\u011f\u0131nlar b\u00fcr\u00fcy\u00fcb &#8211; V\u0130DEO"},"content":{"rendered":"<p>Saxan\u0131n (Yakutiya) 13 rayonunda g\u00fccl\u00fc yan\u011f\u0131nlar ba\u015flay\u0131b.<\/p>\n<p>M\u0259lumata g\u00f6r\u0259, 98 yan\u011f\u0131n oca\u011f\u0131 125,6 min hektara yax\u0131n \u0259razini \u0259hat\u0259 edib.<\/p>\n<p>\u201cYan\u011f\u0131nlarla ba\u011fl\u0131 \u0259n \u00e7\u0259tin v\u0259ziyy\u0259t 60 oca\u011f\u0131n qeyd\u0259 al\u0131nd\u0131\u011f\u0131 Aldan, Olekminski v\u0259 Ust-Mayski rayonlar\u0131n\u0131n \u0259razil\u0259rind\u0259dir\u201d, &#8211; Respublika F\u00f6vq\u0259lad\u0259 Hallar Nazirliyinin Ba\u015f \u0130dar\u0259sind\u0259n bildirilib.<\/p>\n<p>Yan\u011f\u0131n\u0131n s\u00f6nd\u00fcr\u00fclm\u0259sin\u0259 1 300-d\u0259n \u00e7ox insan v\u0259 80-\u0259 yax\u0131n texnika c\u0259lb olunub. \u00dcmumilikd\u0259, yan\u011f\u0131n m\u00f6vs\u00fcm\u00fc ba\u015flayandan respublika \u0259razisind\u0259 700-d\u0259n \u00e7ox t\u0259bii yan\u011f\u0131n hadis\u0259si qeyd\u0259 al\u0131n\u0131b.<\/p>\n<div><iframe loading=\"lazy\" src=\"https:\/\/baku.tv\/embed\/92838\" width=\"640\" height=\"360\" frameborder=\"0\" scrolling=\"no\" allowfullscreen=\"allowfullscreen\" data-mce-fragment=\"1\"><\/iframe><\/div>\n<p>M\u0259nb\u0259: Ura.ru<\/p>\n","protected":false},"excerpt":{"rendered":"<p>Saxan\u0131n (Yakutiya) 13 rayonunda g\u00fccl\u00fc yan\u011f\u0131nlar ba\u015flay\u0131b. M\u0259lumata g\u00f6r\u0259, 98 yan\u011f\u0131n oca\u011f\u0131 125,6 min hektara yax\u0131n \u0259razini \u0259hat\u0259 edib. \u201cYan\u011f\u0131nlarla ba\u011fl\u0131 \u0259n \u00e7\u0259tin v\u0259ziyy\u0259t 60 oca\u011f\u0131n qeyd\u0259 al\u0131nd\u0131\u011f\u0131 Aldan, Olekminski v\u0259 Ust-Mayski rayonlar\u0131n\u0131n \u0259razil\u0259rind\u0259dir\u201d, &#8211; Respublika F\u00f6vq\u0259lad\u0259 Hallar Nazirliyinin Ba\u015f \u0130dar\u0259sind\u0259n bildirilib. Yan\u011f\u0131n\u0131n s\u00f6nd\u00fcr\u00fclm\u0259sin\u0259 1 300-d\u0259n \u00e7ox insan v\u0259 80-\u0259 yax\u0131n texnika c\u0259lb olunub. \u00dcmumilikd\u0259, yan\u011f\u0131n m\u00f6vs\u00fcm\u00fc ba\u015flayandan respublika \u0259razisind\u0259 700-d\u0259n \u00e7ox t\u0259bii yan\u011f\u0131n hadis\u0259si qeyd\u0259 al\u0131n\u0131b. M\u0259nb\u0259: Ura.ru<\/p>\n","protected":false},"author":2,"featured_media":616461,"comment_status":"closed","ping_status":"closed","sticky":false,"template":"","format":"standard","meta":{"om_disable_all_campaigns":false,"_monsterinsights_skip_tracking":false,"_monsterinsights_sitenote_active":false,"_monsterinsights_sitenote_note":"","_monsterinsights_sitenote_category":0},"categories":[7],"tags":[],"aioseo_notices":[],"gutentor_comment":0,"rttpg_featured_image_url":{"full":["https:\/\/arantv.az\/wp-content\/uploads\/2023\/08\/FotoJet-26-2.jpg",620,413,false],"landscape":["https:\/\/arantv.az\/wp-content\/uploads\/2023\/08\/FotoJet-26-2.jpg",620,413,false],"portraits":["https:\/\/arantv.az\/wp-content\/uploads\/2023\/08\/FotoJet-26-2.jpg",620,413,false],"thumbnail":["https:\/\/arantv.az\/wp-content\/uploads\/2023\/08\/FotoJet-26-2-500x280.jpg",500,280,true],"medium":["https:\/\/arantv.az\/wp-content\/uploads\/2023\/08\/FotoJet-26-2-548x365.jpg",548,365,true],"large":["https:\/\/arantv.az\/wp-content\/uploads\/2023\/08\/FotoJet-26-2.jpg",620,413,false],"1536x1536":["https:\/\/arantv.az\/wp-content\/uploads\/2023\/08\/FotoJet-26-2.jpg",620,413,false],"2048x2048":["https:\/\/arantv.az\/wp-content\/uploads\/2023\/08\/FotoJet-26-2.jpg",620,413,false],"post-thumbnail":["https:\/\/arantv.az\/wp-content\/uploads\/2023\/08\/FotoJet-26-2-240x172.jpg",240,172,true],"advps-thumb-one":["https:\/\/arantv.az\/wp-content\/uploads\/2023\/08\/FotoJet-26-2.jpg",620,413,false]},"rttpg_author":{"display_name":"V\u00fcsal Rafiqo\u011flu","author_link":"https:\/\/arantv.az\/?author=2"},"rttpg_comment":0,"rttpg_category":"<a href=\"https:\/\/arantv.az\/?cat=7\" rel=\"category\">D\u00fcnya<\/a>","rttpg_excerpt":"Saxan\u0131n (Yakutiya) 13 rayonunda g\u00fccl\u00fc yan\u011f\u0131nlar ba\u015flay\u0131b. M\u0259lumata g\u00f6r\u0259, 98 yan\u011f\u0131n oca\u011f\u0131 125,6 min hektara yax\u0131n \u0259razini \u0259hat\u0259 edib. \u201cYan\u011f\u0131nlarla ba\u011fl\u0131 \u0259n \u00e7\u0259tin v\u0259ziyy\u0259t 60 oca\u011f\u0131n qeyd\u0259 al\u0131nd\u0131\u011f\u0131 Aldan, Olekminski v\u0259 Ust-Mayski rayonlar\u0131n\u0131n \u0259razil\u0259rind\u0259dir\u201d, &#8211; Respublika F\u00f6vq\u0259lad\u0259 Hallar Nazirliyinin Ba\u015f \u0130dar\u0259sind\u0259n bildirilib. Yan\u011f\u0131n\u0131n s\u00f6nd\u00fcr\u00fclm\u0259sin\u0259 1 300-d\u0259n \u00e7ox insan v\u0259 80-\u0259 yax\u0131n texnika c\u0259lb olunub. \u00dcmumilikd\u0259,&hellip;","_links":{"self":[{"href":"https:\/\/arantv.az\/index.php?rest_route=\/wp\/v2\/posts\/616460"}],"collection":[{"href":"https:\/\/arantv.az\/index.php?rest_route=\/wp\/v2\/posts"}],"about":[{"href":"https:\/\/arantv.az\/index.php?rest_route=\/wp\/v2\/types\/post"}],"author":[{"embeddable":true,"href":"https:\/\/arantv.az\/index.php?rest_route=\/wp\/v2\/users\/2"}],"replies":[{"embeddable":true,"href":"https:\/\/arantv.az\/index.php?rest_route=%2Fwp%2Fv2%2Fcomments&post=616460"}],"version-history":[{"count":0,"href":"https:\/\/arantv.az\/index.php?rest_route=\/wp\/v2\/posts\/616460\/revisions"}],"wp:featuredmedia":[{"embeddable":true,"href":"https:\/\/arantv.az\/index.php?rest_route=\/wp\/v2\/media\/616461"}],"wp:attachment":[{"href":"https:\/\/arantv.az\/index.php?rest_route=%2Fwp%2Fv2%2Fmedia&parent=616460"}],"wp:term":[{"taxonomy":"category","embeddable":true,"href":"https:\/\/arantv.az\/index.php?rest_route=%2Fwp%2Fv2%2Fcategories&post=616460"},{"taxonomy":"post_tag","embeddable":true,"href":"https:\/\/arantv.az\/index.php?rest_route=%2Fwp%2Fv2%2Ftags&post=616460"}],"curies":[{"name":"wp","href":"https:\/\/api.w.org\/{rel}","templated":true}]}}