{"id":616482,"date":"2023-08-07T10:58:37","date_gmt":"2023-08-07T06:58:37","guid":{"rendered":"https:\/\/arantv.az\/?p=616482"},"modified":"2023-08-07T10:58:37","modified_gmt":"2023-08-07T06:58:37","slug":"prezident-ilham-%c9%99liyev-qazax-rayonuna-s%c9%99f%c9%99r-edib-foto","status":"publish","type":"post","link":"https:\/\/arantv.az\/?p=616482","title":{"rendered":"Prezident \u0130lham \u018fliyev Qazax rayonuna s\u0259f\u0259r edib &#8211; FOTO"},"content":{"rendered":"<p>Az\u0259rbaycan Respublikas\u0131n\u0131n Prezidenti\u00a0<strong>\u0130lham \u018fliyev\u00a0<\/strong>avqustun 7-d\u0259 Qazax rayonuna s\u0259f\u0259r edib.<\/p>\n<p><a href=\"https:\/\/azertag.az\/xeber\/Azerbaycan_Prezidenti_Ilham_Aliyev_Qazax_rayonuna_sefer_edib-2720992\" target=\"_blank\" rel=\"noopener\">AZ\u018fRTAC<\/a>\u00a0x\u0259b\u0259r verir ki, d\u00f6vl\u0259timizin ba\u015f\u00e7\u0131s\u0131 \u00fcmummilli lider Heyd\u0259r \u018fliyevin abid\u0259sini ziyar\u0259t edib, yenid\u0259n qurulan Qarapapaq-\u00c7ayl\u0131 avtomobil yolunun a\u00e7\u0131l\u0131\u015f\u0131nda i\u015ftirak edib, D\u00f6vl\u0259t S\u0259rh\u0259d Xidm\u0259tinin S\u0259rh\u0259d Qo\u015funlar\u0131n\u0131n \u201cQazax\u201d \u018flahidd\u0259 S\u0259rh\u0259d Diviziyas\u0131n\u0131n qarnizon kompleksind\u0259 yarad\u0131lan \u015f\u0259raitl\u0259 tan\u0131\u015f olub.<\/p>\n<p><img src=\"https:\/\/cdn.oxu.az\/uploads\/W1siZiIsIjIwMjMvMDgvMDcvMTAvMTYvMjkvZGVhMmY0MGMtYWNiMS00YTcxLWExYjUtZTVlYzY2YjAxMGY0LzE2OTEzODg2NDE0NTQyMjQ4MzMwXzEwMDB4NjY5LmpwZyJdLFsicCIsImVuY29kZSIsImpwZyIsIi1xdWFsaXR5IDgwIl0sWyJwIiwidGh1bWIiLCI1OTB4NTkwXHUwMDNlIl1d?sha=2b15c7d704d1d452\" alt=\"\" \/><img src=\"https:\/\/cdn.oxu.az\/uploads\/W1siZiIsIjIwMjMvMDgvMDcvMTAvMTUvMzMvMTUzYTViOTAtYWJjMy00MzY4LWJhMmItMjExYTk4MmIyNmU2LzE2OTEzODg2NDEzNTg1ODIyNDQyXzEwMDB4NjY5LmpwZyJdLFsicCIsImVuY29kZSIsImpwZyIsIi1xdWFsaXR5IDgwIl0sWyJwIiwidGh1bWIiLCI1OTB4NTkwXHUwMDNlIl1d?sha=2d65603f05ee95b4\" alt=\"\" \/><img src=\"https:\/\/cdn.oxu.az\/uploads\/W1siZiIsIjIwMjMvMDgvMDcvMTAvMTUvMzIvYTExNjY0ZjAtMTQ5OS00OTkxLWE0NGUtYWJkMTg0YjJmNjc4LzE2OTEzODg2NDE3MjYxMzkxMjJfMTAwMHg2NjkuanBnIl0sWyJwIiwiZW5jb2RlIiwianBnIiwiLXF1YWxpdHkgODAiXSxbInAiLCJ0aHVtYiIsIjU5MHg1OTBcdTAwM2UiXV0?sha=128255d3aac954bd\" alt=\"\" \/><img src=\"https:\/\/cdn.oxu.az\/uploads\/W1siZiIsIjIwMjMvMDgvMDcvMTAvMTUvMzIvOTU4NTkzNmUtMzIzYi00NDM3LWFlOTItYzAzYjE4YmViZTdhLzE2OTEzODg2NDE0NTQwODM1NzI4XzEwMDB4NjY5LmpwZyJdLFsicCIsImVuY29kZSIsImpwZyIsIi1xdWFsaXR5IDgwIl0sWyJwIiwidGh1bWIiLCI1OTB4NTkwXHUwMDNlIl1d?sha=4349544199532c41\" alt=\"\" \/><img src=\"https:\/\/cdn.oxu.az\/uploads\/W1siZiIsIjIwMjMvMDgvMDcvMTAvMTUvMzIvYzNlYTc1OWEtN2QxZi00YjUzLWE2MjItZmI4OGEwZWZjODYyLzE2OTEzODg2NDI0NTA0NDY0Njk2XzEwMDB4NjY5LmpwZyJdLFsicCIsImVuY29kZSIsImpwZyIsIi1xdWFsaXR5IDgwIl0sWyJwIiwidGh1bWIiLCI1OTB4NTkwXHUwMDNlIl1d?sha=58cabab9e9725d4e\" alt=\"\" \/><\/p>\n","protected":false},"excerpt":{"rendered":"<p>Az\u0259rbaycan Respublikas\u0131n\u0131n Prezidenti\u00a0\u0130lham \u018fliyev\u00a0avqustun 7-d\u0259 Qazax rayonuna s\u0259f\u0259r edib. AZ\u018fRTAC\u00a0x\u0259b\u0259r verir ki, d\u00f6vl\u0259timizin ba\u015f\u00e7\u0131s\u0131 \u00fcmummilli lider Heyd\u0259r \u018fliyevin abid\u0259sini ziyar\u0259t edib, yenid\u0259n qurulan Qarapapaq-\u00c7ayl\u0131 avtomobil yolunun a\u00e7\u0131l\u0131\u015f\u0131nda i\u015ftirak edib, D\u00f6vl\u0259t S\u0259rh\u0259d Xidm\u0259tinin S\u0259rh\u0259d Qo\u015funlar\u0131n\u0131n \u201cQazax\u201d \u018flahidd\u0259 S\u0259rh\u0259d Diviziyas\u0131n\u0131n qarnizon kompleksind\u0259 yarad\u0131lan \u015f\u0259raitl\u0259 tan\u0131\u015f olub.<\/p>\n","protected":false},"author":2,"featured_media":616483,"comment_status":"closed","ping_status":"closed","sticky":false,"template":"","format":"standard","meta":{"om_disable_all_campaigns":false,"_monsterinsights_skip_tracking":false,"_monsterinsights_sitenote_active":false,"_monsterinsights_sitenote_note":"","_monsterinsights_sitenote_category":0},"categories":[8],"tags":[],"aioseo_notices":[],"gutentor_comment":0,"rttpg_featured_image_url":{"full":["https:\/\/arantv.az\/wp-content\/uploads\/2023\/08\/FotoJet-4-6.jpg",620,413,false],"landscape":["https:\/\/arantv.az\/wp-content\/uploads\/2023\/08\/FotoJet-4-6.jpg",620,413,false],"portraits":["https:\/\/arantv.az\/wp-content\/uploads\/2023\/08\/FotoJet-4-6.jpg",620,413,false],"thumbnail":["https:\/\/arantv.az\/wp-content\/uploads\/2023\/08\/FotoJet-4-6-500x280.jpg",500,280,true],"medium":["https:\/\/arantv.az\/wp-content\/uploads\/2023\/08\/FotoJet-4-6-548x365.jpg",548,365,true],"large":["https:\/\/arantv.az\/wp-content\/uploads\/2023\/08\/FotoJet-4-6.jpg",620,413,false],"1536x1536":["https:\/\/arantv.az\/wp-content\/uploads\/2023\/08\/FotoJet-4-6.jpg",620,413,false],"2048x2048":["https:\/\/arantv.az\/wp-content\/uploads\/2023\/08\/FotoJet-4-6.jpg",620,413,false],"post-thumbnail":["https:\/\/arantv.az\/wp-content\/uploads\/2023\/08\/FotoJet-4-6-240x172.jpg",240,172,true],"advps-thumb-one":["https:\/\/arantv.az\/wp-content\/uploads\/2023\/08\/FotoJet-4-6.jpg",620,413,false]},"rttpg_author":{"display_name":"V\u00fcsal Rafiqo\u011flu","author_link":"https:\/\/arantv.az\/?author=2"},"rttpg_comment":0,"rttpg_category":"<a href=\"https:\/\/arantv.az\/?cat=8\" rel=\"category\">\u018fsas s\u0259hif\u0259<\/a>","rttpg_excerpt":"Az\u0259rbaycan Respublikas\u0131n\u0131n Prezidenti\u00a0\u0130lham \u018fliyev\u00a0avqustun 7-d\u0259 Qazax rayonuna s\u0259f\u0259r edib. AZ\u018fRTAC\u00a0x\u0259b\u0259r verir ki, d\u00f6vl\u0259timizin ba\u015f\u00e7\u0131s\u0131 \u00fcmummilli lider Heyd\u0259r \u018fliyevin abid\u0259sini ziyar\u0259t edib, yenid\u0259n qurulan Qarapapaq-\u00c7ayl\u0131 avtomobil yolunun a\u00e7\u0131l\u0131\u015f\u0131nda i\u015ftirak edib, D\u00f6vl\u0259t S\u0259rh\u0259d Xidm\u0259tinin S\u0259rh\u0259d Qo\u015funlar\u0131n\u0131n \u201cQazax\u201d \u018flahidd\u0259 S\u0259rh\u0259d Diviziyas\u0131n\u0131n qarnizon kompleksind\u0259 yarad\u0131lan \u015f\u0259raitl\u0259 tan\u0131\u015f olub.","_links":{"self":[{"href":"https:\/\/arantv.az\/index.php?rest_route=\/wp\/v2\/posts\/616482"}],"collection":[{"href":"https:\/\/arantv.az\/index.php?rest_route=\/wp\/v2\/posts"}],"about":[{"href":"https:\/\/arantv.az\/index.php?rest_route=\/wp\/v2\/types\/post"}],"author":[{"embeddable":true,"href":"https:\/\/arantv.az\/index.php?rest_route=\/wp\/v2\/users\/2"}],"replies":[{"embeddable":true,"href":"https:\/\/arantv.az\/index.php?rest_route=%2Fwp%2Fv2%2Fcomments&post=616482"}],"version-history":[{"count":0,"href":"https:\/\/arantv.az\/index.php?rest_route=\/wp\/v2\/posts\/616482\/revisions"}],"wp:featuredmedia":[{"embeddable":true,"href":"https:\/\/arantv.az\/index.php?rest_route=\/wp\/v2\/media\/616483"}],"wp:attachment":[{"href":"https:\/\/arantv.az\/index.php?rest_route=%2Fwp%2Fv2%2Fmedia&parent=616482"}],"wp:term":[{"taxonomy":"category","embeddable":true,"href":"https:\/\/arantv.az\/index.php?rest_route=%2Fwp%2Fv2%2Fcategories&post=616482"},{"taxonomy":"post_tag","embeddable":true,"href":"https:\/\/arantv.az\/index.php?rest_route=%2Fwp%2Fv2%2Ftags&post=616482"}],"curies":[{"name":"wp","href":"https:\/\/api.w.org\/{rel}","templated":true}]}}