{"id":616492,"date":"2023-08-07T11:01:25","date_gmt":"2023-08-07T07:01:25","guid":{"rendered":"https:\/\/arantv.az\/?p=616492"},"modified":"2023-08-07T11:01:25","modified_gmt":"2023-08-07T07:01:25","slug":"q%c9%99rbi-az%c9%99rbaycan-icmasindan-pasinyanin-saxta-iddialarina-cavab","status":"publish","type":"post","link":"https:\/\/arantv.az\/?p=616492","title":{"rendered":"Q\u0259rbi Az\u0259rbaycan \u0130cmas\u0131ndan Pa\u015finyan\u0131n saxta iddialar\u0131na CAVAB"},"content":{"rendered":"<p>Q\u0259rbi Az\u0259rbaycan \u0130cmas\u0131 b\u0259yanat yay\u0131b.<\/p>\n<p>B\u0259yanatda deyilir:<\/p>\n<p>\u201cBiz, Erm\u0259nistandan qovulmu\u015f az\u0259rbaycanl\u0131lar\u0131 t\u0259msil ed\u0259n v\u0259 onlar\u0131n geri qay\u0131tmaq h\u00fcququnu m\u00fcdafi\u0259 ed\u0259n bir t\u0259\u015fkilat olan Q\u0259rbi Az\u0259rbaycan \u0130cmas\u0131, Erm\u0259nistan\u0131n ba\u015f naziri Nikol Pa\u015finyan\u0131n n\u00f6vb\u0259ti d\u0259f\u0259 s\u0259sl\u0259ndirdiyi saxta iddialar\u0131 q\u0259tiyy\u0259tl\u0259 pisl\u0259yirik. Bel\u0259 ki, ba\u015f nazir Pa\u015finyan\u0131n 25 iyul 2023-c\u00fc il tarixli m\u0259tbuat konfrans\u0131n\u0131n bir ne\u00e7\u0259 g\u00fcn \u0259vv\u0259l d\u0259rc olunmu\u015f video yaz\u0131s\u0131ndan m\u0259lum oldu\u011fu kimi, o, az\u0259rbaycanl\u0131lar\u0131n Erm\u0259nistan\u0131 \u201ck\u00f6n\u00fcll\u00fc t\u0259rk etm\u0259si\u201d v\u0259 onlara \u201ct\u0259zminat \u00f6d\u0259nilm\u0259si\u201d il\u0259 ba\u011fl\u0131 \u0259sass\u0131z v\u0259 bir-biri il\u0259 ziddiyy\u0259t t\u0259\u015fkil ed\u0259n iddialar il\u0259 \u00e7\u0131x\u0131\u015f edib.<\/p>\n<p>\u018fvv\u0259la, qeyd edilm\u0259lidir ki, t\u0259zminat qanunsuz akt\u0131n t\u00f6r\u0259dilm\u0259sinin v\u0259 itkil\u0259rin ba\u015f vermi\u015f olmas\u0131n\u0131n etiraf\u0131 m\u0259nas\u0131na g\u0259lir ki, bu da k\u00f6n\u00fcll\u00fc t\u0259rk etm\u0259 iddias\u0131 il\u0259 ziddiyy\u0259t t\u0259\u015fkil edir. \u018fg\u0259r insanlar\u0131n k\u00fctl\u0259vi \u015f\u0259kild\u0259 k\u00f6\u00e7 etm\u0259si h\u0259qiq\u0259t\u0259n k\u00f6n\u00fcll\u00fc olubsa, onda onlara niy\u0259 t\u0259zminat t\u0259klif edilib? \u0130kincisi, biz Erm\u0259nistandan qovulmu\u015f az\u0259rbaycanl\u0131lar\u0131n geri qay\u0131tmaq h\u00fcququndan imtina etm\u0259l\u0259ri m\u00fcqabilind\u0259 h\u0259r hans\u0131 formada t\u0259zminat ald\u0131qlar\u0131 bar\u0259d\u0259 iddian\u0131 q\u0259ti \u015f\u0259kild\u0259 t\u0259kzib edirik.<\/p>\n<p>Zorla qovulma n\u0259tic\u0259sind\u0259 b\u00f6y\u00fck \u0259ziyy\u0259t \u00e7\u0259kmi\u015f icma olaraq biz Erm\u0259nistandak\u0131 d\u0259d\u0259-baba torpaqlar\u0131m\u0131za qay\u0131tmaq h\u00fcququmuzun t\u0259min edilm\u0259si t\u0259l\u0259bimizd\u0259 q\u0259tiyy\u0259tl\u0259 dayan\u0131r\u0131q.<br \/>\nErm\u0259nistan\u0131n ba\u015f nazirinin iddialar\u0131 onun h\u0259qiq\u0259ti t\u0259hrif etm\u0259k v\u0259 icmam\u0131za qar\u015f\u0131 t\u00f6r\u0259dilmi\u015f haqs\u0131zl\u0131qlara g\u00f6r\u0259 m\u0259suliyy\u0259td\u0259n yay\u0131nmaq \u00fc\u00e7\u00fcn n\u00f6vb\u0259ti c\u0259hdidir. Erm\u0259nistan h\u00f6kum\u0259tinin \u0259sass\u0131z iddialar\u0131 qovulmu\u015f az\u0259rbaycanl\u0131lar\u0131n iztirablar\u0131n\u0131 daha da art\u0131r\u0131r, s\u00fclh v\u0259 bar\u0131\u015f\u0131\u011fa ged\u0259n yolu \u00e7\u0259tinl\u0259\u015fdirir. Erm\u0259nistan h\u00f6kum\u0259tinin qovulmu\u015f az\u0259rbaycanl\u0131lar\u0131n \u00f6z yurdlar\u0131na qay\u0131tmaq kimi ham\u0131l\u0131qla q\u0259bul olunmu\u015f h\u00fcququnun h\u0259yata ke\u00e7irilm\u0259sin\u0259 imkan verm\u0259kd\u0259n imtina etm\u0259si bu d\u00f6vl\u0259tin guya demokratik d\u0259y\u0259rl\u0259r\u0259 ba\u011fl\u0131 olmas\u0131 v\u0259 insan h\u00fcquqlar\u0131na h\u00f6rm\u0259t etm\u0259si il\u0259 ba\u011fl\u0131 iddialar\u0131nda n\u0259 d\u0259r\u0259c\u0259d\u0259 qeyri-s\u0259mimi oldu\u011funu ortaya qoyur. Erm\u0259nistan\u0131n h\u00fcquqlar\u0131m\u0131z\u0131 t\u0259min etm\u0259kd\u0259n imtina etm\u0259si onun az\u0259rbaycanl\u0131lara qar\u015f\u0131 nifr\u0259t \u0259sas\u0131nda etnik ayr\u0131-se\u00e7kilik etm\u0259sini v\u0259 \u201cmilli azl\u0131q yoxdursa, problem yoxdur\u201d siyas\u0259ti y\u00fcr\u00fctm\u0259sini birm\u0259nal\u0131 \u015f\u0259kild\u0259 s\u00fcbut edir.<\/p>\n<p>Biz Erm\u0259nistan\u0131 2020-ci ild\u0259 m\u00fcnaqi\u015f\u0259 ba\u015fa \u00e7atd\u0131qdan sonra erm\u0259nil\u0259rin Az\u0259rbaycan\u0131n Qaraba\u011f b\u00f6lg\u0259sin\u0259 t\u0259hl\u00fck\u0259siz \u015f\u0259kild\u0259 qay\u0131tmas\u0131na imkan vermi\u015f Az\u0259rbaycan t\u0259r\u0259find\u0259n n\u00fcmun\u0259 g\u00f6t\u00fcrm\u0259y\u0259 \u00e7a\u011f\u0131r\u0131r\u0131q. Erm\u0259nistan insan h\u00fcquqlar\u0131na v\u0259 beyn\u0259lxalq h\u00fcquqa eyni s\u0259viyy\u0259d\u0259 h\u00f6rm\u0259t n\u00fcmayi\u015f etdirm\u0259li v\u0259 Erm\u0259nistandan qovulmu\u015f az\u0259rbaycanl\u0131lar\u0131n t\u0259hl\u00fck\u0259siz v\u0259 l\u0259yaq\u0259tli \u015f\u0259kild\u0259 \u00f6z evl\u0259rin\u0259 qay\u0131tmaq h\u00fcququnu t\u0259min etm\u0259lidir.<\/p>\n<p>Biz Erm\u0259nistan h\u00f6kum\u0259tind\u0259n yalan iddialar yayma\u011f\u0131 dayand\u0131rma\u011f\u0131 v\u0259 Erm\u0259nistandan qovulmu\u015f az\u0259rbaycanl\u0131lar\u0131n legitim narahatl\u0131qlar\u0131 il\u0259 ba\u011fl\u0131 \u0130cmam\u0131z il\u0259 substantiv dialoqa ba\u015flama\u011f\u0131 t\u0259l\u0259b edirik\u201d.<\/p>\n","protected":false},"excerpt":{"rendered":"<p>Q\u0259rbi Az\u0259rbaycan \u0130cmas\u0131 b\u0259yanat yay\u0131b. B\u0259yanatda deyilir: \u201cBiz, Erm\u0259nistandan qovulmu\u015f az\u0259rbaycanl\u0131lar\u0131 t\u0259msil ed\u0259n v\u0259 onlar\u0131n geri qay\u0131tmaq h\u00fcququnu m\u00fcdafi\u0259 ed\u0259n bir t\u0259\u015fkilat olan Q\u0259rbi Az\u0259rbaycan \u0130cmas\u0131, Erm\u0259nistan\u0131n ba\u015f naziri Nikol Pa\u015finyan\u0131n n\u00f6vb\u0259ti d\u0259f\u0259 s\u0259sl\u0259ndirdiyi saxta iddialar\u0131 q\u0259tiyy\u0259tl\u0259 pisl\u0259yirik. Bel\u0259 ki, ba\u015f nazir Pa\u015finyan\u0131n 25 iyul 2023-c\u00fc il tarixli m\u0259tbuat konfrans\u0131n\u0131n bir ne\u00e7\u0259 g\u00fcn \u0259vv\u0259l d\u0259rc olunmu\u015f video yaz\u0131s\u0131ndan m\u0259lum oldu\u011fu kimi, o, az\u0259rbaycanl\u0131lar\u0131n Erm\u0259nistan\u0131 \u201ck\u00f6n\u00fcll\u00fc t\u0259rk etm\u0259si\u201d v\u0259 onlara \u201ct\u0259zminat \u00f6d\u0259nilm\u0259si\u201d il\u0259 ba\u011fl\u0131 \u0259sass\u0131z v\u0259 bir-biri il\u0259 ziddiyy\u0259t t\u0259\u015fkil ed\u0259n iddialar il\u0259 \u00e7\u0131x\u0131\u015f edib. \u018fvv\u0259la, qeyd edilm\u0259lidir ki, t\u0259zminat qanunsuz&hellip;<\/p>\n","protected":false},"author":2,"featured_media":616493,"comment_status":"closed","ping_status":"closed","sticky":false,"template":"","format":"standard","meta":{"om_disable_all_campaigns":false,"_monsterinsights_skip_tracking":false,"_monsterinsights_sitenote_active":false,"_monsterinsights_sitenote_note":"","_monsterinsights_sitenote_category":0},"categories":[4],"tags":[],"aioseo_notices":[],"gutentor_comment":0,"rttpg_featured_image_url":{"full":["https:\/\/arantv.az\/wp-content\/uploads\/2023\/08\/eb8fc95a-7a51-31ef-9629-3540855a6ba1_850-1-1.jpg",620,413,false],"landscape":["https:\/\/arantv.az\/wp-content\/uploads\/2023\/08\/eb8fc95a-7a51-31ef-9629-3540855a6ba1_850-1-1.jpg",620,413,false],"portraits":["https:\/\/arantv.az\/wp-content\/uploads\/2023\/08\/eb8fc95a-7a51-31ef-9629-3540855a6ba1_850-1-1.jpg",620,413,false],"thumbnail":["https:\/\/arantv.az\/wp-content\/uploads\/2023\/08\/eb8fc95a-7a51-31ef-9629-3540855a6ba1_850-1-1-500x280.jpg",500,280,true],"medium":["https:\/\/arantv.az\/wp-content\/uploads\/2023\/08\/eb8fc95a-7a51-31ef-9629-3540855a6ba1_850-1-1-548x365.jpg",548,365,true],"large":["https:\/\/arantv.az\/wp-content\/uploads\/2023\/08\/eb8fc95a-7a51-31ef-9629-3540855a6ba1_850-1-1.jpg",620,413,false],"1536x1536":["https:\/\/arantv.az\/wp-content\/uploads\/2023\/08\/eb8fc95a-7a51-31ef-9629-3540855a6ba1_850-1-1.jpg",620,413,false],"2048x2048":["https:\/\/arantv.az\/wp-content\/uploads\/2023\/08\/eb8fc95a-7a51-31ef-9629-3540855a6ba1_850-1-1.jpg",620,413,false],"post-thumbnail":["https:\/\/arantv.az\/wp-content\/uploads\/2023\/08\/eb8fc95a-7a51-31ef-9629-3540855a6ba1_850-1-1-240x172.jpg",240,172,true],"advps-thumb-one":["https:\/\/arantv.az\/wp-content\/uploads\/2023\/08\/eb8fc95a-7a51-31ef-9629-3540855a6ba1_850-1-1.jpg",620,413,false]},"rttpg_author":{"display_name":"V\u00fcsal Rafiqo\u011flu","author_link":"https:\/\/arantv.az\/?author=2"},"rttpg_comment":0,"rttpg_category":"<a href=\"https:\/\/arantv.az\/?cat=4\" rel=\"category\">Siyas\u0259t<\/a>","rttpg_excerpt":"Q\u0259rbi Az\u0259rbaycan \u0130cmas\u0131 b\u0259yanat yay\u0131b. B\u0259yanatda deyilir: \u201cBiz, Erm\u0259nistandan qovulmu\u015f az\u0259rbaycanl\u0131lar\u0131 t\u0259msil ed\u0259n v\u0259 onlar\u0131n geri qay\u0131tmaq h\u00fcququnu m\u00fcdafi\u0259 ed\u0259n bir t\u0259\u015fkilat olan Q\u0259rbi Az\u0259rbaycan \u0130cmas\u0131, Erm\u0259nistan\u0131n ba\u015f naziri Nikol Pa\u015finyan\u0131n n\u00f6vb\u0259ti d\u0259f\u0259 s\u0259sl\u0259ndirdiyi saxta iddialar\u0131 q\u0259tiyy\u0259tl\u0259 pisl\u0259yirik. Bel\u0259 ki, ba\u015f nazir Pa\u015finyan\u0131n 25 iyul 2023-c\u00fc il tarixli m\u0259tbuat konfrans\u0131n\u0131n bir ne\u00e7\u0259 g\u00fcn \u0259vv\u0259l d\u0259rc&hellip;","_links":{"self":[{"href":"https:\/\/arantv.az\/index.php?rest_route=\/wp\/v2\/posts\/616492"}],"collection":[{"href":"https:\/\/arantv.az\/index.php?rest_route=\/wp\/v2\/posts"}],"about":[{"href":"https:\/\/arantv.az\/index.php?rest_route=\/wp\/v2\/types\/post"}],"author":[{"embeddable":true,"href":"https:\/\/arantv.az\/index.php?rest_route=\/wp\/v2\/users\/2"}],"replies":[{"embeddable":true,"href":"https:\/\/arantv.az\/index.php?rest_route=%2Fwp%2Fv2%2Fcomments&post=616492"}],"version-history":[{"count":0,"href":"https:\/\/arantv.az\/index.php?rest_route=\/wp\/v2\/posts\/616492\/revisions"}],"wp:featuredmedia":[{"embeddable":true,"href":"https:\/\/arantv.az\/index.php?rest_route=\/wp\/v2\/media\/616493"}],"wp:attachment":[{"href":"https:\/\/arantv.az\/index.php?rest_route=%2Fwp%2Fv2%2Fmedia&parent=616492"}],"wp:term":[{"taxonomy":"category","embeddable":true,"href":"https:\/\/arantv.az\/index.php?rest_route=%2Fwp%2Fv2%2Fcategories&post=616492"},{"taxonomy":"post_tag","embeddable":true,"href":"https:\/\/arantv.az\/index.php?rest_route=%2Fwp%2Fv2%2Ftags&post=616492"}],"curies":[{"name":"wp","href":"https:\/\/api.w.org\/{rel}","templated":true}]}}