{"id":616517,"date":"2023-08-07T11:15:12","date_gmt":"2023-08-07T07:15:12","guid":{"rendered":"https:\/\/arantv.az\/?p=616517"},"modified":"2023-08-07T11:15:12","modified_gmt":"2023-08-07T07:15:12","slug":"adanada-iki-fabrikd%c9%99-yangin-bas-verib-video","status":"publish","type":"post","link":"https:\/\/arantv.az\/?p=616517","title":{"rendered":"Adanada iki fabrikd\u0259 yan\u011f\u0131n ba\u015f verib &#8211; V\u0130DEO"},"content":{"rendered":"<p>T\u00fcrkiy\u0259nin Adana \u015f\u0259h\u0259rind\u0259 iki emal fabrikind\u0259 yan\u011f\u0131n ba\u015f verib.<\/p>\n<p>M\u0259lumata g\u00f6r\u0259, yan\u011f\u0131n yerli vaxtla saat 06:00 (Bak\u0131 vaxt\u0131 il\u0259 07:00 &#8211; red.)\u00a0rad\u0259l\u0259rind\u0259 m\u0259rk\u0259zi Seyhan rayonunda yerl\u0259\u015f\u0259n s\u0259naye sah\u0259sind\u0259ki t\u0259krar emal fabrikind\u0259 ba\u015flay\u0131b v\u0259 q\u0131sa m\u00fcdd\u0259td\u0259 obyekti m\u00fchasir\u0259y\u0259 alan alov qar\u015f\u0131 t\u0259r\u0259fd\u0259ki dig\u0259r t\u0259krar emal fabrikin\u0259 ke\u00e7ib.<\/p>\n<p>Qeyd ed\u0259k ki, yan\u011f\u0131n\u0131n s\u0259b\u0259bl\u0259ri h\u0259l\u0259lik m\u0259lum deyil.<\/p>\n<div><iframe loading=\"lazy\" src=\"https:\/\/baku.tv\/embed\/92843\" width=\"640\" height=\"360\" frameborder=\"0\" scrolling=\"no\" allowfullscreen=\"allowfullscreen\" data-mce-fragment=\"1\"><\/iframe><\/div>\n<p>M\u0259nb\u0259:\u00a0tgrthaber.com<\/p>\n","protected":false},"excerpt":{"rendered":"<p>T\u00fcrkiy\u0259nin Adana \u015f\u0259h\u0259rind\u0259 iki emal fabrikind\u0259 yan\u011f\u0131n ba\u015f verib. M\u0259lumata g\u00f6r\u0259, yan\u011f\u0131n yerli vaxtla saat 06:00 (Bak\u0131 vaxt\u0131 il\u0259 07:00 &#8211; red.)\u00a0rad\u0259l\u0259rind\u0259 m\u0259rk\u0259zi Seyhan rayonunda yerl\u0259\u015f\u0259n s\u0259naye sah\u0259sind\u0259ki t\u0259krar emal fabrikind\u0259 ba\u015flay\u0131b v\u0259 q\u0131sa m\u00fcdd\u0259td\u0259 obyekti m\u00fchasir\u0259y\u0259 alan alov qar\u015f\u0131 t\u0259r\u0259fd\u0259ki dig\u0259r t\u0259krar emal fabrikin\u0259 ke\u00e7ib. Qeyd ed\u0259k ki, yan\u011f\u0131n\u0131n s\u0259b\u0259bl\u0259ri h\u0259l\u0259lik m\u0259lum deyil. M\u0259nb\u0259:\u00a0tgrthaber.com<\/p>\n","protected":false},"author":2,"featured_media":616518,"comment_status":"closed","ping_status":"closed","sticky":false,"template":"","format":"standard","meta":{"om_disable_all_campaigns":false,"_monsterinsights_skip_tracking":false,"_monsterinsights_sitenote_active":false,"_monsterinsights_sitenote_note":"","_monsterinsights_sitenote_category":0},"categories":[7],"tags":[],"aioseo_notices":[],"gutentor_comment":0,"rttpg_featured_image_url":{"full":["https:\/\/arantv.az\/wp-content\/uploads\/2023\/08\/FotoJet-27.jpg",620,413,false],"landscape":["https:\/\/arantv.az\/wp-content\/uploads\/2023\/08\/FotoJet-27.jpg",620,413,false],"portraits":["https:\/\/arantv.az\/wp-content\/uploads\/2023\/08\/FotoJet-27.jpg",620,413,false],"thumbnail":["https:\/\/arantv.az\/wp-content\/uploads\/2023\/08\/FotoJet-27-500x280.jpg",500,280,true],"medium":["https:\/\/arantv.az\/wp-content\/uploads\/2023\/08\/FotoJet-27-548x365.jpg",548,365,true],"large":["https:\/\/arantv.az\/wp-content\/uploads\/2023\/08\/FotoJet-27.jpg",620,413,false],"1536x1536":["https:\/\/arantv.az\/wp-content\/uploads\/2023\/08\/FotoJet-27.jpg",620,413,false],"2048x2048":["https:\/\/arantv.az\/wp-content\/uploads\/2023\/08\/FotoJet-27.jpg",620,413,false],"post-thumbnail":["https:\/\/arantv.az\/wp-content\/uploads\/2023\/08\/FotoJet-27-240x172.jpg",240,172,true],"advps-thumb-one":["https:\/\/arantv.az\/wp-content\/uploads\/2023\/08\/FotoJet-27.jpg",620,413,false]},"rttpg_author":{"display_name":"V\u00fcsal Rafiqo\u011flu","author_link":"https:\/\/arantv.az\/?author=2"},"rttpg_comment":0,"rttpg_category":"<a href=\"https:\/\/arantv.az\/?cat=7\" rel=\"category\">D\u00fcnya<\/a>","rttpg_excerpt":"T\u00fcrkiy\u0259nin Adana \u015f\u0259h\u0259rind\u0259 iki emal fabrikind\u0259 yan\u011f\u0131n ba\u015f verib. M\u0259lumata g\u00f6r\u0259, yan\u011f\u0131n yerli vaxtla saat 06:00 (Bak\u0131 vaxt\u0131 il\u0259 07:00 &#8211; red.)\u00a0rad\u0259l\u0259rind\u0259 m\u0259rk\u0259zi Seyhan rayonunda yerl\u0259\u015f\u0259n s\u0259naye sah\u0259sind\u0259ki t\u0259krar emal fabrikind\u0259 ba\u015flay\u0131b v\u0259 q\u0131sa m\u00fcdd\u0259td\u0259 obyekti m\u00fchasir\u0259y\u0259 alan alov qar\u015f\u0131 t\u0259r\u0259fd\u0259ki dig\u0259r t\u0259krar emal fabrikin\u0259 ke\u00e7ib. Qeyd ed\u0259k ki, yan\u011f\u0131n\u0131n s\u0259b\u0259bl\u0259ri h\u0259l\u0259lik m\u0259lum deyil. M\u0259nb\u0259:\u00a0tgrthaber.com","_links":{"self":[{"href":"https:\/\/arantv.az\/index.php?rest_route=\/wp\/v2\/posts\/616517"}],"collection":[{"href":"https:\/\/arantv.az\/index.php?rest_route=\/wp\/v2\/posts"}],"about":[{"href":"https:\/\/arantv.az\/index.php?rest_route=\/wp\/v2\/types\/post"}],"author":[{"embeddable":true,"href":"https:\/\/arantv.az\/index.php?rest_route=\/wp\/v2\/users\/2"}],"replies":[{"embeddable":true,"href":"https:\/\/arantv.az\/index.php?rest_route=%2Fwp%2Fv2%2Fcomments&post=616517"}],"version-history":[{"count":0,"href":"https:\/\/arantv.az\/index.php?rest_route=\/wp\/v2\/posts\/616517\/revisions"}],"wp:featuredmedia":[{"embeddable":true,"href":"https:\/\/arantv.az\/index.php?rest_route=\/wp\/v2\/media\/616518"}],"wp:attachment":[{"href":"https:\/\/arantv.az\/index.php?rest_route=%2Fwp%2Fv2%2Fmedia&parent=616517"}],"wp:term":[{"taxonomy":"category","embeddable":true,"href":"https:\/\/arantv.az\/index.php?rest_route=%2Fwp%2Fv2%2Fcategories&post=616517"},{"taxonomy":"post_tag","embeddable":true,"href":"https:\/\/arantv.az\/index.php?rest_route=%2Fwp%2Fv2%2Ftags&post=616517"}],"curies":[{"name":"wp","href":"https:\/\/api.w.org\/{rel}","templated":true}]}}