{"id":616525,"date":"2023-08-07T11:24:54","date_gmt":"2023-08-07T07:24:54","guid":{"rendered":"https:\/\/arantv.az\/?p=616525"},"modified":"2023-08-07T11:24:54","modified_gmt":"2023-08-07T07:24:54","slug":"t%c9%99brizin-muxt%c9%99lif-yerl%c9%99rind%c9%99-urmiya-golu-il%c9%99-bagli-banerl%c9%99r-asildi-foto","status":"publish","type":"post","link":"https:\/\/arantv.az\/?p=616525","title":{"rendered":"T\u0259brizin m\u00fcxt\u0259lif yerl\u0259rind\u0259 Urmiya g\u00f6l\u00fc il\u0259 ba\u011fl\u0131 banerl\u0259r as\u0131ld\u0131 &#8211; FOTO"},"content":{"rendered":"<p>G\u00fcney Az\u0259rbaycan \u015f\u0259h\u0259rl\u0259rind\u0259 Urmiya g\u00f6l\u00fcn\u00fcn qurumas\u0131na qar\u015f\u0131 k\u00fctl\u0259vi etirazlar davam edir.<\/p>\n<p>Bu bar\u0259d\u0259 \u201cAzad \u0130ran\u201d \u201cTelegram\u201d kanal\u0131 m\u0259lumat verir.<\/p>\n<p>Qeyd olunur ki, milli f\u0259allar \u201cUrmu g\u00f6l\u00fcn\u00fc xilas edin!\u201d \u015f\u00fcar\u0131 il\u0259 T\u0259briz \u015f\u0259h\u0259rinin m\u00fcxt\u0259lif yerl\u0259rin\u0259 banerl\u0259r as\u0131blar.<\/p>\n<p>Banerl\u0259rd\u0259 \u201cFars irq\u00e7iliyin\u0259 son qoyun!\u201d, \u201cAzadl\u0131q, \u018fdal\u0259t, Milli h\u00f6kum\u0259t!\u201d \u015f\u00fcarlar\u0131 yaz\u0131l\u0131b.<\/p>\n<div><iframe loading=\"lazy\" id=\"telegram-post-AzadIranTelegram-24109\" src=\"https:\/\/t.me\/AzadIranTelegram\/24109?embed=1\" width=\"100%\" height=\"\" frameborder=\"0\" scrolling=\"no\" data-mce-fragment=\"1\"><\/iframe><\/div>\n<p>&nbsp;<\/p>\n","protected":false},"excerpt":{"rendered":"<p>G\u00fcney Az\u0259rbaycan \u015f\u0259h\u0259rl\u0259rind\u0259 Urmiya g\u00f6l\u00fcn\u00fcn qurumas\u0131na qar\u015f\u0131 k\u00fctl\u0259vi etirazlar davam edir. Bu bar\u0259d\u0259 \u201cAzad \u0130ran\u201d \u201cTelegram\u201d kanal\u0131 m\u0259lumat verir. Qeyd olunur ki, milli f\u0259allar \u201cUrmu g\u00f6l\u00fcn\u00fc xilas edin!\u201d \u015f\u00fcar\u0131 il\u0259 T\u0259briz \u015f\u0259h\u0259rinin m\u00fcxt\u0259lif yerl\u0259rin\u0259 banerl\u0259r as\u0131blar. Banerl\u0259rd\u0259 \u201cFars irq\u00e7iliyin\u0259 son qoyun!\u201d, \u201cAzadl\u0131q, \u018fdal\u0259t, Milli h\u00f6kum\u0259t!\u201d \u015f\u00fcarlar\u0131 yaz\u0131l\u0131b. &nbsp;<\/p>\n","protected":false},"author":2,"featured_media":616526,"comment_status":"closed","ping_status":"closed","sticky":false,"template":"","format":"standard","meta":{"om_disable_all_campaigns":false,"_monsterinsights_skip_tracking":false,"_monsterinsights_sitenote_active":false,"_monsterinsights_sitenote_note":"","_monsterinsights_sitenote_category":0},"categories":[7],"tags":[],"aioseo_notices":[],"gutentor_comment":0,"rttpg_featured_image_url":{"full":["https:\/\/arantv.az\/wp-content\/uploads\/2023\/08\/FotoJet-2023-08-07T103010.722.jpg",620,413,false],"landscape":["https:\/\/arantv.az\/wp-content\/uploads\/2023\/08\/FotoJet-2023-08-07T103010.722.jpg",620,413,false],"portraits":["https:\/\/arantv.az\/wp-content\/uploads\/2023\/08\/FotoJet-2023-08-07T103010.722.jpg",620,413,false],"thumbnail":["https:\/\/arantv.az\/wp-content\/uploads\/2023\/08\/FotoJet-2023-08-07T103010.722-500x280.jpg",500,280,true],"medium":["https:\/\/arantv.az\/wp-content\/uploads\/2023\/08\/FotoJet-2023-08-07T103010.722-548x365.jpg",548,365,true],"large":["https:\/\/arantv.az\/wp-content\/uploads\/2023\/08\/FotoJet-2023-08-07T103010.722.jpg",620,413,false],"1536x1536":["https:\/\/arantv.az\/wp-content\/uploads\/2023\/08\/FotoJet-2023-08-07T103010.722.jpg",620,413,false],"2048x2048":["https:\/\/arantv.az\/wp-content\/uploads\/2023\/08\/FotoJet-2023-08-07T103010.722.jpg",620,413,false],"post-thumbnail":["https:\/\/arantv.az\/wp-content\/uploads\/2023\/08\/FotoJet-2023-08-07T103010.722-240x172.jpg",240,172,true],"advps-thumb-one":["https:\/\/arantv.az\/wp-content\/uploads\/2023\/08\/FotoJet-2023-08-07T103010.722.jpg",620,413,false]},"rttpg_author":{"display_name":"V\u00fcsal Rafiqo\u011flu","author_link":"https:\/\/arantv.az\/?author=2"},"rttpg_comment":0,"rttpg_category":"<a href=\"https:\/\/arantv.az\/?cat=7\" rel=\"category\">D\u00fcnya<\/a>","rttpg_excerpt":"G\u00fcney Az\u0259rbaycan \u015f\u0259h\u0259rl\u0259rind\u0259 Urmiya g\u00f6l\u00fcn\u00fcn qurumas\u0131na qar\u015f\u0131 k\u00fctl\u0259vi etirazlar davam edir. Bu bar\u0259d\u0259 \u201cAzad \u0130ran\u201d \u201cTelegram\u201d kanal\u0131 m\u0259lumat verir. Qeyd olunur ki, milli f\u0259allar \u201cUrmu g\u00f6l\u00fcn\u00fc xilas edin!\u201d \u015f\u00fcar\u0131 il\u0259 T\u0259briz \u015f\u0259h\u0259rinin m\u00fcxt\u0259lif yerl\u0259rin\u0259 banerl\u0259r as\u0131blar. Banerl\u0259rd\u0259 \u201cFars irq\u00e7iliyin\u0259 son qoyun!\u201d, \u201cAzadl\u0131q, \u018fdal\u0259t, Milli h\u00f6kum\u0259t!\u201d \u015f\u00fcarlar\u0131 yaz\u0131l\u0131b. &nbsp;","_links":{"self":[{"href":"https:\/\/arantv.az\/index.php?rest_route=\/wp\/v2\/posts\/616525"}],"collection":[{"href":"https:\/\/arantv.az\/index.php?rest_route=\/wp\/v2\/posts"}],"about":[{"href":"https:\/\/arantv.az\/index.php?rest_route=\/wp\/v2\/types\/post"}],"author":[{"embeddable":true,"href":"https:\/\/arantv.az\/index.php?rest_route=\/wp\/v2\/users\/2"}],"replies":[{"embeddable":true,"href":"https:\/\/arantv.az\/index.php?rest_route=%2Fwp%2Fv2%2Fcomments&post=616525"}],"version-history":[{"count":0,"href":"https:\/\/arantv.az\/index.php?rest_route=\/wp\/v2\/posts\/616525\/revisions"}],"wp:featuredmedia":[{"embeddable":true,"href":"https:\/\/arantv.az\/index.php?rest_route=\/wp\/v2\/media\/616526"}],"wp:attachment":[{"href":"https:\/\/arantv.az\/index.php?rest_route=%2Fwp%2Fv2%2Fmedia&parent=616525"}],"wp:term":[{"taxonomy":"category","embeddable":true,"href":"https:\/\/arantv.az\/index.php?rest_route=%2Fwp%2Fv2%2Fcategories&post=616525"},{"taxonomy":"post_tag","embeddable":true,"href":"https:\/\/arantv.az\/index.php?rest_route=%2Fwp%2Fv2%2Ftags&post=616525"}],"curies":[{"name":"wp","href":"https:\/\/api.w.org\/{rel}","templated":true}]}}