{"id":616535,"date":"2023-08-07T12:06:46","date_gmt":"2023-08-07T08:06:46","guid":{"rendered":"https:\/\/arantv.az\/?p=616535"},"modified":"2023-08-07T12:06:46","modified_gmt":"2023-08-07T08:06:46","slug":"track-15-abs-il%c9%99-rusiya-arasinda-ukraynanin-taleyi-il%c9%99-bagli-danisiqlar-t%c9%99hlil","status":"publish","type":"post","link":"https:\/\/arantv.az\/?p=616535","title":{"rendered":"\u201cTrack 1,5\u201d: AB\u015e il\u0259 Rusiya aras\u0131nda Ukraynan\u0131n taleyi il\u0259 ba\u011fl\u0131 dan\u0131\u015f\u0131qlar &#8211; T\u018fHL\u0130L"},"content":{"rendered":"<p>Ukraynadak\u0131 m\u00fcharib\u0259ni bitirm\u0259k \u00fc\u00e7\u00fcn d\u00fcnyan\u0131n iki g\u00fcc\u00fc &#8211; AB\u015e v\u0259 Rusiya &#8211; aras\u0131nda alternativ diplomatiya \u00fczr\u0259 dan\u0131\u015f\u0131qlar gedir.<\/p>\n<p>Bu m\u00fczakir\u0259l\u0259r \u201cTrack 1,5\u201d format\u0131nda ba\u015f tutur, h\u0259min platforma h\u0259r iki t\u0259r\u0259f\u0259 bir-birinin \u201cq\u0131rm\u0131z\u0131 x\u0259t\u201dl\u0259rini ba\u015fa d\u00fc\u015fm\u0259y\u0259, m\u00fcnaqi\u015f\u0259l\u0259rin h\u0259lli \u00fc\u00e7\u00fcn radikal yana\u015fmalar\u0131 yum\u015faltma\u011fa imkan verir.<\/p>\n<p>\u201cTrack 1,5\u201d r\u0259smi dan\u0131\u015f\u0131qlar\u0131n ba\u015f tutdu\u011fu \u201cTrack 1\u201d il\u0259 ekspert dialoqlar\u0131 olan \u201cTrack 2\u201dnin aral\u0131\u011f\u0131nda yerl\u0259\u015fir, y\u0259ni bu ikisinin hibridind\u0259n do\u011fan arxa kanal diplomatiyas\u0131d\u0131r.<\/p>\n<p>Bu o dem\u0259kdir ki, Kremll\u0259 AB\u015e aras\u0131ndak\u0131 \u201cTrack 1,5\u201d m\u00fczakir\u0259l\u0259r haz\u0131rk\u0131 r\u0259smi \u015f\u0259xsl\u0259rd\u0259n b\u0259zil\u0259ri, ke\u00e7mi\u015f m\u0259murlar v\u0259 ekspertl\u0259rin birg\u0259 i\u015ftirak\u0131 format\u0131nda realla\u015f\u0131r.<\/p>\n<p>Bu diplomatik formatlar:<\/p>\n<p>&#8211; AB\u015e-nin strateji maraqlar\u0131n\u0131n t\u0259mini \u00fc\u00e7\u00fcn yana\u015fmalara h\u00f6rm\u0259t olunmas\u0131n\u0131 t\u0259\u015fviq edir,<\/p>\n<p>&#8211; Qar\u015f\u0131 t\u0259r\u0259fin AB\u015e \u00fc\u00e7\u00fcn m\u0259nfi stereotipl\u0259rinin v\u0259 \u00fcmumil\u0259\u015fdirilmi\u015f t\u0259hl\u00fck\u0259li tezisl\u0259rinin seyr\u0259lm\u0259sin\u0259 imkan verir,<\/p>\n<p>&#8211; M\u00fcnaqi\u015f\u0259 t\u0259r\u0259fl\u0259rinin m\u00fcnasib\u0259tini AB\u015e-nin vasit\u0259\u00e7iliyi il\u0259 d\u0259yi\u015fm\u0259yi h\u0259d\u0259fl\u0259yir,<\/p>\n<p>&#8211; M\u00fcnaqi\u015f\u0259d\u0259 olan t\u0259r\u0259fl\u0259r aras\u0131nda rabit\u0259 kanallar\u0131n\u0131 a\u00e7araq onun keyfiyy\u0259tini art\u0131r\u0131r,<\/p>\n<p>&#8211; R\u0259smi dan\u0131\u015f\u0131qlar kontekstind\u0259 g\u00fcnd\u0259m\u0259 g\u0259tirilm\u0259y\u0259n kreativ ideyalar yaradaraq dan\u0131\u015f\u0131qlar \u00fc\u00e7\u00fcn yeni se\u00e7iml\u0259r t\u0259qdim edir.<\/p>\n<p>Ukraynadak\u0131 m\u00fcharib\u0259 il\u0259 ba\u011fl\u0131 AB\u015e-nin g\u00fcc qanad\u0131 olan Pentaqon bir, Va\u015finqtonun diplomatiya qolunun \u015fah\u0131 olan D\u00f6vl\u0259t Departamenti is\u0259 ba\u015fqa m\u00f6vqel\u0259rd\u0259dir.<\/p>\n<p>H\u0259r n\u0259 q\u0259d\u0259r t\u0259\u0259cc\u00fcbl\u00fc s\u0259sl\u0259ns\u0259 d\u0259, Rusiya il\u0259 dan\u0131\u015f\u0131qlarda Pentaqonun aktivliyi g\u00f6z\u0259 \u00e7arp\u0131r, el\u0259 Moskva da AB\u015e-nin h\u0259rbi g\u00fcc\u00fc il\u0259 dil tapma\u011fa daha \u00e7ox h\u0259v\u0259s g\u00f6st\u0259rir.<\/p>\n<p>Bel\u0259likl\u0259, Rusiya M\u00fcdafi\u0259 Nazirliyi v\u0259 Pentaqon, xarici siyas\u0259t idar\u0259l\u0259rind\u0259n f\u0259rqli olaraq, diplomatik m\u0259har\u0259t n\u00fcmayi\u015f etdirirl\u0259r, h\u0259r\u00e7\u0259nd ki, h\u0259l\u0259 d\u0259 Ukraynada silah s\u0259sl\u0259ri susmay\u0131b v\u0259 Rusiyan\u0131n i\u015f\u011fal kampaniyas\u0131 sonlanmay\u0131b.<\/p>\n<p>Lakin g\u00f6r\u00fcn\u00fcr ki, AB\u015e il\u0259 Rusiyan\u0131n bir-birini qar\u015f\u0131l\u0131ql\u0131 cilovlamas\u0131 c\u0259hdl\u0259ri Ukraynan\u0131n \u0259razi b\u00fct\u00f6vl\u00fcy\u00fc \u00fc\u00e7\u00fcn laz\u0131m olan prinsipl\u0259rin \u00fcst\u00fcn m\u00fcdafi\u0259sin\u0259 s\u00f6yk\u0259nmir. Dan\u0131\u015f\u0131qlar Moskva-Va\u015finqton x\u0259ttinin inki\u015faf ed\u0259r\u0259k Ukraynadak\u0131 m\u00fcnaqi\u015f\u0259d\u0259n b\u0259rab\u0259r \u015f\u0259kild\u0259 qazancl\u0131 \u00e7\u0131xmas\u0131 \u00fc\u00e7\u00fcn laz\u0131m olan prosesl\u0259rin inki\u015faf\u0131na y\u00f6n\u0259l\u0259n ehtimallar\u0131 art\u0131r\u0131r.<\/p>\n<p>Rusiya il\u0259 AB\u015e, b\u00f6y\u00fck ehtimal ki, strateji muxtariyy\u0259tl\u0259rind\u0259 olan regionlarda bir-birin\u0259 g\u00fcz\u0259\u015ft\u0259 getm\u0259y\u0259 meyil edirl\u0259r, lakin bunun n\u0259 d\u0259r\u0259c\u0259d\u0259 effektiv olaca\u011f\u0131 \u015f\u00fcbh\u0259lidir.<\/p>\n<p>AB\u015e-nin narahatl\u0131qlar\u0131 Rusiya-\u00c7in t\u0259r\u0259fda\u015fl\u0131\u011f\u0131n\u0131n d\u0259rin\u0259 n\u00fcfuz etm\u0259sinin i\u015f\u0131\u011f\u0131nda v\u0259 bununla Va\u015finqtonun qlobal n\u00fcfuz itkisi il\u0259 \u00fczl\u0259\u015fm\u0259k riski h\u0259nd\u0259v\u0259rin\u0259 yax\u0131nla\u015fmas\u0131nda anla\u015f\u0131land\u0131r.<\/p>\n<p>Rusiyan\u0131n da narahatl\u0131qlar\u0131 az deyil, o, Ukraynadak\u0131 h\u0259rbi \u0259m\u0259liyyatlarda d\u00fc\u00e7ar oldu\u011fu taktiki u\u011fursuzluqlardan sonra regionda t\u0259sir r\u0131\u00e7aqlar\u0131n\u0131 itirm\u0259k h\u0259y\u0259can\u0131na qap\u0131l\u0131b. Buna g\u00f6r\u0259 d\u0259 Kreml r\u0259qibi AB\u015e il\u0259 \u00fczl\u0259\u015fm\u0259y\u0259, onunla dil tapma\u011fa borcludur.<\/p>\n<p>Dem\u0259li, AB\u015e-Rusiya dan\u0131\u015f\u0131qlar\u0131n\u0131n ortas\u0131nda \u00c7inin m\u00f6vqeyi daha g\u00fccl\u00fc g\u00f6r\u00fcn\u00fcr, bundan \u0259lav\u0259 is\u0259 ba\u015fqa bir faktoru da g\u00f6zard\u0131 etm\u0259k olmaz.<\/p>\n<p>Burada s\u00f6hb\u0259t B\u00f6y\u00fck Britaniyadan gedir, London Va\u015finqtonun diplomatik-siyasi trafikl\u0259rinin \u00fcz\u0259rin\u0259 k\u00f6lg\u0259sini salma\u011f\u0131 bacar\u0131r. H\u0259l\u0259 ki Kremll\u0259 A\u011f Ev aras\u0131ndak\u0131 arxa kanallarda ged\u0259n m\u00fczakir\u0259l\u0259r\u0259 Londonun sald\u0131\u011f\u0131 projektorlar\u0131 m\u00fc\u0259yy\u0259n etm\u0259k \u00e7\u0259tindir, lakin bir m\u00fcdd\u0259t sonra Britaniya \u201caparat\u201d\u0131n\u0131n i\u015f\u0131\u011f\u0131 yana bil\u0259r.<\/p>\n<p>Dem\u0259li, prosesin y\u00f6nl\u0259ndirilm\u0259sind\u0259 iki alternativ &#8211; B\u00f6y\u00fck Britaniya il\u0259 \u00c7in \u2013 aktivl\u0259rini x\u0259rcl\u0259yir, lakin bundan g\u00f6zl\u0259nti daha b\u00f6y\u00fck strateji s\u0259rmay\u0259l\u0259r \u0259ld\u0259 etm\u0259kdir. H\u0259r\u00e7\u0259nd, Pekinl\u0259 London aras\u0131ndak\u0131 r\u0259qab\u0259t Ukrayna m\u0259s\u0259l\u0259sind\u0259 onlar\u0131n birlikd\u0259 h\u0259r\u0259k\u0259t etdiyi m\u0259nas\u0131n\u0131 \u00e7\u0131xarmaq m\u0259ntiqin\u0259 eyham vura bilm\u0259z.<\/p>\n<p>AB\u015e-nin diplomatiyada \u00f6n\u0259m verdiyi \u201cTrack\u201d formatlar\u0131ndan istifad\u0259 dig\u0259r bir aktor olan T\u00fcrkiy\u0259nin d\u0259 Rusiya-Ukrayna m\u00fcnaqi\u015f\u0259sinin t\u0259nziml\u0259nm\u0259sind\u0259ki s\u0259yl\u0259ri il\u0259 \u0259laq\u0259li \u015f\u0259kill\u0259ndirm\u0259y\u0259 malik ola bil\u0259r.<\/p>\n<p>Bu versiya do\u011frudursa, T\u00fcrkiy\u0259 Ukrayna m\u00fcnaqi\u015f\u0259sin\u0259 nisb\u0259td\u0259 Q\u0259rb-Rusiya-\u00c7in aral\u0131qlar\u0131ndak\u0131 didi\u015f\u0259n v\u0259 birl\u0259\u015f\u0259n maraqlarda elastik manevr sah\u0259si qazan\u0131r. B\u00f6y\u00fck ehtimalla T\u00fcrkiy\u0259nin s\u0259yl\u0259rini \u0259ks etdir\u0259n yana\u015fma b\u00f6y\u00fck \u00f6l\u00e7\u00fcd\u0259 NATO-nun maraqlar\u0131 \u00fc\u00e7\u00fcn m\u0259qbuldur, ancaq Ankara m\u00fcnaqi\u015f\u0259nin h\u0259llin\u0259 yana\u015fmada \u00f6z\u00fcn\u0259m\u0259xsus t\u00f6vr d\u0259 ortaya qoyur.<\/p>\n<p>B\u0259lk\u0259 d\u0259, Ukrayna \u00fc\u00e7\u00fcn \u0259n m\u0259qbulu T\u00fcrkiy\u0259nin variantlar\u0131d\u0131r, ancaq Ankara qlobal aktorlar\u0131n t\u0259yin etdiyi x\u0259tl\u0259rin ham\u0131s\u0131n\u0131 tapdalamaq potensial\u0131nda da deyil.<\/p>\n<p>\u00dcmumilikd\u0259, AB\u015e il\u0259 Rusiyan\u0131n m\u00fcxt\u0259lif \u015f\u0259xsl\u0259r s\u0259viyy\u0259sind\u0259 eyni masa arxas\u0131na \u0259yl\u0259\u015fm\u0259sinin hans\u0131 n\u0259tic\u0259l\u0259r do\u011furaca\u011f\u0131 Ukraynan\u0131n h\u0259min dan\u0131\u015f\u0131qlara m\u00fcnasib\u0259tinin nec\u0259 olaca\u011f\u0131ndan as\u0131l\u0131d\u0131r.<\/p>\n<p>Ukrayna \u00f6z\u00fcn\u00fc h\u0259m Q\u0259rb, h\u0259m d\u0259 Rusiyadan t\u0259klif edil\u0259n ideyalar\u0131n a\u011fu\u015funa atmaqdansa \u0259razi b\u00fct\u00f6vl\u00fcy\u00fcn\u00fcn t\u0259minin\u0259 q\u0259tiyy\u0259tli \u015f\u0259kild\u0259 inan\u0131r.<\/p>\n<p>Ancaq Ukraynan\u0131n canl\u0131 q\u00fcvv\u0259 v\u0259 h\u0259rbi silah-sursat, texnika resurslar\u0131 t\u00fck\u0259n\u0259nd\u0259 v\u0259 Q\u0259rbd\u0259n ona veril\u0259n d\u0259st\u0259k s\u00f6n\u00fckl\u0259\u015f\u0259nd\u0259 Kiyev dan\u0131\u015f\u0131qlar masas\u0131nda \u0259yl\u0259\u015fm\u0259yi alternativ kimi n\u0259z\u0259rd\u0259n ke\u00e7ir\u0259 bil\u0259r.<\/p>\n<p><img src=\"https:\/\/cdn.oxu.az\/uploads\/W1siZiIsIjIwMjMvMDgvMDcvMTEvMzAvMDkvNWU4ZTM4NDYtYzUyYS00ODc5LWIwZDktN2ZkY2RmODQ3ZmI5L19SVUYwODM1LmpwZyJdLFsicCIsImVuY29kZSIsImpwZyIsIi1xdWFsaXR5IDgwIl0sWyJwIiwidGh1bWIiLCI1OTB4NTkwXHUwMDNlIl1d?sha=b88a84bb36b5b07a\" alt=\"\" \/><\/p>\n","protected":false},"excerpt":{"rendered":"<p>Ukraynadak\u0131 m\u00fcharib\u0259ni bitirm\u0259k \u00fc\u00e7\u00fcn d\u00fcnyan\u0131n iki g\u00fcc\u00fc &#8211; AB\u015e v\u0259 Rusiya &#8211; aras\u0131nda alternativ diplomatiya \u00fczr\u0259 dan\u0131\u015f\u0131qlar gedir. Bu m\u00fczakir\u0259l\u0259r \u201cTrack 1,5\u201d format\u0131nda ba\u015f tutur, h\u0259min platforma h\u0259r iki t\u0259r\u0259f\u0259 bir-birinin \u201cq\u0131rm\u0131z\u0131 x\u0259t\u201dl\u0259rini ba\u015fa d\u00fc\u015fm\u0259y\u0259, m\u00fcnaqi\u015f\u0259l\u0259rin h\u0259lli \u00fc\u00e7\u00fcn radikal yana\u015fmalar\u0131 yum\u015faltma\u011fa imkan verir. \u201cTrack 1,5\u201d r\u0259smi dan\u0131\u015f\u0131qlar\u0131n ba\u015f tutdu\u011fu \u201cTrack 1\u201d il\u0259 ekspert dialoqlar\u0131 olan \u201cTrack 2\u201dnin aral\u0131\u011f\u0131nda yerl\u0259\u015fir, y\u0259ni bu ikisinin hibridind\u0259n do\u011fan arxa kanal diplomatiyas\u0131d\u0131r. Bu o dem\u0259kdir ki, Kremll\u0259 AB\u015e aras\u0131ndak\u0131 \u201cTrack 1,5\u201d m\u00fczakir\u0259l\u0259r haz\u0131rk\u0131 r\u0259smi \u015f\u0259xsl\u0259rd\u0259n b\u0259zil\u0259ri, ke\u00e7mi\u015f m\u0259murlar v\u0259 ekspertl\u0259rin birg\u0259 i\u015ftirak\u0131 format\u0131nda realla\u015f\u0131r. Bu&hellip;<\/p>\n","protected":false},"author":2,"featured_media":616536,"comment_status":"closed","ping_status":"closed","sticky":false,"template":"","format":"standard","meta":{"om_disable_all_campaigns":false,"_monsterinsights_skip_tracking":false,"_monsterinsights_sitenote_active":false,"_monsterinsights_sitenote_note":"","_monsterinsights_sitenote_category":0},"categories":[4],"tags":[],"aioseo_notices":[],"gutentor_comment":0,"rttpg_featured_image_url":{"full":["https:\/\/arantv.az\/wp-content\/uploads\/2023\/08\/FotoJet-1-4.jpg",620,413,false],"landscape":["https:\/\/arantv.az\/wp-content\/uploads\/2023\/08\/FotoJet-1-4.jpg",620,413,false],"portraits":["https:\/\/arantv.az\/wp-content\/uploads\/2023\/08\/FotoJet-1-4.jpg",620,413,false],"thumbnail":["https:\/\/arantv.az\/wp-content\/uploads\/2023\/08\/FotoJet-1-4-500x280.jpg",500,280,true],"medium":["https:\/\/arantv.az\/wp-content\/uploads\/2023\/08\/FotoJet-1-4-548x365.jpg",548,365,true],"large":["https:\/\/arantv.az\/wp-content\/uploads\/2023\/08\/FotoJet-1-4.jpg",620,413,false],"1536x1536":["https:\/\/arantv.az\/wp-content\/uploads\/2023\/08\/FotoJet-1-4.jpg",620,413,false],"2048x2048":["https:\/\/arantv.az\/wp-content\/uploads\/2023\/08\/FotoJet-1-4.jpg",620,413,false],"post-thumbnail":["https:\/\/arantv.az\/wp-content\/uploads\/2023\/08\/FotoJet-1-4-240x172.jpg",240,172,true],"advps-thumb-one":["https:\/\/arantv.az\/wp-content\/uploads\/2023\/08\/FotoJet-1-4.jpg",620,413,false]},"rttpg_author":{"display_name":"V\u00fcsal Rafiqo\u011flu","author_link":"https:\/\/arantv.az\/?author=2"},"rttpg_comment":0,"rttpg_category":"<a href=\"https:\/\/arantv.az\/?cat=4\" rel=\"category\">Siyas\u0259t<\/a>","rttpg_excerpt":"Ukraynadak\u0131 m\u00fcharib\u0259ni bitirm\u0259k \u00fc\u00e7\u00fcn d\u00fcnyan\u0131n iki g\u00fcc\u00fc &#8211; AB\u015e v\u0259 Rusiya &#8211; aras\u0131nda alternativ diplomatiya \u00fczr\u0259 dan\u0131\u015f\u0131qlar gedir. Bu m\u00fczakir\u0259l\u0259r \u201cTrack 1,5\u201d format\u0131nda ba\u015f tutur, h\u0259min platforma h\u0259r iki t\u0259r\u0259f\u0259 bir-birinin \u201cq\u0131rm\u0131z\u0131 x\u0259t\u201dl\u0259rini ba\u015fa d\u00fc\u015fm\u0259y\u0259, m\u00fcnaqi\u015f\u0259l\u0259rin h\u0259lli \u00fc\u00e7\u00fcn radikal yana\u015fmalar\u0131 yum\u015faltma\u011fa imkan verir. \u201cTrack 1,5\u201d r\u0259smi dan\u0131\u015f\u0131qlar\u0131n ba\u015f tutdu\u011fu \u201cTrack 1\u201d il\u0259 ekspert dialoqlar\u0131 olan&hellip;","_links":{"self":[{"href":"https:\/\/arantv.az\/index.php?rest_route=\/wp\/v2\/posts\/616535"}],"collection":[{"href":"https:\/\/arantv.az\/index.php?rest_route=\/wp\/v2\/posts"}],"about":[{"href":"https:\/\/arantv.az\/index.php?rest_route=\/wp\/v2\/types\/post"}],"author":[{"embeddable":true,"href":"https:\/\/arantv.az\/index.php?rest_route=\/wp\/v2\/users\/2"}],"replies":[{"embeddable":true,"href":"https:\/\/arantv.az\/index.php?rest_route=%2Fwp%2Fv2%2Fcomments&post=616535"}],"version-history":[{"count":0,"href":"https:\/\/arantv.az\/index.php?rest_route=\/wp\/v2\/posts\/616535\/revisions"}],"wp:featuredmedia":[{"embeddable":true,"href":"https:\/\/arantv.az\/index.php?rest_route=\/wp\/v2\/media\/616536"}],"wp:attachment":[{"href":"https:\/\/arantv.az\/index.php?rest_route=%2Fwp%2Fv2%2Fmedia&parent=616535"}],"wp:term":[{"taxonomy":"category","embeddable":true,"href":"https:\/\/arantv.az\/index.php?rest_route=%2Fwp%2Fv2%2Fcategories&post=616535"},{"taxonomy":"post_tag","embeddable":true,"href":"https:\/\/arantv.az\/index.php?rest_route=%2Fwp%2Fv2%2Ftags&post=616535"}],"curies":[{"name":"wp","href":"https:\/\/api.w.org\/{rel}","templated":true}]}}