{"id":616541,"date":"2023-08-07T12:07:29","date_gmt":"2023-08-07T08:07:29","guid":{"rendered":"https:\/\/arantv.az\/?p=616541"},"modified":"2023-08-07T12:07:29","modified_gmt":"2023-08-07T08:07:29","slug":"q%c9%99rbi-az%c9%99rbaycan-icmasinda-nuv%c9%99di-k%c9%99nd-sakinl%c9%99rinin-gorusu-kecirilib","status":"publish","type":"post","link":"https:\/\/arantv.az\/?p=616541","title":{"rendered":"Q\u0259rbi Az\u0259rbaycan \u0130cmas\u0131nda N\u00fcv\u0259di k\u0259nd sakinl\u0259rinin g\u00f6r\u00fc\u015f\u00fc ke\u00e7irilib"},"content":{"rendered":"<p>Q\u0259rbi Az\u0259rbaycan \u0130cmas\u0131nda (QA\u0130) Q\u0259rbi Z\u0259ng\u0259zur mahal\u0131, N\u00fcv\u0259di k\u0259nd sakinl\u0259rinin \u201cHeyd\u0259r \u018fliyev \u0130li\u201d \u00e7\u0259r\u00e7iv\u0259sind\u0259 \u00fcmummilli lider Heyd\u0259r \u018fliyevin 100 illiyin\u0259 h\u0259sr olunmu\u015f g\u00f6r\u00fc\u015f\u00fc ke\u00e7irilib.<\/p>\n<p>T\u0259dbiri giri\u015f s\u00f6z\u00fc il\u0259 icman\u0131n aparat r\u0259hb\u0259ri Qalib Qas\u0131mov a\u00e7\u0131b.<\/p>\n<p>QA\u0130-nin M\u00fc\u015fahid\u0259 \u015euras\u0131n\u0131n \u00fczv\u00fc, Me\u011fri rayon icmas\u0131n\u0131n s\u0259dri, fizika-riyaziyyat elml\u0259ri doktoru, professor, AMEA-n\u0131n akademiki Fikr\u0259t \u018fliyev \u00e7\u0131x\u0131\u015f ed\u0259r\u0259k \u00fcmummilli lider Heyd\u0259r \u018fliyevin xatir\u0259sini an\u0131b, onun n\u00fcv\u0259dilil\u0259r\u0259 olan diqq\u0259t v\u0259 qay\u011f\u0131s\u0131ndan b\u0259hs edib.<\/p>\n<p>Bildirib ki, k\u0259nd sakinl\u0259rinin 1987-91-ci ill\u0259rd\u0259 g\u00f6st\u0259rdikl\u0259ri m\u00fcqavim\u0259ti ulu \u00f6nd\u0259r Heyd\u0259r \u018fliyev y\u00fcks\u0259k qiym\u0259tl\u0259ndirib v\u0259 \u00fcmummilli lider N\u00fcv\u0259di k\u0259ndinin camaat\u0131n\u0131n \u00e7ox d\u0259yan\u0259tli insanlar oldu\u011funu s\u00f6yl\u0259yib:<\/p>\n<p>\u201cOnlar h\u0259tta Erm\u0259nistan\u0131n \u0259razisind\u0259n az\u0259rbaycanl\u0131lar\u0131n \u0259ks\u0259riyy\u0259tinin \u00e7\u0131xar\u0131ld\u0131\u011f\u0131 halda 1991-ci ild\u0259 N\u00fcv\u0259did\u0259n \u00e7\u0131xm\u0131rd\u0131lar. Onlar\u0131 sonra zorla oradan \u00e7\u0131xard\u0131lar, g\u0259tirdil\u0259r Z\u0259ngilan\u0131n Vejn\u0259li k\u0259ndinin yan\u0131na, onlar orada \u00e7ad\u0131rlarda ya\u015fay\u0131rd\u0131lar. Onlar \u00e7\u0131xm\u0131rd\u0131lar, m\u00fcbariz\u0259 apar\u0131rd\u0131lar. Onlar\u0131 oradan \u00e7\u0131xara da bilmirdil\u0259r\u201d.<\/p>\n<p>Fikr\u0259t \u018fliyev \u00fcmummilli liderin daim n\u00fcv\u0259dilil\u0259r\u0259 qay\u011f\u0131 g\u00f6st\u0259rm\u0259sind\u0259n b\u0259hs edib.<\/p>\n<p>BDU-nun kafedra m\u00fcdiri \u0130smay\u0131l \u018fliyev, YAP t\u0259fti\u015f komissiyas\u0131n\u0131n \u00fczv\u00fc Musa Musayev \u00fcmummilli lider bar\u0259d\u0259 xatir\u0259l\u0259rini b\u00f6l\u00fc\u015f\u0259r\u0259k onun Z\u0259ng\u0259zur haqda s\u0259sl\u0259ndirdiyi fikirl\u0259rd\u0259n, bir g\u00fcn Q\u0259rbi az\u0259rbaycanl\u0131lar\u0131n m\u00fctl\u0259q \u00f6z ata-baba yurdlar\u0131na qay\u0131dacaqlar\u0131na olan inam\u0131ndan b\u0259hs edib.<\/p>\n<p>\u201cYeni Az\u0259rbaycan\u201d q\u0259zetinin ba\u015f redaktoru Alq\u0131\u015f Musayev Qay\u0131d\u0131\u015f Konsepsiyas\u0131ndan dan\u0131\u015f\u0131b. O, Prezident\u00a0<strong>\u0130lham \u018fliyev<\/strong>in QA\u0130-nin inzibati binas\u0131n\u0131n a\u00e7\u0131l\u0131\u015f\u0131 zaman\u0131 icman\u0131n bir qrup ziyal\u0131s\u0131 il\u0259 g\u00f6r\u00fc\u015f\u00fcnd\u0259 Q\u0259rbi Az\u0259rbaycan\u0131n tarixi torpaqlar\u0131 olmas\u0131, soyda\u015flar\u0131m\u0131z\u0131n geri qay\u0131d\u0131\u015f h\u00fcququ bar\u0259d\u0259 s\u0259sl\u0259ndirdiyi fikirl\u0259r\u0259 toxunub.<\/p>\n<p>BDU-nun kafedra m\u00fcdiri, tarix\u00e7i, professor Qo\u015fqar \u018fliyev \u201cN\u00fcv\u0259dinin deportasiya tarixi\u201d m\u00f6vzusunda olan \u00e7\u0131x\u0131\u015f\u0131nda qeyd edib ki, q\u0259dim ya\u015fay\u0131\u015f m\u0259sk\u0259nl\u0259rind\u0259n biri olan N\u00fcv\u0259di k\u0259ndi 1929-cu il\u0259 q\u0259d\u0259r inzibati \u0259razi b\u00f6lg\u00fcs\u00fc c\u0259h\u0259td\u0259n Az\u0259rbaycan\u0131n C\u0259bray\u0131l q\u0259zas\u0131na tabe olub.<\/p>\n<p>Onun s\u00f6zl\u0259rin\u0259 g\u00f6r\u0259, N\u00fcv\u0259di k\u0259ndi i\u015f\u011fala q\u0259d\u0259r \u0259razisi 270 kv. km-i \u0259hat\u0259 etm\u0259kl\u0259, 18 min hektar torpa\u011fa malik, m\u00fcasir \u015f\u0259h\u0259r tipli inzibati \u0259razi olub.<\/p>\n<p>Tarix\u00e7i bildirib ki, N\u00fcv\u0259di \u0259razisind\u0259 yerl\u0259\u015f\u0259n tarixi Sultan-S\u0259lm\u0259 istehkam\u0131, o c\u00fcml\u0259d\u0259n Baba Hac\u0131 m\u00fcq\u0259dd\u0259s ziyar\u0259tgah\u0131 v\u0259 dig\u0259r tarixi-dini-m\u0259d\u0259niyy\u0259t abid\u0259l\u0259ri regionda bu g\u00fcn d\u0259 insanlar t\u0259r\u0259find\u0259n xat\u0131rlan\u0131r:<\/p>\n<p>\u201cLakin bu g\u00fcn h\u0259min q\u0259biristanl\u0131qlar, ziyar\u0259tgahlar erm\u0259ni vandalizminin qurban\u0131 olaraq m\u0259hv edilib. N\u00fcv\u0259di k\u0259ndi Q\u0259rbi Az\u0259rbaycanda 1991-ci ilin avqustun 7-d\u0259 az\u0259rbaycanl\u0131lar\u0131n sonuncu t\u0259rk etdikl\u0259ri ya\u015fay\u0131\u015f m\u0259sk\u0259nidir. K\u0259ndd\u0259n az\u0259rbaycanl\u0131lar\u0131n \u00e7\u0131xar\u0131lmas\u0131 il\u0259 Erm\u0259nistan soyda\u015flar\u0131m\u0131z\u0131n deportasiyas\u0131n\u0131 tamamlad\u0131 v\u0259 monoetnik d\u00f6vl\u0259t\u0259 \u00e7evrildi\u201d.<\/p>\n<p>T\u0259dbir \u00e7\u0131x\u0131\u015flarla davam etdirilib. \u00c7\u0131x\u0131\u015f\u00e7\u0131lar \u00fcmummilli liderin n\u00fcv\u0259dilil\u0259r\u0259 olan qay\u011f\u0131s\u0131, el\u0259c\u0259 d\u0259 m\u00fcz\u0259ff\u0259r Ali Ba\u015f Komandan, Prezident \u0130lham \u018fliyevin r\u0259hb\u0259rliyi il\u0259 \u0259ld\u0259 edil\u0259n Qaraba\u011f z\u0259f\u0259ri v\u0259 onun Q\u0259rbi Az\u0259rbaycanl\u0131lara d\u0259st\u0259yind\u0259n b\u0259hs edibl\u0259r.<\/p>\n<p>Sonda qeyd edilib ki, n\u00fcv\u0259dilil\u0259rin h\u0259r biri bu g\u00fcn N\u00fcv\u0259diy\u0259, \u00f6z evl\u0259rin\u0259 qay\u0131tmaq arzusu il\u0259 ya\u015fay\u0131r v\u0259 inan\u0131r ki, bu g\u00fcn onlara m\u00fctl\u0259q qism\u0259t olacaq.<\/p>\n","protected":false},"excerpt":{"rendered":"<p>Q\u0259rbi Az\u0259rbaycan \u0130cmas\u0131nda (QA\u0130) Q\u0259rbi Z\u0259ng\u0259zur mahal\u0131, N\u00fcv\u0259di k\u0259nd sakinl\u0259rinin \u201cHeyd\u0259r \u018fliyev \u0130li\u201d \u00e7\u0259r\u00e7iv\u0259sind\u0259 \u00fcmummilli lider Heyd\u0259r \u018fliyevin 100 illiyin\u0259 h\u0259sr olunmu\u015f g\u00f6r\u00fc\u015f\u00fc ke\u00e7irilib. T\u0259dbiri giri\u015f s\u00f6z\u00fc il\u0259 icman\u0131n aparat r\u0259hb\u0259ri Qalib Qas\u0131mov a\u00e7\u0131b. QA\u0130-nin M\u00fc\u015fahid\u0259 \u015euras\u0131n\u0131n \u00fczv\u00fc, Me\u011fri rayon icmas\u0131n\u0131n s\u0259dri, fizika-riyaziyyat elml\u0259ri doktoru, professor, AMEA-n\u0131n akademiki Fikr\u0259t \u018fliyev \u00e7\u0131x\u0131\u015f ed\u0259r\u0259k \u00fcmummilli lider Heyd\u0259r \u018fliyevin xatir\u0259sini an\u0131b, onun n\u00fcv\u0259dilil\u0259r\u0259 olan diqq\u0259t v\u0259 qay\u011f\u0131s\u0131ndan b\u0259hs edib. Bildirib ki, k\u0259nd sakinl\u0259rinin 1987-91-ci ill\u0259rd\u0259 g\u00f6st\u0259rdikl\u0259ri m\u00fcqavim\u0259ti ulu \u00f6nd\u0259r Heyd\u0259r \u018fliyev y\u00fcks\u0259k qiym\u0259tl\u0259ndirib v\u0259 \u00fcmummilli lider N\u00fcv\u0259di k\u0259ndinin camaat\u0131n\u0131n \u00e7ox d\u0259yan\u0259tli insanlar oldu\u011funu&hellip;<\/p>\n","protected":false},"author":2,"featured_media":616542,"comment_status":"closed","ping_status":"closed","sticky":false,"template":"","format":"standard","meta":{"om_disable_all_campaigns":false,"_monsterinsights_skip_tracking":false,"_monsterinsights_sitenote_active":false,"_monsterinsights_sitenote_note":"","_monsterinsights_sitenote_category":0},"categories":[4],"tags":[],"aioseo_notices":[],"gutentor_comment":0,"rttpg_featured_image_url":{"full":["https:\/\/arantv.az\/wp-content\/uploads\/2023\/08\/92cfc922-9c34-3b9f-b04a-826b838edf5e_850.jpg",620,413,false],"landscape":["https:\/\/arantv.az\/wp-content\/uploads\/2023\/08\/92cfc922-9c34-3b9f-b04a-826b838edf5e_850.jpg",620,413,false],"portraits":["https:\/\/arantv.az\/wp-content\/uploads\/2023\/08\/92cfc922-9c34-3b9f-b04a-826b838edf5e_850.jpg",620,413,false],"thumbnail":["https:\/\/arantv.az\/wp-content\/uploads\/2023\/08\/92cfc922-9c34-3b9f-b04a-826b838edf5e_850-500x280.jpg",500,280,true],"medium":["https:\/\/arantv.az\/wp-content\/uploads\/2023\/08\/92cfc922-9c34-3b9f-b04a-826b838edf5e_850-548x365.jpg",548,365,true],"large":["https:\/\/arantv.az\/wp-content\/uploads\/2023\/08\/92cfc922-9c34-3b9f-b04a-826b838edf5e_850.jpg",620,413,false],"1536x1536":["https:\/\/arantv.az\/wp-content\/uploads\/2023\/08\/92cfc922-9c34-3b9f-b04a-826b838edf5e_850.jpg",620,413,false],"2048x2048":["https:\/\/arantv.az\/wp-content\/uploads\/2023\/08\/92cfc922-9c34-3b9f-b04a-826b838edf5e_850.jpg",620,413,false],"post-thumbnail":["https:\/\/arantv.az\/wp-content\/uploads\/2023\/08\/92cfc922-9c34-3b9f-b04a-826b838edf5e_850-240x172.jpg",240,172,true],"advps-thumb-one":["https:\/\/arantv.az\/wp-content\/uploads\/2023\/08\/92cfc922-9c34-3b9f-b04a-826b838edf5e_850.jpg",620,413,false]},"rttpg_author":{"display_name":"V\u00fcsal Rafiqo\u011flu","author_link":"https:\/\/arantv.az\/?author=2"},"rttpg_comment":0,"rttpg_category":"<a href=\"https:\/\/arantv.az\/?cat=4\" rel=\"category\">Siyas\u0259t<\/a>","rttpg_excerpt":"Q\u0259rbi Az\u0259rbaycan \u0130cmas\u0131nda (QA\u0130) Q\u0259rbi Z\u0259ng\u0259zur mahal\u0131, N\u00fcv\u0259di k\u0259nd sakinl\u0259rinin \u201cHeyd\u0259r \u018fliyev \u0130li\u201d \u00e7\u0259r\u00e7iv\u0259sind\u0259 \u00fcmummilli lider Heyd\u0259r \u018fliyevin 100 illiyin\u0259 h\u0259sr olunmu\u015f g\u00f6r\u00fc\u015f\u00fc ke\u00e7irilib. T\u0259dbiri giri\u015f s\u00f6z\u00fc il\u0259 icman\u0131n aparat r\u0259hb\u0259ri Qalib Qas\u0131mov a\u00e7\u0131b. QA\u0130-nin M\u00fc\u015fahid\u0259 \u015euras\u0131n\u0131n \u00fczv\u00fc, Me\u011fri rayon icmas\u0131n\u0131n s\u0259dri, fizika-riyaziyyat elml\u0259ri doktoru, professor, AMEA-n\u0131n akademiki Fikr\u0259t \u018fliyev \u00e7\u0131x\u0131\u015f ed\u0259r\u0259k \u00fcmummilli lider Heyd\u0259r&hellip;","_links":{"self":[{"href":"https:\/\/arantv.az\/index.php?rest_route=\/wp\/v2\/posts\/616541"}],"collection":[{"href":"https:\/\/arantv.az\/index.php?rest_route=\/wp\/v2\/posts"}],"about":[{"href":"https:\/\/arantv.az\/index.php?rest_route=\/wp\/v2\/types\/post"}],"author":[{"embeddable":true,"href":"https:\/\/arantv.az\/index.php?rest_route=\/wp\/v2\/users\/2"}],"replies":[{"embeddable":true,"href":"https:\/\/arantv.az\/index.php?rest_route=%2Fwp%2Fv2%2Fcomments&post=616541"}],"version-history":[{"count":0,"href":"https:\/\/arantv.az\/index.php?rest_route=\/wp\/v2\/posts\/616541\/revisions"}],"wp:featuredmedia":[{"embeddable":true,"href":"https:\/\/arantv.az\/index.php?rest_route=\/wp\/v2\/media\/616542"}],"wp:attachment":[{"href":"https:\/\/arantv.az\/index.php?rest_route=%2Fwp%2Fv2%2Fmedia&parent=616541"}],"wp:term":[{"taxonomy":"category","embeddable":true,"href":"https:\/\/arantv.az\/index.php?rest_route=%2Fwp%2Fv2%2Fcategories&post=616541"},{"taxonomy":"post_tag","embeddable":true,"href":"https:\/\/arantv.az\/index.php?rest_route=%2Fwp%2Fv2%2Ftags&post=616541"}],"curies":[{"name":"wp","href":"https:\/\/api.w.org\/{rel}","templated":true}]}}