{"id":616552,"date":"2023-08-07T12:09:46","date_gmt":"2023-08-07T08:09:46","guid":{"rendered":"https:\/\/arantv.az\/?p=616552"},"modified":"2023-08-07T12:09:46","modified_gmt":"2023-08-07T08:09:46","slug":"at%c9%99t-s%c9%99drinin-dedikl%c9%99ri-ukraynada-isl%c9%99yir-az%c9%99rbaycanda-yox-r%c9%99y-foto","status":"publish","type":"post","link":"https:\/\/arantv.az\/?p=616552","title":{"rendered":"\u201cAT\u018fT s\u0259drinin dedikl\u0259ri Ukraynada i\u015fl\u0259yir, Az\u0259rbaycanda yox?\u201d &#8211; R\u018fY + FOTO"},"content":{"rendered":"<p>\u201cAT\u018fT s\u0259drinin dedikl\u0259ri Ukraynada i\u015fl\u0259yir, Az\u0259rbaycanda yox? Avropa \u0130ttifaq\u0131 Rusiyan\u0131n bu c\u0259hdini h\u0259tta humanitar m\u0259qs\u0259dli olsa bel\u0259, birt\u0259r\u0259fli h\u0259rbi m\u00fcdaxil\u0259 kimi qiym\u0259tl\u0259ndirirdi\u201d.<\/p>\n<p>Bunu \u201cReport\u201da a\u00e7\u0131qlamas\u0131nda Milli M\u0259clisin deputat\u0131 Elnur Allahverdiyev deyib.<\/p>\n<p>Onun s\u00f6zl\u0259rin\u0259 g\u00f6r\u0259, bu g\u00fcn d\u00fcnyada ba\u015f ver\u0259n i\u015f\u011fal, m\u00fcharib\u0259, zorak\u0131l\u0131q hallar\u0131n\u0131n \u0259ks\u0259riyy\u0259ti beyn\u0259lxalq h\u00fcququn onu q\u0259bul ed\u0259n beyn\u0259lxalq ictimaiyy\u0259t t\u0259r\u0259find\u0259n pozulmas\u0131 n\u0259tic\u0259sind\u0259 ba\u015f verir:<\/p>\n<p><img src=\"https:\/\/cdn.oxu.az\/uploads\/W1siZiIsIjIwMjMvMDgvMDcvMTAvMjQvMDUvMDlhY2JhNmItNzg3NC00M2RiLWI2MDktYjdjZDI1ZjhmNzEwL2VsbnVyLmpwZyJdLFsicCIsImVuY29kZSIsImpwZyIsIi1xdWFsaXR5IDgwIl0sWyJwIiwidGh1bWIiLCI1OTB4NTkwXHUwMDNlIl1d?sha=d586f1dd550ac50a\" \/><\/p>\n<p>\u201cB\u00f6y\u00fck d\u00f6vl\u0259tl\u0259rin v\u0259 beyn\u0259lxalq t\u0259\u015fkilatlar\u0131n \u00f6z maraqlar\u0131na uy\u011fun olaraq t\u0259tbiq etdikl\u0259ri ikili standartlar onlara qar\u015f\u0131 bumeranq effekti il\u0259 n\u0259tic\u0259l\u0259nir. Bu g\u00fcn bizd\u0259n \u00f6z \u0259razimizd\u0259 b\u00fct\u00fcn qanuni prosedurlar \u0259sas\u0131nda f\u0259aliyy\u0259t g\u00f6st\u0259r\u0259n s\u0259rh\u0259d-ke\u00e7id m\u0259nt\u0259q\u0259mizin a\u00e7\u0131lmas\u0131n\u0131 t\u0259l\u0259b ed\u0259nl\u0259r n\u0259d\u0259ns\u0259 c\u0259mi doqquz il \u00f6nc\u0259 Rusiyan\u0131n Ukrayna \u0259razisin\u0259 humanitar karvan g\u00f6nd\u0259rm\u0259sin\u0259 qar\u015f\u0131 \u00e7\u0131x\u0131r, bunu \u0259razi b\u00fct\u00f6vl\u00fcy\u00fcn\u0259 q\u0259sd kimi qiym\u0259tl\u0259ndirirdil\u0259r\u201d.<\/p>\n<p><img src=\"https:\/\/cdn.oxu.az\/uploads\/W1siZiIsIjIwMjMvMDgvMDcvMTAvMTIvMDUvY2Y3ZTEwMDAtZDZiOC00MzMxLWExMWEtZDgwN2Y2ZjJkYjY4LzA2NDEyOGI1LTFlYjktMzA0OC05MWY0LTkxMTc2NjVkODc2MC5qcGciXSxbInAiLCJlbmNvZGUiLCJqcGciLCItcXVhbGl0eSA4MCJdLFsicCIsInRodW1iIiwiNTkweDU5MFx1MDAzZSJdXQ?sha=59fd3c2fe83de403\" alt=\"\" \/><\/p>\n<p>Deputat xat\u0131rlad\u0131b ki, 2014-c\u00fc ild\u0259 Rusiya Ukraynan\u0131n Donbas \u0259razisin\u0259 humanitar yard\u0131m g\u00f6nd\u0259rm\u0259k m\u0259qs\u0259dil\u0259 BMT T\u015e-d\u0259 m\u0259s\u0259l\u0259 qald\u0131rm\u0131\u015fd\u0131:<\/p>\n<p>\u201cBu t\u0259\u015f\u0259bb\u00fcs d\u0259rhal r\u0259dd edilmi\u015fdi, beyn\u0259lxalq birlik Moskvan\u0131n bu niyy\u0259tin\u0259 qar\u015f\u0131 \u00e7\u0131xm\u0131\u015fd\u0131. \u0130nand\u0131r\u0131c\u0131 deyil, ancaq ola bilsin, yadlar\u0131ndan \u00e7\u0131x\u0131b. AB\u015e-nin BMT-d\u0259ki n\u00fcmay\u0259nd\u0259si bunu ba\u015fqa \u00f6lk\u0259nin \u0259razisin\u0259 birba\u015fa m\u00fcdaxil\u0259 c\u0259hdi kimi qiym\u0259tl\u0259ndirirdi. AT\u018fT is\u0259 s\u0259drinin dili il\u0259 b\u0259yan edirdi ki, humanitar yard\u0131m \u0259razi b\u00fct\u00f6vl\u00fcy\u00fcn\u0259 h\u00f6rm\u0259t edilm\u0259kl\u0259 h\u0259yata ke\u00e7iril\u0259r bil\u0259r. Nec\u0259 olur, \u00f6zl\u0259rin\u0259 laz\u0131m olanda \u0259razi b\u00fct\u00f6vl\u00fcy\u00fcnd\u0259n dan\u0131\u015f\u0131rlar, birt\u0259r\u0259fli aksiyan\u0131 i\u015f\u011fal c\u0259hd kimi qiym\u0259tl\u0259ndirirl\u0259r, bizd\u0259n is\u0259 Erm\u0259nistandan g\u00f6nd\u0259ril\u0259n y\u00fckl\u0259r \u00fc\u00e7\u00fcn s\u0259rh\u0259dl\u0259rin a\u00e7\u0131lmas\u0131n\u0131 t\u0259l\u0259b edirl\u0259r?<\/p>\n<p>Rusiya o vaxt m\u0259s\u0259l\u0259ni BMT T\u015e-d\u0259 qald\u0131rm\u0131\u015fd\u0131, xarici i\u015fl\u0259r naziri bununla ba\u011fl\u0131 x\u00fcsusi m\u00fcraci\u0259t etmi\u015fdi. \u0130ndi is\u0259 Erm\u0259nistan n\u0259 m\u00fcraci\u0259t edir, n\u0259 icaz\u0259 al\u0131r, Yerevandan nam\u0259lum y\u00fckl\u0259ri Az\u0259rbaycan s\u0259rh\u0259din\u0259 do\u011fru yollay\u0131r. H\u0259min beyn\u0259lxalq birliyin t\u0259msil\u00e7il\u0259ri is\u0259 t\u00f6k\u00fcl\u00fcb g\u0259lirl\u0259r s\u0259rh\u0259d\u0259 ki, bir ovuc separat\u00e7\u0131 acd\u0131r, y\u00fckl\u0259ri \u0259raziniz\u0259 burax\u0131n. Hans\u0131 m\u0259ntiql\u0259? AT\u018fT s\u0259drinin dedikl\u0259ri Ukraynada i\u015fl\u0259yir, Az\u0259rbaycanda yox? Avropa Birliyi Rusiyan\u0131n bu c\u0259hdini h\u0259tta humanitar m\u0259qs\u0259dli olsa bel\u0259, birt\u0259r\u0259fli h\u0259rbi m\u00fcdaxil\u0259 kimi qiym\u0259tl\u0259ndirirdi. Bu g\u00fcn is\u0259 Avropa Birliyinin ayr\u0131-ayr\u0131 d\u00f6vl\u0259tl\u0259ri doqquz il \u00f6nc\u0259ki m\u00f6vqel\u0259rinin tam \u0259ksini s\u0259rgil\u0259yirl\u0259r. N\u0259 d\u0259yi\u015fib?\u201d<\/p>\n<p><img src=\"https:\/\/cdn.oxu.az\/uploads\/W1siZiIsIjIwMjMvMDgvMDcvMTAvMTIvMDUvOWE1MDlhYzItODg1Yi00NWJjLThhNTYtY2U5ZmQ2ZWM1NzdhLzFkYmE4OGNmLTVkN2ItMzc1My1iZDkwLTgyZDkzMTM4Zjg5OS5qcGciXSxbInAiLCJlbmNvZGUiLCJqcGciLCItcXVhbGl0eSA4MCJdLFsicCIsInRodW1iIiwiNTkweDU5MFx1MDAzZSJdXQ?sha=46231658b90c9251\" alt=\"\" \/><\/p>\n<p>E.Allahverdiyev bildirib ki, d\u00fcnya birliyi bir yana, bu g\u00fcn Erm\u0259nistan da Az\u0259rbaycan\u0131n \u0259razi b\u00fct\u00f6vl\u00fcy\u00fcn\u00fc tan\u0131d\u0131\u011f\u0131n\u0131 b\u0259yan edir:<\/p>\n<p>\u201cBel\u0259 oldu\u011fu halda, \u00f6zl\u0259rinin tan\u0131d\u0131qlar\u0131 \u0259razi b\u00fct\u00f6vl\u00fcy\u00fcn\u0259 qar\u015f\u0131 etdikl\u0259ri q\u0259sd c\u0259hdi beyn\u0259lxalq h\u00fcququn hans\u0131 prinsipind\u0259n qaynaqlan\u0131r? Bu, Az\u0259rbaycana qar\u015f\u0131 yaz\u0131lmam\u0131\u015f ikili standartlar prinsipinin bariz n\u00fcmun\u0259sidir. Az\u0259rbaycan xalq\u0131 30 il \u0259rzind\u0259 d\u00fcnya birliyinin beyn\u0259lxalq h\u00fcququ ayaq alt\u0131na al\u0131b t\u0259tbiq etdiyi ikili standartlardan \u0259ziyy\u0259t \u00e7\u0259kib. \u018frazimizin be\u015fd\u0259biri i\u015f\u011fal olunub, bir milyonad\u0259k qa\u00e7q\u0131n v\u0259 m\u0259cburi k\u00f6\u00e7k\u00fcn v\u0259t\u0259nda\u015f\u0131m\u0131z olmaz\u0131n \u015f\u0259raitd\u0259 ya\u015famaq m\u0259cburiyy\u0259tind\u0259 qal\u0131b. Qaraba\u011fdan v\u0259 \u015e\u0259rqi Z\u0259ng\u0259zurdan qovulmu\u015f v\u0259 \u00f6z \u00f6lk\u0259sind\u0259 m\u0259cburi k\u00f6\u00e7k\u00fcn olaraq ehtiyac i\u00e7ind\u0259 h\u0259yatlar\u0131n\u0131 davam etdir\u0259n, 15 ild\u0259n \u00e7ox m\u00fcdd\u0259td\u0259 quru torpa\u011f\u0131n \u00fcst\u00fcnd\u0259, \u00e7ad\u0131r \u015f\u0259h\u0259rcikl\u0259rind\u0259 ya\u015fayan camaat\u0131m\u0131z\u0131n hal\u0131na yanan olmay\u0131b. \u018fksin\u0259, adlar\u0131n\u0131 vasit\u0259\u00e7i qoyanlar \u00fcz\u0259rl\u0259rin\u0259 g\u00f6t\u00fcrd\u00fckl\u0259ri missiyan\u0131 yerin\u0259 yetirm\u0259k bir yana, h\u0259l\u0259 bizi m\u0259cbur etm\u0259k ist\u0259yibl\u0259r ki, reall\u0131qla bar\u0131\u015faq, yurdumuzu i\u015f\u011fal etmi\u015f erm\u0259niy\u0259 g\u00f6z yumaq. Beyn\u0259lxalq h\u00fcquq bir k\u0259nara, onlar\u0131n hans\u0131 m\u0259n\u0259vi haqlar\u0131 \u00e7at\u0131r ki, bizd\u0259n bir ovuc separat\u00e7\u0131n\u0131n \u015f\u0131ltaql\u0131\u011f\u0131na g\u00f6r\u0259 s\u0259rh\u0259dl\u0259rimizin a\u00e7\u0131lmas\u0131n\u0131 t\u0259l\u0259b edirl\u0259r?<\/p>\n<p>Bu g\u00fcn BMT-nin ba\u015f katibi biz\u0259 m\u00fcraci\u0259t edir ki, b\u00fct\u00fcn h\u00fcquqi prosedurlara, yerli qanunvericiliy\u0259 v\u0259 beyn\u0259lxalq h\u00fcquqa uy\u011fun \u015f\u0259kild\u0259 f\u0259aliyy\u0259t g\u00f6st\u0259r\u0259n s\u0259rh\u0259d-ke\u00e7id m\u0259nt\u0259q\u0259sini a\u00e7araq Erm\u0259nistandan he\u00e7 bir m\u00fcraci\u0259t v\u0259 icaz\u0259 olmadan g\u00f6nd\u0259ril\u0259n y\u00fck\u00fc \u00f6z \u0259razimiz\u0259 buraxaq. G\u00f6r\u0259s\u0259n, onun BMT-nin \u00f6z\u00fcn\u00fcn q\u0259bul etdiyi d\u00f6rd q\u0259tnam\u0259nin 30 il \u0259rzind\u0259 icras\u0131z qald\u0131\u011f\u0131ndan x\u0259b\u0259ri varm\u0131?\u201d<\/p>\n","protected":false},"excerpt":{"rendered":"<p>\u201cAT\u018fT s\u0259drinin dedikl\u0259ri Ukraynada i\u015fl\u0259yir, Az\u0259rbaycanda yox? Avropa \u0130ttifaq\u0131 Rusiyan\u0131n bu c\u0259hdini h\u0259tta humanitar m\u0259qs\u0259dli olsa bel\u0259, birt\u0259r\u0259fli h\u0259rbi m\u00fcdaxil\u0259 kimi qiym\u0259tl\u0259ndirirdi\u201d. Bunu \u201cReport\u201da a\u00e7\u0131qlamas\u0131nda Milli M\u0259clisin deputat\u0131 Elnur Allahverdiyev deyib. Onun s\u00f6zl\u0259rin\u0259 g\u00f6r\u0259, bu g\u00fcn d\u00fcnyada ba\u015f ver\u0259n i\u015f\u011fal, m\u00fcharib\u0259, zorak\u0131l\u0131q hallar\u0131n\u0131n \u0259ks\u0259riyy\u0259ti beyn\u0259lxalq h\u00fcququn onu q\u0259bul ed\u0259n beyn\u0259lxalq ictimaiyy\u0259t t\u0259r\u0259find\u0259n pozulmas\u0131 n\u0259tic\u0259sind\u0259 ba\u015f verir: \u201cB\u00f6y\u00fck d\u00f6vl\u0259tl\u0259rin v\u0259 beyn\u0259lxalq t\u0259\u015fkilatlar\u0131n \u00f6z maraqlar\u0131na uy\u011fun olaraq t\u0259tbiq etdikl\u0259ri ikili standartlar onlara qar\u015f\u0131 bumeranq effekti il\u0259 n\u0259tic\u0259l\u0259nir. Bu g\u00fcn bizd\u0259n \u00f6z \u0259razimizd\u0259 b\u00fct\u00fcn qanuni prosedurlar \u0259sas\u0131nda f\u0259aliyy\u0259t g\u00f6st\u0259r\u0259n s\u0259rh\u0259d-ke\u00e7id m\u0259nt\u0259q\u0259mizin a\u00e7\u0131lmas\u0131n\u0131 t\u0259l\u0259b&hellip;<\/p>\n","protected":false},"author":2,"featured_media":616553,"comment_status":"closed","ping_status":"closed","sticky":false,"template":"","format":"standard","meta":{"om_disable_all_campaigns":false,"_monsterinsights_skip_tracking":false,"_monsterinsights_sitenote_active":false,"_monsterinsights_sitenote_note":"","_monsterinsights_sitenote_category":0},"categories":[4],"tags":[],"aioseo_notices":[],"gutentor_comment":0,"rttpg_featured_image_url":{"full":["https:\/\/arantv.az\/wp-content\/uploads\/2023\/08\/7d2b6e42-5c7b-36c2-943b-48f8a4b52bab_850.jpg",620,413,false],"landscape":["https:\/\/arantv.az\/wp-content\/uploads\/2023\/08\/7d2b6e42-5c7b-36c2-943b-48f8a4b52bab_850.jpg",620,413,false],"portraits":["https:\/\/arantv.az\/wp-content\/uploads\/2023\/08\/7d2b6e42-5c7b-36c2-943b-48f8a4b52bab_850.jpg",620,413,false],"thumbnail":["https:\/\/arantv.az\/wp-content\/uploads\/2023\/08\/7d2b6e42-5c7b-36c2-943b-48f8a4b52bab_850-500x280.jpg",500,280,true],"medium":["https:\/\/arantv.az\/wp-content\/uploads\/2023\/08\/7d2b6e42-5c7b-36c2-943b-48f8a4b52bab_850-548x365.jpg",548,365,true],"large":["https:\/\/arantv.az\/wp-content\/uploads\/2023\/08\/7d2b6e42-5c7b-36c2-943b-48f8a4b52bab_850.jpg",620,413,false],"1536x1536":["https:\/\/arantv.az\/wp-content\/uploads\/2023\/08\/7d2b6e42-5c7b-36c2-943b-48f8a4b52bab_850.jpg",620,413,false],"2048x2048":["https:\/\/arantv.az\/wp-content\/uploads\/2023\/08\/7d2b6e42-5c7b-36c2-943b-48f8a4b52bab_850.jpg",620,413,false],"post-thumbnail":["https:\/\/arantv.az\/wp-content\/uploads\/2023\/08\/7d2b6e42-5c7b-36c2-943b-48f8a4b52bab_850-240x172.jpg",240,172,true],"advps-thumb-one":["https:\/\/arantv.az\/wp-content\/uploads\/2023\/08\/7d2b6e42-5c7b-36c2-943b-48f8a4b52bab_850.jpg",620,413,false]},"rttpg_author":{"display_name":"V\u00fcsal Rafiqo\u011flu","author_link":"https:\/\/arantv.az\/?author=2"},"rttpg_comment":0,"rttpg_category":"<a href=\"https:\/\/arantv.az\/?cat=4\" rel=\"category\">Siyas\u0259t<\/a>","rttpg_excerpt":"\u201cAT\u018fT s\u0259drinin dedikl\u0259ri Ukraynada i\u015fl\u0259yir, Az\u0259rbaycanda yox? Avropa \u0130ttifaq\u0131 Rusiyan\u0131n bu c\u0259hdini h\u0259tta humanitar m\u0259qs\u0259dli olsa bel\u0259, birt\u0259r\u0259fli h\u0259rbi m\u00fcdaxil\u0259 kimi qiym\u0259tl\u0259ndirirdi\u201d. Bunu \u201cReport\u201da a\u00e7\u0131qlamas\u0131nda Milli M\u0259clisin deputat\u0131 Elnur Allahverdiyev deyib. Onun s\u00f6zl\u0259rin\u0259 g\u00f6r\u0259, bu g\u00fcn d\u00fcnyada ba\u015f ver\u0259n i\u015f\u011fal, m\u00fcharib\u0259, zorak\u0131l\u0131q hallar\u0131n\u0131n \u0259ks\u0259riyy\u0259ti beyn\u0259lxalq h\u00fcququn onu q\u0259bul ed\u0259n beyn\u0259lxalq ictimaiyy\u0259t t\u0259r\u0259find\u0259n pozulmas\u0131 n\u0259tic\u0259sind\u0259 ba\u015f&hellip;","_links":{"self":[{"href":"https:\/\/arantv.az\/index.php?rest_route=\/wp\/v2\/posts\/616552"}],"collection":[{"href":"https:\/\/arantv.az\/index.php?rest_route=\/wp\/v2\/posts"}],"about":[{"href":"https:\/\/arantv.az\/index.php?rest_route=\/wp\/v2\/types\/post"}],"author":[{"embeddable":true,"href":"https:\/\/arantv.az\/index.php?rest_route=\/wp\/v2\/users\/2"}],"replies":[{"embeddable":true,"href":"https:\/\/arantv.az\/index.php?rest_route=%2Fwp%2Fv2%2Fcomments&post=616552"}],"version-history":[{"count":0,"href":"https:\/\/arantv.az\/index.php?rest_route=\/wp\/v2\/posts\/616552\/revisions"}],"wp:featuredmedia":[{"embeddable":true,"href":"https:\/\/arantv.az\/index.php?rest_route=\/wp\/v2\/media\/616553"}],"wp:attachment":[{"href":"https:\/\/arantv.az\/index.php?rest_route=%2Fwp%2Fv2%2Fmedia&parent=616552"}],"wp:term":[{"taxonomy":"category","embeddable":true,"href":"https:\/\/arantv.az\/index.php?rest_route=%2Fwp%2Fv2%2Fcategories&post=616552"},{"taxonomy":"post_tag","embeddable":true,"href":"https:\/\/arantv.az\/index.php?rest_route=%2Fwp%2Fv2%2Ftags&post=616552"}],"curies":[{"name":"wp","href":"https:\/\/api.w.org\/{rel}","templated":true}]}}