{"id":616568,"date":"2023-08-07T12:12:27","date_gmt":"2023-08-07T08:12:27","guid":{"rendered":"https:\/\/arantv.az\/?p=616568"},"modified":"2023-08-07T12:12:27","modified_gmt":"2023-08-07T08:12:27","slug":"siginacaga-edil%c9%99n-hucumun-t%c9%99f%c9%99rruati-b%c9%99lli-oldu-usaqlardan-birinin-atasi-h%c9%99bsd%c9%99dir","status":"publish","type":"post","link":"https:\/\/arantv.az\/?p=616568","title":{"rendered":"S\u0131\u011f\u0131naca\u011fa edil\u0259n h\u00fccumun t\u0259f\u0259rr\u00fcat\u0131 b\u0259lli oldu: \u201cU\u015faqlardan birinin atas\u0131 h\u0259bsd\u0259dir\u201d"},"content":{"rendered":"<p>\u00d6t\u0259n g\u00fcn Bak\u0131da u\u015faq s\u0131\u011f\u0131naca\u011f\u0131na edil\u0259n h\u00fccumun t\u0259f\u0259rr\u00fcat\u0131 b\u0259lli olub. Bel\u0259 ki, h\u00fccuma s\u0259b\u0259b k\u00fc\u00e7\u0259d\u0259 dil\u0259ndiril\u0259n doqquz v\u0259 on iki ya\u015fl\u0131 u\u015faqlar\u0131n s\u0131\u011f\u0131naca\u011fa g\u0259tirilm\u0259sidir.<\/p>\n<p>Bu bar\u0259d\u0259\u00a0<strong>Oxu.Az<\/strong>-a Az\u0259rbaycan U\u015faqlar Birliyinin s\u0259dri\u00a0<strong>K\u0259mal\u0259 A\u011fazad\u0259<\/strong>\u00a0m\u0259lumat verib. Onun s\u00f6zl\u0259rin\u0259 g\u00f6r\u0259, \u00f6t\u0259n g\u00fcn s\u0259h\u0259r saatlar\u0131nda metronun \u201c20 Yanvar\u201d stansiyas\u0131n\u0131n ke\u00e7idl\u0259rind\u0259n birind\u0259 dil\u0259ndiril\u0259n doqquz v\u0259 on iki ya\u015fl\u0131 u\u015faqlar s\u0131\u011f\u0131naca\u011fa g\u0259tirilibl\u0259r:<\/p>\n<p>\u201cU\u015faqlar\u0131n dedikl\u0259rin\u0259 g\u00f6r\u0259, \u0259mio\u011flu-\u0259miq\u0131z\u0131d\u0131rlar. Bu u\u015faqlar\u0131n dil\u0259ndikl\u0259ri yerd\u0259 g\u00f6r\u00fcnt\u00fcl\u0259ri d\u0259 var. Onlar polis \u0259m\u0259kda\u015flar\u0131 t\u0259r\u0259find\u0259n Az\u0259rbaycan U\u015faqlar Birliyinin s\u0131\u011f\u0131naca\u011f\u0131na t\u0259hvil verilibl\u0259r. Biz u\u015faqlarla i\u015f apard\u0131q. \u0130lkin olaraq gigiyenik v\u0259ziyy\u0259tl\u0259rini qaydaya sald\u0131q. Onlar g\u0259tiril\u0259nd\u0259 \u00e7ox b\u0259rbad durumda idil\u0259r. U\u015faqlar\u0131n he\u00e7 biri m\u0259kt\u0259b\u0259 getmir. Onlar\u0131n t\u0259hsild\u0259n yay\u0131nd\u0131qlar\u0131 m\u0259lum olub. \u0130ki u\u015faqdan birinin valideyni, daha d\u0259qiq des\u0259k, atas\u0131, dediyin\u0259 g\u00f6r\u0259, h\u0259bsd\u0259dir. H\u0259r iki u\u015fa\u011f\u0131n valideynl\u0259ri A\u011fstafa rayon sakinl\u0259ridir. Onlar qara\u00e7\u0131 u\u015faqlar\u0131d\u0131r. T\u0259\u0259ss\u00fcf ki, u\u015faqlar\u0131n he\u00e7 birinin h\u00fcququ qorunmur.<\/p>\n<p>Az\u0259rbaycan qanunvericiliyind\u0259 bel\u0259 bir qayda yoxdur ki, \u0259g\u0259r u\u015faq qara\u00e7\u0131d\u0131rsa, t\u0259hsild\u0259n yay\u0131nd\u0131r\u0131lmal\u0131 v\u0259 dil\u0259ndirilm\u0259lidir. Biz bu u\u015faqlarla i\u015f apard\u0131\u011f\u0131m\u0131z m\u00fcdd\u0259td\u0259 valideynl\u0259rin\u0259 \u00f6vladlar\u0131n\u0131n s\u0131\u011f\u0131nacaqda oldu\u011funa dair m\u0259lumat verdik\u201d.<\/p>\n<p>K.A\u011fazad\u0259nin s\u00f6zl\u0259rin\u0259 g\u00f6r\u0259, valideynl\u0259r\u0259 m\u0259lumat verdikd\u0259n bir q\u0259d\u0259r sonra ona z\u0259ng ed\u0259r\u0259k h\u0259d\u0259-qorxu g\u0259libl\u0259r:<\/p>\n<p>\u201cBildirdil\u0259r ki, s\u0259ni \u00f6ld\u00fcr\u0259c\u0259yik, g\u00f6r s\u0259n\u0259 n\u0259l\u0259r ed\u0259c\u0259yik. U\u015faqlardan birinin atas\u0131 qazi oldu\u011funu dedi. Bildirdi ki, g\u0259lib h\u0259y\u0259td\u0259 \u00f6z\u00fcn\u00fc yand\u0131racaq. S\u0131\u011f\u0131naca\u011fa g\u0259lib qap\u0131ya da\u015f, butulka atma\u011fa ba\u015flad\u0131lar. S\u0131\u011f\u0131nacaqda olan 30-a yax\u0131n u\u015faq \u00e7ox qorxdu. Onlar\u0131 sakitl\u0259\u015fdirm\u0259k \u00fc\u00e7\u00fcn \u0259limizd\u0259n g\u0259l\u0259ni etdik. \u018frazi \u00fczr\u0259 polis idar\u0259sin\u0259 m\u0259lumat verdik v\u0259 d\u0259rhal \u0259raziy\u0259 g\u0259l\u0259n \u0259m\u0259kda\u015flar h\u0259min \u015f\u0259xsl\u0259ri izahatlar\u0131n\u0131n al\u0131nmas\u0131 \u00fc\u00e7\u00fcn m\u00fcvafiq polis idar\u0259l\u0259rin\u0259 apard\u0131lar. Bu g\u00fcn u\u015faqlar s\u0131\u011f\u0131nacaqdad\u0131rlar. Art\u0131q bu iki u\u015fa\u011f\u0131n m\u0259cburi \u0259m\u0259k qurban\u0131 olduqlar\u0131na dair d\u0259lill\u0259rimiz var. Biz h\u0259r iki u\u015faqla ba\u011fl\u0131 Daxili \u0130\u015fl\u0259r Nazirliyinin \u0130nsan Alverin\u0259 qar\u015f\u0131 M\u00fcbariz\u0259 Ba\u015f \u0130dar\u0259sin\u0259 m\u00fcraci\u0259t ed\u0259c\u0259yik. Faktlarla ba\u011fl\u0131 ara\u015fd\u0131rmaya ba\u015flan\u0131ls\u0131n\u201d.<\/p>\n<p>Qeyd ed\u0259k ki, \u00f6t\u0259n g\u00fcn s\u0131\u011f\u0131naca\u011fa\u00a0<a href=\"https:\/\/oxu.az\/society\/762006\" target=\"_blank\" rel=\"noopener\">h\u00fccum edilib<\/a>. Qap\u0131-p\u0259nc\u0259r\u0259y\u0259 da\u015f v\u0259 su butulkalar\u0131 at\u0131laraq Az\u0259rbaycan U\u015faqlar Birliyinin s\u0259dri K\u0259mal\u0259 A\u011fazad\u0259nin \u00fcnvan\u0131na t\u0259hdidl\u0259r s\u0259sl\u0259ndirilib.<\/p>\n","protected":false},"excerpt":{"rendered":"<p>\u00d6t\u0259n g\u00fcn Bak\u0131da u\u015faq s\u0131\u011f\u0131naca\u011f\u0131na edil\u0259n h\u00fccumun t\u0259f\u0259rr\u00fcat\u0131 b\u0259lli olub. Bel\u0259 ki, h\u00fccuma s\u0259b\u0259b k\u00fc\u00e7\u0259d\u0259 dil\u0259ndiril\u0259n doqquz v\u0259 on iki ya\u015fl\u0131 u\u015faqlar\u0131n s\u0131\u011f\u0131naca\u011fa g\u0259tirilm\u0259sidir. Bu bar\u0259d\u0259\u00a0Oxu.Az-a Az\u0259rbaycan U\u015faqlar Birliyinin s\u0259dri\u00a0K\u0259mal\u0259 A\u011fazad\u0259\u00a0m\u0259lumat verib. Onun s\u00f6zl\u0259rin\u0259 g\u00f6r\u0259, \u00f6t\u0259n g\u00fcn s\u0259h\u0259r saatlar\u0131nda metronun \u201c20 Yanvar\u201d stansiyas\u0131n\u0131n ke\u00e7idl\u0259rind\u0259n birind\u0259 dil\u0259ndiril\u0259n doqquz v\u0259 on iki ya\u015fl\u0131 u\u015faqlar s\u0131\u011f\u0131naca\u011fa g\u0259tirilibl\u0259r: \u201cU\u015faqlar\u0131n dedikl\u0259rin\u0259 g\u00f6r\u0259, \u0259mio\u011flu-\u0259miq\u0131z\u0131d\u0131rlar. Bu u\u015faqlar\u0131n dil\u0259ndikl\u0259ri yerd\u0259 g\u00f6r\u00fcnt\u00fcl\u0259ri d\u0259 var. Onlar polis \u0259m\u0259kda\u015flar\u0131 t\u0259r\u0259find\u0259n Az\u0259rbaycan U\u015faqlar Birliyinin s\u0131\u011f\u0131naca\u011f\u0131na t\u0259hvil verilibl\u0259r. Biz u\u015faqlarla i\u015f apard\u0131q. \u0130lkin olaraq gigiyenik v\u0259ziyy\u0259tl\u0259rini qaydaya sald\u0131q. Onlar g\u0259tiril\u0259nd\u0259 \u00e7ox b\u0259rbad durumda&hellip;<\/p>\n","protected":false},"author":2,"featured_media":616569,"comment_status":"closed","ping_status":"closed","sticky":false,"template":"","format":"standard","meta":{"om_disable_all_campaigns":false,"_monsterinsights_skip_tracking":false,"_monsterinsights_sitenote_active":false,"_monsterinsights_sitenote_note":"","_monsterinsights_sitenote_category":0},"categories":[1],"tags":[],"aioseo_notices":[],"gutentor_comment":0,"rttpg_featured_image_url":{"full":["https:\/\/arantv.az\/wp-content\/uploads\/2023\/08\/FotoJet-13-1.jpg",620,413,false],"landscape":["https:\/\/arantv.az\/wp-content\/uploads\/2023\/08\/FotoJet-13-1.jpg",620,413,false],"portraits":["https:\/\/arantv.az\/wp-content\/uploads\/2023\/08\/FotoJet-13-1.jpg",620,413,false],"thumbnail":["https:\/\/arantv.az\/wp-content\/uploads\/2023\/08\/FotoJet-13-1-500x280.jpg",500,280,true],"medium":["https:\/\/arantv.az\/wp-content\/uploads\/2023\/08\/FotoJet-13-1-548x365.jpg",548,365,true],"large":["https:\/\/arantv.az\/wp-content\/uploads\/2023\/08\/FotoJet-13-1.jpg",620,413,false],"1536x1536":["https:\/\/arantv.az\/wp-content\/uploads\/2023\/08\/FotoJet-13-1.jpg",620,413,false],"2048x2048":["https:\/\/arantv.az\/wp-content\/uploads\/2023\/08\/FotoJet-13-1.jpg",620,413,false],"post-thumbnail":["https:\/\/arantv.az\/wp-content\/uploads\/2023\/08\/FotoJet-13-1-240x172.jpg",240,172,true],"advps-thumb-one":["https:\/\/arantv.az\/wp-content\/uploads\/2023\/08\/FotoJet-13-1.jpg",620,413,false]},"rttpg_author":{"display_name":"V\u00fcsal Rafiqo\u011flu","author_link":"https:\/\/arantv.az\/?author=2"},"rttpg_comment":0,"rttpg_category":"<a href=\"https:\/\/arantv.az\/?cat=1\" rel=\"category\">C\u0259miyy\u0259t<\/a>","rttpg_excerpt":"\u00d6t\u0259n g\u00fcn Bak\u0131da u\u015faq s\u0131\u011f\u0131naca\u011f\u0131na edil\u0259n h\u00fccumun t\u0259f\u0259rr\u00fcat\u0131 b\u0259lli olub. Bel\u0259 ki, h\u00fccuma s\u0259b\u0259b k\u00fc\u00e7\u0259d\u0259 dil\u0259ndiril\u0259n doqquz v\u0259 on iki ya\u015fl\u0131 u\u015faqlar\u0131n s\u0131\u011f\u0131naca\u011fa g\u0259tirilm\u0259sidir. Bu bar\u0259d\u0259\u00a0Oxu.Az-a Az\u0259rbaycan U\u015faqlar Birliyinin s\u0259dri\u00a0K\u0259mal\u0259 A\u011fazad\u0259\u00a0m\u0259lumat verib. Onun s\u00f6zl\u0259rin\u0259 g\u00f6r\u0259, \u00f6t\u0259n g\u00fcn s\u0259h\u0259r saatlar\u0131nda metronun \u201c20 Yanvar\u201d stansiyas\u0131n\u0131n ke\u00e7idl\u0259rind\u0259n birind\u0259 dil\u0259ndiril\u0259n doqquz v\u0259 on iki ya\u015fl\u0131 u\u015faqlar s\u0131\u011f\u0131naca\u011fa g\u0259tirilibl\u0259r: \u201cU\u015faqlar\u0131n&hellip;","_links":{"self":[{"href":"https:\/\/arantv.az\/index.php?rest_route=\/wp\/v2\/posts\/616568"}],"collection":[{"href":"https:\/\/arantv.az\/index.php?rest_route=\/wp\/v2\/posts"}],"about":[{"href":"https:\/\/arantv.az\/index.php?rest_route=\/wp\/v2\/types\/post"}],"author":[{"embeddable":true,"href":"https:\/\/arantv.az\/index.php?rest_route=\/wp\/v2\/users\/2"}],"replies":[{"embeddable":true,"href":"https:\/\/arantv.az\/index.php?rest_route=%2Fwp%2Fv2%2Fcomments&post=616568"}],"version-history":[{"count":0,"href":"https:\/\/arantv.az\/index.php?rest_route=\/wp\/v2\/posts\/616568\/revisions"}],"wp:featuredmedia":[{"embeddable":true,"href":"https:\/\/arantv.az\/index.php?rest_route=\/wp\/v2\/media\/616569"}],"wp:attachment":[{"href":"https:\/\/arantv.az\/index.php?rest_route=%2Fwp%2Fv2%2Fmedia&parent=616568"}],"wp:term":[{"taxonomy":"category","embeddable":true,"href":"https:\/\/arantv.az\/index.php?rest_route=%2Fwp%2Fv2%2Fcategories&post=616568"},{"taxonomy":"post_tag","embeddable":true,"href":"https:\/\/arantv.az\/index.php?rest_route=%2Fwp%2Fv2%2Ftags&post=616568"}],"curies":[{"name":"wp","href":"https:\/\/api.w.org\/{rel}","templated":true}]}}