{"id":616682,"date":"2023-08-07T15:43:56","date_gmt":"2023-08-07T11:43:56","guid":{"rendered":"https:\/\/arantv.az\/?p=616682"},"modified":"2023-08-07T15:43:56","modified_gmt":"2023-08-07T11:43:56","slug":"lisey-v%c9%99-gimnaziyalara-s%c9%99n%c9%99d-q%c9%99bulu-baslayib","status":"publish","type":"post","link":"https:\/\/arantv.az\/?p=616682","title":{"rendered":"Lisey v\u0259 gimnaziyalara s\u0259n\u0259d q\u0259bulu ba\u015flay\u0131b"},"content":{"rendered":"<p>Lisey v\u0259 gimnaziyalara m\u0259rk\u0259zl\u0259\u015fdirilmi\u015f imtahanla q\u0259bul olunan \u015fagirdl\u0259rin s\u0259n\u0259d q\u0259bulu ba\u015flay\u0131b.<\/p>\n<p>Bu bar\u0259d\u0259\u00a0<strong>\u201c\u0130ki sahil\u201d\u0259<\/strong>\u00a0Elm v\u0259 T\u0259hsil Nazirliyind\u0259n bildirilib.<\/p>\n<p>Valideyn v\u0259 ya qanuni n\u00fcmay\u0259nd\u0259 \u00f6vlad\u0131n\u0131n \u015f\u0259xsi i\u015fl\u0259rini avqustun 7-si saat 15:00-dan avqustun 17-si saat 15:00-d\u0259k q\u0259bul olundu\u011fu cari m\u00fc\u0259ssis\u0259y\u0259 t\u0259qdim etm\u0259lidir.<\/p>\n<p>Bu vaxt \u0259rzind\u0259 s\u0259n\u0259dl\u0259r lisey v\u0259 ya gimnaziyalara t\u0259qdim edilm\u0259diyi halda \u015fagirdin q\u0259bulu etibars\u0131z say\u0131l\u0131r v\u0259 h\u0259min yer II m\u0259rh\u0259l\u0259 \u00fc\u00e7\u00fcn vakant olaraq t\u0259qdim edilir.<\/p>\n","protected":false},"excerpt":{"rendered":"<p>Lisey v\u0259 gimnaziyalara m\u0259rk\u0259zl\u0259\u015fdirilmi\u015f imtahanla q\u0259bul olunan \u015fagirdl\u0259rin s\u0259n\u0259d q\u0259bulu ba\u015flay\u0131b. Bu bar\u0259d\u0259\u00a0\u201c\u0130ki sahil\u201d\u0259\u00a0Elm v\u0259 T\u0259hsil Nazirliyind\u0259n bildirilib. Valideyn v\u0259 ya qanuni n\u00fcmay\u0259nd\u0259 \u00f6vlad\u0131n\u0131n \u015f\u0259xsi i\u015fl\u0259rini avqustun 7-si saat 15:00-dan avqustun 17-si saat 15:00-d\u0259k q\u0259bul olundu\u011fu cari m\u00fc\u0259ssis\u0259y\u0259 t\u0259qdim etm\u0259lidir. Bu vaxt \u0259rzind\u0259 s\u0259n\u0259dl\u0259r lisey v\u0259 ya gimnaziyalara t\u0259qdim edilm\u0259diyi halda \u015fagirdin q\u0259bulu etibars\u0131z say\u0131l\u0131r v\u0259 h\u0259min yer II m\u0259rh\u0259l\u0259 \u00fc\u00e7\u00fcn vakant olaraq t\u0259qdim edilir.<\/p>\n","protected":false},"author":2,"featured_media":616687,"comment_status":"closed","ping_status":"closed","sticky":false,"template":"","format":"standard","meta":{"om_disable_all_campaigns":false,"_monsterinsights_skip_tracking":false,"_monsterinsights_sitenote_active":false,"_monsterinsights_sitenote_note":"","_monsterinsights_sitenote_category":0},"categories":[1],"tags":[],"aioseo_notices":[],"gutentor_comment":0,"rttpg_featured_image_url":{"full":["https:\/\/arantv.az\/wp-content\/uploads\/2023\/08\/1548412780_3199847.jpg",975,540,false],"landscape":["https:\/\/arantv.az\/wp-content\/uploads\/2023\/08\/1548412780_3199847.jpg",975,540,false],"portraits":["https:\/\/arantv.az\/wp-content\/uploads\/2023\/08\/1548412780_3199847.jpg",975,540,false],"thumbnail":["https:\/\/arantv.az\/wp-content\/uploads\/2023\/08\/1548412780_3199847-500x280.jpg",500,280,true],"medium":["https:\/\/arantv.az\/wp-content\/uploads\/2023\/08\/1548412780_3199847-660x365.jpg",660,365,true],"large":["https:\/\/arantv.az\/wp-content\/uploads\/2023\/08\/1548412780_3199847-840x465.jpg",640,354,true],"1536x1536":["https:\/\/arantv.az\/wp-content\/uploads\/2023\/08\/1548412780_3199847.jpg",975,540,false],"2048x2048":["https:\/\/arantv.az\/wp-content\/uploads\/2023\/08\/1548412780_3199847.jpg",975,540,false],"post-thumbnail":["https:\/\/arantv.az\/wp-content\/uploads\/2023\/08\/1548412780_3199847-240x172.jpg",240,172,true],"advps-thumb-one":["https:\/\/arantv.az\/wp-content\/uploads\/2023\/08\/1548412780_3199847.jpg",975,540,false]},"rttpg_author":{"display_name":"V\u00fcsal Rafiqo\u011flu","author_link":"https:\/\/arantv.az\/?author=2"},"rttpg_comment":0,"rttpg_category":"<a href=\"https:\/\/arantv.az\/?cat=1\" rel=\"category\">C\u0259miyy\u0259t<\/a>","rttpg_excerpt":"Lisey v\u0259 gimnaziyalara m\u0259rk\u0259zl\u0259\u015fdirilmi\u015f imtahanla q\u0259bul olunan \u015fagirdl\u0259rin s\u0259n\u0259d q\u0259bulu ba\u015flay\u0131b. Bu bar\u0259d\u0259\u00a0\u201c\u0130ki sahil\u201d\u0259\u00a0Elm v\u0259 T\u0259hsil Nazirliyind\u0259n bildirilib. Valideyn v\u0259 ya qanuni n\u00fcmay\u0259nd\u0259 \u00f6vlad\u0131n\u0131n \u015f\u0259xsi i\u015fl\u0259rini avqustun 7-si saat 15:00-dan avqustun 17-si saat 15:00-d\u0259k q\u0259bul olundu\u011fu cari m\u00fc\u0259ssis\u0259y\u0259 t\u0259qdim etm\u0259lidir. Bu vaxt \u0259rzind\u0259 s\u0259n\u0259dl\u0259r lisey v\u0259 ya gimnaziyalara t\u0259qdim edilm\u0259diyi halda \u015fagirdin q\u0259bulu etibars\u0131z say\u0131l\u0131r&hellip;","_links":{"self":[{"href":"https:\/\/arantv.az\/index.php?rest_route=\/wp\/v2\/posts\/616682"}],"collection":[{"href":"https:\/\/arantv.az\/index.php?rest_route=\/wp\/v2\/posts"}],"about":[{"href":"https:\/\/arantv.az\/index.php?rest_route=\/wp\/v2\/types\/post"}],"author":[{"embeddable":true,"href":"https:\/\/arantv.az\/index.php?rest_route=\/wp\/v2\/users\/2"}],"replies":[{"embeddable":true,"href":"https:\/\/arantv.az\/index.php?rest_route=%2Fwp%2Fv2%2Fcomments&post=616682"}],"version-history":[{"count":0,"href":"https:\/\/arantv.az\/index.php?rest_route=\/wp\/v2\/posts\/616682\/revisions"}],"wp:featuredmedia":[{"embeddable":true,"href":"https:\/\/arantv.az\/index.php?rest_route=\/wp\/v2\/media\/616687"}],"wp:attachment":[{"href":"https:\/\/arantv.az\/index.php?rest_route=%2Fwp%2Fv2%2Fmedia&parent=616682"}],"wp:term":[{"taxonomy":"category","embeddable":true,"href":"https:\/\/arantv.az\/index.php?rest_route=%2Fwp%2Fv2%2Fcategories&post=616682"},{"taxonomy":"post_tag","embeddable":true,"href":"https:\/\/arantv.az\/index.php?rest_route=%2Fwp%2Fv2%2Ftags&post=616682"}],"curies":[{"name":"wp","href":"https:\/\/api.w.org\/{rel}","templated":true}]}}