{"id":616711,"date":"2023-08-07T20:56:59","date_gmt":"2023-08-07T16:56:59","guid":{"rendered":"https:\/\/arantv.az\/?p=616711"},"modified":"2023-08-07T20:56:59","modified_gmt":"2023-08-07T16:56:59","slug":"kocaelid%c9%99ki-guclu-partlayisin-s%c9%99b%c9%99bi-aciqlandi-yenil%c9%99nib-foto-video","status":"publish","type":"post","link":"https:\/\/arantv.az\/?p=616711","title":{"rendered":"Kocaelid\u0259ki g\u00fccl\u00fc partlay\u0131\u015f\u0131n s\u0259b\u0259bi a\u00e7\u0131qland\u0131 &#8211; YEN\u0130L\u018fN\u0130B + FOTO\/V\u0130DEO"},"content":{"rendered":"<p>Tax\u0131l tozunun \u0259m\u0259l\u0259 g\u0259lm\u0259si Kocaeli liman\u0131nda partlay\u0131\u015fa s\u0259b\u0259b olub.<\/p>\n<p>Bunu T\u00fcrkiy\u0259 K\u0259nd v\u0259 Me\u015f\u0259 T\u0259s\u0259rr\u00fcfat\u0131 Nazirliyinin n\u00fcmay\u0259nd\u0259si \u018fhm\u0259d G\u00fcldal bildirib.<\/p>\n<p>\u201cBizd\u0259 olan m\u0259lumata g\u00f6r\u0259, partlay\u0131\u015f bu\u011fdan\u0131n g\u0259mil\u0259rd\u0259n elevatorlara y\u00fckl\u0259nm\u0259si zaman\u0131 tax\u0131l tozunun \u0259m\u0259l\u0259 g\u0259lm\u0259si n\u0259tic\u0259sind\u0259 ba\u015f verib. Texniki bax\u0131mdan bu, m\u00fcmk\u00fcnd\u00fcr. Haz\u0131rda bizim versiyam\u0131z budur. Ekspertl\u0259r ara\u015fd\u0131rma aparacaqlar\u201d, &#8211; dey\u0259 o, b\u0259yan edib.<\/p>\n<p><strong>17:58<\/strong><\/p>\n<p>Kocaelid\u0259 ba\u015f ver\u0259n partlay\u0131\u015f g\u0259mid\u0259n bu\u011fdan\u0131n y\u00fckl\u0259nm\u0259si zaman\u0131 ba\u015f verib.<\/p>\n<p>Bu bar\u0259d\u0259 Kocaeli valisi Seddar Yavuz m\u0259lumat verib.<\/p>\n<p>Partlay\u0131\u015fla ba\u011fl\u0131 son x\u0259b\u0259rl\u0259ri payla\u015fan valinin s\u00f6zl\u0259rin\u0259 g\u00f6r\u0259, yaralananlar\u0131n say\u0131 13-\u0259 \u00e7at\u0131b.<\/p>\n<p>\u201c\u0130kisi a\u011f\u0131r olmaqla 13 n\u0259f\u0259r yaralan\u0131b. Da\u011f\u0131nt\u0131lar alt\u0131nda haz\u0131rda he\u00e7 kim yoxdur\u201d, &#8211; dey\u0259 o qeyd edib.<\/p>\n<p><strong>16:44<\/strong><\/p>\n<p>T\u00fcrkiy\u0259nin Kocaeli vilay\u0259tinin Derince rayonunda liman \u0259razisind\u0259 yerl\u0259\u015f\u0259n k\u0259nd t\u0259s\u0259rr\u00fcfat\u0131 m\u0259hsullar\u0131 anbar\u0131nda g\u00fccl\u00fc partlay\u0131\u015f ba\u015f verib.<\/p>\n<p>Partlay\u0131\u015f n\u0259tic\u0259sind\u0259 da\u011f\u0131nt\u0131lar alt\u0131nda i\u015f\u00e7il\u0259rin qald\u0131\u011f\u0131 bildirilir. \u0130lkin m\u0259lumata g\u00f6r\u0259, d\u00f6rd n\u0259f\u0259r x\u0259sar\u0259t al\u0131b.<\/p>\n<p>Hadis\u0259 yerin\u0259 \u00e7ox sayda xilasedicil\u0259r, F\u00f6vq\u0259lad\u0259 Hallar\u0131n \u0130dar\u0259 Olunmas\u0131 Agentliyi (AFAD), polis v\u0259 tibb briqadalar\u0131 c\u0259lb edilib.<\/p>\n<p>Dig\u0259r t\u0259r\u0259fd\u0259n, partlay\u0131\u015f\u0131n \u015fidd\u0259tinin yaratd\u0131\u011f\u0131 t\u0259zyiq n\u0259tic\u0259sind\u0259 Derinced\u0259 b\u0259zi binalarda m\u0259nzill\u0259rin p\u0259nc\u0259r\u0259 \u015f\u00fc\u015f\u0259l\u0259rinin partlad\u0131\u011f\u0131 bildirilib.<\/p>\n<p>Partlay\u0131\u015fdan sonra ba\u015flayan yan\u011f\u0131n\u0131 s\u00f6nd\u00fcrm\u0259k \u00fc\u00e7\u00fcn qruplar\u0131n ba\u015flatd\u0131\u011f\u0131 i\u015fl\u0259r davam edir.<\/p>\n<div><iframe loading=\"lazy\" id=\"telegram-post-oxuaze-58906\" src=\"https:\/\/t.me\/oxuaze\/58906?embed=1\" width=\"100%\" height=\"\" frameborder=\"0\" scrolling=\"no\" data-mce-fragment=\"1\"><\/iframe><\/div>\n<div><iframe loading=\"lazy\" id=\"telegram-post-oxuaze-58902\" src=\"https:\/\/t.me\/oxuaze\/58902?embed=1\" width=\"100%\" height=\"\" frameborder=\"0\" scrolling=\"no\" data-mce-fragment=\"1\"><\/iframe><\/div>\n<p>&nbsp;<\/p>\n<div class=\"gallery\">\n<div class=\"gallery-i\"><img src=\"https:\/\/cdn.oxu.az\/uploads\/W1siZiIsIjIwMjMvMDgvMDcvMTYvMTQvNTMvZWNmZmVhMjktMjg5Yi00NWNmLTgyOTMtZWI1MWY1MTUxMzc1LzM2NDIwMjA4N184MTQyNzQ3MjAzNTczNzFfODA0NzEwNDA0NTIzMzUyNDUzMF9uLnBuZyJdLFsicCIsImVuY29kZSIsImpwZyIsIi1xdWFsaXR5IDgwIl0sWyJwIiwidGh1bWIiLCI1OTB4NTkwXHUwMDNlIl1d?sha=7dc1b48d91e210a1\" alt=\"\" \/><\/p>\n<div class=\"gallery-i-caption\"><\/div>\n<\/div>\n<div class=\"gallery-i\"><img src=\"https:\/\/cdn.oxu.az\/uploads\/W1siZiIsIjIwMjMvMDgvMDcvMTYvMTQvNTQvYjBjMmQyNGQtN2NmYi00MDVjLTllODctNGQyNzY2ZWRlMGNmLzM1OTU0NjMxNF8yOTk2MzA4NDI2MDI0NzFfNjg2NTQxOTA3NzQzNzUzNTI1NV9uLnBuZyJdLFsicCIsImVuY29kZSIsImpwZyIsIi1xdWFsaXR5IDgwIl0sWyJwIiwidGh1bWIiLCI1OTB4NTkwXHUwMDNlIl1d?sha=88e85509b76cf63e\" alt=\"\" \/><\/p>\n<div class=\"gallery-i-caption\"><\/div>\n<\/div>\n<div class=\"gallery-i\"><img src=\"https:\/\/cdn.oxu.az\/uploads\/W1siZiIsIjIwMjMvMDgvMDcvMTYvMTQvNTQvMzdiYzVmYWMtMmU1ZS00YTc0LThmZTQtN2Y1NmY4NTJhMzRhLzM1NzMxMzgxOV8yODYzMjMzNzQwODE4NzRfODUwNTY2MDc4MzgzNzI1NTkwNF9uLnBuZyJdLFsicCIsImVuY29kZSIsImpwZyIsIi1xdWFsaXR5IDgwIl0sWyJwIiwidGh1bWIiLCI1OTB4NTkwXHUwMDNlIl1d?sha=4d872b62091a982d\" alt=\"\" \/><\/p>\n<div class=\"gallery-i-caption\"><\/div>\n<\/div>\n<div class=\"gallery-i\"><img src=\"https:\/\/cdn.oxu.az\/uploads\/W1siZiIsIjIwMjMvMDgvMDcvMTYvMTUvMDEvYzdkMTEzM2MtMGMzOC00M2Q2LWFlNzQtZjIzOGFmMTFhYTc4L3Nvbi1kYWtpa2Eta29jYWVsaWRlLXRtby1zaWxvc3VuZGEtcGF0bGFtYS1ib2xnZXllLWNvay1zYXlpZGEtZWtpcC1zZXZrLWVkaWxkaS0xNjkxNDA5NTY2MDIxLmpwZyJdLFsicCIsImVuY29kZSIsImpwZyIsIi1xdWFsaXR5IDgwIl0sWyJwIiwidGh1bWIiLCI1OTB4NTkwXHUwMDNlIl1d?sha=4d96c01dbbd1ad62\" alt=\"\" \/><\/p>\n<div class=\"gallery-i-caption\"><\/div>\n<\/div>\n<div class=\"gallery-i\"><img src=\"https:\/\/cdn.oxu.az\/uploads\/W1siZiIsIjIwMjMvMDgvMDcvMTYvMTUvMDIvZTZhNzQ2ZjEtNjU0Ny00MjcxLTg2MmEtZjFhMWFmMTkyOWZhL3Nvbi1kYWtpa2Eta29jYWVsaWRlLXRtby1zaWxvc3VuZGEtcGF0bGFtYS1ib2xnZXllLWNvay1zYXlpZGEtZWtpcC1zZXZrLWVkaWxkaS0xNjkxNDA5NTY3NjEyLmpwZyJdLFsicCIsImVuY29kZSIsImpwZyIsIi1xdWFsaXR5IDgwIl0sWyJwIiwidGh1bWIiLCI1OTB4NTkwXHUwMDNlIl1d?sha=3fec1ca7abd0c36a\" alt=\"\" \/><\/p>\n<div class=\"gallery-i-caption\"><\/div>\n<\/div>\n<\/div>\n<p>M\u0259nb\u0259: SABAH<\/p>\n","protected":false},"excerpt":{"rendered":"<p>Tax\u0131l tozunun \u0259m\u0259l\u0259 g\u0259lm\u0259si Kocaeli liman\u0131nda partlay\u0131\u015fa s\u0259b\u0259b olub. Bunu T\u00fcrkiy\u0259 K\u0259nd v\u0259 Me\u015f\u0259 T\u0259s\u0259rr\u00fcfat\u0131 Nazirliyinin n\u00fcmay\u0259nd\u0259si \u018fhm\u0259d G\u00fcldal bildirib. \u201cBizd\u0259 olan m\u0259lumata g\u00f6r\u0259, partlay\u0131\u015f bu\u011fdan\u0131n g\u0259mil\u0259rd\u0259n elevatorlara y\u00fckl\u0259nm\u0259si zaman\u0131 tax\u0131l tozunun \u0259m\u0259l\u0259 g\u0259lm\u0259si n\u0259tic\u0259sind\u0259 ba\u015f verib. Texniki bax\u0131mdan bu, m\u00fcmk\u00fcnd\u00fcr. Haz\u0131rda bizim versiyam\u0131z budur. Ekspertl\u0259r ara\u015fd\u0131rma aparacaqlar\u201d, &#8211; dey\u0259 o, b\u0259yan edib. 17:58 Kocaelid\u0259 ba\u015f ver\u0259n partlay\u0131\u015f g\u0259mid\u0259n bu\u011fdan\u0131n y\u00fckl\u0259nm\u0259si zaman\u0131 ba\u015f verib. Bu bar\u0259d\u0259 Kocaeli valisi Seddar Yavuz m\u0259lumat verib. Partlay\u0131\u015fla ba\u011fl\u0131 son x\u0259b\u0259rl\u0259ri payla\u015fan valinin s\u00f6zl\u0259rin\u0259 g\u00f6r\u0259, yaralananlar\u0131n say\u0131 13-\u0259 \u00e7at\u0131b. \u201c\u0130kisi a\u011f\u0131r olmaqla 13 n\u0259f\u0259r yaralan\u0131b.&hellip;<\/p>\n","protected":false},"author":2,"featured_media":616713,"comment_status":"closed","ping_status":"closed","sticky":false,"template":"","format":"standard","meta":{"om_disable_all_campaigns":false,"_monsterinsights_skip_tracking":false,"_monsterinsights_sitenote_active":false,"_monsterinsights_sitenote_note":"","_monsterinsights_sitenote_category":0},"categories":[7],"tags":[],"aioseo_notices":[],"gutentor_comment":0,"rttpg_featured_image_url":{"full":["https:\/\/arantv.az\/wp-content\/uploads\/2023\/08\/FotoJet-2023-08-07T161427.199.jpg",620,413,false],"landscape":["https:\/\/arantv.az\/wp-content\/uploads\/2023\/08\/FotoJet-2023-08-07T161427.199.jpg",620,413,false],"portraits":["https:\/\/arantv.az\/wp-content\/uploads\/2023\/08\/FotoJet-2023-08-07T161427.199.jpg",620,413,false],"thumbnail":["https:\/\/arantv.az\/wp-content\/uploads\/2023\/08\/FotoJet-2023-08-07T161427.199-500x280.jpg",500,280,true],"medium":["https:\/\/arantv.az\/wp-content\/uploads\/2023\/08\/FotoJet-2023-08-07T161427.199-548x365.jpg",548,365,true],"large":["https:\/\/arantv.az\/wp-content\/uploads\/2023\/08\/FotoJet-2023-08-07T161427.199.jpg",620,413,false],"1536x1536":["https:\/\/arantv.az\/wp-content\/uploads\/2023\/08\/FotoJet-2023-08-07T161427.199.jpg",620,413,false],"2048x2048":["https:\/\/arantv.az\/wp-content\/uploads\/2023\/08\/FotoJet-2023-08-07T161427.199.jpg",620,413,false],"post-thumbnail":["https:\/\/arantv.az\/wp-content\/uploads\/2023\/08\/FotoJet-2023-08-07T161427.199-240x172.jpg",240,172,true],"advps-thumb-one":["https:\/\/arantv.az\/wp-content\/uploads\/2023\/08\/FotoJet-2023-08-07T161427.199.jpg",620,413,false]},"rttpg_author":{"display_name":"V\u00fcsal Rafiqo\u011flu","author_link":"https:\/\/arantv.az\/?author=2"},"rttpg_comment":0,"rttpg_category":"<a href=\"https:\/\/arantv.az\/?cat=7\" rel=\"category\">D\u00fcnya<\/a>","rttpg_excerpt":"Tax\u0131l tozunun \u0259m\u0259l\u0259 g\u0259lm\u0259si Kocaeli liman\u0131nda partlay\u0131\u015fa s\u0259b\u0259b olub. Bunu T\u00fcrkiy\u0259 K\u0259nd v\u0259 Me\u015f\u0259 T\u0259s\u0259rr\u00fcfat\u0131 Nazirliyinin n\u00fcmay\u0259nd\u0259si \u018fhm\u0259d G\u00fcldal bildirib. \u201cBizd\u0259 olan m\u0259lumata g\u00f6r\u0259, partlay\u0131\u015f bu\u011fdan\u0131n g\u0259mil\u0259rd\u0259n elevatorlara y\u00fckl\u0259nm\u0259si zaman\u0131 tax\u0131l tozunun \u0259m\u0259l\u0259 g\u0259lm\u0259si n\u0259tic\u0259sind\u0259 ba\u015f verib. Texniki bax\u0131mdan bu, m\u00fcmk\u00fcnd\u00fcr. Haz\u0131rda bizim versiyam\u0131z budur. Ekspertl\u0259r ara\u015fd\u0131rma aparacaqlar\u201d, &#8211; dey\u0259 o, b\u0259yan edib. 17:58 Kocaelid\u0259&hellip;","_links":{"self":[{"href":"https:\/\/arantv.az\/index.php?rest_route=\/wp\/v2\/posts\/616711"}],"collection":[{"href":"https:\/\/arantv.az\/index.php?rest_route=\/wp\/v2\/posts"}],"about":[{"href":"https:\/\/arantv.az\/index.php?rest_route=\/wp\/v2\/types\/post"}],"author":[{"embeddable":true,"href":"https:\/\/arantv.az\/index.php?rest_route=\/wp\/v2\/users\/2"}],"replies":[{"embeddable":true,"href":"https:\/\/arantv.az\/index.php?rest_route=%2Fwp%2Fv2%2Fcomments&post=616711"}],"version-history":[{"count":0,"href":"https:\/\/arantv.az\/index.php?rest_route=\/wp\/v2\/posts\/616711\/revisions"}],"wp:featuredmedia":[{"embeddable":true,"href":"https:\/\/arantv.az\/index.php?rest_route=\/wp\/v2\/media\/616713"}],"wp:attachment":[{"href":"https:\/\/arantv.az\/index.php?rest_route=%2Fwp%2Fv2%2Fmedia&parent=616711"}],"wp:term":[{"taxonomy":"category","embeddable":true,"href":"https:\/\/arantv.az\/index.php?rest_route=%2Fwp%2Fv2%2Fcategories&post=616711"},{"taxonomy":"post_tag","embeddable":true,"href":"https:\/\/arantv.az\/index.php?rest_route=%2Fwp%2Fv2%2Ftags&post=616711"}],"curies":[{"name":"wp","href":"https:\/\/api.w.org\/{rel}","templated":true}]}}