{"id":616714,"date":"2023-08-07T20:58:32","date_gmt":"2023-08-07T16:58:32","guid":{"rendered":"https:\/\/arantv.az\/?p=616714"},"modified":"2023-08-07T20:58:32","modified_gmt":"2023-08-07T16:58:32","slug":"s%c9%99rh%c9%99dd%c9%99-t%c9%99xribat-az%c9%99rbaycanin-ed%c9%99-bil%c9%99c%c9%99kl%c9%99ri-t%c9%99hlil-foto","status":"publish","type":"post","link":"https:\/\/arantv.az\/?p=616714","title":{"rendered":"S\u0259rh\u0259dd\u0259 t\u0259xribat: Az\u0259rbaycan\u0131n ed\u0259 bil\u0259c\u0259kl\u0259ri &#8211; T\u018fHL\u0130L + FOTO"},"content":{"rendered":"<p>Avqustun 7-si saat 13:30-da Erm\u0259nistan silahl\u0131 q\u00fcvv\u0259l\u0259rin\u0259 m\u0259xsus \u201cDJI Mavic 3\u201d kvadrokopteri Az\u0259rbaycan Ordusunun Basarke\u00e7\u0259r rayonunun Zod istiqam\u0259ti il\u0259 \u00fczb\u0259\u00fcz istiqam\u0259td\u0259 yerl\u0259\u015f\u0259n m\u00f6vqel\u0259ri \u00fcz\u0259rind\u0259 u\u00e7u\u015flar h\u0259yata ke\u00e7irm\u0259y\u0259 c\u0259hd g\u00f6st\u0259rib.<\/p>\n<p>Bu bar\u0259d\u0259 Az\u0259rbaycan M\u00fcdafi\u0259 Nazirliyi m\u0259lumat yay\u0131b.<\/p>\n<p>Az\u0259rbaycan Ordusunun b\u00f6lm\u0259l\u0259rinin say\u0131ql\u0131\u011f\u0131 n\u0259tic\u0259sind\u0259 kvadrokopter x\u00fcsusi texniki vasit\u0259l\u0259rl\u0259 endirilib.<\/p>\n<p>Erm\u0259nistan\u0131n s\u0259rh\u0259dd\u0259 k\u0259\u015ffiyyat u\u00e7u\u015flar\u0131 h\u0259yata ke\u00e7irm\u0259si onun Az\u0259rbaycan m\u00f6vqel\u0259rinin koordinatlar\u0131n\u0131 \u00e7\u0259km\u0259k, buna qar\u015f\u0131 t\u0259xribatlar t\u0259\u015fkil etm\u0259k haz\u0131rl\u0131qlar\u0131 kimi ba\u015fa d\u00fc\u015f\u00fcl\u0259 bil\u0259r.<\/p>\n<p>Ona g\u00f6r\u0259 d\u0259 s\u0259rh\u0259dd\u0259 m\u00fcmk\u00fcn t\u0259xribat ehtimallar\u0131 g\u00fccl\u0259nir, bu is\u0259 Az\u0259rbaycan-Erm\u0259nistan m\u00fcnasib\u0259tl\u0259rinin normalla\u015fmas\u0131 \u00fc\u00e7\u00fcn apar\u0131lan dan\u0131\u015f\u0131qlar, onun n\u0259tic\u0259l\u0259rini korlamaq c\u0259hdl\u0259rin\u0259 xidm\u0259t edir.<\/p>\n<p>Burada hans\u0131 aktorlar maraql\u0131d\u0131r \u2013 bu m\u00f6vzuda xeyli sayda yaz\u0131m\u0131z oldu\u011fundan biz m\u0259s\u0259l\u0259ni daha \u00e7ox h\u0259rbi kontekstd\u0259 izah etm\u0259y\u0259 \u00e7al\u0131\u015faca\u011f\u0131q.<\/p>\n<p>Az\u0259rbaycan s\u0259rh\u0259dl\u0259rin delimitasiyas\u0131 kontekstind\u0259 t\u0259rtib etdiyi c\u0259dv\u0259lin praktiki icras\u0131nda q\u0259tiyy\u0259tlidir, Erm\u0259nistan\u0131n add\u0131m\u0131n\u0131 h\u0259min plan\u0131 pozmaq kimi qiym\u0259tl\u0259ndirm\u0259k m\u00fcmk\u00fcnd\u00fcr.<\/p>\n<p>Az\u0259rbaycan s\u0259rh\u0259dl\u0259rinin t\u0259hl\u00fck\u0259sizliyini t\u0259min etm\u0259kd\u0259n \u00f6tr\u00fc prosesi Erm\u0259nistana m\u00fcnasib\u0259td\u0259 \u015f\u0259rti s\u0259rh\u0259d anlay\u0131\u015f\u0131ndan \u00e7\u0131xar\u0131b d\u0259qiq koordinatlar m\u00fcst\u0259visin\u0259 k\u00f6\u00e7\u00fcrm\u0259k \u00e7a\u011f\u0131r\u0131\u015flar\u0131n\u0131 h\u0259yata ke\u00e7irir.<\/p>\n<p>S\u0259rh\u0259dl\u0259rin diplomatik-siyasi yolla delimitasiyas\u0131na dair dan\u0131\u015f\u0131qlar Bak\u0131 \u00fc\u00e7\u00fcn ist\u0259nil\u0259n n\u0259tic\u0259ni verm\u0259y\u0259nd\u0259 o, t\u0259hl\u00fck\u0259sizlik zonas\u0131 yaratmaq \u00fc\u00e7\u00fcn s\u0259rh\u0259dd\u0259 h\u0259rbi m\u00f6hk\u0259ml\u0259nm\u0259 i\u015fl\u0259ri aparma\u011f\u0131 vacib say\u0131r.<\/p>\n<p>Dem\u0259li, Az\u0259rbaycan t\u0259hl\u00fck\u0259sizliyini xarici siyas\u0259t vasit\u0259l\u0259ri v\u0259 h\u0259rbi t\u0259tbiql\u0259ri bir \u0259ld\u0259 tutaraq t\u0259min edir.<\/p>\n<p>Bu, Az\u0259rbaycan\u0131n \u00fcmumi t\u0259hl\u00fck\u0259sizlik \u00e7a\u011f\u0131r\u0131\u015flar\u0131ndan ir\u0259li g\u0259l\u0259n prosedurlar\u0131n h\u0259yata ke\u00e7irilm\u0259sidir.<\/p>\n<p>Proses Az\u0259rbaycan\u0131n Erm\u0259nistanla s\u0259rh\u0259d boyunca \u0130r\u0259vandan t\u0259l\u0259b etdiyi bufer zonan\u0131n son n\u00f6qt\u0259sinin t\u0259minin\u0259 q\u0259d\u0259r davam ed\u0259 bil\u0259r.<\/p>\n<p>Bu, delimitasiya, Z\u0259ng\u0259zur d\u0259hlizi layih\u0259si v\u0259 Az\u0259rbaycan\u0131n g\u0259l\u0259c\u0259k t\u0259hl\u00fck\u0259sizliyi kontekstind\u0259 \u0259h\u0259miyy\u0259tli m\u0259qamd\u0131r. Erm\u0259nistan is\u0259 Az\u0259rbaycan\u0131n \u015f\u0259rt v\u0259 t\u0259l\u0259bl\u0259rini icra etm\u0259k \u00fc\u00e7\u00fcn davaml\u0131 h\u0259r\u0259k\u0259tliliyind\u0259 fasil\u0259 yaratma\u011f\u0131 planla\u015fd\u0131r\u0131r.<\/p>\n<p>Buna g\u00f6r\u0259 d\u0259 s\u0259rh\u0259dd\u0259 t\u0259xribatlara \u0259l ataraq Az\u0259rbaycan\u0131n artan diplomatik-siyasi v\u0259 h\u0259rbi t\u0259zyiql\u0259ri \u00f6n\u00fcnd\u0259 alternativ formala\u015fd\u0131rma\u011fa \u00e7al\u0131\u015f\u0131r.<\/p>\n<p>Lakin bunun n\u0259tic\u0259 ver\u0259c\u0259yini proqnozla\u015fd\u0131rmaq olmaz. \u00c7\u00fcnki Az\u0259rbaycan yeni silahlar\u0131n al\u0131nmas\u0131, Silahl\u0131 Q\u00fcvv\u0259l\u0259rin pe\u015f\u0259karl\u0131\u011f\u0131n\u0131n art\u0131r\u0131lmas\u0131, T\u00fcrkiy\u0259 il\u0259 strateji m\u00fctt\u0259fiqlikd\u0259n ir\u0259li g\u0259l\u0259n koordinasiyan\u0131n qurulmas\u0131 hesab\u0131na \u00f6z\u00fcn\u00fcn h\u0259rbi q\u00fcdr\u0259ti \u00fczr\u0259 indeksi art\u0131r\u0131r.<\/p>\n<p>Ona g\u00f6r\u0259 d\u0259 Erm\u0259nistan s\u0259rh\u0259dd\u0259 t\u0259xribatlar\u0131n\u0131 davaml\u0131 ets\u0259, Az\u0259rbaycan buna adekvat cavablar ver\u0259c\u0259k. Bununla da Bak\u0131 t\u0259hl\u00fck\u0259sizlik zonas\u0131 il\u0259 ba\u011fl\u0131 t\u0259l\u0259bini h\u0259rb g\u00fcc\u00fc il\u0259 t\u0259min ed\u0259 v\u0259 regionun konfiqurasiyas\u0131nda f\u0259rqli bir c\u0131\u011f\u0131r a\u00e7a bil\u0259r.<\/p>\n<p><img src=\"https:\/\/cdn.oxu.az\/uploads\/W1siZiIsIjIwMjMvMDgvMDcvMTcvMjEvMzMvNDg5Yjk0MzktMjk3Zi00MDc0LTllMjMtMzAyNjUyNDg0NzM1L19SVUYwODMwLmpwZyJdLFsicCIsImVuY29kZSIsImpwZyIsIi1xdWFsaXR5IDgwIl0sWyJwIiwidGh1bWIiLCI1OTB4NTkwXHUwMDNlIl1d?sha=59e68cf6b820d98d\" alt=\"\" \/><\/p>\n","protected":false},"excerpt":{"rendered":"<p>Avqustun 7-si saat 13:30-da Erm\u0259nistan silahl\u0131 q\u00fcvv\u0259l\u0259rin\u0259 m\u0259xsus \u201cDJI Mavic 3\u201d kvadrokopteri Az\u0259rbaycan Ordusunun Basarke\u00e7\u0259r rayonunun Zod istiqam\u0259ti il\u0259 \u00fczb\u0259\u00fcz istiqam\u0259td\u0259 yerl\u0259\u015f\u0259n m\u00f6vqel\u0259ri \u00fcz\u0259rind\u0259 u\u00e7u\u015flar h\u0259yata ke\u00e7irm\u0259y\u0259 c\u0259hd g\u00f6st\u0259rib. Bu bar\u0259d\u0259 Az\u0259rbaycan M\u00fcdafi\u0259 Nazirliyi m\u0259lumat yay\u0131b. Az\u0259rbaycan Ordusunun b\u00f6lm\u0259l\u0259rinin say\u0131ql\u0131\u011f\u0131 n\u0259tic\u0259sind\u0259 kvadrokopter x\u00fcsusi texniki vasit\u0259l\u0259rl\u0259 endirilib. Erm\u0259nistan\u0131n s\u0259rh\u0259dd\u0259 k\u0259\u015ffiyyat u\u00e7u\u015flar\u0131 h\u0259yata ke\u00e7irm\u0259si onun Az\u0259rbaycan m\u00f6vqel\u0259rinin koordinatlar\u0131n\u0131 \u00e7\u0259km\u0259k, buna qar\u015f\u0131 t\u0259xribatlar t\u0259\u015fkil etm\u0259k haz\u0131rl\u0131qlar\u0131 kimi ba\u015fa d\u00fc\u015f\u00fcl\u0259 bil\u0259r. Ona g\u00f6r\u0259 d\u0259 s\u0259rh\u0259dd\u0259 m\u00fcmk\u00fcn t\u0259xribat ehtimallar\u0131 g\u00fccl\u0259nir, bu is\u0259 Az\u0259rbaycan-Erm\u0259nistan m\u00fcnasib\u0259tl\u0259rinin normalla\u015fmas\u0131 \u00fc\u00e7\u00fcn apar\u0131lan dan\u0131\u015f\u0131qlar, onun n\u0259tic\u0259l\u0259rini korlamaq c\u0259hdl\u0259rin\u0259 xidm\u0259t edir. Burada&hellip;<\/p>\n","protected":false},"author":2,"featured_media":338828,"comment_status":"closed","ping_status":"closed","sticky":false,"template":"","format":"standard","meta":{"om_disable_all_campaigns":false,"_monsterinsights_skip_tracking":false,"_monsterinsights_sitenote_active":false,"_monsterinsights_sitenote_note":"","_monsterinsights_sitenote_category":0},"categories":[4],"tags":[],"aioseo_notices":[],"gutentor_comment":0,"rttpg_featured_image_url":{"full":["https:\/\/arantv.az\/wp-content\/uploads\/2021\/05\/esger_avtomat_01247.jpg",800,600,false],"landscape":["https:\/\/arantv.az\/wp-content\/uploads\/2021\/05\/esger_avtomat_01247.jpg",800,600,false],"portraits":["https:\/\/arantv.az\/wp-content\/uploads\/2021\/05\/esger_avtomat_01247.jpg",800,600,false],"thumbnail":["https:\/\/arantv.az\/wp-content\/uploads\/2021\/05\/esger_avtomat_01247-500x280.jpg",500,280,true],"medium":["https:\/\/arantv.az\/wp-content\/uploads\/2021\/05\/esger_avtomat_01247-487x365.jpg",487,365,true],"large":["https:\/\/arantv.az\/wp-content\/uploads\/2021\/05\/esger_avtomat_01247.jpg",640,480,false],"1536x1536":["https:\/\/arantv.az\/wp-content\/uploads\/2021\/05\/esger_avtomat_01247.jpg",800,600,false],"2048x2048":["https:\/\/arantv.az\/wp-content\/uploads\/2021\/05\/esger_avtomat_01247.jpg",800,600,false],"post-thumbnail":["https:\/\/arantv.az\/wp-content\/uploads\/2021\/05\/esger_avtomat_01247-240x172.jpg",240,172,true],"advps-thumb-one":["https:\/\/arantv.az\/wp-content\/uploads\/2021\/05\/esger_avtomat_01247.jpg",800,600,false]},"rttpg_author":{"display_name":"V\u00fcsal Rafiqo\u011flu","author_link":"https:\/\/arantv.az\/?author=2"},"rttpg_comment":0,"rttpg_category":"<a href=\"https:\/\/arantv.az\/?cat=4\" rel=\"category\">Siyas\u0259t<\/a>","rttpg_excerpt":"Avqustun 7-si saat 13:30-da Erm\u0259nistan silahl\u0131 q\u00fcvv\u0259l\u0259rin\u0259 m\u0259xsus \u201cDJI Mavic 3\u201d kvadrokopteri Az\u0259rbaycan Ordusunun Basarke\u00e7\u0259r rayonunun Zod istiqam\u0259ti il\u0259 \u00fczb\u0259\u00fcz istiqam\u0259td\u0259 yerl\u0259\u015f\u0259n m\u00f6vqel\u0259ri \u00fcz\u0259rind\u0259 u\u00e7u\u015flar h\u0259yata ke\u00e7irm\u0259y\u0259 c\u0259hd g\u00f6st\u0259rib. Bu bar\u0259d\u0259 Az\u0259rbaycan M\u00fcdafi\u0259 Nazirliyi m\u0259lumat yay\u0131b. Az\u0259rbaycan Ordusunun b\u00f6lm\u0259l\u0259rinin say\u0131ql\u0131\u011f\u0131 n\u0259tic\u0259sind\u0259 kvadrokopter x\u00fcsusi texniki vasit\u0259l\u0259rl\u0259 endirilib. Erm\u0259nistan\u0131n s\u0259rh\u0259dd\u0259 k\u0259\u015ffiyyat u\u00e7u\u015flar\u0131 h\u0259yata ke\u00e7irm\u0259si onun Az\u0259rbaycan m\u00f6vqel\u0259rinin&hellip;","_links":{"self":[{"href":"https:\/\/arantv.az\/index.php?rest_route=\/wp\/v2\/posts\/616714"}],"collection":[{"href":"https:\/\/arantv.az\/index.php?rest_route=\/wp\/v2\/posts"}],"about":[{"href":"https:\/\/arantv.az\/index.php?rest_route=\/wp\/v2\/types\/post"}],"author":[{"embeddable":true,"href":"https:\/\/arantv.az\/index.php?rest_route=\/wp\/v2\/users\/2"}],"replies":[{"embeddable":true,"href":"https:\/\/arantv.az\/index.php?rest_route=%2Fwp%2Fv2%2Fcomments&post=616714"}],"version-history":[{"count":0,"href":"https:\/\/arantv.az\/index.php?rest_route=\/wp\/v2\/posts\/616714\/revisions"}],"wp:featuredmedia":[{"embeddable":true,"href":"https:\/\/arantv.az\/index.php?rest_route=\/wp\/v2\/media\/338828"}],"wp:attachment":[{"href":"https:\/\/arantv.az\/index.php?rest_route=%2Fwp%2Fv2%2Fmedia&parent=616714"}],"wp:term":[{"taxonomy":"category","embeddable":true,"href":"https:\/\/arantv.az\/index.php?rest_route=%2Fwp%2Fv2%2Fcategories&post=616714"},{"taxonomy":"post_tag","embeddable":true,"href":"https:\/\/arantv.az\/index.php?rest_route=%2Fwp%2Fv2%2Ftags&post=616714"}],"curies":[{"name":"wp","href":"https:\/\/api.w.org\/{rel}","templated":true}]}}