{"id":616721,"date":"2023-08-07T21:00:19","date_gmt":"2023-08-07T17:00:19","guid":{"rendered":"https:\/\/arantv.az\/?p=616721"},"modified":"2023-08-07T21:00:19","modified_gmt":"2023-08-07T17:00:19","slug":"deputat-beyn%c9%99lxalq-t%c9%99skilatlar-30-il-boyunca-erm%c9%99nistanin-az%c9%99rbaycana-qarsi-cinay%c9%99tl%c9%99rin%c9%99-susublar-foto","status":"publish","type":"post","link":"https:\/\/arantv.az\/?p=616721","title":{"rendered":"Deputat: \u201cBeyn\u0259lxalq t\u0259\u015fkilatlar 30 il boyunca Erm\u0259nistan\u0131n Az\u0259rbaycana qar\u015f\u0131 cinay\u0259tl\u0259rin\u0259 susublar\u201d &#8211; FOTO"},"content":{"rendered":"<p>\u201cBir m\u00fcdd\u0259t \u00f6nc\u0259 Ukraynan\u0131n Kaxovka Su Elektrik Stansiyas\u0131n\u0131n b\u0259ndinin partlad\u0131lmas\u0131 d\u00fcnyada geni\u015f \u0259ks-s\u0259da do\u011frumu\u015fdu. H\u0259min vaxt beyn\u0259lxalq t\u0259\u015fkilatlar Kaxovkadak\u0131 f\u0259lak\u0259t\u0259 d\u0259rhal reaksiya vermi\u015fdi. T\u0259bii ki, bu, tamamil\u0259 normal idi. Anormal olan is\u0259 Q\u0259rbin hadis\u0259l\u0259r\u0259 ikili standartlardan yana\u015fmas\u0131n\u0131n n\u00f6vb\u0259ti d\u0259f\u0259 ortaya \u00e7\u0131xmas\u0131 idi. M\u0259s\u0259l\u0259 buras\u0131ndad\u0131r ki, Kaxovkaya g\u00f6r\u0259 d\u0259rhal aya\u011fa qalxan beyn\u0259lxalq birlik 30 il boyunca Erm\u0259nistan\u0131n Az\u0259rbaycana qar\u015f\u0131 h\u0259yata ke\u00e7irdiyi eyni cinay\u0259tl\u0259r\u0259, ekoloji terrora susqun yana\u015f\u0131b\u201d.<\/p>\n<p>Bunu\u00a0\u201cReport\u201da a\u00e7\u0131qlamas\u0131nda Milli M\u0259clisin deputat\u0131 V\u00fcqar \u0130sk\u0259nd\u0259rov deyib.<\/p>\n<p>Deputat Kaxovka olay\u0131n\u0131 he\u00e7 d\u0259 t\u0259sad\u00fcf\u0259n xat\u0131rlatmad\u0131\u011f\u0131n\u0131 bildirib:<\/p>\n<p>\u201cM\u0259s\u0259l\u0259 buras\u0131ndad\u0131r ki, m\u00fcharib\u0259d\u0259n \u0259vv\u0259l oldu\u011fu kimi, haz\u0131rda da Q\u0259rbin, b\u0259zi apar\u0131c\u0131 \u00f6lk\u0259 v\u0259 t\u0259\u015fkilatlar\u0131n Az\u0259rbaycana qar\u015f\u0131 ikili standartlardan yana\u015fmas\u0131 davam edir. \u018fslind\u0259, bunu ikili standartlardan daha \u00e7ox, iki\u00fczl\u00fc siyas\u0259t adland\u0131rmaq olar\u201d.<\/p>\n<p>V.\u0130sk\u0259nd\u0259rov qeyd edib ki, Q\u0259rb bu iki\u00fczl\u00fc siyas\u0259ti indi d\u0259 Erm\u0259nistan\u0131n yaratd\u0131\u011f\u0131 \u201chumanitar y\u00fck\u201d \u015fousu fonunda n\u00fcmayi\u015f etdirir:<\/p>\n<p>\u201cM\u0259n bu yerd\u0259 \u201cCaliber\u201din \u201cYoutube\u201d s\u0259hif\u0259sind\u0259 ged\u0259n materiala toxunmaq ist\u0259yir\u0259m. H\u0259min materialda da qeyd edildiyi kimi, Rusiya-Ukrayna m\u00fcnasib\u0259tl\u0259ri tarixind\u0259 avqustun 12-si \u00e7ox \u0259lam\u0259tdar hadis\u0259nin ba\u015f verdiyi g\u00fcn kimi yadda qal\u0131b. Bel\u0259 ki, 2014-c\u00fc ilin h\u0259min g\u00fcn\u00fc \u201chumanitar karvan\u201d\u0131n ilk partiyas\u0131 Rusiyadan Ukraynan\u0131n Donetsk v\u0259 Luqansk vilay\u0259tl\u0259rin\u0259 ke\u00e7ib.<\/p>\n<p>&nbsp;<\/p>\n<div class=\"gallery\">\n<div class=\"gallery-i\"><img src=\"https:\/\/cdn.oxu.az\/uploads\/W1siZiIsIjIwMjMvMDgvMDcvMTgvNTAvNTQvNTJmYzAyYjYtZWM4NS00YjQzLWFmYjQtZWNhZTNmYmY5ZThiLzY5NWFmYTZmLThiNzEtMzAyZC1iYjA2LTQ5MTU2ZDY2MDAyNC5qcGciXSxbInAiLCJlbmNvZGUiLCJqcGciLCItcXVhbGl0eSA4MCJdLFsicCIsInRodW1iIiwiNTkweDU5MFx1MDAzZSJdXQ?sha=900218c2383929a2\" alt=\"\" \/><\/p>\n<div class=\"gallery-i-caption\"><\/div>\n<\/div>\n<\/div>\n<p>Bu hadis\u0259d\u0259n s\u0259kkiz\u00a0g\u00fcn \u0259vv\u0259l is\u0259 Rusiyan\u0131n xarici i\u015fl\u0259r naziri Sergey Lavrov AT\u018fT, Avropa \u015euras\u0131, Beyn\u0259lxalq Q\u0131rm\u0131z\u0131 Xa\u00e7 Komit\u0259si (BQXK) v\u0259 BMT-y\u0259 m\u00fcnaqi\u015f\u0259 zonas\u0131na beyn\u0259lxalq humanitar missiyan\u0131n t\u0259\u015fkil edilm\u0259sin\u0259 dair r\u0259smi m\u00fcraci\u0259t \u00fcnvanlay\u0131b. O bildirmi\u015fdi ki, Rusiya d\u0259f\u0259l\u0259rl\u0259 F\u00f6vq\u0259lad\u0259 Hallar Nazirliyinin x\u0259tti il\u0259 humanitar yard\u0131m karvan\u0131 g\u00f6nd\u0259rm\u0259y\u0259 c\u0259hd g\u00f6st\u0259rib, lakin buna h\u0259r d\u0259f\u0259 Ukrayna hakimiyy\u0259ti t\u0259r\u0259find\u0259n imkan verilm\u0259yib. Materialda qeyd edilib ki, 2014-c\u00fc il avqustun 6-da Rusiyan\u0131n t\u0259\u015f\u0259bb\u00fcs\u00fc il\u0259 BMT T\u0259hl\u00fck\u0259sizlik \u015euras\u0131 Ukraynadak\u0131 humanitar v\u0259ziyy\u0259tl\u0259 ba\u011fl\u0131 t\u0259cili iclas ke\u00e7irib. O vaxt Rusiyan\u0131n BMT-d\u0259ki daimi n\u00fcmay\u0259nd\u0259si olan Vitali \u00c7urkin BQXK n\u00fcmay\u0259nd\u0259l\u0259rinin m\u00fc\u015fayi\u0259ti il\u0259 Donetsk v\u0259 Luqanska Rusiya humanitar karvanlar\u0131n\u0131n g\u00f6nd\u0259rilm\u0259si t\u0259klifini s\u0259sl\u0259ndirmi\u015fdi. Amma Ukrayna v\u0259 bir s\u0131ra Q\u0259rb \u00f6lk\u0259l\u0259ri &#8211; BMT T\u0259hl\u00fck\u0259sizlik \u015euras\u0131n\u0131n daimi \u00fczvl\u0259ri \u2013 bu t\u0259klifi d\u0259st\u0259kl\u0259m\u0259yibl\u0259r. X\u00fcsusil\u0259, AB\u015e-nin BMT-d\u0259ki daimi n\u00fcmay\u0259nd\u0259si Samanta Pauer vur\u011fulam\u0131\u015fd\u0131 ki, \u00f6lk\u0259si Rusiyan\u0131n Ukraynaya humanitar yard\u0131m \u00e7atd\u0131rmaqla ba\u011fl\u0131 birt\u0259r\u0259fli add\u0131m\u0131n\u0131 birba\u015fa i\u015f\u011fal kimi qiym\u0259tl\u0259ndir\u0259c\u0259k. O zaman AT\u018fT-in s\u0259dri olmu\u015f Didye Burkhalter is\u0259 s\u00f6yl\u0259yib ki, humanitar yard\u0131m Ukraynan\u0131n \u0259razi b\u00fct\u00f6vl\u00fcy\u00fcn\u0259 h\u00f6rm\u0259t edilm\u0259k \u015f\u0259rti il\u0259 \u00e7atd\u0131r\u0131lmal\u0131d\u0131r. Kanadal\u0131lar, h\u0259m\u00e7inin qeyd edibl\u0259r ki, Rusiya Ukraynan\u0131n suverenliyin\u0259 v\u0259 \u0259razi b\u00fct\u00f6vl\u00fcy\u00fcn\u0259 m\u0259h\u0259l qoymad\u0131\u011f\u0131n\u0131 bir daha n\u00fcmayi\u015f etdirir\u201d.<\/p>\n<p>Deputat qeyd edib ki, h\u0259min vaxt Rusiyan\u0131 Ukraynan\u0131n suverenliyin\u0259 v\u0259 \u0259razi b\u00fct\u00f6vl\u00fcy\u00fcn\u0259 m\u0259h\u0259l qoymamaqda g\u00fcnahland\u0131ran v\u0259 bununla ba\u011fl\u0131 ciddi etiraz ortaya qoyan Q\u0259rb doqquz il sonra eyni ssenarinin Qaraba\u011fda t\u0259krarlanmas\u0131 zaman\u0131 is\u0259 tamamil\u0259 ba\u015fqa c\u00fcr davran\u0131r:<\/p>\n<p>\u201cM\u0259s\u0259l\u0259 buras\u0131ndad\u0131r ki, Erm\u0259nistan haz\u0131rda doqquz il \u0259vv\u0259l Rusiyan\u0131n etdiyini t\u0259krarlay\u0131r. Y\u0259ni Rusiyan\u0131n rolunu oynay\u0131r. Bel\u0259 ki, bu \u00f6lk\u0259 Bak\u0131n\u0131n raz\u0131l\u0131\u011f\u0131 olmadan Az\u0259rbaycan regionuna m\u0259n\u015f\u0259yi b\u0259lli olmayan \u201chumanitar y\u00fckl\u0259r\u201d g\u00f6nd\u0259rm\u0259y\u0259 \u00e7al\u0131\u015f\u0131r. Erm\u0259nistan sanki bunu \u00f6z \u0259razisin\u0259 g\u00f6nd\u0259rir. Az\u0259rbaycan is\u0259 Ukrayna rolundad\u0131r. Amma hadis\u0259 eyni olsa da, Q\u0259rbin m\u00fcnasib\u0259ti f\u0259rqlidir. AB\u015e, Avropa \u0130ttifaq\u0131 \u00f6lk\u0259l\u0259ri doqquz il \u0259vv\u0259l Rusiyaya qar\u015f\u0131 s\u0259rgil\u0259dikl\u0259ri s\u0259rt davran\u0131\u015f\u0131 bu g\u00fcn ox\u015far \u0259m\u0259ll\u0259ri Qaraba\u011fda t\u00f6r\u0259tm\u0259k ist\u0259y\u0259n Erm\u0259nistana qar\u015f\u0131 s\u0259rgil\u0259mirl\u0259r. Halbuki, Az\u0259rbaycan m\u0259hz doqquz il \u0259vv\u0259l Ukraynan\u0131n etdiyi kimi, xarici konvoylar\u0131 \u00f6z regionuna yaln\u0131z laz\u0131m bildiyi mar\u015frut \u00fczr\u0259 buraxma\u011fa haz\u0131rd\u0131r. El\u0259 is\u0259 y\u00fckl\u0259rin h\u0259min \u0259raziy\u0259 nec\u0259 \u00e7atd\u0131r\u0131lmas\u0131n\u0131n sizin \u00fc\u00e7\u00fcn n\u0259 f\u0259rqi var? Eyni y\u00fck\u00fc Qaraba\u011fa, lakin Az\u0259rbaycan\u0131n siz\u0259 g\u00f6st\u0259r\u0259c\u0259yi yol v\u0259 milli qanunvericiliy\u0259 uy\u011fun g\u00f6mr\u00fck r\u0259smil\u0259\u015fdirilm\u0259si vasit\u0259sil\u0259 g\u00f6nd\u0259r\u0259 bil\u0259rsiniz. Siz doqquz il \u0259vv\u0259l Ukraynada m\u0259hz buna israr edirdiniz. B\u0259s, sizin yana\u015fmalar\u0131n\u0131z niy\u0259 q\u0259fl\u0259t\u0259n d\u0259yi\u015fib? \u018fslind\u0259, bu sual\u0131n cavab\u0131, y\u0259ni s\u0259b\u0259b h\u0259r k\u0259s\u0259 b\u0259llidir &#8211;\u00a0Q\u0259rbin iki\u00fczl\u00fc siyas\u0259ti\u201d.<\/p>\n","protected":false},"excerpt":{"rendered":"<p>\u201cBir m\u00fcdd\u0259t \u00f6nc\u0259 Ukraynan\u0131n Kaxovka Su Elektrik Stansiyas\u0131n\u0131n b\u0259ndinin partlad\u0131lmas\u0131 d\u00fcnyada geni\u015f \u0259ks-s\u0259da do\u011frumu\u015fdu. H\u0259min vaxt beyn\u0259lxalq t\u0259\u015fkilatlar Kaxovkadak\u0131 f\u0259lak\u0259t\u0259 d\u0259rhal reaksiya vermi\u015fdi. T\u0259bii ki, bu, tamamil\u0259 normal idi. Anormal olan is\u0259 Q\u0259rbin hadis\u0259l\u0259r\u0259 ikili standartlardan yana\u015fmas\u0131n\u0131n n\u00f6vb\u0259ti d\u0259f\u0259 ortaya \u00e7\u0131xmas\u0131 idi. M\u0259s\u0259l\u0259 buras\u0131ndad\u0131r ki, Kaxovkaya g\u00f6r\u0259 d\u0259rhal aya\u011fa qalxan beyn\u0259lxalq birlik 30 il boyunca Erm\u0259nistan\u0131n Az\u0259rbaycana qar\u015f\u0131 h\u0259yata ke\u00e7irdiyi eyni cinay\u0259tl\u0259r\u0259, ekoloji terrora susqun yana\u015f\u0131b\u201d. Bunu\u00a0\u201cReport\u201da a\u00e7\u0131qlamas\u0131nda Milli M\u0259clisin deputat\u0131 V\u00fcqar \u0130sk\u0259nd\u0259rov deyib. Deputat Kaxovka olay\u0131n\u0131 he\u00e7 d\u0259 t\u0259sad\u00fcf\u0259n xat\u0131rlatmad\u0131\u011f\u0131n\u0131 bildirib: \u201cM\u0259s\u0259l\u0259 buras\u0131ndad\u0131r ki, m\u00fcharib\u0259d\u0259n \u0259vv\u0259l oldu\u011fu kimi, haz\u0131rda&hellip;<\/p>\n","protected":false},"author":2,"featured_media":616724,"comment_status":"closed","ping_status":"closed","sticky":false,"template":"","format":"standard","meta":{"om_disable_all_campaigns":false,"_monsterinsights_skip_tracking":false,"_monsterinsights_sitenote_active":false,"_monsterinsights_sitenote_note":"","_monsterinsights_sitenote_category":0},"categories":[4],"tags":[],"aioseo_notices":[],"gutentor_comment":0,"rttpg_featured_image_url":{"full":["https:\/\/arantv.az\/wp-content\/uploads\/2023\/08\/402a7311-a303-350c-b171-ce84611cb14a_850.jpg",620,413,false],"landscape":["https:\/\/arantv.az\/wp-content\/uploads\/2023\/08\/402a7311-a303-350c-b171-ce84611cb14a_850.jpg",620,413,false],"portraits":["https:\/\/arantv.az\/wp-content\/uploads\/2023\/08\/402a7311-a303-350c-b171-ce84611cb14a_850.jpg",620,413,false],"thumbnail":["https:\/\/arantv.az\/wp-content\/uploads\/2023\/08\/402a7311-a303-350c-b171-ce84611cb14a_850-500x280.jpg",500,280,true],"medium":["https:\/\/arantv.az\/wp-content\/uploads\/2023\/08\/402a7311-a303-350c-b171-ce84611cb14a_850-548x365.jpg",548,365,true],"large":["https:\/\/arantv.az\/wp-content\/uploads\/2023\/08\/402a7311-a303-350c-b171-ce84611cb14a_850.jpg",620,413,false],"1536x1536":["https:\/\/arantv.az\/wp-content\/uploads\/2023\/08\/402a7311-a303-350c-b171-ce84611cb14a_850.jpg",620,413,false],"2048x2048":["https:\/\/arantv.az\/wp-content\/uploads\/2023\/08\/402a7311-a303-350c-b171-ce84611cb14a_850.jpg",620,413,false],"post-thumbnail":["https:\/\/arantv.az\/wp-content\/uploads\/2023\/08\/402a7311-a303-350c-b171-ce84611cb14a_850-240x172.jpg",240,172,true],"advps-thumb-one":["https:\/\/arantv.az\/wp-content\/uploads\/2023\/08\/402a7311-a303-350c-b171-ce84611cb14a_850.jpg",620,413,false]},"rttpg_author":{"display_name":"V\u00fcsal Rafiqo\u011flu","author_link":"https:\/\/arantv.az\/?author=2"},"rttpg_comment":0,"rttpg_category":"<a href=\"https:\/\/arantv.az\/?cat=4\" rel=\"category\">Siyas\u0259t<\/a>","rttpg_excerpt":"\u201cBir m\u00fcdd\u0259t \u00f6nc\u0259 Ukraynan\u0131n Kaxovka Su Elektrik Stansiyas\u0131n\u0131n b\u0259ndinin partlad\u0131lmas\u0131 d\u00fcnyada geni\u015f \u0259ks-s\u0259da do\u011frumu\u015fdu. H\u0259min vaxt beyn\u0259lxalq t\u0259\u015fkilatlar Kaxovkadak\u0131 f\u0259lak\u0259t\u0259 d\u0259rhal reaksiya vermi\u015fdi. T\u0259bii ki, bu, tamamil\u0259 normal idi. Anormal olan is\u0259 Q\u0259rbin hadis\u0259l\u0259r\u0259 ikili standartlardan yana\u015fmas\u0131n\u0131n n\u00f6vb\u0259ti d\u0259f\u0259 ortaya \u00e7\u0131xmas\u0131 idi. M\u0259s\u0259l\u0259 buras\u0131ndad\u0131r ki, Kaxovkaya g\u00f6r\u0259 d\u0259rhal aya\u011fa qalxan beyn\u0259lxalq birlik 30 il boyunca&hellip;","_links":{"self":[{"href":"https:\/\/arantv.az\/index.php?rest_route=\/wp\/v2\/posts\/616721"}],"collection":[{"href":"https:\/\/arantv.az\/index.php?rest_route=\/wp\/v2\/posts"}],"about":[{"href":"https:\/\/arantv.az\/index.php?rest_route=\/wp\/v2\/types\/post"}],"author":[{"embeddable":true,"href":"https:\/\/arantv.az\/index.php?rest_route=\/wp\/v2\/users\/2"}],"replies":[{"embeddable":true,"href":"https:\/\/arantv.az\/index.php?rest_route=%2Fwp%2Fv2%2Fcomments&post=616721"}],"version-history":[{"count":0,"href":"https:\/\/arantv.az\/index.php?rest_route=\/wp\/v2\/posts\/616721\/revisions"}],"wp:featuredmedia":[{"embeddable":true,"href":"https:\/\/arantv.az\/index.php?rest_route=\/wp\/v2\/media\/616724"}],"wp:attachment":[{"href":"https:\/\/arantv.az\/index.php?rest_route=%2Fwp%2Fv2%2Fmedia&parent=616721"}],"wp:term":[{"taxonomy":"category","embeddable":true,"href":"https:\/\/arantv.az\/index.php?rest_route=%2Fwp%2Fv2%2Fcategories&post=616721"},{"taxonomy":"post_tag","embeddable":true,"href":"https:\/\/arantv.az\/index.php?rest_route=%2Fwp%2Fv2%2Ftags&post=616721"}],"curies":[{"name":"wp","href":"https:\/\/api.w.org\/{rel}","templated":true}]}}