{"id":616844,"date":"2023-08-07T21:45:48","date_gmt":"2023-08-07T17:45:48","guid":{"rendered":"https:\/\/arantv.az\/?p=616844"},"modified":"2023-08-07T21:45:48","modified_gmt":"2023-08-07T17:45:48","slug":"%c9%99rdogan-turkiy%c9%99-feto-virusundan-t%c9%99mizl%c9%99n%c9%99n%c9%99d%c9%99k-mubariz%c9%99ni-davam-etdir%c9%99c%c9%99yik","status":"publish","type":"post","link":"https:\/\/arantv.az\/?p=616844","title":{"rendered":"\u018frdo\u011fan: \u201cT\u00fcrkiy\u0259 FET\u00d6 virusundan t\u0259mizl\u0259n\u0259n\u0259d\u0259k m\u00fcbariz\u0259ni davam etdir\u0259c\u0259yik\u201d"},"content":{"rendered":"<p>\u201cD\u00f6vl\u0259timiz FET\u00d6 virusundan t\u0259mizl\u0259n\u0259n\u0259d\u0259k onunla m\u00fcbariz\u0259ni davam etdir\u0259c\u0259yik\u201d.<\/p>\n<p>Bunu T\u00fcrkiy\u0259 Prezidenti R\u0259c\u0259b Tayyib \u018frdo\u011fan Nazirl\u0259r Kabinetinin 3,5 saat davam ed\u0259n iclas\u0131ndan sonra mediaya a\u00e7\u0131qlamas\u0131nda bildirib.<\/p>\n<p>O, \u00f6z \u00f6lk\u0259sinin inki\u015faf\u0131 \u00fc\u00e7\u00fcn \u00e7al\u0131\u015fan h\u0259r bir v\u0259t\u0259nda\u015fa s\u0259sl\u0259n\u0259r\u0259k deyib ki, insanlar kimi, d\u00f6vl\u0259tl\u0259r d\u0259 h\u0259yatlar\u0131nda dal\u011falanmalar ya\u015faya bil\u0259rl\u0259r.<\/p>\n<p>\u201c\u0130st\u0259r daxili, ist\u0259rs\u0259 d\u0259 regional b\u00f6hranlar kimi b\u0259zi probleml\u0259r m\u00fcv\u0259qq\u0259ti xarakter da\u015f\u0131y\u0131r. T\u00fcrkiy\u0259nin g\u00fcc\u00fc ke\u00e7mi\u015fl\u0259 m\u00fcqayis\u0259 olunmayacaq d\u0259r\u0259c\u0259d\u0259 b\u00f6y\u00fckd\u00fcr. Bu d\u00f6vrd\u0259 birlikd\u0259 qorumal\u0131 oldu\u011fumuz \u015fey mill\u0259tin ortaq d\u0259y\u0259rl\u0259ridir. Biz buna nail olanda he\u00e7 kim \u00f6n\u00fcm\u00fcz\u0259 mane ola bilm\u0259z. Qurumlar\u0131m\u0131z\u0131n i\u015find\u0259, sistemin f\u0259aliyy\u0259tind\u0259 h\u0259l\u0259 d\u0259 \u00e7at\u0131\u015fmazl\u0131qlar varm\u0131? \u0130ki \u0259lin barmaqlar\u0131 kimi s\u0131xsaq, ham\u0131s\u0131na qalib g\u0259l\u0259 bil\u0259rik. \u0130ndiy\u0259 q\u0259d\u0259r g\u00f6st\u0259rdikl\u0259ri s\u0259br\u0259 g\u00f6r\u0259 h\u0259r bir v\u0259t\u0259nda\u015f\u0131m\u0131za mill\u0259tim ad\u0131ndan minn\u0259tdarl\u0131\u011f\u0131m\u0131 bildirir\u0259m. Bu tarixi d\u00f6n\u00fc\u015f n\u00f6qt\u0259sini u\u011furla ba\u015fa vuraraq, T\u00fcrk \u0259srinin pill\u0259l\u0259rini birlikd\u0259 ataca\u011f\u0131q\u201d, &#8211; dey\u0259 \u018frdo\u011fan vur\u011fulay\u0131b.<\/p>\n","protected":false},"excerpt":{"rendered":"<p>\u201cD\u00f6vl\u0259timiz FET\u00d6 virusundan t\u0259mizl\u0259n\u0259n\u0259d\u0259k onunla m\u00fcbariz\u0259ni davam etdir\u0259c\u0259yik\u201d. Bunu T\u00fcrkiy\u0259 Prezidenti R\u0259c\u0259b Tayyib \u018frdo\u011fan Nazirl\u0259r Kabinetinin 3,5 saat davam ed\u0259n iclas\u0131ndan sonra mediaya a\u00e7\u0131qlamas\u0131nda bildirib. O, \u00f6z \u00f6lk\u0259sinin inki\u015faf\u0131 \u00fc\u00e7\u00fcn \u00e7al\u0131\u015fan h\u0259r bir v\u0259t\u0259nda\u015fa s\u0259sl\u0259n\u0259r\u0259k deyib ki, insanlar kimi, d\u00f6vl\u0259tl\u0259r d\u0259 h\u0259yatlar\u0131nda dal\u011falanmalar ya\u015faya bil\u0259rl\u0259r. \u201c\u0130st\u0259r daxili, ist\u0259rs\u0259 d\u0259 regional b\u00f6hranlar kimi b\u0259zi probleml\u0259r m\u00fcv\u0259qq\u0259ti xarakter da\u015f\u0131y\u0131r. T\u00fcrkiy\u0259nin g\u00fcc\u00fc ke\u00e7mi\u015fl\u0259 m\u00fcqayis\u0259 olunmayacaq d\u0259r\u0259c\u0259d\u0259 b\u00f6y\u00fckd\u00fcr. Bu d\u00f6vrd\u0259 birlikd\u0259 qorumal\u0131 oldu\u011fumuz \u015fey mill\u0259tin ortaq d\u0259y\u0259rl\u0259ridir. Biz buna nail olanda he\u00e7 kim \u00f6n\u00fcm\u00fcz\u0259 mane ola bilm\u0259z. Qurumlar\u0131m\u0131z\u0131n i\u015find\u0259, sistemin f\u0259aliyy\u0259tind\u0259 h\u0259l\u0259 d\u0259 \u00e7at\u0131\u015fmazl\u0131qlar&hellip;<\/p>\n","protected":false},"author":2,"featured_media":616845,"comment_status":"closed","ping_status":"closed","sticky":false,"template":"","format":"standard","meta":{"om_disable_all_campaigns":false,"_monsterinsights_skip_tracking":false,"_monsterinsights_sitenote_active":false,"_monsterinsights_sitenote_note":"","_monsterinsights_sitenote_category":0},"categories":[7],"tags":[],"aioseo_notices":[],"gutentor_comment":0,"rttpg_featured_image_url":{"full":["https:\/\/arantv.az\/wp-content\/uploads\/2023\/08\/z20qpohcvkmjwwiv33rrgnstj5v3229h.jpg",620,413,false],"landscape":["https:\/\/arantv.az\/wp-content\/uploads\/2023\/08\/z20qpohcvkmjwwiv33rrgnstj5v3229h.jpg",620,413,false],"portraits":["https:\/\/arantv.az\/wp-content\/uploads\/2023\/08\/z20qpohcvkmjwwiv33rrgnstj5v3229h.jpg",620,413,false],"thumbnail":["https:\/\/arantv.az\/wp-content\/uploads\/2023\/08\/z20qpohcvkmjwwiv33rrgnstj5v3229h-500x280.jpg",500,280,true],"medium":["https:\/\/arantv.az\/wp-content\/uploads\/2023\/08\/z20qpohcvkmjwwiv33rrgnstj5v3229h-548x365.jpg",548,365,true],"large":["https:\/\/arantv.az\/wp-content\/uploads\/2023\/08\/z20qpohcvkmjwwiv33rrgnstj5v3229h.jpg",620,413,false],"1536x1536":["https:\/\/arantv.az\/wp-content\/uploads\/2023\/08\/z20qpohcvkmjwwiv33rrgnstj5v3229h.jpg",620,413,false],"2048x2048":["https:\/\/arantv.az\/wp-content\/uploads\/2023\/08\/z20qpohcvkmjwwiv33rrgnstj5v3229h.jpg",620,413,false],"post-thumbnail":["https:\/\/arantv.az\/wp-content\/uploads\/2023\/08\/z20qpohcvkmjwwiv33rrgnstj5v3229h-240x172.jpg",240,172,true],"advps-thumb-one":["https:\/\/arantv.az\/wp-content\/uploads\/2023\/08\/z20qpohcvkmjwwiv33rrgnstj5v3229h.jpg",620,413,false]},"rttpg_author":{"display_name":"V\u00fcsal Rafiqo\u011flu","author_link":"https:\/\/arantv.az\/?author=2"},"rttpg_comment":0,"rttpg_category":"<a href=\"https:\/\/arantv.az\/?cat=7\" rel=\"category\">D\u00fcnya<\/a>","rttpg_excerpt":"\u201cD\u00f6vl\u0259timiz FET\u00d6 virusundan t\u0259mizl\u0259n\u0259n\u0259d\u0259k onunla m\u00fcbariz\u0259ni davam etdir\u0259c\u0259yik\u201d. Bunu T\u00fcrkiy\u0259 Prezidenti R\u0259c\u0259b Tayyib \u018frdo\u011fan Nazirl\u0259r Kabinetinin 3,5 saat davam ed\u0259n iclas\u0131ndan sonra mediaya a\u00e7\u0131qlamas\u0131nda bildirib. O, \u00f6z \u00f6lk\u0259sinin inki\u015faf\u0131 \u00fc\u00e7\u00fcn \u00e7al\u0131\u015fan h\u0259r bir v\u0259t\u0259nda\u015fa s\u0259sl\u0259n\u0259r\u0259k deyib ki, insanlar kimi, d\u00f6vl\u0259tl\u0259r d\u0259 h\u0259yatlar\u0131nda dal\u011falanmalar ya\u015faya bil\u0259rl\u0259r. \u201c\u0130st\u0259r daxili, ist\u0259rs\u0259 d\u0259 regional b\u00f6hranlar kimi b\u0259zi probleml\u0259r m\u00fcv\u0259qq\u0259ti&hellip;","_links":{"self":[{"href":"https:\/\/arantv.az\/index.php?rest_route=\/wp\/v2\/posts\/616844"}],"collection":[{"href":"https:\/\/arantv.az\/index.php?rest_route=\/wp\/v2\/posts"}],"about":[{"href":"https:\/\/arantv.az\/index.php?rest_route=\/wp\/v2\/types\/post"}],"author":[{"embeddable":true,"href":"https:\/\/arantv.az\/index.php?rest_route=\/wp\/v2\/users\/2"}],"replies":[{"embeddable":true,"href":"https:\/\/arantv.az\/index.php?rest_route=%2Fwp%2Fv2%2Fcomments&post=616844"}],"version-history":[{"count":0,"href":"https:\/\/arantv.az\/index.php?rest_route=\/wp\/v2\/posts\/616844\/revisions"}],"wp:featuredmedia":[{"embeddable":true,"href":"https:\/\/arantv.az\/index.php?rest_route=\/wp\/v2\/media\/616845"}],"wp:attachment":[{"href":"https:\/\/arantv.az\/index.php?rest_route=%2Fwp%2Fv2%2Fmedia&parent=616844"}],"wp:term":[{"taxonomy":"category","embeddable":true,"href":"https:\/\/arantv.az\/index.php?rest_route=%2Fwp%2Fv2%2Fcategories&post=616844"},{"taxonomy":"post_tag","embeddable":true,"href":"https:\/\/arantv.az\/index.php?rest_route=%2Fwp%2Fv2%2Ftags&post=616844"}],"curies":[{"name":"wp","href":"https:\/\/api.w.org\/{rel}","templated":true}]}}