{"id":616860,"date":"2023-08-07T22:15:33","date_gmt":"2023-08-07T18:15:33","guid":{"rendered":"https:\/\/arantv.az\/?p=616860"},"modified":"2023-08-07T22:15:33","modified_gmt":"2023-08-07T18:15:33","slug":"autizmli-v%c9%99-dig%c9%99r-f%c9%99rqlilikl%c9%99ri-olan-usaqlara-diqq%c9%99t-c%c9%99km%c9%99k-m%c9%99qs%c9%99di-il%c9%99-carx-hazirlandi-video","status":"publish","type":"post","link":"https:\/\/arantv.az\/?p=616860","title":{"rendered":"Autizmli v\u0259 dig\u0259r f\u0259rqlilikl\u0259ri olan u\u015faqlara diqq\u0259t \u00e7\u0259km\u0259k m\u0259qs\u0259di il\u0259 \u00e7arx haz\u0131rland\u0131 &#8211; V\u0130DEO"},"content":{"rendered":"<article class=\"news\">\n<div class=\"news-inner\">\n<p>Autizmli v\u0259 dig\u0259r f\u0259rqlilikl\u0259ri olan u\u015faqlara diqq\u0259t \u00e7\u0259km\u0259k m\u0259qs\u0259di il\u0259 video \u00e7arx haz\u0131rlan\u0131b.<\/p>\n<p>Bak\u0131 \u015f\u0259h\u0259r D\u00f6vl\u0259t Yol Polisi \u0130dar\u0259sinin ba\u015f inspektoru, polis mayoru Araz \u018fsg\u0259rli\u00a0<strong>Oxu.Az<\/strong>-a bildirib ki, onlar\u0131n c\u0259miyy\u0259timizin ayr\u0131lmaz hiss\u0259si olduqlar\u0131n\u0131 daim hiss etdirm\u0259k, \u00fcmumilikd\u0259 inkuliziv h\u0259yat\u0131n el\u0259c\u0259d\u0259 bu m\u0259qs\u0259dl\u0259 h\u0259r bir \u015f\u0259xs \u00fc\u00e7\u00fcn\u00a0\u0259h\u0259miyy\u0259ti b\u00f6y\u00fck m\u0259na da\u015f\u0131yan yol h\u0259r\u0259k\u0259ti qaydalar\u0131 v\u0259 t\u0259hl\u00fck\u0259sizliyinin t\u0259bli\u011f bax\u0131m\u0131ndan haz\u0131rlanm\u0131\u015f sosial \u00e7arx\u00a0ictimaiyy\u0259tin diqq\u0259tin\u0259 t\u0259qdim edilib.<\/p>\n<div><iframe loading=\"lazy\" src=\"https:\/\/baku.tv\/embed\/92921\" width=\"560\" height=\"315\" frameborder=\"0\" allowfullscreen=\"allowfullscreen\" data-mce-fragment=\"1\"><\/iframe><\/div>\n<\/div>\n<\/article>\n","protected":false},"excerpt":{"rendered":"<p>Autizmli v\u0259 dig\u0259r f\u0259rqlilikl\u0259ri olan u\u015faqlara diqq\u0259t \u00e7\u0259km\u0259k m\u0259qs\u0259di il\u0259 video \u00e7arx haz\u0131rlan\u0131b. Bak\u0131 \u015f\u0259h\u0259r D\u00f6vl\u0259t Yol Polisi \u0130dar\u0259sinin ba\u015f inspektoru, polis mayoru Araz \u018fsg\u0259rli\u00a0Oxu.Az-a bildirib ki, onlar\u0131n c\u0259miyy\u0259timizin ayr\u0131lmaz hiss\u0259si olduqlar\u0131n\u0131 daim hiss etdirm\u0259k, \u00fcmumilikd\u0259 inkuliziv h\u0259yat\u0131n el\u0259c\u0259d\u0259 bu m\u0259qs\u0259dl\u0259 h\u0259r bir \u015f\u0259xs \u00fc\u00e7\u00fcn\u00a0\u0259h\u0259miyy\u0259ti b\u00f6y\u00fck m\u0259na da\u015f\u0131yan yol h\u0259r\u0259k\u0259ti qaydalar\u0131 v\u0259 t\u0259hl\u00fck\u0259sizliyinin t\u0259bli\u011f bax\u0131m\u0131ndan haz\u0131rlanm\u0131\u015f sosial \u00e7arx\u00a0ictimaiyy\u0259tin diqq\u0259tin\u0259 t\u0259qdim edilib.<\/p>\n","protected":false},"author":2,"featured_media":616861,"comment_status":"closed","ping_status":"closed","sticky":false,"template":"","format":"standard","meta":{"om_disable_all_campaigns":false,"_monsterinsights_skip_tracking":false,"_monsterinsights_sitenote_active":false,"_monsterinsights_sitenote_note":"","_monsterinsights_sitenote_category":0},"categories":[1],"tags":[],"aioseo_notices":[],"gutentor_comment":0,"rttpg_featured_image_url":{"full":["https:\/\/arantv.az\/wp-content\/uploads\/2023\/08\/Screenshot-2023-08-07-213702.jpg",620,413,false],"landscape":["https:\/\/arantv.az\/wp-content\/uploads\/2023\/08\/Screenshot-2023-08-07-213702.jpg",620,413,false],"portraits":["https:\/\/arantv.az\/wp-content\/uploads\/2023\/08\/Screenshot-2023-08-07-213702.jpg",620,413,false],"thumbnail":["https:\/\/arantv.az\/wp-content\/uploads\/2023\/08\/Screenshot-2023-08-07-213702-500x280.jpg",500,280,true],"medium":["https:\/\/arantv.az\/wp-content\/uploads\/2023\/08\/Screenshot-2023-08-07-213702-548x365.jpg",548,365,true],"large":["https:\/\/arantv.az\/wp-content\/uploads\/2023\/08\/Screenshot-2023-08-07-213702.jpg",620,413,false],"1536x1536":["https:\/\/arantv.az\/wp-content\/uploads\/2023\/08\/Screenshot-2023-08-07-213702.jpg",620,413,false],"2048x2048":["https:\/\/arantv.az\/wp-content\/uploads\/2023\/08\/Screenshot-2023-08-07-213702.jpg",620,413,false],"post-thumbnail":["https:\/\/arantv.az\/wp-content\/uploads\/2023\/08\/Screenshot-2023-08-07-213702-240x172.jpg",240,172,true],"advps-thumb-one":["https:\/\/arantv.az\/wp-content\/uploads\/2023\/08\/Screenshot-2023-08-07-213702.jpg",620,413,false]},"rttpg_author":{"display_name":"V\u00fcsal Rafiqo\u011flu","author_link":"https:\/\/arantv.az\/?author=2"},"rttpg_comment":0,"rttpg_category":"<a href=\"https:\/\/arantv.az\/?cat=1\" rel=\"category\">C\u0259miyy\u0259t<\/a>","rttpg_excerpt":"Autizmli v\u0259 dig\u0259r f\u0259rqlilikl\u0259ri olan u\u015faqlara diqq\u0259t \u00e7\u0259km\u0259k m\u0259qs\u0259di il\u0259 video \u00e7arx haz\u0131rlan\u0131b. Bak\u0131 \u015f\u0259h\u0259r D\u00f6vl\u0259t Yol Polisi \u0130dar\u0259sinin ba\u015f inspektoru, polis mayoru Araz \u018fsg\u0259rli\u00a0Oxu.Az-a bildirib ki, onlar\u0131n c\u0259miyy\u0259timizin ayr\u0131lmaz hiss\u0259si olduqlar\u0131n\u0131 daim hiss etdirm\u0259k, \u00fcmumilikd\u0259 inkuliziv h\u0259yat\u0131n el\u0259c\u0259d\u0259 bu m\u0259qs\u0259dl\u0259 h\u0259r bir \u015f\u0259xs \u00fc\u00e7\u00fcn\u00a0\u0259h\u0259miyy\u0259ti b\u00f6y\u00fck m\u0259na da\u015f\u0131yan yol h\u0259r\u0259k\u0259ti qaydalar\u0131 v\u0259 t\u0259hl\u00fck\u0259sizliyinin t\u0259bli\u011f bax\u0131m\u0131ndan&hellip;","_links":{"self":[{"href":"https:\/\/arantv.az\/index.php?rest_route=\/wp\/v2\/posts\/616860"}],"collection":[{"href":"https:\/\/arantv.az\/index.php?rest_route=\/wp\/v2\/posts"}],"about":[{"href":"https:\/\/arantv.az\/index.php?rest_route=\/wp\/v2\/types\/post"}],"author":[{"embeddable":true,"href":"https:\/\/arantv.az\/index.php?rest_route=\/wp\/v2\/users\/2"}],"replies":[{"embeddable":true,"href":"https:\/\/arantv.az\/index.php?rest_route=%2Fwp%2Fv2%2Fcomments&post=616860"}],"version-history":[{"count":0,"href":"https:\/\/arantv.az\/index.php?rest_route=\/wp\/v2\/posts\/616860\/revisions"}],"wp:featuredmedia":[{"embeddable":true,"href":"https:\/\/arantv.az\/index.php?rest_route=\/wp\/v2\/media\/616861"}],"wp:attachment":[{"href":"https:\/\/arantv.az\/index.php?rest_route=%2Fwp%2Fv2%2Fmedia&parent=616860"}],"wp:term":[{"taxonomy":"category","embeddable":true,"href":"https:\/\/arantv.az\/index.php?rest_route=%2Fwp%2Fv2%2Fcategories&post=616860"},{"taxonomy":"post_tag","embeddable":true,"href":"https:\/\/arantv.az\/index.php?rest_route=%2Fwp%2Fv2%2Ftags&post=616860"}],"curies":[{"name":"wp","href":"https:\/\/api.w.org\/{rel}","templated":true}]}}