{"id":616866,"date":"2023-08-07T22:19:45","date_gmt":"2023-08-07T18:19:45","guid":{"rendered":"https:\/\/arantv.az\/?p=616866"},"modified":"2023-08-07T22:19:45","modified_gmt":"2023-08-07T18:19:45","slug":"xosb%c9%99xtlik-hissl%c9%99ri","status":"publish","type":"post","link":"https:\/\/arantv.az\/?p=616866","title":{"rendered":"Xo\u015fb\u0259xtlik hissl\u0259ri\u2026"},"content":{"rendered":"<p><em><strong>Soyda\u015flar\u0131m\u0131z\u0131n m\u0259rh\u0259l\u0259li \u015f\u0259kild\u0259 do\u011fma yurd-yuvalar\u0131na qay\u0131d\u0131\u015f\u0131 bu reall\u0131\u011f\u0131n t\u0259qdimat\u0131d\u0131r ki, art\u0131q qurub-yaratmaq vaxt\u0131d\u0131r<\/strong><\/em><\/p>\n<p>44 g\u00fcnl\u00fck \u0130kinci Qaraba\u011f m\u00fcharib\u0259sind\u0259 tarixi Z\u0259f\u0259rimizd\u0259n \u00f6t\u0259n h\u0259r g\u00fcn Az\u0259rbaycan\u0131n \u00e7ox\u0259srlik tarixinin u\u011fur s\u0259hif\u0259l\u0259rinin z\u0259nginl\u0259\u015fm\u0259si il\u0259 m\u00fc\u015fayi\u0259t olunur. \u00a030 il\u0259 yax\u0131n d\u00f6vr\u00fcn nisgilin\u0259, ac\u0131s\u0131na, torpaq h\u0259sr\u0259tin\u0259 son qoyularaq i\u015f\u011faldan azad edilmi\u015f torpaqlar\u0131m\u0131zda yeni h\u0259yat\u0131n ba\u015flanmas\u0131ndan b\u00f6y\u00fck q\u00fcrur hissi il\u0259 dan\u0131\u015f\u0131l\u0131r. D\u00f6vl\u0259t ba\u015f\u00e7\u0131s\u0131, M\u00fcz\u0259ff\u0259r Ali Ba\u015f Komandan \u0130lham \u018fliyevin 10 noyabr 2020-ci il tarixli \u00a0\u00fc\u00e7t\u0259r\u0259fli B\u0259yanat\u0131n imzalanmas\u0131ndan d\u0259rhal sonra i\u015f\u011faldan azad edilmi\u015f torpaqlar\u0131m\u0131za ard\u0131c\u0131l s\u0259f\u0259rl\u0259ri art\u0131q \u00a0 Qaraba\u011f m\u00fcnaqi\u015f\u0259sinin tarix\u0259 qovu\u015fdu\u011funun, torpaqlar\u0131m\u0131z\u0131n \u00f6z sahibin\u0259 qay\u0131td\u0131\u011f\u0131n\u0131n t\u0259qdimat\u0131 oldu. H\u0259r bir s\u0259f\u0259r bu \u0259razil\u0259rin, eyni zamanda, onlar\u0131n sakinl\u0259rinin h\u0259yat\u0131nda sevincli an, tarixi hadis\u0259 kimi d\u0259y\u0259rl\u0259ndirilir. \u00c7\u00fcnki b\u0259rpa-quruculuq i\u015fl\u0259ri il\u0259 paralel olaraq soyda\u015flar\u0131m\u0131z\u0131n \u00f6z do\u011fma yurd-yuvalar\u0131na\u00a0 B\u00f6y\u00fck Qay\u0131d\u0131\u015f\u0131\u00a0\u00a0 m\u00fc\u015fahid\u0259 olunur.<\/p>\n<p><img src=\"https:\/\/ikisahil.az\/upload\/\/2023\/08\/07\/\/-a3a3e8b3169142131058861939110357436.jpg\" alt=\"\" \/><\/p>\n<p>Onu da qeyd ed\u0259k ki, i\u015f\u011faldan azad edilmi\u015f torpaqlar\u0131m\u0131z \u00aba\u011f\u0131ll\u0131 \u015f\u0259h\u0259r\u00bb v\u0259 \u00aba\u011f\u0131ll\u0131 k\u0259nd\u00bb layih\u0259l\u0259ri \u00e7\u0259r\u00e7iv\u0259sind\u0259 yenid\u0259n qurulur v\u0259 bu torpaqlarda soyda\u015flar\u0131m\u0131z\u0131n g\u0259l\u0259c\u0259kd\u0259 daha rahat ya\u015fay\u0131\u015f\u0131 \u00fc\u00e7\u00fcn z\u0259ruri olan \u015f\u0259rait yarad\u0131l\u0131r. \u00abA\u011f\u0131ll\u0131 k\u0259nd\u00bb layih\u0259sinin ilk qona\u011f\u0131 olan Z\u0259ngilan\u0131n A\u011fal\u0131 k\u0259ndi \u00f6t\u0259n il sakinl\u0259rini qar\u015f\u0131lad\u0131. \u00d6z do\u011fma yurd-yuvalar\u0131na qay\u0131dan soyda\u015flar\u0131m\u0131z ke\u00e7irdikl\u0259ri sevinc hissini ifad\u0259 etm\u0259kd\u0259 \u00e7\u0259tinlik \u00e7\u0259kirl\u0259r. \u00c7\u00fcnki bu\u00a0 xo\u015f an\u0131 onlar 30 il\u0259 yax\u0131n d\u00f6vrd\u0259 s\u0259birsizlikl\u0259 g\u00f6zl\u0259dil\u0259r. Amma he\u00e7 zaman \u00fcmidl\u0259rini itirm\u0259dil\u0259r. Xalq\u0131m\u0131z tam \u0259min idi ki, d\u00f6vl\u0259timizin q\u0259tiyy\u0259ti, u\u011furla h\u0259yata ke\u00e7irdiyi siyas\u0259t n\u0259tic\u0259sind\u0259 torpaqlar\u0131m\u0131z i\u015f\u011faldan azad edil\u0259c\u0259k, soyda\u015flar\u0131m\u0131z\u0131n do\u011fma yurd-yuvalar\u0131na qay\u0131d\u0131\u015f\u0131, pozulmu\u015f h\u00fcquqlar\u0131n\u0131n b\u0259rpas\u0131 t\u0259min olunacaq. D\u00f6vl\u0259t ba\u015f\u00e7\u0131s\u0131 \u0130lham \u018fliyev m\u00fcsahib\u0259l\u0259rind\u0259\u00a0 \u00ab\u0130ndi Siz h\u0259min ke\u00e7mi\u015f m\u0259cburi k\u00f6\u00e7k\u00fcnl\u0259rin \u00f6z do\u011fma torpaqlar\u0131na qay\u0131td\u0131\u011f\u0131n\u0131 g\u00f6r\u0259rk\u0259n hans\u0131 hissl\u0259ri ke\u00e7irirsiniz\u00bb sual\u0131na cavab\u0131 h\u0259r birimizd\u0259 b\u00f6y\u00fck q\u00fcrur hissi yarad\u0131r. D\u00f6vl\u0259t ba\u015f\u00e7\u0131s\u0131 \u00abXo\u015fb\u0259xtlik hissl\u0259ri\u00bb s\u00f6yl\u0259y\u0259r\u0259k onu da \u0259lav\u0259 edir ki, m\u0259n onlar q\u0259d\u0259r xo\u015fb\u0259xt\u0259m, y\u0259ni onlardan f\u0259rql\u0259nmir\u0259m: \u00ab\u00c7\u00fcnki onlar\u0131 orada g\u00f6rm\u0259k, g\u00f6zl\u0259rini g\u00f6rm\u0259k, onlar\u0131n sevincini g\u00f6rm\u0259k, do\u011furdan da b\u00f6y\u00fck xo\u015fb\u0259xtlikdir, h\u0259ddind\u0259n b\u00f6y\u00fck xo\u015fb\u0259xtlikdir. \u018flb\u0259tt\u0259, ist\u0259yir\u0259m ki, tezlikl\u0259 b\u00fct\u00fcn ke\u00e7mi\u015f k\u00f6\u00e7k\u00fcnl\u0259r qay\u0131ts\u0131nlar d\u0259d\u0259-baba torpaqlar\u0131na v\u0259 biz \u0259limizd\u0259n g\u0259l\u0259ni ed\u0259c\u0259yik ki, bunu tezl\u0259\u015fdir\u0259k.\u00bb<\/p>\n<p>C\u0259nab \u0130lham \u018fliyevin inam\u0131na s\u00f6yk\u0259n\u0259r\u0259k bu h\u0259d\u0259fi yada salmaq ist\u0259rdik ki, d\u00f6vl\u0259t ba\u015f\u00e7\u0131s\u0131 cari ilin \u0259vv\u0259lind\u0259 h\u0259d\u0259fl\u0259ri a\u00e7\u0131qlayark\u0259n ilin \u00a0sonuna q\u0259d\u0259r la\u00e7\u0131nl\u0131lar\u0131n birinci qrupunun La\u00e7\u0131n \u015f\u0259h\u0259rin\u0259 yerl\u0259\u015fdiril\u0259c\u0259yini bildirmi\u015fdir. O da qeyd edilmi\u015fdir \u00a0ki,\u00a0 Zabux v\u0259 Sus k\u0259ndl\u0259rind\u0259 d\u0259\u00a0 200-d\u0259n \u00e7ox ail\u0259 m\u0259skunla\u015facaq. Bu h\u0259d\u0259f\u0259 uy\u011fun olaraq reall\u0131\u011fa \u00e7evril\u0259n bu m\u0259qam\u0131 b\u00f6y\u00fck q\u00fcrur hissi il\u0259 qeyd edirik ki, art\u0131q la\u00e7\u0131nl\u0131lar\u0131n birinci qrupu \u00a028 May-M\u00fcst\u0259qillik G\u00fcn\u00fcnd\u0259 \u00f6z do\u011fma torpaqlar\u0131na qovu\u015fdu. D\u00f6vl\u0259t ba\u015f\u00e7\u0131s\u0131 \u0130lham \u018fliyev \u00a0La\u00e7\u0131n \u015f\u0259h\u0259rin\u0259 qay\u0131dan \u0259hali il\u0259 g\u00f6r\u00fc\u015fd\u00fc, evl\u0259rin a\u00e7arlar\u0131n\u0131 onlara t\u0259qdim etdi. H\u0259min m\u0259rasimd\u0259 \u00f6lk\u0259 Prezidenti bu xat\u0131rlatman\u0131 etmi\u015fdir: \u00abM\u0259n d\u0259f\u0259l\u0259rl\u0259 h\u0259m La\u00e7\u0131ndan, h\u0259m d\u0259 o vaxt i\u015f\u011fal edilmi\u015f dig\u0259r rayonlardan k\u00f6\u00e7k\u00fcnl\u0259rl\u0259 g\u00f6r\u00fc\u015f\u0259nd\u0259 onlara \u00fcr\u0259k-dir\u0259k verirdim deyirdim ki, qay\u0131daca\u011f\u0131q, qay\u0131daca\u011f\u0131q! G\u00f6r\u00fcrd\u00fcm ki, son vaxtlar \u00fcmidl\u0259r bir az s\u0259ngiyir, bu da t\u0259biidir. Y\u0259ni, 30 il\u0259 yax\u0131n. Bunu anlamaq olar. Amma dey\u0259 bilmirdim ki, n\u0259 vaxt qay\u0131daca\u011f\u0131q. Nec\u0259 dey\u0259 bil\u0259rdim? Amma bilirdim ki, qay\u0131daca\u011f\u0131q v\u0259 \u0259g\u0259r indi 11 il bundan \u0259vv\u0259lki g\u00f6r\u00fc\u015f\u00fcn videoyaz\u0131s\u0131na baxsan\u0131z, g\u00f6r\u0259rsiniz demi\u015fdim ki, qay\u0131daca\u011f\u0131q v\u0259 La\u00e7\u0131nda daha g\u00f6z\u0259l evl\u0259r tikil\u0259c\u0259k. Bax, bel\u0259 d\u0259 oldu. Ona g\u00f6r\u0259 sizin \u00fc\u00e7\u00fcn v\u0259 sizin kimi ke\u00e7mi\u015f k\u00f6\u00e7k\u00fcnl\u0259r \u00fc\u00e7\u00fcn \u015f\u0259rait \u0259n yax\u015f\u0131 olmal\u0131d\u0131r, \u0259n g\u00f6z\u0259l olmal\u0131d\u0131r ki, siz uzun \u0259zabl\u0131 ill\u0259rd\u0259n sonra burada rahat ya\u015fayas\u0131n\u0131z. Biz \u00e7al\u0131\u015faca\u011f\u0131q ki, bunu bundan sonra da t\u0259min ed\u0259k.\u00bb<\/p>\n<p>Qeyd etdiyimiz kimi, \u00f6t\u0259n il Z\u0259ngilan\u0131n A\u011fal\u0131 v\u0259 T\u0259rt\u0259r rayonunun Tal\u0131\u015f k\u0259ndl\u0259rin\u0259 qay\u0131d\u0131\u015f ger\u00e7\u0259kl\u0259\u015fdi. Bu il bu sevinci ya\u015fayanlar s\u0131ras\u0131na la\u00e7\u0131nl\u0131lar da daxil oldu. La\u00e7\u0131n \u015f\u0259h\u0259rin\u0259 m\u0259rh\u0259l\u0259li \u015f\u0259kild\u0259 qay\u0131d\u0131\u015f h\u0259l\u0259 davam edir. D\u00f6vl\u0259t ba\u015f\u00e7\u0131s\u0131 \u0130lham \u018fliyevin postm\u00fcnaqi\u015f\u0259 d\u00f6vr\u00fcn\u00fcn reall\u0131qlar\u0131 fonunda\u00a0 a\u00e7\u0131qlad\u0131\u011f\u0131 h\u0259d\u0259fl\u0259r s\u0131ras\u0131nda bu m\u00fch\u00fcm m\u0259qam da x\u00fcsusi yer tutur ki, \u00a0\u015eu\u015fada, A\u011fdamda, F\u00fczulid\u0259, Z\u0259ngilanda \u00e7oxm\u0259rt\u0259b\u0259li evl\u0259rin tikintisin\u0259\u00a0 ba\u015flan\u0131l\u0131b. Bir ne\u00e7\u0259 k\u0259ndin t\u0259m\u0259li qoyulub. Y\u0259ni 2023-c\u00fc il art\u0131q B\u00f6y\u00fck Qay\u0131d\u0131\u015f\u0131n ilk add\u0131mlar\u0131ndan biri olacaq: \u00ab\u018flb\u0259tt\u0259, A\u011fal\u0131 k\u0259ndi birinci add\u0131m idi. Amma biz bu il bunu, in\u015fallah, daha k\u00fctl\u0259vi sur\u0259td\u0259 g\u00f6r\u0259c\u0259yik.\u00bb<\/p>\n<p>G\u00f6r\u00fcnd\u00fcy\u00fc kimi, b\u00fct\u00fcn planlar\u00a0 n\u0259z\u0259rd\u0259 tutuldu\u011fu vaxtdan \u0259vv\u0259l h\u0259yata ke\u00e7irilir. T\u0259bii ki, bu, \u00f6lk\u0259mizin iqtisadi v\u0259 maliyy\u0259 imkanlar\u0131n\u0131n t\u0259qdimat\u0131d\u0131r. Az\u0259rbaycan i\u015f\u011faldan azad edilmi\u015f \u0259razil\u0259rd\u0259 b\u00fct\u00fcn i\u015fl\u0259ri s\u0131f\u0131rdan \u00f6z daxili imkanlar\u0131 hesab\u0131na h\u0259yata ke\u00e7irir.<\/p>\n<p><img src=\"https:\/\/ikisahil.az\/upload\/\/2023\/08\/07\/\/-f9995e4c169142132918587714510652741.jpg\" alt=\"\" \/><\/p>\n<p>B\u00f6y\u00fck Qay\u0131d\u0131\u015f\u0131n davam\u0131ndan x\u0259b\u0259r ver\u0259n bu m\u00fch\u00fcm m\u0259qamlar\u0131 da q\u00fcrur hissi il\u0259 qeyd edirik. Bel\u0259 ki, avqustun 5-d\u0259 Qa\u00e7q\u0131nlar\u0131n v\u0259 M\u0259cburi K\u00f6\u00e7k\u00fcnl\u0259rin \u0130\u015fl\u0259ri \u00fczr\u0259 D\u00f6vl\u0259t Komit\u0259si F\u00fczuli \u015f\u0259h\u0259rin\u0259 birinci m\u0259rh\u0259l\u0259d\u0259 k\u00f6\u00e7\u00fcr\u00fcl\u0259c\u0259k ail\u0259l\u0259r aras\u0131nda p\u00fc\u015fkatma ke\u00e7irdi. Bu p\u00fc\u015fkatmada \u00a0144 ail\u0259 ( 509 n\u0259f\u0259r) i\u015ftirak etdi. Ail\u0259 t\u0259rkibin\u0259 uy\u011fun olaraq onlardan 51-i ikiotaql\u0131, 76-s\u0131 \u00fc\u00e7otaql\u0131, 17-si d\u00f6rdotaql\u0131 m\u0259nzil il\u0259 t\u0259min olunub. H\u0259min ail\u0259l\u0259r indiy\u0259d\u0259k Bak\u0131 v\u0259 Sumqay\u0131t \u015f\u0259h\u0259rl\u0259rind\u0259, Ab\u015feron rayonu \u0259razisind\u0259 m\u00fcv\u0259qq\u0259ti m\u0259skunla\u015fma yerl\u0259rind\u0259 ya\u015fay\u0131rlar. Tezlikl\u0259 daimi ya\u015fay\u0131\u015f \u00fc\u00e7\u00fcn F\u00fczuli \u015f\u0259h\u0259rin\u0259 qay\u0131dacaq ke\u00e7mi\u015f m\u0259cburi k\u00f6\u00e7k\u00fcnl\u0259r \u00e7ox b\u00f6y\u00fck sevinc hissi ke\u00e7irdikl\u0259rini qeyd edirl\u0259r.<\/p>\n<p><img src=\"https:\/\/ikisahil.az\/upload\/\/2023\/08\/07\/\/-1d8c9f71169142145482265845010653756.jpeg\" alt=\"\" \/><\/p>\n<p>Onlar i\u015f\u011faldan azad olunmu\u015f \u0259razil\u0259rd\u0259 yarad\u0131lan \u015f\u0259rait\u0259 v\u0259 m\u0259cburi k\u00f6\u00e7k\u00fcnl\u0259r\u0259 g\u00f6st\u0259ril\u0259n diqq\u0259t v\u0259 qay\u011f\u0131ya g\u00f6r\u0259 Prezident \u0130lham \u018fliyev\u0259 v\u0259 birinci xan\u0131m Mehriban \u018fliyevaya d\u0259rin minn\u0259tdarl\u0131qlar\u0131n\u0131 bildirirl\u0259r. Avqustun 7-d\u0259 is\u0259 Qa\u00e7q\u0131nlar\u0131n v\u0259 M\u0259cburi K\u00f6\u00e7k\u00fcnl\u0259rin \u0130\u015fl\u0259ri \u00fczr\u0259 D\u00f6vl\u0259t Komit\u0259si La\u00e7\u0131n rayonunun Zabux k\u0259ndin\u0259 birinci m\u0259rh\u0259l\u0259d\u0259 k\u00f6\u00e7\u00fcr\u00fcl\u0259c\u0259k ail\u0259l\u0259r aras\u0131nda p\u00fc\u015fkatma ke\u00e7irdi. P\u00fc\u015fkatmada 20 ail\u0259 (88 n\u0259f\u0259r) i\u015ftirak etdi. Ail\u0259 t\u0259rkibin\u0259 uy\u011fun olaraq, onlardan 4-\u00fc ikiotaql\u0131, 4-\u00fc \u00fc\u00e7otaql\u0131, 8-i d\u00f6rdotaql\u0131, 4-\u00fc be\u015fotaql\u0131 m\u0259nzil il\u0259 t\u0259min olunub. H\u0259min ail\u0259l\u0259r indiy\u0259d\u0259k Bak\u0131 v\u0259 Sumqay\u0131t \u015f\u0259h\u0259rl\u0259rind\u0259, Ab\u015feron rayonu \u0259razisind\u0259 m\u00fcv\u0259qq\u0259ti m\u0259skunla\u015fma yerl\u0259rind\u0259 ya\u015fay\u0131rlar.<\/p>\n<p>Soyda\u015flar\u0131m\u0131z\u0131n do\u011fma yurd-yuvalar\u0131na h\u0259r bir qay\u0131d\u0131\u015f\u0131 b\u00f6y\u00fck sevinc, q\u00fcrurdur. T\u0259bii ki, 30 illik i\u015f\u011fal d\u00f6vr\u00fcn\u00fcn ac\u0131lar\u0131 unudulmasa da, do\u011fma yurd-yuvaya qovu\u015fmaqla yeni bir s\u0259hif\u0259ni a\u00e7maq, g\u0259l\u0259c\u0259y\u0259- daha b\u00f6y\u00fck h\u0259d\u0259fl\u0259r\u0259 add\u0131mlamaq \u00fc\u00e7\u00fcn b\u00f6y\u00fck stimuldur. Xalq\u0131m\u0131z h\u0259r zaman bu sevinci bizl\u0259r\u0259 ya\u015fadan, q\u00fcrurumuzu \u00f6z\u00fcm\u00fcz\u0259 qaytaran, yenilm\u0259z, m\u0259\u011frur xalq oldu\u011fumuzu bir daha d\u00fcnyaya s\u00fcbut ed\u0259n d\u00f6vl\u0259t ba\u015f\u00e7\u0131s\u0131, M\u00fcz\u0259ff\u0259r Ali Ba\u015f Komandan \u0130lham \u018fliyev\u0259, r\u0259\u015fad\u0259tli Ordumuza minn\u0259tdard\u0131r.<\/p>\n<p>D\u00f6vl\u0259t ba\u015f\u00e7\u0131s\u0131 \u0130lham \u018fliyev La\u00e7\u0131n \u015f\u0259h\u0259rin\u0259 qay\u0131dan \u0259hali il\u0259 \u00a0g\u00f6r\u00fc\u015f\u00fcnd\u0259 bu m\u0259qam\u0131 da yada salm\u0131\u015fd\u0131r: \u00abM\u0259n yax\u015f\u0131 xat\u0131rlay\u0131ram, y\u0259qin ki, siz d\u0259 xat\u0131rlay\u0131rs\u0131n\u0131z, 2011-ci il dekabr\u0131n 24-d\u0259 ad g\u00fcn\u00fcmd\u0259 m\u0259n la\u00e7\u0131nl\u0131larla A\u011fcab\u0259di rayonunun Taxtak\u00f6rp\u00fc q\u0259s\u0259b\u0259sind\u0259 g\u00f6r\u00fc\u015fm\u00fc\u015fd\u00fcm. M\u0259n ad\u0259t\u0259n \u00f6z ad g\u00fcnl\u0259rimi, o c\u00fcml\u0259d\u0259n yubiley say\u0131lan ad g\u00fcnl\u0259rimi qeyd etmir\u0259m, 60 ya\u015f\u0131m\u0131 C\u0131d\u0131r d\u00fcz\u00fcnd\u0259 qeyd etmi\u015f\u0259m, 50 ya\u015f\u0131m\u0131 is\u0259 Taxtak\u00f6rp\u00fc q\u0259s\u0259b\u0259sind\u0259 la\u00e7\u0131nl\u0131larla qeyd etmi\u015f\u0259m. O vaxt Taxtak\u00f6rp\u00fc q\u0259s\u0259b\u0259sind\u0259 la\u00e7\u0131nl\u0131lar \u00fc\u00e7\u00fcn 550-d\u0259n \u00e7ox evd\u0259n ibar\u0259t bir q\u0259s\u0259b\u0259 sal\u0131nm\u0131\u015fd\u0131. O g\u00f6r\u00fc\u015fd\u0259 demi\u015fdim ki, g\u00fcn g\u0259l\u0259c\u0259k, biz sizin \u00fc\u00e7\u00fcn La\u00e7\u0131nda daha g\u00f6z\u0259l evl\u0259r tik\u0259c\u0259yik v\u0259 g\u00fcn g\u0259ldi. O tarixd\u0259n c\u0259mi 11 il ke\u00e7ib, biz sizinl\u0259 art\u0131q La\u00e7\u0131n \u015f\u0259h\u0259rind\u0259 g\u00f6r\u00fc\u015f\u00fcr\u00fck v\u0259 bundan b\u00f6y\u00fck xo\u015fb\u0259xtlik ola bilm\u0259z.\u00bb<\/p>\n<p>Bu \u0259minliyi d\u0259 b\u00f6y\u00fck q\u00fcrur hissi il\u0259 qeyd edirik ki,\u00a0 \u0130kinci Qaraba\u011f m\u00fcharib\u0259si\u00a0 \u0259b\u0259di q\u00fcrur m\u0259nb\u0259yimizdir. Bu Z\u0259f\u0259r biziml\u0259 \u0259b\u0259di olacaq.\u0130ndi is\u0259 qurub-yaratmaq vaxt\u0131d\u0131r.<\/p>\n","protected":false},"excerpt":{"rendered":"<p>Soyda\u015flar\u0131m\u0131z\u0131n m\u0259rh\u0259l\u0259li \u015f\u0259kild\u0259 do\u011fma yurd-yuvalar\u0131na qay\u0131d\u0131\u015f\u0131 bu reall\u0131\u011f\u0131n t\u0259qdimat\u0131d\u0131r ki, art\u0131q qurub-yaratmaq vaxt\u0131d\u0131r 44 g\u00fcnl\u00fck \u0130kinci Qaraba\u011f m\u00fcharib\u0259sind\u0259 tarixi Z\u0259f\u0259rimizd\u0259n \u00f6t\u0259n h\u0259r g\u00fcn Az\u0259rbaycan\u0131n \u00e7ox\u0259srlik tarixinin u\u011fur s\u0259hif\u0259l\u0259rinin z\u0259nginl\u0259\u015fm\u0259si il\u0259 m\u00fc\u015fayi\u0259t olunur. \u00a030 il\u0259 yax\u0131n d\u00f6vr\u00fcn nisgilin\u0259, ac\u0131s\u0131na, torpaq h\u0259sr\u0259tin\u0259 son qoyularaq i\u015f\u011faldan azad edilmi\u015f torpaqlar\u0131m\u0131zda yeni h\u0259yat\u0131n ba\u015flanmas\u0131ndan b\u00f6y\u00fck q\u00fcrur hissi il\u0259 dan\u0131\u015f\u0131l\u0131r. D\u00f6vl\u0259t ba\u015f\u00e7\u0131s\u0131, M\u00fcz\u0259ff\u0259r Ali Ba\u015f Komandan \u0130lham \u018fliyevin 10 noyabr 2020-ci il tarixli \u00a0\u00fc\u00e7t\u0259r\u0259fli B\u0259yanat\u0131n imzalanmas\u0131ndan d\u0259rhal sonra i\u015f\u011faldan azad edilmi\u015f torpaqlar\u0131m\u0131za ard\u0131c\u0131l s\u0259f\u0259rl\u0259ri art\u0131q \u00a0 Qaraba\u011f m\u00fcnaqi\u015f\u0259sinin tarix\u0259 qovu\u015fdu\u011funun, torpaqlar\u0131m\u0131z\u0131n \u00f6z sahibin\u0259 qay\u0131td\u0131\u011f\u0131n\u0131n t\u0259qdimat\u0131 oldu.&hellip;<\/p>\n","protected":false},"author":2,"featured_media":616867,"comment_status":"closed","ping_status":"closed","sticky":false,"template":"","format":"standard","meta":{"om_disable_all_campaigns":false,"_monsterinsights_skip_tracking":false,"_monsterinsights_sitenote_active":false,"_monsterinsights_sitenote_note":"","_monsterinsights_sitenote_category":0},"categories":[19],"tags":[],"aioseo_notices":[],"gutentor_comment":0,"rttpg_featured_image_url":{"full":["https:\/\/arantv.az\/wp-content\/uploads\/2023\/08\/f40438b5169142128945552828010972452.jpg",975,540,false],"landscape":["https:\/\/arantv.az\/wp-content\/uploads\/2023\/08\/f40438b5169142128945552828010972452.jpg",975,540,false],"portraits":["https:\/\/arantv.az\/wp-content\/uploads\/2023\/08\/f40438b5169142128945552828010972452.jpg",975,540,false],"thumbnail":["https:\/\/arantv.az\/wp-content\/uploads\/2023\/08\/f40438b5169142128945552828010972452-500x280.jpg",500,280,true],"medium":["https:\/\/arantv.az\/wp-content\/uploads\/2023\/08\/f40438b5169142128945552828010972452-660x365.jpg",660,365,true],"large":["https:\/\/arantv.az\/wp-content\/uploads\/2023\/08\/f40438b5169142128945552828010972452-840x465.jpg",640,354,true],"1536x1536":["https:\/\/arantv.az\/wp-content\/uploads\/2023\/08\/f40438b5169142128945552828010972452.jpg",975,540,false],"2048x2048":["https:\/\/arantv.az\/wp-content\/uploads\/2023\/08\/f40438b5169142128945552828010972452.jpg",975,540,false],"post-thumbnail":["https:\/\/arantv.az\/wp-content\/uploads\/2023\/08\/f40438b5169142128945552828010972452-240x172.jpg",240,172,true],"advps-thumb-one":["https:\/\/arantv.az\/wp-content\/uploads\/2023\/08\/f40438b5169142128945552828010972452.jpg",975,540,false]},"rttpg_author":{"display_name":"V\u00fcsal Rafiqo\u011flu","author_link":"https:\/\/arantv.az\/?author=2"},"rttpg_comment":0,"rttpg_category":"<a href=\"https:\/\/arantv.az\/?cat=19\" rel=\"category\">G\u00fcnd\u0259m<\/a>","rttpg_excerpt":"Soyda\u015flar\u0131m\u0131z\u0131n m\u0259rh\u0259l\u0259li \u015f\u0259kild\u0259 do\u011fma yurd-yuvalar\u0131na qay\u0131d\u0131\u015f\u0131 bu reall\u0131\u011f\u0131n t\u0259qdimat\u0131d\u0131r ki, art\u0131q qurub-yaratmaq vaxt\u0131d\u0131r 44 g\u00fcnl\u00fck \u0130kinci Qaraba\u011f m\u00fcharib\u0259sind\u0259 tarixi Z\u0259f\u0259rimizd\u0259n \u00f6t\u0259n h\u0259r g\u00fcn Az\u0259rbaycan\u0131n \u00e7ox\u0259srlik tarixinin u\u011fur s\u0259hif\u0259l\u0259rinin z\u0259nginl\u0259\u015fm\u0259si il\u0259 m\u00fc\u015fayi\u0259t olunur. \u00a030 il\u0259 yax\u0131n d\u00f6vr\u00fcn nisgilin\u0259, ac\u0131s\u0131na, torpaq h\u0259sr\u0259tin\u0259 son qoyularaq i\u015f\u011faldan azad edilmi\u015f torpaqlar\u0131m\u0131zda yeni h\u0259yat\u0131n ba\u015flanmas\u0131ndan b\u00f6y\u00fck q\u00fcrur hissi il\u0259 dan\u0131\u015f\u0131l\u0131r. D\u00f6vl\u0259t&hellip;","_links":{"self":[{"href":"https:\/\/arantv.az\/index.php?rest_route=\/wp\/v2\/posts\/616866"}],"collection":[{"href":"https:\/\/arantv.az\/index.php?rest_route=\/wp\/v2\/posts"}],"about":[{"href":"https:\/\/arantv.az\/index.php?rest_route=\/wp\/v2\/types\/post"}],"author":[{"embeddable":true,"href":"https:\/\/arantv.az\/index.php?rest_route=\/wp\/v2\/users\/2"}],"replies":[{"embeddable":true,"href":"https:\/\/arantv.az\/index.php?rest_route=%2Fwp%2Fv2%2Fcomments&post=616866"}],"version-history":[{"count":0,"href":"https:\/\/arantv.az\/index.php?rest_route=\/wp\/v2\/posts\/616866\/revisions"}],"wp:featuredmedia":[{"embeddable":true,"href":"https:\/\/arantv.az\/index.php?rest_route=\/wp\/v2\/media\/616867"}],"wp:attachment":[{"href":"https:\/\/arantv.az\/index.php?rest_route=%2Fwp%2Fv2%2Fmedia&parent=616866"}],"wp:term":[{"taxonomy":"category","embeddable":true,"href":"https:\/\/arantv.az\/index.php?rest_route=%2Fwp%2Fv2%2Fcategories&post=616866"},{"taxonomy":"post_tag","embeddable":true,"href":"https:\/\/arantv.az\/index.php?rest_route=%2Fwp%2Fv2%2Ftags&post=616866"}],"curies":[{"name":"wp","href":"https:\/\/api.w.org\/{rel}","templated":true}]}}