{"id":617277,"date":"2023-08-08T23:29:53","date_gmt":"2023-08-08T19:29:53","guid":{"rendered":"https:\/\/arantv.az\/?p=617277"},"modified":"2023-08-08T23:29:53","modified_gmt":"2023-08-08T19:29:53","slug":"b%c9%99s-deyirdiniz-acliqdir","status":"publish","type":"post","link":"https:\/\/arantv.az\/?p=617277","title":{"rendered":"B\u0259s deyirdiniz acl\u0131qd\u0131r?"},"content":{"rendered":"<p><em><strong>Qaraba\u011fdak\u0131 separat\u00e7\u0131lar\u0131n qondarma \u201cd\u00f6vl\u0259t naziri\u201d etiraf edir ki, \u0259rzaq da var, yanacaq da&#8230;<\/strong><\/em><\/p>\n<p>Erm\u0259nistan hakimiyy\u0259tinin Avropa \u0130ttifaq\u0131n\u0131n bu \u00f6lk\u0259d\u0259ki m\u00fc\u015fahid\u0259 missiyas\u0131n\u0131n \u201c\u015fahidliyi\u201d il\u0259 Az\u0259rbaycan\u0131n Qaraba\u011f iqtisadi rayonundak\u0131 erm\u0259nil\u0259r\u0259 guya \u201chumanitar yard\u0131m\u201d g\u00f6nd\u0259rm\u0259k ad\u0131 alt\u0131nda t\u0259\u015fkil etdiyi siyasi \u015founun 15 g\u00fcn\u00fc tamam oldu. On doqquz y\u00fck ma\u015f\u0131n\u0131ndan ibar\u0259t avtomobil karvan\u0131 h\u0259l\u0259 d\u0259 iki \u00f6lk\u0259 s\u0259rh\u0259dind\u0259ki La\u00e7\u0131n s\u0259rh\u0259d-burax\u0131l\u0131\u015f m\u0259nt\u0259q\u0259sinin yax\u0131nl\u0131\u011f\u0131nda, Erm\u0259nistan\u0131n Gorus rayonunun \u0259razisind\u0259 dayan\u0131b, n\u0259 ir\u0259li, n\u0259 d\u0259 geri h\u0259r\u0259k\u0259t ed\u0259 bilir. Nikol Pa\u015finyan h\u00f6kum\u0259tinin n\u00f6vb\u0259ti avant\u00fcra v\u0259 t\u0259xribat xarakterli add\u0131mlar\u0131 da Az\u0259rbaycan\u0131n beyn\u0259lxalq h\u00fcquqa \u0259saslanan q\u0259tiyy\u0259tli m\u00f6vqeyi qar\u015f\u0131s\u0131nda iflasa u\u011frad\u0131. \u0130lk vaxtlar ucuz erm\u0259ni t\u0259bli\u011fat\u0131n\u0131n ruporuna \u00e7evril\u0259r\u0259k \u00f6lk\u0259miz\u0259 m\u00fcxt\u0259lif vasit\u0259l\u0259rl\u0259 t\u0259zyiq etm\u0259y\u0259 \u00e7al\u0131\u015fan b\u0259zi frans\u0131zlar da, cozef borrell\u0259r d\u0259 sonunda anlad\u0131lar ki, Az\u0259rbaycan\u0131n d\u00f6vl\u0259t s\u0259rh\u0259di b\u00fct\u00fcn normal \u00f6lk\u0259l\u0259rd\u0259 oldu\u011fu kimi, qeyri-qanuni ke\u00e7idl\u0259r \u00fc\u00e7\u00fcn bird\u0259f\u0259lik ba\u011flan\u0131b. Anlamasalar da, h\u0259r halda, reall\u0131qla bar\u0131\u015fma\u011fa m\u0259cbur oldular. G\u00f6r\u00fcnd\u00fcy\u00fc kimi, \u201chumanitar yard\u0131m\u0131 Qaraba\u011fa burax\u0131n\u201d \u00e7a\u011f\u0131r\u0131\u015flar\u0131 art\u0131q s\u0259ngiyib, h\u0259tta dem\u0259k olar dayan\u0131b.<\/p>\n<p>Humanitar m\u0259s\u0259l\u0259l\u0259rd\u0259 h\u0259ssas g\u00f6r\u00fcnm\u0259y\u0259 \u00e7al\u0131\u015fan beyn\u0259lxalq t\u0259\u015fkilatlar\u0131n v\u0259 bir s\u0131ra d\u00f6vl\u0259tl\u0259rin Erm\u0259nistan-Az\u0259rbaycan s\u0259rh\u0259dind\u0259 ba\u015f ver\u0259nl\u0259r\u0259 \u201ct\u0259mkinli\u201d (halbuki ba\u015fqa vaxt bu reaksiyalar ad\u0259t\u0259n ikili standartlara \u0259saslan\u0131r-red.) reaksiyas\u0131n\u0131n iki m\u00fch\u00fcm s\u0259b\u0259bi var. Birincisi, erm\u0259nil\u0259rin iddia etdiyinin \u0259ksin\u0259 olaraq Xank\u0259ndi-La\u00e7\u0131n yolu ba\u011fl\u0131 deyil v\u0259 dem\u0259k olar h\u0259r g\u00fcn bu yoldan Beyn\u0259lxalq Q\u0131z\u0131l Xa\u00e7 Komit\u0259si (BQXK) \u0259m\u0259kda\u015flar\u0131n\u0131n m\u00fc\u015fayi\u0259til\u0259 erm\u0259ni\u0259silli \u015f\u0259xsl\u0259rin s\u0259rb\u0259st ke\u00e7idinin t\u0259min edilm\u0259sinin g\u00f6r\u00fcnt\u00fcl\u0259ri yay\u0131l\u0131r. El\u0259 d\u00fcn\u0259n &#8211; avqustun 8-d\u0259 d\u0259 La\u00e7\u0131n s\u0259rh\u0259d-burax\u0131l\u0131\u015f m\u0259nt\u0259q\u0259sind\u0259 \u00e7\u0259kilmi\u015f g\u00f6r\u00fcnt\u00fcl\u0259rd\u0259 m\u00fclki erm\u0259nil\u0259rin s\u0259n\u0259dl\u0259rinin yoxlan\u0131lmas\u0131 v\u0259 gedi\u015f-g\u0259li\u015fl\u0259rinin t\u0259min edilm\u0259si \u0259ks olunub. Bu is\u0259 o dem\u0259kdir ki, Erm\u0259nistan\u0131n Az\u0259rbaycan t\u0259r\u0259find\u0259n La\u00e7\u0131n yolunun blokadada saxlanmas\u0131 bar\u0259d\u0259 yalan v\u0259 b\u00f6htan dolu iddialar\u0131na r\u0259\u011fm\u0259n, m\u00fclki erm\u0259nil\u0259rin s\u0259rh\u0259d-burax\u0131l\u0131\u015f m\u0259nt\u0259q\u0259sind\u0259n ke\u00e7idind\u0259 he\u00e7 bir mane\u0259, h\u0259r hans\u0131 \u00e7\u0259tinlik yoxdur. Yeri g\u0259lmi\u015fk\u0259n, Qaraba\u011fdan erm\u0259ni\u0259silli \u015f\u0259xsl\u0259rin BQXK vasit\u0259sil\u0259 \u0130r\u0259vana apar\u0131lmas\u0131 haqq\u0131nda m\u0259lumatlar\u0131 Erm\u0259nistan m\u0259tbuat\u0131 da yay\u0131r. \u00d6zl\u0259ri m\u0259lumatlar\u0131 yay\u0131rlar, \u00f6zl\u0259ri d\u0259 ard\u0131nca \u201cblokada\u201d dey\u0259 Az\u0259rbaycana iftira at\u0131rlar. La\u00e7\u0131n s\u0259rh\u0259d-burax\u0131l\u0131\u015f m\u0259nt\u0259q\u0259sind\u0259ki g\u00f6r\u00fcnt\u00fcl\u0259ri ehtimal ki, C\u0259nubi Qafqazdak\u0131 prosesl\u0259ri yax\u0131ndan izl\u0259y\u0259n maraql\u0131 q\u00fcvv\u0259l\u0259rin \u0259ks\u0259riyy\u0259ti izl\u0259yirl\u0259r. Odur ki, \u00fcr\u0259kl\u0259rind\u0259ki erm\u0259ni sevgisi \u0259dal\u0259t hissini \u00fcst\u0259l\u0259y\u0259nl\u0259r bel\u0259 \u00e7ox hay-k\u00fcy sala bilmirl\u0259r.<\/p>\n<p>\u0130kincisi, h\u0259r g\u00fcn bir az daha art\u0131q m\u0259lum olur ki, Az\u0259rbaycan\u0131n Qaraba\u011f iqtisadi rayonunun m\u00fc\u0259yy\u0259n \u0259razisind\u0259 ya\u015fayan erm\u0259ni azl\u0131q he\u00e7 bir \u201chumanitar b\u00f6hran\u201dla \u00fczl\u0259\u015fm\u0259yib, \u0259rzaq, d\u0259rman v\u0259 yanacaq \u00e7at\u0131\u015fmazl\u0131\u011f\u0131 il\u0259 ba\u011fl\u0131 deyil\u0259nl\u0259r siyasi spekulyasiyadan ba\u015fqa bir \u015fey deyil. \u018fg\u0259r Qaraba\u011fdak\u0131 erm\u0259nil\u0259rin h\u0259qiq\u0259t\u0259n iddia etdikl\u0259ri probleml\u0259ri olsayd\u0131 onda Az\u0259rbaycan\u0131n yard\u0131m t\u0259klifl\u0259rini q\u0259bul ed\u0259r, La\u00e7\u0131n yoluna alternativ v\u0259 daha s\u0259rf\u0259li olan A\u011fdam-Xank\u0259ndi mar\u015frutunun a\u00e7\u0131lmas\u0131na n\u0259inki mane olmaz, h\u0259tta sevin\u0259r, \u00f6zl\u0259ri bu yolu \u018fsg\u0259ran istiqam\u0259tind\u0259 ba\u011flamazd\u0131lar. \u00dcst\u0259lik, v\u0259ziyy\u0259t Erm\u0259nistan hakimiyy\u0259tinin v\u0259 separat\u00e7\u0131lar\u0131n dediyi kimi g\u0259rgindirs\u0259, o zaman \u00f6z t\u0259birl\u0259rinc\u0259 des\u0259k, \u201c8 ayd\u0131r\u201d n\u0259 il\u0259 v\u0259 nec\u0259 dolan\u0131rlar? Ax\u0131, m\u0259ntiql\u0259 \u0259rzaqlar\u0131 da, tibbi l\u0259vazimatlar\u0131 da, yanacaq da \u00e7oxdan bitm\u0259li idi. Ancaq bitm\u0259yib. Nikol Pa\u015finyan hakimiyy\u0259tinin yaratd\u0131\u011f\u0131 \u201cQaraba\u011fda humanitar b\u00f6hran\u0131n idar\u0259 olunmas\u0131 \u00fczr\u0259 i\u015f\u00e7i qrupu\u201dnun n\u00fcmay\u0259nd\u0259si Vardan Sarkisyan avqustun 8-d\u0259 \u201cyard\u0131m\u201d da\u015f\u0131yan avtomobill\u0259rin Az\u0259rbaycana burax\u0131lmams\u0131 haqq\u0131nda \u201ct\u0259\u0259ss\u00fcfl\u0259\u201d dan\u0131\u015faraq qeyd edib ki, \u201cLa\u00e7\u0131n yolunun bu qeyri-qanuni blokadas\u0131ndan sonra Qaraba\u011fda v\u0259ziyy\u0259t getdikc\u0259 pisl\u0259\u015fir, b\u00f6hran \u00f6z\u00fcn\u00fc daha qabar\u0131q \u015f\u0259kild\u0259 b\u00fcruz\u0259 verir. Qaraba\u011fdak\u0131 qondarma qurumun \u201cd\u00f6vl\u0259t naziri\u201d Qurgen Nersisyan is\u0259 el\u0259 h\u0259min g\u00fcn verdiyi b\u0259yanatda a\u00e7\u0131q \u015f\u0259kild\u0259 etiraf edir ki, \u201ch\u00f6kum\u0259tin\u201d g\u00f6rd\u00fcy\u00fc i\u015fl\u0259r say\u0259sind\u0259 haz\u0131rda Qaraba\u011fda ya\u015fayan erm\u0259nil\u0259r \u201cminimum miqdarda\u201d \u0259rzaq, meyv\u0259 v\u0259 t\u0259r\u0259v\u0259z \u0259ld\u0259 ed\u0259 bilirl\u0259r. Onun s\u00f6zl\u0259rin\u0259 g\u00f6r\u0259, k\u0259nd t\u0259s\u0259rr\u00fcfat\u0131 v\u0259 bi\u00e7in i\u015fl\u0259ri, h\u0259m\u00e7inin \u201c\u00f6lk\u0259nin daxili h\u0259yat\u0131n\u0131n t\u0259\u015fkili \u00fc\u00e7\u00fcn\u201d laz\u0131mi miqdarda yanacaq verilir. Bundan ba\u015fqa, \u201ch\u00f6kum\u0259t\u201d h\u0259r g\u00fcn davaml\u0131 \u015f\u0259kild\u0259 y\u00fczl\u0259rl\u0259 imkans\u0131z ail\u0259y\u0259 d\u0259st\u0259k olur. \u00d6z\u00fc d\u0259 yard\u0131m \u00fc\u00e7\u00fcn m\u00fcraci\u0259t ed\u0259n h\u0259r k\u0259sin evin\u0259 \u015f\u0259xsi ziyar\u0259t t\u0259\u015fkil edilir.<\/p>\n<p>Q.Nersisyan\u0131n b\u0259yanat\u0131ndan da ayd\u0131n olur ki, \u0259slind\u0259 Qaraba\u011fda \u0259rzaq da var, yanacaq da. Ancaq n\u0259 varsa separat\u00e7\u0131lar\u0131n n\u0259zar\u0259tind\u0259dir v\u0259 \u00f6zl\u0259ri ist\u0259dikl\u0259ri kimi paylay\u0131rlar. Dem\u0259li, Qaraba\u011fdak\u0131 erm\u0259ni azl\u0131\u011f\u0131n \u00fczl\u0259\u015fdikl\u0259ri probleml\u0259rin \u0259sas g\u00fcnahkar\u0131 otuz ild\u0259n art\u0131qd\u0131r m\u00fclki \u0259halini t\u0259zyiq alt\u0131nda \u0259sar\u0259td\u0259 v\u0259 qorxu i\u00e7ind\u0259 saxlayan qondarma rejimdir. \u201cD\u00f6vl\u0259t naziri\u201dni bu etiraflar\u0131 etm\u0259y\u0259 vadar ed\u0259n s\u0259b\u0259b d\u0259 yerli \u0259hali aras\u0131nda separat\u00e7\u0131lara qar\u015f\u0131 naraz\u0131l\u0131\u011f\u0131n son h\u0259dd\u0259 artmas\u0131d\u0131r. Q.Nersisyan b\u0259yanat\u0131n\u0131n \u0259vv\u0259lind\u0259 \u015fikay\u0259tl\u0259nir ki, onlar probleml\u0259ri h\u0259ll etm\u0259k \u00fc\u00e7\u00fcn daim \u00e7al\u0131\u015f\u0131rlar. H\u0259min i\u015fl\u0259rin \u00e7oxu sakit \u015f\u0259kild\u0259 h\u0259yata ke\u00e7irilir v\u0259 bir s\u0131ra m\u0259s\u0259l\u0259l\u0259r var ki, m\u0259lum s\u0259b\u0259bl\u0259r\u0259 g\u00f6r\u0259 ictimaiyy\u0259t qar\u015f\u0131s\u0131nda dan\u0131\u015fmaq m\u00fcmk\u00fcn deyil: \u201cAmma bel\u0259 \u015f\u0259raitd\u0259 d\u0259 h\u0259l\u0259 d\u0259 bo\u015f-bo\u015f i\u015fl\u0259rl\u0259 m\u0259\u015f\u011ful olanlar var ki, onlar\u0131n \u0259sas m\u0259qs\u0259di \u201cd\u00f6vl\u0259t\u0259 v\u0259 d\u00f6vl\u0259t orqanlar\u0131na\u201d nifr\u0259t v\u0259 d\u00fc\u015fm\u0259n\u00e7ilik toxumu s\u0259pm\u0259kdir.\u201d<\/p>\n<p>G\u00f6r\u00fcnd\u00fcy\u00fc kimi, Qaraba\u011f\u0131n erm\u0259ni \u0259halisi art\u0131q \u0259sl d\u00fc\u015fm\u0259nini tan\u0131y\u0131r v\u0259 onlara olan nifr\u0259tini gizl\u0259tmir. Separat\u00e7\u0131lar\u0131n sonunu g\u0259tir\u0259c\u0259k \u0259n m\u00fch\u00fcm amill\u0259rd\u0259n biri d\u0259 m\u0259hz, budur. Dey\u0259s\u0259n, ba\u015fda qondarma qurumun \u201cprezidenti\u201d Araik Arutyunyan olmaqla cinay\u0259tkar xuntan\u0131n b\u00fct\u00fcn \u201cr\u0259hb\u0259rliyi\u201d Az\u0259rbaycan qanunlar\u0131 qar\u015f\u0131s\u0131nda cavab verm\u0259d\u0259n \u00f6nc\u0259 Qaraba\u011fdak\u0131 erm\u0259nil\u0259r\u0259 hesab verm\u0259li olacaqlar&#8230;<\/p>\n","protected":false},"excerpt":{"rendered":"<p>Qaraba\u011fdak\u0131 separat\u00e7\u0131lar\u0131n qondarma \u201cd\u00f6vl\u0259t naziri\u201d etiraf edir ki, \u0259rzaq da var, yanacaq da&#8230; Erm\u0259nistan hakimiyy\u0259tinin Avropa \u0130ttifaq\u0131n\u0131n bu \u00f6lk\u0259d\u0259ki m\u00fc\u015fahid\u0259 missiyas\u0131n\u0131n \u201c\u015fahidliyi\u201d il\u0259 Az\u0259rbaycan\u0131n Qaraba\u011f iqtisadi rayonundak\u0131 erm\u0259nil\u0259r\u0259 guya \u201chumanitar yard\u0131m\u201d g\u00f6nd\u0259rm\u0259k ad\u0131 alt\u0131nda t\u0259\u015fkil etdiyi siyasi \u015founun 15 g\u00fcn\u00fc tamam oldu. On doqquz y\u00fck ma\u015f\u0131n\u0131ndan ibar\u0259t avtomobil karvan\u0131 h\u0259l\u0259 d\u0259 iki \u00f6lk\u0259 s\u0259rh\u0259dind\u0259ki La\u00e7\u0131n s\u0259rh\u0259d-burax\u0131l\u0131\u015f m\u0259nt\u0259q\u0259sinin yax\u0131nl\u0131\u011f\u0131nda, Erm\u0259nistan\u0131n Gorus rayonunun \u0259razisind\u0259 dayan\u0131b, n\u0259 ir\u0259li, n\u0259 d\u0259 geri h\u0259r\u0259k\u0259t ed\u0259 bilir. Nikol Pa\u015finyan h\u00f6kum\u0259tinin n\u00f6vb\u0259ti avant\u00fcra v\u0259 t\u0259xribat xarakterli add\u0131mlar\u0131 da Az\u0259rbaycan\u0131n beyn\u0259lxalq h\u00fcquqa \u0259saslanan q\u0259tiyy\u0259tli m\u00f6vqeyi qar\u015f\u0131s\u0131nda iflasa u\u011frad\u0131.&hellip;<\/p>\n","protected":false},"author":2,"featured_media":617278,"comment_status":"closed","ping_status":"closed","sticky":false,"template":"","format":"standard","meta":{"om_disable_all_campaigns":false,"_monsterinsights_skip_tracking":false,"_monsterinsights_sitenote_active":false,"_monsterinsights_sitenote_note":"","_monsterinsights_sitenote_category":0},"categories":[19],"tags":[],"aioseo_notices":[],"gutentor_comment":0,"rttpg_featured_image_url":{"full":["https:\/\/arantv.az\/wp-content\/uploads\/2023\/08\/22f7e834169150700939994051610174892.jpg",975,540,false],"landscape":["https:\/\/arantv.az\/wp-content\/uploads\/2023\/08\/22f7e834169150700939994051610174892.jpg",975,540,false],"portraits":["https:\/\/arantv.az\/wp-content\/uploads\/2023\/08\/22f7e834169150700939994051610174892.jpg",975,540,false],"thumbnail":["https:\/\/arantv.az\/wp-content\/uploads\/2023\/08\/22f7e834169150700939994051610174892-500x280.jpg",500,280,true],"medium":["https:\/\/arantv.az\/wp-content\/uploads\/2023\/08\/22f7e834169150700939994051610174892-660x365.jpg",660,365,true],"large":["https:\/\/arantv.az\/wp-content\/uploads\/2023\/08\/22f7e834169150700939994051610174892-840x465.jpg",640,354,true],"1536x1536":["https:\/\/arantv.az\/wp-content\/uploads\/2023\/08\/22f7e834169150700939994051610174892.jpg",975,540,false],"2048x2048":["https:\/\/arantv.az\/wp-content\/uploads\/2023\/08\/22f7e834169150700939994051610174892.jpg",975,540,false],"post-thumbnail":["https:\/\/arantv.az\/wp-content\/uploads\/2023\/08\/22f7e834169150700939994051610174892-240x172.jpg",240,172,true],"advps-thumb-one":["https:\/\/arantv.az\/wp-content\/uploads\/2023\/08\/22f7e834169150700939994051610174892.jpg",975,540,false]},"rttpg_author":{"display_name":"V\u00fcsal Rafiqo\u011flu","author_link":"https:\/\/arantv.az\/?author=2"},"rttpg_comment":0,"rttpg_category":"<a href=\"https:\/\/arantv.az\/?cat=19\" rel=\"category\">G\u00fcnd\u0259m<\/a>","rttpg_excerpt":"Qaraba\u011fdak\u0131 separat\u00e7\u0131lar\u0131n qondarma \u201cd\u00f6vl\u0259t naziri\u201d etiraf edir ki, \u0259rzaq da var, yanacaq da&#8230; Erm\u0259nistan hakimiyy\u0259tinin Avropa \u0130ttifaq\u0131n\u0131n bu \u00f6lk\u0259d\u0259ki m\u00fc\u015fahid\u0259 missiyas\u0131n\u0131n \u201c\u015fahidliyi\u201d il\u0259 Az\u0259rbaycan\u0131n Qaraba\u011f iqtisadi rayonundak\u0131 erm\u0259nil\u0259r\u0259 guya \u201chumanitar yard\u0131m\u201d g\u00f6nd\u0259rm\u0259k ad\u0131 alt\u0131nda t\u0259\u015fkil etdiyi siyasi \u015founun 15 g\u00fcn\u00fc tamam oldu. On doqquz y\u00fck ma\u015f\u0131n\u0131ndan ibar\u0259t avtomobil karvan\u0131 h\u0259l\u0259 d\u0259 iki \u00f6lk\u0259 s\u0259rh\u0259dind\u0259ki La\u00e7\u0131n&hellip;","_links":{"self":[{"href":"https:\/\/arantv.az\/index.php?rest_route=\/wp\/v2\/posts\/617277"}],"collection":[{"href":"https:\/\/arantv.az\/index.php?rest_route=\/wp\/v2\/posts"}],"about":[{"href":"https:\/\/arantv.az\/index.php?rest_route=\/wp\/v2\/types\/post"}],"author":[{"embeddable":true,"href":"https:\/\/arantv.az\/index.php?rest_route=\/wp\/v2\/users\/2"}],"replies":[{"embeddable":true,"href":"https:\/\/arantv.az\/index.php?rest_route=%2Fwp%2Fv2%2Fcomments&post=617277"}],"version-history":[{"count":0,"href":"https:\/\/arantv.az\/index.php?rest_route=\/wp\/v2\/posts\/617277\/revisions"}],"wp:featuredmedia":[{"embeddable":true,"href":"https:\/\/arantv.az\/index.php?rest_route=\/wp\/v2\/media\/617278"}],"wp:attachment":[{"href":"https:\/\/arantv.az\/index.php?rest_route=%2Fwp%2Fv2%2Fmedia&parent=617277"}],"wp:term":[{"taxonomy":"category","embeddable":true,"href":"https:\/\/arantv.az\/index.php?rest_route=%2Fwp%2Fv2%2Fcategories&post=617277"},{"taxonomy":"post_tag","embeddable":true,"href":"https:\/\/arantv.az\/index.php?rest_route=%2Fwp%2Fv2%2Ftags&post=617277"}],"curies":[{"name":"wp","href":"https:\/\/api.w.org\/{rel}","templated":true}]}}