{"id":617280,"date":"2023-08-08T23:30:34","date_gmt":"2023-08-08T19:30:34","guid":{"rendered":"https:\/\/arantv.az\/?p=617280"},"modified":"2023-08-08T23:30:34","modified_gmt":"2023-08-08T19:30:34","slug":"fuad-q%c9%99hr%c9%99manlinin-avara-q%c9%99hr%c9%99manligi","status":"publish","type":"post","link":"https:\/\/arantv.az\/?p=617280","title":{"rendered":"Fuad Q\u0259hr\u0259manl\u0131n\u0131n avara q\u0259hr\u0259manl\u0131\u011f\u0131"},"content":{"rendered":"<p><em><strong>Xaricd\u0259ki az\u0259rbaycanl\u0131lar\u0131 \u00f6lk\u0259miz \u0259leyhin\u0259 qald\u0131rmaq erm\u0259ni d\u0259yirman\u0131na su t\u00f6km\u0259kdir<\/strong><\/em><\/p>\n<p>D\u00fcnyan\u0131n inki\u015faf etmi\u015f \u00f6lk\u0259l\u0259rind\u0259 hakimiyy\u0259t konstruktiv m\u00fcxalif\u0259tin olmas\u0131nda maraql\u0131d\u0131r. Ona g\u00f6r\u0259 ki, m\u00fcxalif\u0259tsiz c\u0259miyy\u0259t inki\u015fafs\u0131z c\u0259miyy\u0259tdir . Ad\u0259t\u0259n konstruktiv m\u00fcxalif\u0259t hakimiyy\u0259tin q\u00fcsurlar\u0131n\u0131\u00a0 k\u0259nardan ayd\u0131n g\u00f6r\u00fcb onu \u015f\u0259rh edir, t\u0259klifl\u0259r verir, se\u00e7kil\u0259rd\u0259 r\u0259qibin\u0259 qar\u015f\u0131 bu faktlardan yararlanaraq sivil \u015f\u0259kild\u0259 m\u00fcbariz\u0259 apar\u0131r.<\/p>\n<p>T\u0259bii ki, Az\u0259rbaycanda da konstruktiv m\u00fcxalif\u0259tin formala\u015fmas\u0131 m\u00f6vcud hakimiyy\u0259tin ist\u0259yidir. \u00c7\u00fcnki bu, \u00f6lk\u0259nin demokratik inki\u015faf\u0131 \u00fc\u00e7\u00fcn vacib \u015f\u0259rtl\u0259rd\u0259n biridir. Lakin xaricd\u0259ki v\u0259 daxild\u0259ki anti-Az\u0259rbaycan q\u00fcvv\u0259l\u0259r\u00a0 \u00f6lk\u0259mizd\u0259 sivil m\u00fcxalif\u0259tin yaranmas\u0131na deyil, da\u011f\u0131d\u0131c\u0131 m\u00fcxalif\u0259tin formala\u015fmas\u0131na nail olublar.<\/p>\n<p>Bel\u0259 ki, AXCP s\u0259dri \u018fli K\u0259rimli v\u0259 onun inhisar\u0131nda olan qondarma\u00a0 \u00abMilli \u015eura\u00bb xarici maliyy\u0259 v\u0259saitl\u0259ri hesab\u0131na d\u00f6vl\u0259timiz\u0259 v\u0259 onun milli m\u0259nafeyin\u0259 qar\u015f\u0131 z\u0259r\u0259rli add\u0131mlar\u0131n\u0131 bu g\u00fcn d\u0259 davam etdirir. Bu da\u011f\u0131d\u0131c\u0131 siyasi t\u0259\u015fkilatlar\u0131n f\u0259aliyy\u0259ti v\u0259 xarakteri imkan vermir ki, onlar ciddi sosial baza toplamaqla se\u00e7kil\u0259rd\u0259 m\u00fcsb\u0259t n\u0259tic\u0259l\u0259r\u0259 nail olsunlar. Son 30 ild\u0259 i\u015ftirak etdikl\u0259ri b\u00fct\u00fcn n\u00f6v se\u00e7kil\u0259rd\u0259 m\u0259\u011flub olanlar n\u0259inki istefa vermirl\u0259r, h\u0259tta partiyalar\u0131nda diktatura \u015f\u0259raiti yarad\u0131blar.<\/p>\n<p>B\u0259li, AXCP-nin inhisar\u0131nda olan qondarma\u00a0 \u00abMilli \u015eura\u00bb indi bir qrup donosbaz\u0131n, qarag\u00fcruhun \u015f\u0259r-\u015f\u0259b\u0259d\u0259 yuvas\u0131na \u00e7evrilib. Tofiq Yaqublu, C\u0259mil H\u0259s\u0259nli, Fuad Q\u0259hr\u0259manl\u0131, G\u00fclt\u0259kin Hac\u0131b\u0259yli v\u0259 onlarca bu kimi xaraktersizl\u0259r bu g\u00fcn d\u0259 sosial \u015f\u0259b\u0259k\u0259l\u0259rd\u0259 \u00f6lk\u0259mizin u\u011furlar\u0131na b\u00f6htan atmaqla m\u0259\u015f\u011fuldurlar. Onlar\u0131n g\u00fcnd\u0259mind\u0259 FET\u00d6\u00a0 terror t\u0259\u015fkilat\u0131n\u0131n \u00fczv\u00fc hesab edil\u0259n, h\u0259tta saxta pul k\u0259sm\u0259kl\u0259 m\u0259\u015f\u011ful oldu\u011fu bildiril\u0259n Qubad \u0130bado\u011flunun haql\u0131 h\u0259bsind\u0259n \u00a0istifad\u0259 etm\u0259kl\u0259 \u00a0Az\u0259rbaycan\u0131n beyn\u0259lxalq n\u00fcfuzuna z\u0259rb\u0259 vurma\u011fa\u00a0 \u00e7al\u0131\u015fmalar\u0131d\u0131r.<\/p>\n<p>Onlar xaricd\u0259ki anti-Az\u0259rbaycan q\u00fcvv\u0259l\u0259rin d\u00f6vl\u0259timiz \u0259leyhin\u0259\u00a0 \u0259n\u0259n\u0259vi qarayaxmalar\u0131na\u00a0 Qubad \u0130bado\u011flu m\u0259s\u0259l\u0259sini g\u00fcnd\u0259md\u0259 saxlamaqla d\u0259st\u0259k verirl\u0259r. X\u00fcsusil\u0259, AXCP s\u0259drinin m\u00fcavini Fuad Q\u0259hr\u0259manl\u0131 daha d\u0259rin\u0259 ged\u0259r\u0259k xarici \u00f6lk\u0259l\u0259r\u0259 m\u00fchacir\u0259t etmi\u015f az\u0259rbaycanl\u0131lara m\u00fcraci\u0259t ed\u0259r\u0259k\u00a0 onlar\u0131 m\u00fcdafi\u0259 etm\u0259m\u0259kd\u0259 q\u0131nay\u0131r. Fuad Q\u0259hr\u0259manl\u0131\u00a0 \u00fc\u00e7\u00fcn Az\u0259rbaycan hakimiyy\u0259tin\u0259 v\u0259 d\u00f6vl\u0259tin\u0259 n\u0259 q\u0259d\u0259r \u00e7ox b\u00f6htan at\u0131lsa onun olmayan vicdan\u0131 daha \u00e7ox rahatlayar. Onun xaricd\u0259ki az\u0259rbaycanl\u0131lara bel\u0259 bir \u00e7a\u011f\u0131r\u0131\u015f\u0131, \u0259slind\u0259 Az\u0259rbaycan d\u00f6vl\u0259tin\u0259 qar\u015f\u0131 tam r\u0259zilliyin n\u00fcmun\u0259sidir. H\u0259m d\u0259 el\u0259 bir vaxtda ki, \u00f6lk\u0259miz indi i\u015f\u011fal\u00e7\u0131 Erm\u0259nistan\u0131 d\u0259st\u0259kl\u0259y\u0259n, islamofobiya v\u0259 Az\u0259rbaycanofobiyalara qar\u015f\u0131 q\u0259tiyy\u0259tl\u0259, t\u0259kba\u015f\u0131na m\u00fccadil\u0259 edir.\u00a0\u00a0 Bir s\u00f6zl\u0259, xaricd\u0259ki az\u0259rbaycanl\u0131lar\u0131 \u00f6lk\u0259miz \u0259leyhin\u0259 qald\u0131rmaq erm\u0259ni d\u0259yirman\u0131na su t\u00f6km\u0259k dem\u0259kdir.<\/p>\n<p>Bu g\u00fcn da\u011f\u0131d\u0131c\u0131 d\u00fc\u015f\u0259rg\u0259nin f\u0259aliyy\u0259ti \u00e7ox iyr\u0259nc bir v\u0259ziyy\u0259t\u0259 g\u0259lib \u00e7\u0131x\u0131b. Y\u0259ni, bu partiyalar demokratiyadan d\u0259m vursalar da, \u0259slind\u0259, burada \u00e7oxlu\u011fun azl\u0131q \u00fcz\u0259rind\u0259 diktaturas\u0131 h\u00f6km s\u00fcr\u00fcr. Ona g\u00f6r\u0259 ki, onlar\u0131n liderl\u0259ri partiyadaxili demokratik islahatlar\u0131 q\u0259bul etmirl\u0259r. Fikir verin, \u018fli K\u0259rimli 20 ild\u0259n \u00e7oxdur ki, AXCP s\u0259dridir. Bu d\u00f6vrd\u0259 \u00a0onun ideologiyas\u0131nda, siyasi texnologiyalar\u0131nda, c\u0259miyy\u0259t\u0259 sivil bax\u0131\u015flar\u0131nda\u00a0\u00a0 he\u00e7 bir proqressiv d\u0259yi\u015fiklik yoxdur.<\/p>\n<p>Eyni zamanda bu da biab\u0131r\u00e7\u0131 faktd\u0131r ki, he\u00e7 bir sivil c\u0259miyy\u0259td\u0259 siyasi partiyaya bu q\u0259d\u0259r uzunm\u00fcdd\u0259tli r\u0259hb\u0259rlik etmirl\u0259r. X\u00fcsusil\u0259 d\u0259 b\u00fct\u00fcn se\u00e7kil\u0259rd\u0259 m\u0259\u011flub olan partiya s\u0259dri d\u0259rhal istefa ver\u0259r\u0259k \u00a0ya siyas\u0259td\u0259n, ya da ki, partiya r\u0259hb\u0259rliyind\u0259n uzaqla\u015fmal\u0131d\u0131r.<\/p>\n<p>Dig\u0259r t\u0259r\u0259fd\u0259n, da\u011f\u0131d\u0131c\u0131 m\u00fcxalif\u0259t partiyalar\u0131n\u0131n kadr potensial\u0131 o q\u0259d\u0259r z\u0259ifdir ki, h\u0259tta onlar\u0131n funksionerl\u0259rini c\u0259miyy\u0259tin b\u00f6y\u00fck qismi tan\u0131m\u0131r. \u00c7\u00fcnki da\u011f\u0131d\u0131c\u0131 d\u00fc\u015f\u0259rg\u0259nin r\u0259hb\u0259rl\u0259ri c\u0259miyy\u0259ti c\u0259lb ed\u0259c\u0259k alternativ proqramlarla\u00a0 \u00e7\u0131x\u0131\u015f etm\u0259k g\u00fcc\u00fcnd\u0259 d\u0259 deyill\u0259r. Sanki onlar\u0131n\u00a0 v\u0259zif\u0259l\u0259ri sad\u0259c\u0259,\u00a0 hakimiyy\u0259t\u0259 b\u00f6htan atmaq, h\u0259tta \u0259n yax\u015f\u0131 i\u015fl\u0259rin\u0259 k\u00f6lg\u0259 salmaqd\u0131r. Bununla da \u018fli K\u0259rimlinin trol d\u0259st\u0259sinin r\u0259zil kimliyi v\u0259 xarakteri tam ayd\u0131n g\u00f6r\u00fcn\u00fcr.<\/p>\n","protected":false},"excerpt":{"rendered":"<p>Xaricd\u0259ki az\u0259rbaycanl\u0131lar\u0131 \u00f6lk\u0259miz \u0259leyhin\u0259 qald\u0131rmaq erm\u0259ni d\u0259yirman\u0131na su t\u00f6km\u0259kdir D\u00fcnyan\u0131n inki\u015faf etmi\u015f \u00f6lk\u0259l\u0259rind\u0259 hakimiyy\u0259t konstruktiv m\u00fcxalif\u0259tin olmas\u0131nda maraql\u0131d\u0131r. Ona g\u00f6r\u0259 ki, m\u00fcxalif\u0259tsiz c\u0259miyy\u0259t inki\u015fafs\u0131z c\u0259miyy\u0259tdir . Ad\u0259t\u0259n konstruktiv m\u00fcxalif\u0259t hakimiyy\u0259tin q\u00fcsurlar\u0131n\u0131\u00a0 k\u0259nardan ayd\u0131n g\u00f6r\u00fcb onu \u015f\u0259rh edir, t\u0259klifl\u0259r verir, se\u00e7kil\u0259rd\u0259 r\u0259qibin\u0259 qar\u015f\u0131 bu faktlardan yararlanaraq sivil \u015f\u0259kild\u0259 m\u00fcbariz\u0259 apar\u0131r. T\u0259bii ki, Az\u0259rbaycanda da konstruktiv m\u00fcxalif\u0259tin formala\u015fmas\u0131 m\u00f6vcud hakimiyy\u0259tin ist\u0259yidir. \u00c7\u00fcnki bu, \u00f6lk\u0259nin demokratik inki\u015faf\u0131 \u00fc\u00e7\u00fcn vacib \u015f\u0259rtl\u0259rd\u0259n biridir. Lakin xaricd\u0259ki v\u0259 daxild\u0259ki anti-Az\u0259rbaycan q\u00fcvv\u0259l\u0259r\u00a0 \u00f6lk\u0259mizd\u0259 sivil m\u00fcxalif\u0259tin yaranmas\u0131na deyil, da\u011f\u0131d\u0131c\u0131 m\u00fcxalif\u0259tin formala\u015fmas\u0131na nail olublar. Bel\u0259 ki, AXCP s\u0259dri \u018fli K\u0259rimli&hellip;<\/p>\n","protected":false},"author":2,"featured_media":617281,"comment_status":"closed","ping_status":"closed","sticky":false,"template":"","format":"standard","meta":{"om_disable_all_campaigns":false,"_monsterinsights_skip_tracking":false,"_monsterinsights_sitenote_active":false,"_monsterinsights_sitenote_note":"","_monsterinsights_sitenote_category":0},"categories":[1],"tags":[],"aioseo_notices":[],"gutentor_comment":0,"rttpg_featured_image_url":{"full":["https:\/\/arantv.az\/wp-content\/uploads\/2023\/08\/99ba5c40169152146619661541010557113.jpg",975,540,false],"landscape":["https:\/\/arantv.az\/wp-content\/uploads\/2023\/08\/99ba5c40169152146619661541010557113.jpg",975,540,false],"portraits":["https:\/\/arantv.az\/wp-content\/uploads\/2023\/08\/99ba5c40169152146619661541010557113.jpg",975,540,false],"thumbnail":["https:\/\/arantv.az\/wp-content\/uploads\/2023\/08\/99ba5c40169152146619661541010557113-500x280.jpg",500,280,true],"medium":["https:\/\/arantv.az\/wp-content\/uploads\/2023\/08\/99ba5c40169152146619661541010557113-660x365.jpg",660,365,true],"large":["https:\/\/arantv.az\/wp-content\/uploads\/2023\/08\/99ba5c40169152146619661541010557113-840x465.jpg",640,354,true],"1536x1536":["https:\/\/arantv.az\/wp-content\/uploads\/2023\/08\/99ba5c40169152146619661541010557113.jpg",975,540,false],"2048x2048":["https:\/\/arantv.az\/wp-content\/uploads\/2023\/08\/99ba5c40169152146619661541010557113.jpg",975,540,false],"post-thumbnail":["https:\/\/arantv.az\/wp-content\/uploads\/2023\/08\/99ba5c40169152146619661541010557113-240x172.jpg",240,172,true],"advps-thumb-one":["https:\/\/arantv.az\/wp-content\/uploads\/2023\/08\/99ba5c40169152146619661541010557113.jpg",975,540,false]},"rttpg_author":{"display_name":"V\u00fcsal Rafiqo\u011flu","author_link":"https:\/\/arantv.az\/?author=2"},"rttpg_comment":0,"rttpg_category":"<a href=\"https:\/\/arantv.az\/?cat=1\" rel=\"category\">C\u0259miyy\u0259t<\/a>","rttpg_excerpt":"Xaricd\u0259ki az\u0259rbaycanl\u0131lar\u0131 \u00f6lk\u0259miz \u0259leyhin\u0259 qald\u0131rmaq erm\u0259ni d\u0259yirman\u0131na su t\u00f6km\u0259kdir D\u00fcnyan\u0131n inki\u015faf etmi\u015f \u00f6lk\u0259l\u0259rind\u0259 hakimiyy\u0259t konstruktiv m\u00fcxalif\u0259tin olmas\u0131nda maraql\u0131d\u0131r. Ona g\u00f6r\u0259 ki, m\u00fcxalif\u0259tsiz c\u0259miyy\u0259t inki\u015fafs\u0131z c\u0259miyy\u0259tdir . Ad\u0259t\u0259n konstruktiv m\u00fcxalif\u0259t hakimiyy\u0259tin q\u00fcsurlar\u0131n\u0131\u00a0 k\u0259nardan ayd\u0131n g\u00f6r\u00fcb onu \u015f\u0259rh edir, t\u0259klifl\u0259r verir, se\u00e7kil\u0259rd\u0259 r\u0259qibin\u0259 qar\u015f\u0131 bu faktlardan yararlanaraq sivil \u015f\u0259kild\u0259 m\u00fcbariz\u0259 apar\u0131r. T\u0259bii ki, Az\u0259rbaycanda da konstruktiv m\u00fcxalif\u0259tin&hellip;","_links":{"self":[{"href":"https:\/\/arantv.az\/index.php?rest_route=\/wp\/v2\/posts\/617280"}],"collection":[{"href":"https:\/\/arantv.az\/index.php?rest_route=\/wp\/v2\/posts"}],"about":[{"href":"https:\/\/arantv.az\/index.php?rest_route=\/wp\/v2\/types\/post"}],"author":[{"embeddable":true,"href":"https:\/\/arantv.az\/index.php?rest_route=\/wp\/v2\/users\/2"}],"replies":[{"embeddable":true,"href":"https:\/\/arantv.az\/index.php?rest_route=%2Fwp%2Fv2%2Fcomments&post=617280"}],"version-history":[{"count":0,"href":"https:\/\/arantv.az\/index.php?rest_route=\/wp\/v2\/posts\/617280\/revisions"}],"wp:featuredmedia":[{"embeddable":true,"href":"https:\/\/arantv.az\/index.php?rest_route=\/wp\/v2\/media\/617281"}],"wp:attachment":[{"href":"https:\/\/arantv.az\/index.php?rest_route=%2Fwp%2Fv2%2Fmedia&parent=617280"}],"wp:term":[{"taxonomy":"category","embeddable":true,"href":"https:\/\/arantv.az\/index.php?rest_route=%2Fwp%2Fv2%2Fcategories&post=617280"},{"taxonomy":"post_tag","embeddable":true,"href":"https:\/\/arantv.az\/index.php?rest_route=%2Fwp%2Fv2%2Ftags&post=617280"}],"curies":[{"name":"wp","href":"https:\/\/api.w.org\/{rel}","templated":true}]}}