{"id":617283,"date":"2023-08-08T23:31:22","date_gmt":"2023-08-08T19:31:22","guid":{"rendered":"https:\/\/arantv.az\/?p=617283"},"modified":"2023-08-08T23:31:22","modified_gmt":"2023-08-08T19:31:22","slug":"olk%c9%99mizin-dayaniqli-inkisafinda-regionlarin-payi-artir","status":"publish","type":"post","link":"https:\/\/arantv.az\/?p=617283","title":{"rendered":"\u00d6lk\u0259mizin dayan\u0131ql\u0131 inki\u015faf\u0131nda regionlar\u0131n pay\u0131 art\u0131r"},"content":{"rendered":"<p><em><strong>D\u00f6vl\u0259t ba\u015f\u00e7\u0131s\u0131 \u0130lham \u018fliyevin regionlara son s\u0259f\u0259ri perspektivl\u0259r bar\u0259d\u0259 ayd\u0131n t\u0259s\u0259vv\u00fcr yarad\u0131r<\/strong><\/em><\/p>\n<p>Regionlar\u0131n inki\u015faf\u0131, yeni i\u015f yerl\u0259rinin yarad\u0131lmas\u0131 d\u00f6vl\u0259t siyas\u0259tinin \u0259sas\u0131n\u0131 t\u0259\u015fkil edir. C\u0259nab \u0130lham \u018fliyev Prezident kimi f\u0259aliyy\u0259t\u0259 ba\u015flad\u0131\u011f\u0131 ilk g\u00fcnd\u0259n\u00a0 iqtisadi art\u0131m\u0131n qeyri-neft sektorunun hesab\u0131na olmas\u0131n\u0131 qar\u015f\u0131ya \u0259sas h\u0259d\u0259f kimi qoydu. Bu m\u0259qs\u0259d\u0259 nail olmaq \u00fc\u00e7\u00fcn regionlar\u0131n malik oldu\u011fu potensialdan s\u0259m\u0259r\u0259li istifad\u0259nin vacibliyi \u00f6n\u0259 \u00e7\u0259kildi v\u0259 Regional inki\u015faf proqramlar\u0131 t\u0259sdiql\u0259ndi.<\/p>\n<p>D\u00f6vl\u0259t ba\u015f\u00e7\u0131s\u0131n\u0131n D\u00f6vl\u0259t proqramlar\u0131ndan ir\u0259li g\u0259l\u0259n v\u0259zif\u0259l\u0259rin yerin\u0259 yetirilm\u0259si il\u0259 yax\u0131ndan tan\u0131\u015f olmaq m\u0259qs\u0259dil\u0259 \u00a0b\u00f6lg\u0259l\u0259r\u0259 davaml\u0131 s\u0259f\u0259rl\u0259ri \u00f6lk\u0259 ictimaiyy\u0259ti t\u0259r\u0259find\u0259n b\u00f6y\u00fck r\u0259\u011fb\u0259tl\u0259 qar\u015f\u0131lan\u0131r. C\u0259nab \u0130lham \u018fliyev s\u0259f\u0259r \u00e7\u0259r\u00e7iv\u0259sind\u0259 ictimaiyy\u0259t n\u00fcmay\u0259nd\u0259l\u0259ri il\u0259 g\u00f6r\u00fc\u015f\u0259r\u0259k onlar\u0131 narahat ed\u0259n m\u0259s\u0259l\u0259l\u0259ri \u00f6zl\u0259rind\u0259n e\u015fitm\u0259y\u0259 \u00e7al\u0131\u015f\u0131r v\u0259 icras\u0131 il\u0259 ba\u011fl\u0131 aidiyy\u0259ti qurumlara tap\u015f\u0131r\u0131qlar\u0131n\u0131 verir.\u00a0 \u00d6lk\u0259 Prezidenti m\u00fcsahib\u0259l\u0259rind\u0259, eyni zamanda, \u00e7\u0131x\u0131\u015flar\u0131nda, h\u0259r ilin m\u00fcvafiq d\u00f6vr\u00fc il\u0259 ba\u011fl\u0131 ke\u00e7iril\u0259n sosial-iqtisadi\u00a0 yekunlara dair m\u00fc\u015favir\u0259d\u0259\u00a0 regionlar\u0131n inki\u015faf\u0131n\u0131 prioritet m\u0259s\u0259l\u0259 kimi \u00f6nd\u0259 saxlay\u0131r. 2023-c\u00fc ilin\u00a0 6 ay\u0131n\u0131n sosial-iqtisadi yekunlar\u0131na h\u0259sr olunan\u00a0 m\u00fc\u015favir\u0259d\u0259 d\u0259 \u00f6lk\u0259mizin dayan\u0131ql\u0131 inki\u015faf\u0131nda regionlar\u0131n pay\u0131 x\u00fcsusi qeyd edildi.<\/p>\n<p>Reall\u0131q budur ki, Prezident \u0130lham \u018fliyevin r\u0259hb\u0259rliyi il\u0259 \u00a0\u00f6lk\u0259d\u0259 davam ed\u0259n inki\u015faf tempin\u0259 m\u00fcvafiq olaraq regionlarda abadl\u0131q-quruculuq, yenid\u0259nqurma i\u015fl\u0259ri davam etdirilir. Bu fikir x\u00fcsusi qeyd edilir ki, paytaxt b\u00f6lg\u0259l\u0259r aras\u0131nda f\u0259rq tamamil\u0259 aradan g\u00f6t\u00fcr\u00fcl\u00fcr. Regionlarda \u0259sas diqq\u0259t g\u00f6st\u0259ril\u0259n m\u0259s\u0259l\u0259l\u0259rd\u0259n biri infrastrukturun yenil\u0259nm\u0259si, b\u0259rpas\u0131d\u0131r. D\u00f6vl\u0259t ba\u015f\u00e7\u0131s\u0131 \u0130lham \u018fliyevin avqustun 7-d\u0259 Qazax, \u015e\u0259mkir, Samux v\u0259 B\u0259rd\u0259 rayonlar\u0131na s\u0259f\u0259ri \u00e7\u0259r\u00e7iv\u0259sind\u0259 a\u00e7\u0131l\u0131\u015f\u0131nda i\u015ftirak etdiyi sosial obyektl\u0259rin say\u0131na diqq\u0259t yetirs\u0259k yol-n\u0259qliyyat infrastrukturunun yax\u015f\u0131la\u015fd\u0131r\u0131lmas\u0131na xidm\u0259t ed\u0259n add\u0131mlara x\u00fcsusi diqq\u0259t g\u00f6st\u0259rildiyini g\u00f6r\u0259rik. Bu rayonlarda g\u00f6r\u00fcl\u0259n i\u015fl\u0259rin fonunda \u00fcmumilikd\u0259 b\u00f6lg\u0259l\u0259rimiz bar\u0259d\u0259 ayd\u0131n t\u0259s\u0259vv\u00fcr yaran\u0131r. C\u0259nab \u0130lham \u018fliyev\u00a0 Qazaxda yenid\u0259n qurulan Qarapapaq-\u00c7ayl\u0131 avtomobil yolunun, \u201cVenzana\u201d mebel fabrikinin, \u201cBak\u0131-Qazax-G\u00fcrc\u00fcstan il\u0259 d\u00f6vl\u0259t s\u0259rh\u0259di magistral avtomobil yolunun G\u0259nc\u0259-Qazax-G\u00fcrc\u00fcstan il\u0259 d\u00f6vl\u0259t s\u0259rh\u0259di (130,15 km) hiss\u0259sinin 4 zola\u011fa geni\u015fl\u0259ndirilm\u0259si layih\u0259si&#8221; \u00e7\u0259r\u00e7iv\u0259sind\u0259 yenid\u0259n qurulan, \u00fcmumi uzunlu\u011fu 102 kilometr olan G\u0259nc\u0259-Qazaxb\u0259yli hiss\u0259sinin a\u00e7\u0131l\u0131\u015f\u0131nda, Qazax \u015f\u0259h\u0259rinin su t\u0259chizat\u0131 v\u0259 kanalizasiya sisteml\u0259rinin istismara verilm\u0259si m\u0259rasimind\u0259 i\u015ftirak etdi.\u00a0 D\u00f6vl\u0259t S\u0259rh\u0259d Xidm\u0259tinin S\u0259rh\u0259d Qo\u015funlar\u0131n\u0131n \u201cQazax\u201d \u018flahidd\u0259 S\u0259rh\u0259d Diviziyas\u0131n\u0131n qarnizon kompleksind\u0259,\u00a0 Qazax M\u00fc\u0259lliml\u0259r Seminariyas\u0131 ADA Universiteti Qazax M\u0259rk\u0259zind\u0259 yarad\u0131lan \u015f\u0259raitl\u0259 tan\u0131\u015f oldu.\u00a0 \u00a0\u015e\u0259mkir \u015f\u0259h\u0259ri M\u0259h\u0259mm\u0259d F\u00fczuli ad\u0131na t\u0259bi\u0259t v\u0259 humanitar f\u0259nl\u0259r t\u0259may\u00fcll\u00fc tam orta m\u0259kt\u0259b-liseyin, \u00a0Samux Rayon M\u0259rk\u0259zi X\u0259st\u0259xanas\u0131n\u0131n,\u00a0 \u00a0Samuxda Heyd\u0259r \u018fliyev Fondunun \u201cT\u0259hsil\u0259 d\u0259st\u0259k\u201d layih\u0259si \u00e7\u0259r\u00e7iv\u0259sind\u0259 in\u015fa olunan S\u0259rkar k\u0259nd u\u015faq musiqi m\u0259kt\u0259binin yeni binas\u0131n\u0131n a\u00e7\u0131l\u0131\u015f\u0131nda i\u015ftirak etdi. B\u0259rd\u0259d\u0259 \u018fm\u0259k v\u0259 \u018fhalinin Sosial M\u00fcdafi\u0259si Nazirliyinin Qaraba\u011f Regional DOST M\u0259rk\u0259zinin v\u0259 Qaraba\u011f Regional Pe\u015f\u0259 Haz\u0131rl\u0131\u011f\u0131 M\u0259rk\u0259zinin a\u00e7\u0131l\u0131\u015f\u0131nda i\u015ftirak etdi. Bu m\u00fch\u00fcm add\u0131mlar d\u00f6vl\u0259t siyas\u0259tind\u0259 v\u0259t\u0259nda\u015f amilinin \u00f6nd\u0259 dayand\u0131\u011f\u0131n\u0131 bir daha t\u0259sdiql\u0259yir. C\u0259nab \u0130lham \u018fliyevin \u00e7a\u011f\u0131r\u0131\u015flar\u0131nda bu m\u0259qam x\u00fcsusi yer al\u0131r ki, \u0259hali g\u00f6r\u00fcl\u0259n i\u015fl\u0259rd\u0259n m\u0259mnun qalarsa, onda m\u0259n d\u0259 raz\u0131 qalaram. Bir m\u00fch\u00fcm m\u0259qam\u0131 da x\u00fcsusi qeyd etm\u0259liyik ki, c\u0259nab \u0130lham \u018fliyev 2003-c\u00fc ild\u0259 Prezident se\u00e7ildikd\u0259n sonra ke\u00e7iril\u0259n andi\u00e7m\u0259 m\u0259rasimind\u0259 bu h\u0259d\u0259fi a\u00e7\u0131qlam\u0131\u015fd\u0131r ki, sosial-iqtisadi g\u00f6st\u0259ricil\u0259r t\u0259kc\u0259 r\u0259q\u0259ml\u0259rd\u0259 deyil, insanlar\u0131n g\u00fcnd\u0259lik h\u0259yat\u0131nda da\u00a0 \u00f6z \u0259ksini tapmal\u0131d\u0131r. D\u00f6vl\u0259t ba\u015f\u00e7\u0131s\u0131n\u0131n \u00abNeft kapital\u0131n\u0131 insan kapital\u0131na \u00e7evir\u0259k!\u00bb tezisi d\u0259 v\u0259t\u0259nda\u015f amilin\u0259 veril\u0259n d\u0259y\u0259rd\u0259n ir\u0259li g\u0259lir. C\u0259nab \u0130lham \u018fliyevin \u201c\u0130nsan amili, insan kapital\u0131. M\u0259n h\u0259l\u0259 bunu 2003-c\u00fc ild\u0259 demi\u015f\u0259m, biz neft kapital\u0131n\u0131 insan kapital\u0131na \u00e7evirm\u0259liyik. Bunu dey\u0259nd\u0259 t\u0259kc\u0259 elm\u0259, texnologiyalara, t\u0259hsil\u0259 qoyulan v\u0259saitd\u0259n s\u00f6hb\u0259t getmir. S\u00f6hb\u0259t ondan gedir ki, Az\u0259rbaycan v\u0259t\u0259nda\u015f\u0131na h\u0259r yerd\u0259 h\u00f6rm\u0259t olmal\u0131d\u0131r\u201d \u00e7a\u011f\u0131r\u0131\u015f\u0131 da bu diqq\u0259tin bariz n\u00fcmun\u0259sidir.<\/p>\n<p>D\u00f6vl\u0259t ba\u015f\u00e7\u0131s\u0131n\u0131n t\u0259sdiql\u0259diyi Regional inki\u015faf proqramlar\u0131n\u0131n u\u011furlu icras\u0131 b\u00f6lg\u0259l\u0259rd\u0259 iqtisadi inki\u015faf\u0131 t\u0259min etm\u0259kl\u0259 \u00a0yana\u015f\u0131, burada ya\u015fayan \u0259halinin h\u0259yat s\u0259viyy\u0259sinin yax\u015f\u0131la\u015fd\u0131r\u0131lmas\u0131na v\u0259 m\u0259\u015f\u011fullu\u011funun art\u0131r\u0131lmas\u0131na geni\u015f imkanlar a\u00e7\u0131r. Haz\u0131rda \u00f6z\u00fcn\u00fcm\u0259\u015f\u011fulluq proqram\u0131 u\u011furla icra edilir. Az\u0259rbaycan brendi kimi d\u00fcnyaya s\u0259s salan ABAD m\u0259rk\u0259zl\u0259rinin co\u011frafiyas\u0131n\u0131n geni\u015fl\u0259nm\u0259si ail\u0259 t\u0259s\u0259rr\u00fcfatlar\u0131n\u0131n inki\u015faf\u0131na geni\u015f imkalar yarad\u0131r. Haz\u0131rda bu m\u0259rk\u0259zl\u0259rin b\u00f6lg\u0259l\u0259rd\u0259 say\u0131 art\u0131r. \u018fsas h\u0259d\u0259f h\u0259m \u00f6lk\u0259nin dayan\u0131ql\u0131 inki\u015faf\u0131na, h\u0259m d\u0259 insanlar\u0131n h\u0259yat s\u0259viyy\u0259sinin yax\u015f\u0131la\u015fd\u0131r\u0131lmas\u0131na d\u0259st\u0259k olmaqd\u0131r. \u00a0D\u00f6vl\u0259t ba\u015f\u00e7\u0131s\u0131 \u0130lham \u018fliyevin b\u00f6lg\u0259l\u0259rin sosial-iqtisadi inki\u015faf\u0131n\u0131n s\u00fcr\u0259tl\u0259ndirilm\u0259si il\u0259 ba\u011fl\u0131 \u0259lav\u0259 T\u0259dbirl\u0259r Plan\u0131n\u0131 t\u0259sdiql\u0259m\u0259si, Prezidentin Ehtiyat Fondundan \u00a0b\u00f6y\u00fck m\u0259bl\u0259\u011fd\u0259 v\u0259saitl\u0259rin ayr\u0131lmas\u0131 da regionlar\u0131n inki\u015faf\u0131nda stimulverici amildir. M\u00fcvafiq s\u0259r\u0259ncamlara uy\u011fun olaraq, yollar\u0131n tikintisi v\u0259 yenid\u0259n qurulmas\u0131, su, qaz, elektrik t\u0259s\u0259rr\u00fcfatlar\u0131n\u0131n yenil\u0259nm\u0259si v\u0259 m\u00fcasirl\u0259\u015fdirilm\u0259si, k\u00f6rp\u00fcl\u0259rin sal\u0131nmas\u0131, sosialy\u00f6n\u00fcml\u00fc obyektl\u0259rin yenid\u0259n qurulmas\u0131 v\u0259 \u0259sasl\u0131 t\u0259miri prosesi davam edir. B\u00fct\u00fcn bu sadalanan amill\u0259r \u00f6lk\u0259 ba\u015f\u00e7\u0131m\u0131z t\u0259r\u0259find\u0259n h\u0259m regionlara, h\u0259m d\u0259 orada ya\u015fayan v\u0259t\u0259nda\u015flar\u0131m\u0131za, onlar\u0131n sa\u011flaml\u0131\u011f\u0131na, maddi rifah\u0131na g\u00f6st\u0259ril\u0259n x\u00fcsusi diqq\u0259tin t\u0259zah\u00fcr\u00fcd\u00fcr.<\/p>\n<p>Bu g\u00fcn b\u00f6y\u00fck q\u00fcrur hissi il\u0259 qeyd edirik ki, paytaxt Bak\u0131 il\u0259 yana\u015f\u0131, regionlar\u0131m\u0131z da sosial-iqtisadi inki\u015faf\u0131 il\u0259 d\u00fcnyan\u0131n diqq\u0259tind\u0259dir. B\u00f6lg\u0259l\u0259rimizin ev sahibliyi etdiyi t\u0259dbirl\u0259r, beyn\u0259lxalq maliyy\u0259 qurumlar\u0131n\u0131n hesabatlar\u0131 da bunu t\u0259sdiql\u0259yir. Bu g\u00fcnl\u0259rd\u0259 Q\u0259b\u0259l\u0259d\u0259 ke\u00e7iril\u0259n musiqi festival\u0131 \u00f6z\u00fcnd\u0259 m\u00fch\u00fcm m\u0259qamlar\u0131 ehtiva etdi. \u00d6nc\u0259 bu fakt\u0131 qeyd etm\u0259liyik ki, Az\u0259rbaycan b\u00f6y\u00fck turizm imkanlar\u0131na malikdir. H\u0259r bir b\u00f6lg\u0259nin malik oldu\u011fu potensial Az\u0259rbaycan\u0131n t\u0259qdimat\u0131nda \u0259h\u0259miyy\u0259tli rol oynay\u0131r. Bu bax\u0131mdan Q\u0259b\u0259l\u0259 musiqi festival\u0131 da diqq\u0259t\u00e7\u0259k\u0259n oldu. Musiqi xalqlar\u0131, d\u00f6vl\u0259tl\u0259ri bir araya g\u0259tir\u0259n vasit\u0259 olaraq\u00a0 qalib Az\u0259rbaycan\u0131n haz\u0131rk\u0131 reall\u0131qlar\u0131n\u0131n d\u00fcnya ictimaiyy\u0259tin\u0259 \u00e7atd\u0131r\u0131lmas\u0131nda \u00f6z s\u00f6z\u00fcn\u00fc dedi.<\/p>\n<p>Q\u0131sa t\u0259hlil bu reall\u0131\u011f\u0131 s\u00f6yl\u0259m\u0259y\u0259 \u0259sas verir ki, haz\u0131rk\u0131 d\u00f6vr i\u015f\u011faldan azad edilmi\u015f \u0259razil\u0259rimizin b\u0259rpas\u0131 d\u00f6vr\u00fc olsa da, b\u00fct\u00fcn regionlar\u0131m\u0131z\u0131n inki\u015faf\u0131 \u0259sasd\u0131r. Tezlikl\u0259\u00a0 tarixin\u0259 qovu\u015fmu\u015f torpaqlar\u0131m\u0131zda b\u0259rpa-quruculuq i\u015fl\u0259ri u\u011furla ba\u015fa \u00e7atacaq, soyda\u015flar\u0131m\u0131z tam \u015f\u0259kild\u0259 do\u011fma yurd-yuvalar\u0131na qay\u0131dacaq, yeni h\u0259yat ba\u015flayacaq. Bu g\u00fcn q\u00fcrurla qeyd edirik ki,\u00a0 Az\u0259rbaycan d\u00fcnyaya t\u0259kmil dir\u00e7\u0259li\u015f modelini t\u0259qdim edir. \u0130\u015f\u011faldan azad edilmi\u015f \u0259razil\u0259rimizd\u0259 apar\u0131lan m\u00fcasir t\u0259l\u0259bl\u0259r\u0259 uy\u011fun yenid\u0259nqurma i\u015fl\u0259ri \u00f6lk\u0259mizin iqtisadi v\u0259 maliyy\u0259 imkanlar\u0131n\u0131n t\u0259qdimat\u0131d\u0131r. Yeni avtomobil, d\u0259mir yollar\u0131 \u00e7\u0259kilir, Beyn\u0259lxalq Hava limanlar\u0131 tikilib istifad\u0259y\u0259 verilir. T\u0259kmil idar\u0259\u00e7ilik sisteminin t\u0259tbiqi h\u0259r bir h\u0259d\u0259f\u0259 zaman\u0131nda nail olma\u011fa geni\u015f imkanlar yarad\u0131r. Bug\u00fcn\u00fcm\u00fczd\u0259n d\u00fcn\u0259nimiz\u0259 baxaraq \u0259minlikl\u0259 dey\u0259 bil\u0259rik ki, Qaraba\u011fl\u0131 v\u0259 \u015e\u0259rqi Z\u0259ng\u0259zurlu Az\u0259rbaycan\u0131 qar\u015f\u0131da daha m\u00f6ht\u0259\u015f\u0259m u\u011furlar g\u00f6zl\u0259yir. Art\u0131q bu il regionlar\u0131n sosial-iqtisadi inki\u015faf\u0131na dair sayca d\u00f6rd\u00fcnc\u00fc D\u00f6vl\u0259t proqram\u0131n\u0131n icras\u0131 ba\u015fa \u00e7at\u0131r. Yeni h\u0259d\u0259fl\u0259r yeni s\u0259n\u0259dl\u0259rin q\u0259bulunu z\u0259rur\u0259t\u0259 \u00e7evirir. \u00abAz\u0259rbaycan 2030: sosial-iqtisadi inki\u015fafa dair Milli Prioritetl\u0259r\u00bb bu h\u0259d\u0259fl\u0259rin ger\u00e7\u0259kl\u0259\u015fm\u0259sini \u015f\u0259rtl\u0259ndirir.<\/p>\n","protected":false},"excerpt":{"rendered":"<p>D\u00f6vl\u0259t ba\u015f\u00e7\u0131s\u0131 \u0130lham \u018fliyevin regionlara son s\u0259f\u0259ri perspektivl\u0259r bar\u0259d\u0259 ayd\u0131n t\u0259s\u0259vv\u00fcr yarad\u0131r Regionlar\u0131n inki\u015faf\u0131, yeni i\u015f yerl\u0259rinin yarad\u0131lmas\u0131 d\u00f6vl\u0259t siyas\u0259tinin \u0259sas\u0131n\u0131 t\u0259\u015fkil edir. C\u0259nab \u0130lham \u018fliyev Prezident kimi f\u0259aliyy\u0259t\u0259 ba\u015flad\u0131\u011f\u0131 ilk g\u00fcnd\u0259n\u00a0 iqtisadi art\u0131m\u0131n qeyri-neft sektorunun hesab\u0131na olmas\u0131n\u0131 qar\u015f\u0131ya \u0259sas h\u0259d\u0259f kimi qoydu. Bu m\u0259qs\u0259d\u0259 nail olmaq \u00fc\u00e7\u00fcn regionlar\u0131n malik oldu\u011fu potensialdan s\u0259m\u0259r\u0259li istifad\u0259nin vacibliyi \u00f6n\u0259 \u00e7\u0259kildi v\u0259 Regional inki\u015faf proqramlar\u0131 t\u0259sdiql\u0259ndi. D\u00f6vl\u0259t ba\u015f\u00e7\u0131s\u0131n\u0131n D\u00f6vl\u0259t proqramlar\u0131ndan ir\u0259li g\u0259l\u0259n v\u0259zif\u0259l\u0259rin yerin\u0259 yetirilm\u0259si il\u0259 yax\u0131ndan tan\u0131\u015f olmaq m\u0259qs\u0259dil\u0259 \u00a0b\u00f6lg\u0259l\u0259r\u0259 davaml\u0131 s\u0259f\u0259rl\u0259ri \u00f6lk\u0259 ictimaiyy\u0259ti t\u0259r\u0259find\u0259n b\u00f6y\u00fck r\u0259\u011fb\u0259tl\u0259 qar\u015f\u0131lan\u0131r. C\u0259nab \u0130lham \u018fliyev s\u0259f\u0259r \u00e7\u0259r\u00e7iv\u0259sind\u0259&hellip;<\/p>\n","protected":false},"author":2,"featured_media":617284,"comment_status":"closed","ping_status":"closed","sticky":false,"template":"","format":"standard","meta":{"om_disable_all_campaigns":false,"_monsterinsights_skip_tracking":false,"_monsterinsights_sitenote_active":false,"_monsterinsights_sitenote_note":"","_monsterinsights_sitenote_category":0},"categories":[19],"tags":[],"aioseo_notices":[],"gutentor_comment":0,"rttpg_featured_image_url":{"full":["https:\/\/arantv.az\/wp-content\/uploads\/2023\/08\/b56b7c1216915073374705593231100314.jpg",975,540,false],"landscape":["https:\/\/arantv.az\/wp-content\/uploads\/2023\/08\/b56b7c1216915073374705593231100314.jpg",975,540,false],"portraits":["https:\/\/arantv.az\/wp-content\/uploads\/2023\/08\/b56b7c1216915073374705593231100314.jpg",975,540,false],"thumbnail":["https:\/\/arantv.az\/wp-content\/uploads\/2023\/08\/b56b7c1216915073374705593231100314-500x280.jpg",500,280,true],"medium":["https:\/\/arantv.az\/wp-content\/uploads\/2023\/08\/b56b7c1216915073374705593231100314-660x365.jpg",660,365,true],"large":["https:\/\/arantv.az\/wp-content\/uploads\/2023\/08\/b56b7c1216915073374705593231100314-840x465.jpg",640,354,true],"1536x1536":["https:\/\/arantv.az\/wp-content\/uploads\/2023\/08\/b56b7c1216915073374705593231100314.jpg",975,540,false],"2048x2048":["https:\/\/arantv.az\/wp-content\/uploads\/2023\/08\/b56b7c1216915073374705593231100314.jpg",975,540,false],"post-thumbnail":["https:\/\/arantv.az\/wp-content\/uploads\/2023\/08\/b56b7c1216915073374705593231100314-240x172.jpg",240,172,true],"advps-thumb-one":["https:\/\/arantv.az\/wp-content\/uploads\/2023\/08\/b56b7c1216915073374705593231100314.jpg",975,540,false]},"rttpg_author":{"display_name":"V\u00fcsal Rafiqo\u011flu","author_link":"https:\/\/arantv.az\/?author=2"},"rttpg_comment":0,"rttpg_category":"<a href=\"https:\/\/arantv.az\/?cat=19\" rel=\"category\">G\u00fcnd\u0259m<\/a>","rttpg_excerpt":"D\u00f6vl\u0259t ba\u015f\u00e7\u0131s\u0131 \u0130lham \u018fliyevin regionlara son s\u0259f\u0259ri perspektivl\u0259r bar\u0259d\u0259 ayd\u0131n t\u0259s\u0259vv\u00fcr yarad\u0131r Regionlar\u0131n inki\u015faf\u0131, yeni i\u015f yerl\u0259rinin yarad\u0131lmas\u0131 d\u00f6vl\u0259t siyas\u0259tinin \u0259sas\u0131n\u0131 t\u0259\u015fkil edir. C\u0259nab \u0130lham \u018fliyev Prezident kimi f\u0259aliyy\u0259t\u0259 ba\u015flad\u0131\u011f\u0131 ilk g\u00fcnd\u0259n\u00a0 iqtisadi art\u0131m\u0131n qeyri-neft sektorunun hesab\u0131na olmas\u0131n\u0131 qar\u015f\u0131ya \u0259sas h\u0259d\u0259f kimi qoydu. Bu m\u0259qs\u0259d\u0259 nail olmaq \u00fc\u00e7\u00fcn regionlar\u0131n malik oldu\u011fu potensialdan s\u0259m\u0259r\u0259li istifad\u0259nin vacibliyi&hellip;","_links":{"self":[{"href":"https:\/\/arantv.az\/index.php?rest_route=\/wp\/v2\/posts\/617283"}],"collection":[{"href":"https:\/\/arantv.az\/index.php?rest_route=\/wp\/v2\/posts"}],"about":[{"href":"https:\/\/arantv.az\/index.php?rest_route=\/wp\/v2\/types\/post"}],"author":[{"embeddable":true,"href":"https:\/\/arantv.az\/index.php?rest_route=\/wp\/v2\/users\/2"}],"replies":[{"embeddable":true,"href":"https:\/\/arantv.az\/index.php?rest_route=%2Fwp%2Fv2%2Fcomments&post=617283"}],"version-history":[{"count":0,"href":"https:\/\/arantv.az\/index.php?rest_route=\/wp\/v2\/posts\/617283\/revisions"}],"wp:featuredmedia":[{"embeddable":true,"href":"https:\/\/arantv.az\/index.php?rest_route=\/wp\/v2\/media\/617284"}],"wp:attachment":[{"href":"https:\/\/arantv.az\/index.php?rest_route=%2Fwp%2Fv2%2Fmedia&parent=617283"}],"wp:term":[{"taxonomy":"category","embeddable":true,"href":"https:\/\/arantv.az\/index.php?rest_route=%2Fwp%2Fv2%2Fcategories&post=617283"},{"taxonomy":"post_tag","embeddable":true,"href":"https:\/\/arantv.az\/index.php?rest_route=%2Fwp%2Fv2%2Ftags&post=617283"}],"curies":[{"name":"wp","href":"https:\/\/api.w.org\/{rel}","templated":true}]}}