{"id":617681,"date":"2023-08-10T09:32:23","date_gmt":"2023-08-10T05:32:23","guid":{"rendered":"https:\/\/arantv.az\/?p=617681"},"modified":"2023-08-10T09:32:23","modified_gmt":"2023-08-10T05:32:23","slug":"daha-fransiz-xalqi-kef-el%c9%99y%c9%99-bilmir","status":"publish","type":"post","link":"https:\/\/arantv.az\/?p=617681","title":{"rendered":"Daha frans\u0131z xalq\u0131 kef el\u0259y\u0259 bilmir&#8230;"},"content":{"rendered":"<p><em><strong>\u00c7\u00fcnki istismar etdikl\u0259ri xalqlar aya\u011fa qalx\u0131b i\u015f\u011fal\u00e7\u0131lar\u0131 \u00f6z \u00f6lk\u0259l\u0259rind\u0259n qovurlar<\/strong><\/em><\/p>\n<p>D\u00fc\u015f\u00fcnd\u00fcr\u00fcc\u00fcd\u00fcr ki, g\u00f6r\u0259s\u0259n niy\u0259 son bir ne\u00e7\u0259 y\u00fcz ild\u0259 bu Fransada bir a\u011f\u0131ll\u0131, humanist, \u0259dal\u0259tli v\u0259 insanp\u0259rv\u0259r adam d\u00f6vl\u0259t r\u0259hb\u0259ri ola bilmir? \u018fvv\u0259lkil\u0259r y\u00fcz faiz kolonistl\u0259r idil\u0259r, onlar z\u0259if\u00a0 d\u00f6vl\u0259tl\u0259rin v\u0259 xalqlar\u0131n qani\u00e7\u0259n c\u0259llad\u0131\u00a0 olublar.\u00a0\u00a0\u00a0 Sonuncu Prezident Emmanuel Makron is\u0259 hakimiyy\u0259t\u0259 quduzla\u015fm\u0131\u015f bir v\u0259ziyy\u0259td\u0259 g\u0259ldi. Art\u0131q ikinci m\u00fcdd\u0259tdir ki, Fransan\u0131n Prezidenti v\u0259zif\u0259sini icra ed\u0259n Makron frans\u0131z xalq\u0131n\u0131n ad\u0131n\u0131 b\u0259dnam ed\u0259n biab\u0131r\u00e7\u0131 siyas\u0259t y\u00fcr\u00fctm\u0259kd\u0259 davam edir. B\u00f6y\u00fck bir xalq\u0131n ba\u015f\u0131nda duranllara bir bax! H\u0259r\u0259si bir c\u00fcr ba\u015fdanxarab. Makron bil\u0259-bil\u0259 ki, Erm\u0259nistan Az\u0259rbaycan \u0259razil\u0259rini 30 il\u0259 yax\u0131n m\u00fcdd\u0259td\u0259 silah g\u00fcc\u00fcn\u0259 i\u015f\u011falda saxlay\u0131b, on minl\u0259rl\u0259 dinc \u0259halini q\u0131r\u0131b-\u00e7at\u0131b, y\u00fczl\u0259rl\u0259 \u015f\u0259h\u0259r v\u0259 k\u0259ndi b\u00fcn\u00f6vr\u0259sin\u0259 q\u0259d\u0259r da\u011f\u0131d\u0131b, bir milyona q\u0259d\u0259r sakini \u00f6z ata-baba yurdundan deportasiya edib, qa\u00e7q\u0131n-k\u00f6\u00e7k\u00fcn v\u0259ziyy\u0259tin\u0259 sal\u0131b bununla bel\u0259 qani\u00e7\u0259n erm\u0259nil\u0259r\u0259 qahmar \u00e7\u0131x\u0131r. Buna n\u0259 ad verm\u0259k olar?<\/p>\n<p>Bir zamanlar d\u0259rvi\u015f M\u0259st\u0259li \u015fah\u0131n &#8220;partlatd\u0131\u011f\u0131&#8221; Paris bu g\u00fcn d\u0259 he\u00e7 c\u00fcr a\u011f\u0131llanmaq ist\u0259mir. B\u00fct\u00fcn olanlardan d\u0259rs \u00e7\u0131xarmaq \u0259v\u0259zin\u0259, daha da az\u011f\u0131nla\u015f\u0131r. Axmaq siyas\u0259tin\u0259 v\u0259 yek\u0259xana davran\u0131\u015f\u0131na g\u00f6r\u0259 Az\u0259rbaycana yax\u0131n burax\u0131lmayan Makron Fransa Afrikadan qovulduqca daha da aqressivl\u0259\u015fir. M\u00fcrt\u0259ce Fransa r\u0259hb\u0259rl\u0259rinin m\u0259zlum xalqlara etdikl\u0259ri z\u00fclml\u0259r bumeranq kimi \u00f6z \u00fcz\u0259rl\u0259rin\u0259 qay\u0131d\u0131r.<\/p>\n<p>Kolonist v\u0259 z\u0259if d\u00f6vl\u0259tl\u0259r\u0259 qar\u015f\u0131 radikal yana\u015fma t\u0259kc\u0259 Fransa d\u00f6vl\u0259tinin ba\u015f\u0131nda duranlar\u0131n deyil, \u00f6lk\u0259d\u0259 m\u00fcxalif siyasi dair\u0259l\u0259rin t\u0259msil\u00e7il\u0259rinin d\u0259 beynin\u0259 h\u0259kk olunub. Onlar da i\u015f\u011fal\u00e7\u0131 d\u00f6vl\u0259tl\u0259rin\u0259 qar\u015f\u0131 g\u00f6st\u0259ril\u0259n etirazlar\u0131 v\u0259 t\u0259pkil\u0259ri q\u0259bul v\u0259 h\u0259zm ed\u0259 bilmirl\u0259r. Ancaq bu, he\u00e7 d\u0259 t\u0259\u0259cc\u00fcbl\u00fc deyil. Fransa Senat\u0131n\u0131n s\u0259drinin m\u00fcavini Rocer Karu\u00e7i, Senatda \u201cRespublika\u00e7\u0131lar\u201d siyasi qrupunun r\u0259hb\u0259ri Bruno Retaly\u00f6, Senat\u0131n M\u00fcdafi\u0259 v\u0259 xarici m\u0259s\u0259l\u0259l\u0259r komissiyas\u0131n\u0131n s\u0259dri Kristian Kambon Prezident Emmanuel Makrona m\u00fcraci\u0259t edibl\u0259r. Onlar\u0131n m\u0259ktubuna \u00fcmumilikd\u0259 parlamentin 94 \u00fczv\u00fc imza at\u0131b. M\u00fcraci\u0259td\u0259 Fransan\u0131n \u0259srl\u0259rl\u0259 davam ed\u0259n m\u00fcrt\u0259ce Afrika siyas\u0259tinin bitm\u0259y\u0259 do\u011fru getm\u0259sind\u0259n d\u0259rin m\u0259yusluq ifad\u0259 edilir. Niy\u0259 d\u0259 m\u0259yus olmas\u0131nlar? &#8220;Ya\u011fl\u0131 tik\u0259l\u0259r&#8221; bir-bir \u0259ld\u0259n \u00e7\u0131x\u0131r ax\u0131.<\/p>\n<p>Bu m\u0259yusluq \u00c7inin, AB\u015e-\u0131n, Rusiyan\u0131n Afrikada Fransan\u0131n m\u00f6vqel\u0259rin\u0259 \u201cz\u0259rb\u0259\u201d endirm\u0259si il\u0259 m\u00fcqayis\u0259li \u015f\u0259kild\u0259 ifad\u0259 olunur. Sad\u0259 dild\u0259 des\u0259k, Afrika xalqlar\u0131 Fransan\u0131n buynuzlar\u0131n\u0131 s\u0131nd\u0131rma\u011fa ba\u015flay\u0131blar.<\/p>\n<p>Fransada neokolonial t\u0259f\u0259kk\u00fcr\u00fcn k\u00f6kl\u0259ri h\u0259l\u0259 d\u0259rind\u0259dir, s\u0131nmaq bilmir. \u00c7\u00fcnki Fransa tarix boyu m\u00fcst\u0259ml\u0259k\u0259\u00e7ilik siyas\u0259ti yeridib, ba\u015fqa xalqlar\u0131 \u0259zm\u0259kl\u0259, istismar etm\u0259kl\u0259, var-yoxunu \u0259lind\u0259n almaqla \u00f6z\u00fcn\u0259 xo\u015f g\u00fcn-g\u00fcz\u0259ran d\u00fcz\u0259ldib. T\u0259bii s\u0259rv\u0259tl\u0259ri talamaqla b\u0259rab\u0259r, v\u0259h\u015fi soyq\u0131r\u0131m\u0131 cinay\u0259tl\u0259ri t\u00f6r\u0259dib. Bu, ist\u0259r-ist\u0259m\u0259z Fransa siyas\u0259tinin m\u00fcxt\u0259lif qanadlar\u0131na t\u0259sir edir. Halbuki, Fransa ke\u00e7mi\u015fd\u0259ki h\u0259r\u0259k\u0259tl\u0259rin\u0259 g\u00f6r\u0259 Afrikadan \u00fczr ist\u0259m\u0259lidir.<\/p>\n<p>Lakin o, ke\u00e7mi\u015fin izl\u0259rini silib g\u0259l\u0259c\u0259y\u0259 konstruktiv baxmaq \u0259v\u0259zin\u0259 q\u0259ddarl\u0131\u011f\u0131 \u0259sas tutur. Fransa ya\u011fl\u0131 tik\u0259 kimi baxd\u0131\u011f\u0131 regionlar\u0131n bir-bir \u0259ld\u0259n \u00e7\u0131xmas\u0131n\u0131 m\u00fc\u015fahid\u0259 edir. Ancaq \u00f6z\u00fcn\u00fcn ke\u00e7mi\u015fd\u0259ki q\u0259ddarl\u0131qlar\u0131, cinay\u0259tl\u0259rinin d\u0259 a\u015fkara \u00e7\u0131xmas\u0131na baxaraq \u0259s\u0259b i\u00e7\u0259risind\u0259 q\u0131vr\u0131l\u0131r. Fransa art\u0131q if\u015fa olunur, d\u00fcnya arenas\u0131nda biab\u0131r edilir. H\u0259tta Q\u0259rbin \u00f6z\u00fcnd\u0259 bel\u0259 Fransaya yuxar\u0131dan a\u015fa\u011f\u0131 bax\u0131rlar. Bu, Makron hakimiyy\u0259tinin u\u011fursuz siyas\u0259tinin n\u0259tic\u0259sidir. \u00c7\u00fcnki Fransa Rusiya-Ukrayna m\u00fcharib\u0259sind\u0259 ikinciy\u0259 d\u0259st\u0259k ad\u0131 alt\u0131nda Rusiyan\u0131n d\u0259yirman\u0131na su t\u00f6k\u00fcr. Bu b\u0259s edir ki, Q\u0259rbd\u0259 Fransan\u0131n \u00fcz\u00fcn\u0259 xo\u015f baxmas\u0131nlar.<\/p>\n<p>Amma Makron utanan zat\u0131q\u0131r\u0131qlardan deyil. \u00dcz\u00fcn\u0259 n\u0259 q\u0259d\u0259r sill\u0259 \u00e7\u0259ks\u0259l\u0259r d\u0259, sif\u0259tini t\u00fcp\u00fcrc\u0259k selin\u0259 q\u0259rq ets\u0259l\u0259r d\u0259 geri \u00e7\u0259kil\u0259n deyil. \u00d6z xalq\u0131 t\u0259r\u0259find\u0259n ba\u015f\u0131na g\u0259tiril\u0259n biab\u0131r\u00e7\u0131 hadis\u0259l\u0259rd\u0259n, xarici \u00f6lk\u0259l\u0259rin nifr\u0259tini qazanandan\u00a0 sonra y\u00fcks\u0259k k\u00fcrs\u00fcd\u0259 oturma\u011f\u0131 \u00f6z\u00fcn\u0259 r\u0259va g\u00f6r\u00fcrs\u0259 daha bel\u0259sin\u0259 n\u0259 dey\u0259s\u0259n? \u00d6z\u00fc bil\u0259r, can da \u00f6z\u00fcn\u00fcn, c\u0259h\u0259nn\u0259m d\u0259&#8230; R\u0259hm\u0259tlik Xalq artistimiz \u018flia\u011fa A\u011fayevin m\u0259\u015fhur ifad\u0259sin\u0259 ki\u00e7ik d\u00fcz\u0259li\u015f vers\u0259k, dem\u0259liyik ki, frans\u0131z xalq\u0131 daha kef el\u0259y\u0259 bilmir. Xalqlar aya\u011fa qalxaraq i\u015f\u011fal\u00e7\u0131lar\u0131 \u00f6z \u00f6lk\u0259l\u0259rind\u0259n qovur, \u00e7\u0259kdikl\u0259ri kefi is\u0259 burunlar\u0131ndan g\u0259tirirl\u0259r.<\/p>\n","protected":false},"excerpt":{"rendered":"<p>\u00c7\u00fcnki istismar etdikl\u0259ri xalqlar aya\u011fa qalx\u0131b i\u015f\u011fal\u00e7\u0131lar\u0131 \u00f6z \u00f6lk\u0259l\u0259rind\u0259n qovurlar D\u00fc\u015f\u00fcnd\u00fcr\u00fcc\u00fcd\u00fcr ki, g\u00f6r\u0259s\u0259n niy\u0259 son bir ne\u00e7\u0259 y\u00fcz ild\u0259 bu Fransada bir a\u011f\u0131ll\u0131, humanist, \u0259dal\u0259tli v\u0259 insanp\u0259rv\u0259r adam d\u00f6vl\u0259t r\u0259hb\u0259ri ola bilmir? \u018fvv\u0259lkil\u0259r y\u00fcz faiz kolonistl\u0259r idil\u0259r, onlar z\u0259if\u00a0 d\u00f6vl\u0259tl\u0259rin v\u0259 xalqlar\u0131n qani\u00e7\u0259n c\u0259llad\u0131\u00a0 olublar.\u00a0\u00a0\u00a0 Sonuncu Prezident Emmanuel Makron is\u0259 hakimiyy\u0259t\u0259 quduzla\u015fm\u0131\u015f bir v\u0259ziyy\u0259td\u0259 g\u0259ldi. Art\u0131q ikinci m\u00fcdd\u0259tdir ki, Fransan\u0131n Prezidenti v\u0259zif\u0259sini icra ed\u0259n Makron frans\u0131z xalq\u0131n\u0131n ad\u0131n\u0131 b\u0259dnam ed\u0259n biab\u0131r\u00e7\u0131 siyas\u0259t y\u00fcr\u00fctm\u0259kd\u0259 davam edir. B\u00f6y\u00fck bir xalq\u0131n ba\u015f\u0131nda duranllara bir bax! H\u0259r\u0259si bir c\u00fcr ba\u015fdanxarab. Makron bil\u0259-bil\u0259 ki, Erm\u0259nistan&hellip;<\/p>\n","protected":false},"author":2,"featured_media":617682,"comment_status":"closed","ping_status":"closed","sticky":false,"template":"","format":"standard","meta":{"om_disable_all_campaigns":false,"_monsterinsights_skip_tracking":false,"_monsterinsights_sitenote_active":false,"_monsterinsights_sitenote_note":"","_monsterinsights_sitenote_category":0},"categories":[19],"tags":[],"aioseo_notices":[],"gutentor_comment":0,"rttpg_featured_image_url":{"full":["https:\/\/arantv.az\/wp-content\/uploads\/2023\/08\/68d37435167993826661667075710176392.jpg",975,540,false],"landscape":["https:\/\/arantv.az\/wp-content\/uploads\/2023\/08\/68d37435167993826661667075710176392.jpg",975,540,false],"portraits":["https:\/\/arantv.az\/wp-content\/uploads\/2023\/08\/68d37435167993826661667075710176392.jpg",975,540,false],"thumbnail":["https:\/\/arantv.az\/wp-content\/uploads\/2023\/08\/68d37435167993826661667075710176392-500x280.jpg",500,280,true],"medium":["https:\/\/arantv.az\/wp-content\/uploads\/2023\/08\/68d37435167993826661667075710176392-660x365.jpg",660,365,true],"large":["https:\/\/arantv.az\/wp-content\/uploads\/2023\/08\/68d37435167993826661667075710176392-840x465.jpg",640,354,true],"1536x1536":["https:\/\/arantv.az\/wp-content\/uploads\/2023\/08\/68d37435167993826661667075710176392.jpg",975,540,false],"2048x2048":["https:\/\/arantv.az\/wp-content\/uploads\/2023\/08\/68d37435167993826661667075710176392.jpg",975,540,false],"post-thumbnail":["https:\/\/arantv.az\/wp-content\/uploads\/2023\/08\/68d37435167993826661667075710176392-240x172.jpg",240,172,true],"advps-thumb-one":["https:\/\/arantv.az\/wp-content\/uploads\/2023\/08\/68d37435167993826661667075710176392.jpg",975,540,false]},"rttpg_author":{"display_name":"V\u00fcsal Rafiqo\u011flu","author_link":"https:\/\/arantv.az\/?author=2"},"rttpg_comment":0,"rttpg_category":"<a href=\"https:\/\/arantv.az\/?cat=19\" rel=\"category\">G\u00fcnd\u0259m<\/a>","rttpg_excerpt":"\u00c7\u00fcnki istismar etdikl\u0259ri xalqlar aya\u011fa qalx\u0131b i\u015f\u011fal\u00e7\u0131lar\u0131 \u00f6z \u00f6lk\u0259l\u0259rind\u0259n qovurlar D\u00fc\u015f\u00fcnd\u00fcr\u00fcc\u00fcd\u00fcr ki, g\u00f6r\u0259s\u0259n niy\u0259 son bir ne\u00e7\u0259 y\u00fcz ild\u0259 bu Fransada bir a\u011f\u0131ll\u0131, humanist, \u0259dal\u0259tli v\u0259 insanp\u0259rv\u0259r adam d\u00f6vl\u0259t r\u0259hb\u0259ri ola bilmir? \u018fvv\u0259lkil\u0259r y\u00fcz faiz kolonistl\u0259r idil\u0259r, onlar z\u0259if\u00a0 d\u00f6vl\u0259tl\u0259rin v\u0259 xalqlar\u0131n qani\u00e7\u0259n c\u0259llad\u0131\u00a0 olublar.\u00a0\u00a0\u00a0 Sonuncu Prezident Emmanuel Makron is\u0259 hakimiyy\u0259t\u0259 quduzla\u015fm\u0131\u015f bir v\u0259ziyy\u0259td\u0259 g\u0259ldi.&hellip;","_links":{"self":[{"href":"https:\/\/arantv.az\/index.php?rest_route=\/wp\/v2\/posts\/617681"}],"collection":[{"href":"https:\/\/arantv.az\/index.php?rest_route=\/wp\/v2\/posts"}],"about":[{"href":"https:\/\/arantv.az\/index.php?rest_route=\/wp\/v2\/types\/post"}],"author":[{"embeddable":true,"href":"https:\/\/arantv.az\/index.php?rest_route=\/wp\/v2\/users\/2"}],"replies":[{"embeddable":true,"href":"https:\/\/arantv.az\/index.php?rest_route=%2Fwp%2Fv2%2Fcomments&post=617681"}],"version-history":[{"count":0,"href":"https:\/\/arantv.az\/index.php?rest_route=\/wp\/v2\/posts\/617681\/revisions"}],"wp:featuredmedia":[{"embeddable":true,"href":"https:\/\/arantv.az\/index.php?rest_route=\/wp\/v2\/media\/617682"}],"wp:attachment":[{"href":"https:\/\/arantv.az\/index.php?rest_route=%2Fwp%2Fv2%2Fmedia&parent=617681"}],"wp:term":[{"taxonomy":"category","embeddable":true,"href":"https:\/\/arantv.az\/index.php?rest_route=%2Fwp%2Fv2%2Fcategories&post=617681"},{"taxonomy":"post_tag","embeddable":true,"href":"https:\/\/arantv.az\/index.php?rest_route=%2Fwp%2Fv2%2Ftags&post=617681"}],"curies":[{"name":"wp","href":"https:\/\/api.w.org\/{rel}","templated":true}]}}