{"id":617693,"date":"2023-08-10T09:35:46","date_gmt":"2023-08-10T05:35:46","guid":{"rendered":"https:\/\/arantv.az\/?p=617693"},"modified":"2023-08-10T09:35:46","modified_gmt":"2023-08-10T05:35:46","slug":"pensiyaya-cixanlara-sad-x%c9%99b%c9%99r-bundan-sonra","status":"publish","type":"post","link":"https:\/\/arantv.az\/?p=617693","title":{"rendered":"Pensiyaya \u00e7\u0131xanlara \u015eAD X\u018fB\u018fR &#8211; Bundan sonra&#8230;"},"content":{"rendered":"<p><strong>Nazirl\u0259r Kabineti 28 aprel 2022-ci il tarixli q\u0259rar\u0131 il\u0259 t\u0259sdiq edilmi\u015f \u201c\u018fm\u0259k pensiyalar\u0131n\u0131n t\u0259yin edilm\u0259si, hesablanmas\u0131, yenid\u0259n hesablanmas\u0131, bir n\u00f6vd\u0259n ba\u015fqa n\u00f6v\u0259 ke\u00e7irilm\u0259si v\u0259 \u00f6d\u0259nilm\u0259si Qaydas\u0131\u201dnda d\u0259yi\u015fiklik edib. Bununla ba\u011fl\u0131 Ba\u015f nazir \u018fli \u018fs\u0259dov yeni q\u0259rar imzalay\u0131b. Q\u0259rara \u0259sas\u0259n, bundan sonra \u0259m\u0259k pensiyas\u0131na qulluq staj\u0131na g\u00f6r\u0259 \u0259lav\u0259l\u0259rin hesablanmas\u0131 zaman\u0131 \u0259sas g\u00f6t\u00fcr\u00fcl\u0259n \u0259m\u0259khaqq\u0131, d\u00f6vl\u0259t m\u0259vacibi, yaxud t\u0259minat x\u0259rcliyi m\u00fc\u0259yy\u0259n edil\u0259rk\u0259n \u015f\u0259xsin yaln\u0131z \u0259m\u0259k v\u0259 ya xidm\u0259ti v\u0259zif\u0259l\u0259rinin yerin\u0259 yetirm\u0259sin\u0259 g\u00f6r\u0259 alm\u0131\u015f oldu\u011fu \u00f6d\u0259ni\u015fl\u0259r v\u0259 onlara sonrak\u0131 art\u0131mlar pensiya t\u0259yinat\u0131 tarixin\u0259 q\u0259d\u0259r n\u0259z\u0259r\u0259 al\u0131nacaq.<\/strong><\/p>\n<p><strong>B\u0259s yeni qanunun hans\u0131 \u0259h\u0259miyy\u0259ti var?<\/strong><\/p>\n<p><strong>ARANTV.AZ<\/strong>\u00a0x\u0259b\u0259r verir ki, m\u0259s\u0259l\u0259 il\u0259 ba\u011fl\u0131 iqtisad\u00e7\u0131 Natiq C\u0259f\u0259rli bildirib ki, bu d\u0259yi\u015fikliyin bir \u00e7ox pensiya\u00e7\u0131ya m\u00fcsb\u0259t t\u0259sirl\u0259ri olacaq.<\/p>\n<p>\u201cPensiyalar\u0131n hesablanmas\u0131 il\u0259 ba\u011fl\u0131 bir ne\u00e7\u0259 d\u0259f\u0259 d\u0259yi\u015fiklikl\u0259r olmu\u015fdu v\u0259 bu zaman t\u0259qrib\u0259n 2017-ci ild\u0259n b\u0259ri t\u0259qa\u00fcd\u0259 \u00e7\u0131xanlarda pensiyan\u0131n yenid\u0259n hesablanmas\u0131 il\u0259 ba\u011fl\u0131 b\u0259zi problem ya\u015fan\u0131rd\u0131. \u0130ndi yeni qaydaya g\u00f6r\u0259, onlar\u0131n pensiyas\u0131n\u0131 yenid\u0259n hesablamaq m\u00fcmk\u00fcn olacaq. \u00c7\u00fcnki minl\u0259rl\u0259 insan \u015fikay\u0259t edirdi ki, onlar\u0131n pensiyas\u0131 do\u011fru hesablanm\u0131r. H\u0259m t\u0259qa\u00fcd ya\u015f\u0131n\u0131n art\u0131r\u0131lmas\u0131 il\u0259 ba\u011fl\u0131, h\u0259m d\u0259 minimum t\u0259aq\u00fcd artark\u0259n Sosial M\u00fcdafi\u0259 Fonduna \u00f6d\u0259ni\u015fl\u0259rin minimum hiss\u0259si d\u0259 art\u0131r. \u018fvv\u0259ll\u0259r bu r\u0259q\u0259m 34 min idi. \u0130ndi is\u0259 40 min 350 manat olub\u201d.<\/p>\n<div id=\"22887641287\">\u0130qtisad\u00e7\u0131 bildirib ki, h\u0259min d\u00f6vrd\u0259, y\u0259ni son bir ne\u00e7\u0259 ild\u0259 pensiyaya \u00e7\u0131xanlarla ba\u011fl\u0131 probleml\u0259r ya\u015fan\u0131rd\u0131. Onun s\u00f6zl\u0259rin\u0259 g\u00f6r\u0259, onlar\u0131n pensiyalar\u0131n\u0131n hesablanmas\u0131 d\u00fczg\u00fcn olmurdu v\u0259 naraz\u0131l\u0131qlar yaran\u0131rd\u0131: \u201cYeni qaydalar is\u0259 h\u0259min \u015f\u0259xsl\u0259rin pensiyalar\u0131n\u0131n yenid\u0259n hesablanmas\u0131na imkan yarad\u0131r v\u0259 bu da m\u00fcsb\u0259t bir hald\u0131r. Sad\u0259c\u0259 \u00fcmid ed\u0259k ki, onlar\u0131n pensiyalar\u0131 qanunvericiliy\u0259 uy\u011fun hesablanacaq v\u0259 onlara bu g\u00fcn\u0259 q\u0259d\u0259r d\u0259ymi\u015f ziyan yenid\u0259n geri \u00f6d\u0259nil\u0259c\u0259k. \u018fg\u0259r bu ba\u015f ver\u0259rs\u0259, minl\u0259rl\u0259 insan \u00f6z pensiyas\u0131nda art\u0131m hiss ed\u0259c\u0259k\u201d.<\/div>\n","protected":false},"excerpt":{"rendered":"<p>Nazirl\u0259r Kabineti 28 aprel 2022-ci il tarixli q\u0259rar\u0131 il\u0259 t\u0259sdiq edilmi\u015f \u201c\u018fm\u0259k pensiyalar\u0131n\u0131n t\u0259yin edilm\u0259si, hesablanmas\u0131, yenid\u0259n hesablanmas\u0131, bir n\u00f6vd\u0259n ba\u015fqa n\u00f6v\u0259 ke\u00e7irilm\u0259si v\u0259 \u00f6d\u0259nilm\u0259si Qaydas\u0131\u201dnda d\u0259yi\u015fiklik edib. Bununla ba\u011fl\u0131 Ba\u015f nazir \u018fli \u018fs\u0259dov yeni q\u0259rar imzalay\u0131b. Q\u0259rara \u0259sas\u0259n, bundan sonra \u0259m\u0259k pensiyas\u0131na qulluq staj\u0131na g\u00f6r\u0259 \u0259lav\u0259l\u0259rin hesablanmas\u0131 zaman\u0131 \u0259sas g\u00f6t\u00fcr\u00fcl\u0259n \u0259m\u0259khaqq\u0131, d\u00f6vl\u0259t m\u0259vacibi, yaxud t\u0259minat x\u0259rcliyi m\u00fc\u0259yy\u0259n edil\u0259rk\u0259n \u015f\u0259xsin yaln\u0131z \u0259m\u0259k v\u0259 ya xidm\u0259ti v\u0259zif\u0259l\u0259rinin yerin\u0259 yetirm\u0259sin\u0259 g\u00f6r\u0259 alm\u0131\u015f oldu\u011fu \u00f6d\u0259ni\u015fl\u0259r v\u0259 onlara sonrak\u0131 art\u0131mlar pensiya t\u0259yinat\u0131 tarixin\u0259 q\u0259d\u0259r n\u0259z\u0259r\u0259 al\u0131nacaq. B\u0259s yeni qanunun hans\u0131 \u0259h\u0259miyy\u0259ti var? ARANTV.AZ\u00a0x\u0259b\u0259r verir&hellip;<\/p>\n","protected":false},"author":2,"featured_media":617694,"comment_status":"closed","ping_status":"closed","sticky":false,"template":"","format":"standard","meta":{"om_disable_all_campaigns":false,"_monsterinsights_skip_tracking":false,"_monsterinsights_sitenote_active":false,"_monsterinsights_sitenote_note":"","_monsterinsights_sitenote_category":0},"categories":[26],"tags":[],"aioseo_notices":[],"gutentor_comment":0,"rttpg_featured_image_url":{"full":["https:\/\/arantv.az\/wp-content\/uploads\/2023\/08\/4884de7a04af98949429f894e49cacbd.jpg",649,346,false],"landscape":["https:\/\/arantv.az\/wp-content\/uploads\/2023\/08\/4884de7a04af98949429f894e49cacbd.jpg",649,346,false],"portraits":["https:\/\/arantv.az\/wp-content\/uploads\/2023\/08\/4884de7a04af98949429f894e49cacbd.jpg",649,346,false],"thumbnail":["https:\/\/arantv.az\/wp-content\/uploads\/2023\/08\/4884de7a04af98949429f894e49cacbd-500x280.jpg",500,280,true],"medium":["https:\/\/arantv.az\/wp-content\/uploads\/2023\/08\/4884de7a04af98949429f894e49cacbd.jpg",649,346,false],"large":["https:\/\/arantv.az\/wp-content\/uploads\/2023\/08\/4884de7a04af98949429f894e49cacbd.jpg",640,341,false],"1536x1536":["https:\/\/arantv.az\/wp-content\/uploads\/2023\/08\/4884de7a04af98949429f894e49cacbd.jpg",649,346,false],"2048x2048":["https:\/\/arantv.az\/wp-content\/uploads\/2023\/08\/4884de7a04af98949429f894e49cacbd.jpg",649,346,false],"post-thumbnail":["https:\/\/arantv.az\/wp-content\/uploads\/2023\/08\/4884de7a04af98949429f894e49cacbd-240x172.jpg",240,172,true],"advps-thumb-one":["https:\/\/arantv.az\/wp-content\/uploads\/2023\/08\/4884de7a04af98949429f894e49cacbd.jpg",649,346,false]},"rttpg_author":{"display_name":"V\u00fcsal Rafiqo\u011flu","author_link":"https:\/\/arantv.az\/?author=2"},"rttpg_comment":0,"rttpg_category":"<a href=\"https:\/\/arantv.az\/?cat=26\" rel=\"category\">Sosial<\/a>","rttpg_excerpt":"Nazirl\u0259r Kabineti 28 aprel 2022-ci il tarixli q\u0259rar\u0131 il\u0259 t\u0259sdiq edilmi\u015f \u201c\u018fm\u0259k pensiyalar\u0131n\u0131n t\u0259yin edilm\u0259si, hesablanmas\u0131, yenid\u0259n hesablanmas\u0131, bir n\u00f6vd\u0259n ba\u015fqa n\u00f6v\u0259 ke\u00e7irilm\u0259si v\u0259 \u00f6d\u0259nilm\u0259si Qaydas\u0131\u201dnda d\u0259yi\u015fiklik edib. Bununla ba\u011fl\u0131 Ba\u015f nazir \u018fli \u018fs\u0259dov yeni q\u0259rar imzalay\u0131b. Q\u0259rara \u0259sas\u0259n, bundan sonra \u0259m\u0259k pensiyas\u0131na qulluq staj\u0131na g\u00f6r\u0259 \u0259lav\u0259l\u0259rin hesablanmas\u0131 zaman\u0131 \u0259sas g\u00f6t\u00fcr\u00fcl\u0259n \u0259m\u0259khaqq\u0131, d\u00f6vl\u0259t m\u0259vacibi, yaxud&hellip;","_links":{"self":[{"href":"https:\/\/arantv.az\/index.php?rest_route=\/wp\/v2\/posts\/617693"}],"collection":[{"href":"https:\/\/arantv.az\/index.php?rest_route=\/wp\/v2\/posts"}],"about":[{"href":"https:\/\/arantv.az\/index.php?rest_route=\/wp\/v2\/types\/post"}],"author":[{"embeddable":true,"href":"https:\/\/arantv.az\/index.php?rest_route=\/wp\/v2\/users\/2"}],"replies":[{"embeddable":true,"href":"https:\/\/arantv.az\/index.php?rest_route=%2Fwp%2Fv2%2Fcomments&post=617693"}],"version-history":[{"count":0,"href":"https:\/\/arantv.az\/index.php?rest_route=\/wp\/v2\/posts\/617693\/revisions"}],"wp:featuredmedia":[{"embeddable":true,"href":"https:\/\/arantv.az\/index.php?rest_route=\/wp\/v2\/media\/617694"}],"wp:attachment":[{"href":"https:\/\/arantv.az\/index.php?rest_route=%2Fwp%2Fv2%2Fmedia&parent=617693"}],"wp:term":[{"taxonomy":"category","embeddable":true,"href":"https:\/\/arantv.az\/index.php?rest_route=%2Fwp%2Fv2%2Fcategories&post=617693"},{"taxonomy":"post_tag","embeddable":true,"href":"https:\/\/arantv.az\/index.php?rest_route=%2Fwp%2Fv2%2Ftags&post=617693"}],"curies":[{"name":"wp","href":"https:\/\/api.w.org\/{rel}","templated":true}]}}