{"id":617696,"date":"2023-08-10T09:36:28","date_gmt":"2023-08-10T05:36:28","guid":{"rendered":"https:\/\/arantv.az\/?p=617696"},"modified":"2023-08-10T09:36:28","modified_gmt":"2023-08-10T05:36:28","slug":"%c9%99rzagin-bahalasacagi-anonsu-verilir-hokum%c9%99t-onl%c9%99yici-t%c9%99dbirl%c9%99r-planlasdirirmi-r%c9%99y","status":"publish","type":"post","link":"https:\/\/arantv.az\/?p=617696","title":{"rendered":"\u018frza\u011f\u0131n bahala\u015faca\u011f\u0131 anonsu verilir: H\u00f6kum\u0259t \u00f6nl\u0259yici t\u0259dbirl\u0259r planla\u015fd\u0131r\u0131rm\u0131? &#8211; r\u0259y"},"content":{"rendered":"<h3><strong>H\u00f6kum\u0259t inflyasiyan\u0131 azaltmaq t\u0259dbirl\u0259rini intensivl\u0259\u015fdirdiyi bir vaxtda qlobal \u0259rzaq bazarlar\u0131nda he\u00e7 d\u0259 xo\u015f olmayan prosesl\u0259r getm\u0259y\u0259 ba\u015flay\u0131b<\/strong><\/h3>\n<p><strong>D\u00fcnyan\u0131n \u0259ks\u0259r \u00f6lk\u0259l\u0259rind\u0259 inflyasiyan\u0131n azalmas\u0131 m\u00fc\u015fahid\u0259 olunur: AB\u015e, Avropa \u0130ttifaq\u0131nda qiym\u0259tl\u0259r ucuzla\u015f\u0131r, h\u0259tta \u00c7in deflyasiya problemi ya\u015fay\u0131r. Lakin Az\u0259rbaycanda inflyasiyan\u0131n azalma s\u00fcr\u0259ti \u00e7ox z\u0259ifdir.<\/strong><\/p>\n<p>D\u00f6vl\u0259t Statistika Komit\u0259sinin hesablamalar\u0131na \u0259sas\u0259n, 2023-c\u00fc ilin yanvar-iyun aylar\u0131nda Az\u0259rbaycanda qiym\u0259tl\u0259r 2022-ci ilin yanvar-iyun aylar\u0131na nisb\u0259t\u0259n 12,7 faiz bahala\u015f\u0131b. Bu zaman \u0259rzaq m\u0259hsullar\u0131, i\u00e7kil\u0259r v\u0259 t\u00fct\u00fcn m\u0259mulatlar\u0131 15,1 faiz (bilavasit\u0259 \u0259rzaq m\u0259hsullar\u0131 15,9 faiz), qeyri-\u0259rzaq m\u0259hsullar\u0131 11,4 faiz, \u0259haliy\u0259 g\u00f6st\u0259rilmi\u015f \u00f6d\u0259ni\u015fli xidm\u0259tl\u0259r\u00a0 10,5 faiz bahala\u015f\u0131b. \u0130yun ay\u0131nda istehlak qiym\u0259tl\u0259ri indeksi \u0259vv\u0259lki aya nisb\u0259t\u0259n 0,9 faiz azal\u0131b, \u0259vv\u0259lki ilin iyun ay\u0131na nisb\u0259t\u0259n 10,6 faiz t\u0259\u015fkil edib.<\/p>\n<p>Az\u0259rbaycan Maliyy\u0259 Nazirliyi bildirir ki, d\u00fcnya iqtisadiyyat\u0131nda inflyasiya t\u0259zyiqinin v\u0259 qlobal siyasi-h\u0259rbi g\u0259rginliyin davam etm\u0259si g\u0259l\u0259c\u0259k iqtisadi perspektivl\u0259r \u00fczr\u0259 qeyri-m\u00fc\u0259yy\u0259nliyi art\u0131r\u0131b.<\/p>\n<p>Az\u0259rbaycan h\u00f6kum\u0259ti ilkin proqnozlar\u0131nda 2023-c\u00fc ild\u0259 orta illik inflyasiyan\u0131 6,9 faiz s\u0259viyy\u0259sind\u0259 n\u0259z\u0259rd\u0259 tutsa da, may ay\u0131nda yenid\u0259n bax\u0131lma zaman\u0131 bunu faktiki g\u00f6st\u0259ricil\u0259r, g\u00f6zl\u0259nil\u0259n meyill\u0259r n\u0259z\u0259r\u0259 al\u0131nmaqla 10,4 faiz\u0259d\u0259k art\u0131r\u0131b.<\/p>\n<p>\u00d6t\u0259n il Az\u0259rbaycan h\u00f6kum\u0259ti b\u0259yan edib ki, \u00f6lk\u0259d\u0259 inflyasiyan\u0131n s\u00fcr\u0259tl\u0259nm\u0259sind\u0259 idxal inflyasiyas\u0131 apar\u0131c\u0131 rola malikdir. Bu zaman idxal inflyasiyas\u0131n\u0131 art\u0131ran \u0259sas amil kimi \u0259rzaq m\u0259hsullar\u0131 \u00e7\u0131x\u0131\u015f edir. Lakin \u00f6t\u0259n ilin may\u0131ndan bu ilin iyuluna q\u0259d\u0259r qlobal \u0259rzaq bazarlar\u0131nda qiym\u0259t azalmas\u0131 prosesi gets\u0259 d\u0259, Az\u0259rbaycanda bu, dem\u0259k olar ki, hiss olunmay\u0131b. \u00d6t\u0259n ild\u0259n qiym\u0259tl\u0259ri bahala\u015fan \u0259rzaq m\u0259hsullar\u0131n\u0131n \u00e7ox c\u00fczi bir hiss\u0259sind\u0259 qiym\u0259t azalmas\u0131 m\u00fc\u015fahid\u0259 olunur.<\/p>\n<p>Maraql\u0131d\u0131r ki, Az\u0259rbaycan h\u00f6kum\u0259ti inflyasiyan\u0131n azalma s\u00fcr\u0259tini q\u0259na\u0259tb\u0259x\u015f hesab etmir. Bu bar\u0259d\u0259 Prezident \u0130lham \u018fliyev 6 ay\u0131n sosial-iqtisadi yekunlar\u0131na h\u0259sr olunmu\u015f m\u00fc\u015favir\u0259d\u0259ki \u00e7\u0131x\u0131\u015f\u0131nda dan\u0131\u015f\u0131b. Prezident deyib ki, inflyasiyan\u0131n ikir\u0259q\u0259mli olmas\u0131 h\u00f6kum\u0259ti d\u00fc\u015f\u00fcnd\u00fcrm\u0259lidir: \u201c\u00dcmid edir\u0259m ki, ilin sonuna q\u0259d\u0259r inflyasiya birr\u0259q\u0259mli s\u0259viyy\u0259y\u0259 d\u00fc\u015f\u0259 bil\u0259r. Burada t\u0259bii s\u0259b\u0259bl\u0259rl\u0259 yana\u015f\u0131, subyektiv s\u0259b\u0259bl\u0259r d\u0259 vard\u0131r. Onlar daha ciddi ara\u015fd\u0131r\u0131lmal\u0131d\u0131r v\u0259 ilin sonuna q\u0259d\u0259r at\u0131lacaq add\u0131mlarla ba\u011fl\u0131 t\u0259klifl\u0259r verilm\u0259lidir. \u00c7\u00fcnki Az\u0259rbaycan\u0131n b\u00fct\u00f6vl\u00fckd\u0259 iqtisadi potensial\u0131 v\u0259 iqtisadi sah\u0259d\u0259 \u0259ld\u0259 edilmi\u015f n\u0259tic\u0259l\u0259r fonunda inflyasiyan\u0131n 12 faiz s\u0259viyy\u0259sind\u0259 olmas\u0131, \u0259lb\u0259tt\u0259 ki, arzuolunan deyil\u201d.<\/p>\n<p>Ard\u0131nca iyulun 15-d\u0259 Ba\u015f nazir \u018fli \u018fs\u0259dov Az\u0259rbaycanda inflyasiyan\u0131n iqtisadi art\u0131m \u00fc\u00e7\u00fcn m\u0259qbul s\u0259viyy\u0259y\u0259 endirilm\u0259sinin t\u0259min edilm\u0259si, inflyasiya prosesl\u0259rini v\u0259 onun s\u0259b\u0259bl\u0259rini k\u0259miyy\u0259t v\u0259 keyfiyy\u0259tc\u0259 qiym\u0259tl\u0259ndirm\u0259y\u0259 imkan ver\u0259n t\u0259hlil v\u0259 monitorinq sisteminin daha da t\u0259kmill\u0259\u015fdirilm\u0259si, el\u0259c\u0259 d\u0259 bu sah\u0259d\u0259 qurumlararas\u0131 koordinasiyan\u0131n g\u00fccl\u0259ndirilm\u0259si m\u0259qs\u0259dil\u0259 \u0130\u015f\u00e7i qrupun yarad\u0131lmas\u0131 bar\u0259d\u0259 s\u0259r\u0259ncam imzalay\u0131b.<\/p>\n<p>\u0130yulun 21-d\u0259\u00a0 Nazirl\u0259r Kabineti Aparat\u0131n\u0131n r\u0259hb\u0259ri R\u00fcf\u0259t M\u0259mm\u0259dovun s\u0259drliyi il\u0259 \u0130\u015f\u00e7i qrupun ilk iclas\u0131 ke\u00e7irilib. A\u00e7\u0131qlanan m\u0259lumatdan ayd\u0131n olur ki, iclasda istehlak s\u0259b\u0259tin\u0259 daxil olan m\u0259hsul v\u0259 xidm\u0259t n\u00f6v\u00fc \u00fczr\u0259 qiym\u0259tl\u0259rin, o c\u00fcml\u0259d\u0259n k\u0259nd t\u0259s\u0259rr\u00fcfat\u0131 v\u0259 s\u0259naye m\u0259hsullar\u0131n\u0131n istehsal\u00e7\u0131 qiym\u0259t indeksl\u0259rind\u0259 d\u0259yi\u015fm\u0259l\u0259rin daha d\u0259rind\u0259n ara\u015fd\u0131r\u0131lmas\u0131, ticar\u0259t t\u0259r\u0259fda\u015flar\u0131nda inflyasiya, el\u0259c\u0259 d\u0259 idxal inflyasiyas\u0131 il\u0259 ba\u011fl\u0131 olaraq idxal olunan m\u0259hsullar\u0131n qiym\u0259t indeksl\u0259ri v\u0259 daxili bazarda qiym\u0259tl\u0259r\u0259 t\u0259siri, inflyasiyan\u0131n art\u0131r\u0131c\u0131 v\u0259 azald\u0131c\u0131 faktorlar\u0131 v\u0259 h\u0259yata ke\u00e7iril\u0259n antiinflyasiya t\u0259dbirl\u0259ri, habel\u0259 sa\u011flam r\u0259qab\u0259tin qorunmas\u0131, daxili bazarda qiym\u0259tl\u0259rl\u0259 manipulyasiyaya yol verilm\u0259m\u0259si v\u0259 antiinhisar t\u0259dbirl\u0259rinin g\u00fccl\u0259ndirilm\u0259si m\u0259s\u0259l\u0259l\u0259ri geni\u015f m\u00fczakir\u0259 olunub. \u0130clas\u0131n yekununda m\u00fczakir\u0259 olunan m\u0259s\u0259l\u0259l\u0259r bar\u0259d\u0259 aidiyy\u0259ti qurumlara konkret tap\u015f\u0131r\u0131qlar verilib.<\/p>\n<p>\u0130qtisad\u00e7\u0131 ekspert Xalid K\u0259rimli bildirib ki, qlobal s\u0259viyy\u0259d\u0259 inflyasiyan\u0131n azalma s\u00fcr\u0259ti il\u0259 Az\u0259rbaycanda qeyd\u0259 al\u0131nan s\u00fcr\u0259t aras\u0131nda f\u0259rq var: \u201cD\u00fcnyadak\u0131 z\u0259ifl\u0259m\u0259 tempin\u0259 baxanda v\u0259 Az\u0259rbaycana baxanda g\u00f6r\u00fcr\u00fck ki, bu g\u00f6zl\u0259nil\u0259n\u0259 uy\u011fun olmay\u0131b. H\u00f6kum\u0259t d\u0259 bunun azalaca\u011f\u0131n\u0131 g\u00f6zl\u0259yirdi, lakin daha az azal\u0131b v\u0259 h\u00f6kum\u0259tin proqnozla\u015fd\u0131rd\u0131\u011f\u0131 r\u0259q\u0259md\u0259n daha y\u00fcks\u0259k olub\u201d.<\/p>\n<p>\u0130qtisad\u00e7\u0131 bildirib ki, inflyasiyan\u0131n art\u0131m\u0131 sad\u0259c\u0259 d\u00fcnyada ba\u015f ver\u0259n iqtisadi prosesl\u0259rl\u0259 \u0259laq\u0259dar deyil. Onun s\u00f6zl\u0259rin\u0259 g\u00f6r\u0259, \u00f6lk\u0259d\u0259 ba\u015f ver\u0259n subyektiv s\u0259b\u0259bl\u0259r d\u0259 inflyasiyan\u0131 art\u0131ran amill\u0259rdir: \u201cHaz\u0131rda d\u00fcnyada da ciddi inflyasiya var. \u00d6lk\u0259 ba\u015f\u00e7\u0131s\u0131 ilk yar\u0131millik m\u00fc\u015favir\u0259d\u0259 d\u0259 inflyasiya il\u0259 ba\u011fl\u0131 \u00f6z fikirl\u0259rini dedi. Y\u0259ni burada m\u00fcxt\u0259lif amill\u0259r m\u00f6vcuddur ki, onlar inflyasiyan\u0131n art\u0131m\u0131na s\u0259b\u0259b olur. H\u0259m d\u0259 \u00f6lk\u0259 daxilind\u0259 iqtisadiyyat\u0131n strukturunda ortaya \u00e7\u0131xan m\u0259s\u0259l\u0259l\u0259r var. \u00d6lk\u0259y\u0259 mal g\u0259tir\u0259n bir ne\u00e7\u0259 b\u00f6y\u00fck oyun\u00e7u var v\u0259 onlar \u00e7ox l\u0259ng \u015f\u0259kild\u0259 qiym\u0259t azalmas\u0131n\u0131 \u0259ks el\u0259tdirirl\u0259r. R\u0259qab\u0259t m\u00fchiti z\u0259if, idxalda ciddi monopoliya oldu\u011funa v\u0259 bir ne\u00e7\u0259 qrupun \u0259lind\u0259 ciddi t\u0259m\u0259rk\u00fczl\u0259\u015fm\u0259 getdiyin\u0259 g\u00f6r\u0259 burada bel\u0259 probleml\u0259r ba\u015f verir\u201d.<\/p>\n<p>Yuxar\u0131da da qeyd etdik ki, Az\u0259rbaycanda inflyasiyaya \u0259n \u00e7ox art\u0131r\u0131c\u0131 t\u0259siri idxal olunan \u0259rzaq m\u0259hsullar\u0131 g\u00f6st\u0259rir. R\u0259smi statistikaya \u0259sas\u0259n 2023-c\u00fc ilin may ay\u0131nda idxal olunan m\u0259hsullar\u0131n qiym\u0259t indeksi \u0259vv\u0259lki ayla m\u00fcqayis\u0259d\u0259 2,1 faiz, \u0259vv\u0259lki ilin m\u00fcvafiq ay\u0131 il\u0259 m\u00fcqayis\u0259d\u0259 17,2 faiz, 2023-c\u00fc ilin yanvar-may aylar\u0131nda \u0259vv\u0259lki ilin m\u00fcvafiq d\u00f6vr\u00fcn\u0259 nisb\u0259t\u0259n 19,8 faiz art\u0131b.<\/p>\n<p><img src=\"https:\/\/newscenter.az\/uploads\/posts\/2021-10\/1634625682_erzaqlar.jpg\" alt=\"D\u00fcnyada \u0259rza\u011f\u0131n bahala\u015fmas\u0131 hans\u0131 riskl\u0259r yarad\u0131r? \u00bb Newscenter.az\" \/><\/p>\n<p>H\u00f6kum\u0259t inflyasiyan\u0131 azaltmaq t\u0259dbirl\u0259rini intensivl\u0259\u015fdirdiyi bir vaxtda qlobal \u0259rzaq bazarlar\u0131nda he\u00e7 d\u0259 xo\u015f olmayan prosesl\u0259r getm\u0259y\u0259 ba\u015flay\u0131b. Bel\u0259 ki, iyul ay\u0131nda 2023-c\u00fc ild\u0259 ilk d\u0259f\u0259 qlobal \u0259rzaq qiym\u0259tl\u0259rind\u0259 art\u0131m qeyd\u0259 al\u0131n\u0131b. BMT K\u0259nd T\u0259s\u0259rr\u00fcfat\u0131 v\u0259 \u018frzaq T\u0259\u015fkilat\u0131n\u0131n hesablamalar\u0131na \u0259sas\u0259n qlobal \u0259rzaq qiym\u0259tl\u0259ri indeksi iyulda 123,9 b\u0259nd t\u0259\u015fkil edib. Bu is\u0259 iyunla m\u00fcqayis\u0259d\u0259 1,3 faiz art\u0131m dem\u0259kdir. \u0130llik ifad\u0259d\u0259 is\u0259 qiym\u0259tl\u0259r 11,8 faiz a\u015fa\u011f\u0131d\u0131r.<\/p>\n<p>\u00dcmumi \u0259rzaq qiym\u0259tl\u0259rinin bahala\u015fmas\u0131nda apar\u0131c\u0131 rol bitki ya\u011flar\u0131n\u0131n qiym\u0259tind\u0259ki 12,1 faizlik art\u0131ma aiddir. Bu zaman g\u00fcn\u0259baxan ya\u011f\u0131 15 faiz bahala\u015f\u0131b ki, bunda da Ukraynadan m\u0259hsullar\u0131n d\u00fcnya bazar\u0131na \u00e7\u0131xar\u0131ld\u0131\u011f\u0131 Qara d\u0259niz Tax\u0131l d\u0259hlizinin f\u0259aliyy\u0259tinin dayand\u0131r\u0131lmas\u0131 \u0259sas s\u0259b\u0259bkard\u0131r. Palma, soya v\u0259 raps ya\u011f\u0131 is\u0259 istehsal\u00e7\u0131 \u00f6lk\u0259l\u0259rd\u0259 m\u0259hsuldarl\u0131\u011f\u0131n a\u015fa\u011f\u0131 d\u00fc\u015fm\u0259si \u00fcz\u00fcnd\u0259n bahala\u015f\u0131b.<\/p>\n<p>\u0130yulda bu\u011fda qiym\u0259tl\u0259ri son 9 ayda ilk d\u0259f\u0259 art\u0131m n\u00fcmayi\u015f etdirib: 1,6 faiz. Bunun s\u0259b\u0259bi kimi FAO \u015eimali Amerikada davam ed\u0259n quraql\u0131\u011f\u0131, h\u0259m\u00e7inin Ukrayna m\u0259hsulu il\u0259 ba\u011fl\u0131 qeyri-m\u00fc\u0259yy\u0259nliyi g\u00f6st\u0259rir.<\/p>\n<p>D\u00fcy\u00fcn\u00fcn qiym\u0259tind\u0259ki 2,8 faizlik art\u0131m is\u0259 Hindistan\u0131n bu m\u0259hsulun ixrac\u0131na qoydu\u011fu qada\u011fa il\u0259 ba\u011fl\u0131d\u0131r. N\u0259tic\u0259d\u0259 d\u00fcy\u00fc qiym\u0259ti 2011-ci ild\u0259n b\u0259ri ilk d\u0259f\u0259 19,7 faizlik illik art\u0131m g\u00f6st\u0259rib.<\/p>\n<p>\u0130yul ay\u0131nda \u015f\u0259k\u0259r qiym\u0259tl\u0259ri 3,9 faiz, s\u00fcd m\u0259hsullar\u0131 0,4 faiz, \u0259t is\u0259 0,3 faiz ucuzla\u015f\u0131b.<\/p>\n<p>Avqustun 8-d\u0259 qlobal bazarlarda d\u00fcy\u00fcn\u00fcn qiym\u0259ti rekord h\u0259dd\u0259 \u00e7at\u0131b. &#8220;Bloomberg&#8221;in yayd\u0131\u011f\u0131 m\u0259lumata g\u00f6r\u0259, Tailand D\u00fcy\u00fc \u0130xracat\u00e7\u0131lar\u0131 Assosiasiyas\u0131 \u00f6lk\u0259nin istehsal\u0131 olan a\u011f d\u00fcy\u00fcn\u00fcn 1 tonunun qiym\u0259tinin 648\u00a0 dollara y\u00fcks\u0259ldiyini elan edib. Bu, 2008-ci ild\u0259n b\u0259ri \u0259n y\u00fcks\u0259k g\u00f6st\u0259ricidir. Bu n\u00f6v d\u00fcy\u00fcn\u00fcn qiym\u0259tind\u0259ki bel\u0259 art\u0131m qlobal d\u00fcy\u00fc bazar\u0131nda 50 faizlik bahala\u015fmaya g\u0259tir\u0259c\u0259k.<\/p>\n<p><strong>Bahala\u015fman\u0131n \u0259sas s\u0259b\u0259bi k\u0259skin quraql\u0131q \u00fcz\u00fcnd\u0259n qlobal bazar\u0131n ikinci b\u00f6y\u00fck sat\u0131c\u0131s\u0131 olan Tailandda d\u00fcy\u00fc istehsal\u0131n\u0131n azalmas\u0131na g\u0259tirib \u00e7\u0131xarmas\u0131d\u0131r. Bel\u0259 ki, Tailand h\u00f6kum\u0259ti fermerl\u0259r\u0259 bu il yaln\u0131z bir d\u0259f\u0259 d\u00fcy\u00fc \u0259km\u0259yi m\u0259sl\u0259h\u0259t g\u00f6r\u00fcb. \u018fl-Nino c\u0259r\u0259yan\u0131n\u0131n t\u0259siri il\u0259 ba\u015flayan quraql\u0131q n\u0259tic\u0259sind\u0259 Tailandda \u0259sas d\u00fcy\u00fc \u0259kinl\u0259rinin yerl\u0259\u015fdiyi \u0259razil\u0259r\u0259 40 faiz az ya\u011f\u0131nt\u0131 d\u00fc\u015f\u00fcb. Buna g\u00f6r\u0259 d\u0259 h\u00f6kum\u0259t fermerl\u0259ri daha az su t\u0259l\u0259b ed\u0259n bitkil\u0259ri bec\u0259rm\u0259y\u0259 \u00e7a\u011f\u0131r\u0131b.\u00a0<\/strong><\/p>\n<p>Bundan \u0259vv\u0259l \u0259n b\u00f6y\u00fck d\u00fcy\u00fc ixracat\u00e7\u0131s\u0131 olan Hindistan \u0259sas n\u00f6vl\u0259rin ixrac\u0131n\u0131 dayand\u0131r\u0131b. Tailandda az m\u0259hsul toplanmas\u0131 \u015f\u0259raitind\u0259 qiym\u0259tl\u0259r s\u00fcr\u0259tl\u0259 art\u0131r. Son on g\u00fcnd\u0259 a\u011f Tailand d\u00fcy\u00fcs\u00fcn\u00fcn qiym\u0259ti 572 dollardan 648 dollara q\u0259d\u0259r art\u0131b.<\/p>\n<p>Dig\u0259r neqativ proses tax\u0131l bazar\u0131nda gedir. Bel\u0259 ki, Rusiya Tax\u0131l sazi\u015find\u0259n \u00e7\u0131xd\u0131qdan sonra bu \u00f6lk\u0259d\u0259n tax\u0131l almaq ist\u0259y\u0259nl\u0259rin say\u0131 s\u00fcr\u0259tl\u0259 azal\u0131r. &#8220;Reuters&#8221;in sah\u0259 \u015firk\u0259tl\u0259rin\u0259 istinad\u0259n yayd\u0131\u011f\u0131 m\u0259lumata g\u00f6r\u0259, iyulun ortalar\u0131ndan etibar\u0259n Rusiya iri \u015firk\u0259tl\u0259rin i\u015fl\u0259m\u0259diyi x\u0131rda da\u015f\u0131y\u0131c\u0131lar\u0131n ki\u00e7ik\u00f6l\u00e7\u00fcl\u00fc v\u0259 k\u00f6hn\u0259 g\u0259mil\u0259rini icar\u0259y\u0259 g\u00f6t\u00fcrm\u0259y\u0259 m\u0259cbur olub. Bunun n\u0259tic\u0259sind\u0259 bel\u0259 icar\u0259l\u0259rin say\u0131 illik ifad\u0259d\u0259 iki d\u0259f\u0259 artaraq 257-y\u0259 \u00e7at\u0131b.<\/p>\n<p><strong>&#8220;Reuters&#8221;\u0259 dan\u0131\u015fan \u015firk\u0259t t\u0259msil\u00e7il\u0259ri sifari\u015fl\u0259rin daha da artaca\u011f\u0131n\u0131 g\u00f6zl\u0259dikl\u0259rini bildiribl\u0259r. \u00c7\u00fcnki yeni m\u00f6vs\u00fcm\u00fcn aktiv ixrac d\u00f6vr\u00fc ba\u015flay\u0131r. Tax\u0131l sazi\u015find\u0259n sonra Rusiyan\u0131n aqrar ixrac\u0131n\u0131n maliyy\u0259l\u0259\u015fm\u0259sind\u0259 i\u015ftirak ed\u0259n \u201cRosselxozbank\u201d\u0131 &#8220;JPMorgan&#8221; bank\u0131n\u0131n sistemind\u0259n k\u0259narla\u015fd\u0131r\u0131blar. Bu is\u0259 Rusiyadan m\u0259hsul alan \u015firk\u0259tl\u0259rin i\u015fini daha da a\u011f\u0131rla\u015fd\u0131r\u0131r. Buna g\u00f6r\u0259 d\u0259 b\u00f6y\u00fck \u015firk\u0259tl\u0259r Rusiyadan al\u0131\u015flar\u0131 dayand\u0131r\u0131rlar.\u00a0<\/strong><\/p>\n<p>\u0130xracdak\u0131 probleml\u0259r Rusiya \u00fc\u00e7\u00fcn g\u0259mi icar\u0259si haqq\u0131n\u0131n y\u00fcks\u0259lm\u0259sin\u0259 s\u0259b\u0259b olur. \u0130ri \u015firk\u0259tl\u0259rin imtinas\u0131 il\u0259 \u00fczl\u0259\u015f\u0259n Moskva daha ki\u00e7ik v\u0259 tan\u0131nmayan \u015firk\u0259tl\u0259rin \u0259sas\u0259n k\u00f6hn\u0259lmi\u015f donanmas\u0131ndan istifad\u0259 edir. Bu is\u0259 ixrac h\u0259cml\u0259rind\u0259, h\u0259m\u00e7inin ixrac olunan m\u0259hsulun qiym\u0259tind\u0259 hiss olunacaq.<\/p>\n<p>Ekspertl\u0259r\u0259 g\u00f6r\u0259, yeni \u015f\u0259rtl\u0259r d\u00fcnya bazar\u0131nda bu\u011fdan\u0131n bahala\u015fmas\u0131na g\u0259tirib \u00e7\u0131xara bil\u0259r.<\/p>\n","protected":false},"excerpt":{"rendered":"<p>H\u00f6kum\u0259t inflyasiyan\u0131 azaltmaq t\u0259dbirl\u0259rini intensivl\u0259\u015fdirdiyi bir vaxtda qlobal \u0259rzaq bazarlar\u0131nda he\u00e7 d\u0259 xo\u015f olmayan prosesl\u0259r getm\u0259y\u0259 ba\u015flay\u0131b D\u00fcnyan\u0131n \u0259ks\u0259r \u00f6lk\u0259l\u0259rind\u0259 inflyasiyan\u0131n azalmas\u0131 m\u00fc\u015fahid\u0259 olunur: AB\u015e, Avropa \u0130ttifaq\u0131nda qiym\u0259tl\u0259r ucuzla\u015f\u0131r, h\u0259tta \u00c7in deflyasiya problemi ya\u015fay\u0131r. Lakin Az\u0259rbaycanda inflyasiyan\u0131n azalma s\u00fcr\u0259ti \u00e7ox z\u0259ifdir. D\u00f6vl\u0259t Statistika Komit\u0259sinin hesablamalar\u0131na \u0259sas\u0259n, 2023-c\u00fc ilin yanvar-iyun aylar\u0131nda Az\u0259rbaycanda qiym\u0259tl\u0259r 2022-ci ilin yanvar-iyun aylar\u0131na nisb\u0259t\u0259n 12,7 faiz bahala\u015f\u0131b. Bu zaman \u0259rzaq m\u0259hsullar\u0131, i\u00e7kil\u0259r v\u0259 t\u00fct\u00fcn m\u0259mulatlar\u0131 15,1 faiz (bilavasit\u0259 \u0259rzaq m\u0259hsullar\u0131 15,9 faiz), qeyri-\u0259rzaq m\u0259hsullar\u0131 11,4 faiz, \u0259haliy\u0259 g\u00f6st\u0259rilmi\u015f \u00f6d\u0259ni\u015fli xidm\u0259tl\u0259r\u00a0 10,5 faiz bahala\u015f\u0131b. \u0130yun ay\u0131nda istehlak qiym\u0259tl\u0259ri&hellip;<\/p>\n","protected":false},"author":2,"featured_media":617697,"comment_status":"closed","ping_status":"closed","sticky":false,"template":"","format":"standard","meta":{"om_disable_all_campaigns":false,"_monsterinsights_skip_tracking":false,"_monsterinsights_sitenote_active":false,"_monsterinsights_sitenote_note":"","_monsterinsights_sitenote_category":0},"categories":[19],"tags":[],"aioseo_notices":[],"gutentor_comment":0,"rttpg_featured_image_url":{"full":["https:\/\/arantv.az\/wp-content\/uploads\/2023\/08\/b4e6a99cc286f61d56ea4626340e68b1.jpg",690,462,false],"landscape":["https:\/\/arantv.az\/wp-content\/uploads\/2023\/08\/b4e6a99cc286f61d56ea4626340e68b1.jpg",690,462,false],"portraits":["https:\/\/arantv.az\/wp-content\/uploads\/2023\/08\/b4e6a99cc286f61d56ea4626340e68b1.jpg",690,462,false],"thumbnail":["https:\/\/arantv.az\/wp-content\/uploads\/2023\/08\/b4e6a99cc286f61d56ea4626340e68b1-500x280.jpg",500,280,true],"medium":["https:\/\/arantv.az\/wp-content\/uploads\/2023\/08\/b4e6a99cc286f61d56ea4626340e68b1-545x365.jpg",545,365,true],"large":["https:\/\/arantv.az\/wp-content\/uploads\/2023\/08\/b4e6a99cc286f61d56ea4626340e68b1.jpg",640,429,false],"1536x1536":["https:\/\/arantv.az\/wp-content\/uploads\/2023\/08\/b4e6a99cc286f61d56ea4626340e68b1.jpg",690,462,false],"2048x2048":["https:\/\/arantv.az\/wp-content\/uploads\/2023\/08\/b4e6a99cc286f61d56ea4626340e68b1.jpg",690,462,false],"post-thumbnail":["https:\/\/arantv.az\/wp-content\/uploads\/2023\/08\/b4e6a99cc286f61d56ea4626340e68b1-240x172.jpg",240,172,true],"advps-thumb-one":["https:\/\/arantv.az\/wp-content\/uploads\/2023\/08\/b4e6a99cc286f61d56ea4626340e68b1.jpg",690,462,false]},"rttpg_author":{"display_name":"V\u00fcsal Rafiqo\u011flu","author_link":"https:\/\/arantv.az\/?author=2"},"rttpg_comment":0,"rttpg_category":"<a href=\"https:\/\/arantv.az\/?cat=19\" rel=\"category\">G\u00fcnd\u0259m<\/a>","rttpg_excerpt":"H\u00f6kum\u0259t inflyasiyan\u0131 azaltmaq t\u0259dbirl\u0259rini intensivl\u0259\u015fdirdiyi bir vaxtda qlobal \u0259rzaq bazarlar\u0131nda he\u00e7 d\u0259 xo\u015f olmayan prosesl\u0259r getm\u0259y\u0259 ba\u015flay\u0131b D\u00fcnyan\u0131n \u0259ks\u0259r \u00f6lk\u0259l\u0259rind\u0259 inflyasiyan\u0131n azalmas\u0131 m\u00fc\u015fahid\u0259 olunur: AB\u015e, Avropa \u0130ttifaq\u0131nda qiym\u0259tl\u0259r ucuzla\u015f\u0131r, h\u0259tta \u00c7in deflyasiya problemi ya\u015fay\u0131r. Lakin Az\u0259rbaycanda inflyasiyan\u0131n azalma s\u00fcr\u0259ti \u00e7ox z\u0259ifdir. D\u00f6vl\u0259t Statistika Komit\u0259sinin hesablamalar\u0131na \u0259sas\u0259n, 2023-c\u00fc ilin yanvar-iyun aylar\u0131nda Az\u0259rbaycanda qiym\u0259tl\u0259r 2022-ci ilin yanvar-iyun&hellip;","_links":{"self":[{"href":"https:\/\/arantv.az\/index.php?rest_route=\/wp\/v2\/posts\/617696"}],"collection":[{"href":"https:\/\/arantv.az\/index.php?rest_route=\/wp\/v2\/posts"}],"about":[{"href":"https:\/\/arantv.az\/index.php?rest_route=\/wp\/v2\/types\/post"}],"author":[{"embeddable":true,"href":"https:\/\/arantv.az\/index.php?rest_route=\/wp\/v2\/users\/2"}],"replies":[{"embeddable":true,"href":"https:\/\/arantv.az\/index.php?rest_route=%2Fwp%2Fv2%2Fcomments&post=617696"}],"version-history":[{"count":0,"href":"https:\/\/arantv.az\/index.php?rest_route=\/wp\/v2\/posts\/617696\/revisions"}],"wp:featuredmedia":[{"embeddable":true,"href":"https:\/\/arantv.az\/index.php?rest_route=\/wp\/v2\/media\/617697"}],"wp:attachment":[{"href":"https:\/\/arantv.az\/index.php?rest_route=%2Fwp%2Fv2%2Fmedia&parent=617696"}],"wp:term":[{"taxonomy":"category","embeddable":true,"href":"https:\/\/arantv.az\/index.php?rest_route=%2Fwp%2Fv2%2Fcategories&post=617696"},{"taxonomy":"post_tag","embeddable":true,"href":"https:\/\/arantv.az\/index.php?rest_route=%2Fwp%2Fv2%2Ftags&post=617696"}],"curies":[{"name":"wp","href":"https:\/\/api.w.org\/{rel}","templated":true}]}}