{"id":617699,"date":"2023-08-10T09:37:23","date_gmt":"2023-08-10T05:37:23","guid":{"rendered":"https:\/\/arantv.az\/?p=617699"},"modified":"2023-08-10T09:37:23","modified_gmt":"2023-08-10T05:37:23","slug":"iran-numay%c9%99nd%c9%99-hey%c9%99ti-bakiya-niy%c9%99-g%c9%99lib-s%c9%99firliy%c9%99-hucumla-bagli-n%c9%99l%c9%99r-danisildi","status":"publish","type":"post","link":"https:\/\/arantv.az\/?p=617699","title":{"rendered":"\u0130ran n\u00fcmay\u0259nd\u0259 hey\u0259ti Bak\u0131ya niy\u0259 g\u0259lib &#8211; s\u0259firliy\u0259 h\u00fccumla ba\u011fl\u0131 n\u0259l\u0259r dan\u0131\u015f\u0131ld\u0131&#8230;"},"content":{"rendered":"<p><strong>Avqustun 8-d\u0259 \u0130ran \u0130slam Respublikas\u0131 Ba\u015f prokurorunun t\u0259hl\u00fck\u0259sizlik v\u0259 siyasi m\u0259s\u0259l\u0259l\u0259r \u00fczr\u0259 m\u00fcavini Mehdi \u018fmiri \u0130sfahaninin r\u0259hb\u0259rlik etdiyi, xarici i\u015fl\u0259r v\u0259 dig\u0259r aidiyy\u0259ti d\u00f6vl\u0259t qurumlar\u0131n\u0131n \u0259m\u0259kda\u015flar\u0131ndan ibar\u0259t n\u00fcmay\u0259nd\u0259 hey\u0259tinin \u00f6lk\u0259miz\u0259 i\u015fg\u00fczar s\u0259f\u0259ri ba\u015flay\u0131b.<\/strong><\/p>\n<p>Ba\u015f Prokurorluqdan veril\u0259n x\u0259b\u0259r\u0259 g\u00f6r\u0259, ilk n\u00f6vb\u0259d\u0259 n\u00fcmay\u0259nd\u0259 hey\u0259ti F\u0259xri Xiyabana g\u0259l\u0259r\u0259k xalq\u0131m\u0131z\u0131n \u00fcmummilli lideri, m\u00fcasir m\u00fcst\u0259qil Az\u0259rbaycan d\u00f6vl\u0259tinin memar\u0131 v\u0259 qurucusu Heyd\u0259r \u018fliyevin xatir\u0259sini ehtiramla yad edib, g\u00f6rk\u0259mli oftalmoloq alim, akademik Z\u0259rif\u0259 xan\u0131m \u018fliyevan\u0131n m\u0259zar\u0131n\u0131 ziyar\u0259t edib. Qonaqlar, h\u0259m\u00e7inin \u015e\u0259hidl\u0259r Xiyaban\u0131n\u0131 ziyar\u0259t ed\u0259r\u0259k Az\u0259rbaycan\u0131n m\u00fcst\u0259qilliyi v\u0259 \u0259razi b\u00fct\u00f6vl\u00fcy\u00fc u\u011frunda m\u00fcbariz\u0259d\u0259 canlar\u0131ndan ke\u00e7mi\u015f V\u0259t\u0259n \u00f6vladlar\u0131n\u0131n xatir\u0259sini an\u0131blar. N\u00fcmay\u0259nd\u0259 hey\u0259tini q\u0259bul ed\u0259n Kamran \u018fliyev \u00f6t\u0259n il avqustun 30-da \u0130ran \u0130slam Respublikas\u0131na s\u0259f\u0259ri \u00e7\u0259r\u00e7iv\u0259sind\u0259 prokurorluq v\u0259 \u0259dliyy\u0259 orqanlar\u0131n\u0131n r\u0259hb\u0259r \u015f\u0259xsl\u0259riyl\u0259 qar\u015f\u0131l\u0131ql\u0131 g\u00f6r\u00fc\u015fl\u0259rd\u0259 h\u0259r iki \u00f6lk\u0259 v\u0259t\u0259nda\u015flar\u0131n\u0131n h\u00fcquqlar\u0131n\u0131n qorunmas\u0131, s\u0259rh\u0259d, g\u00f6mr\u00fck, ekoloji, cinay\u0259t i\u015fl\u0259ri \u00fczr\u0259 h\u00fcquqi yard\u0131m, ekstradisiya, humanitar v\u0259 dig\u0259r m\u0259s\u0259l\u0259l\u0259r bar\u0259d\u0259 apar\u0131lan m\u00fczakir\u0259l\u0259rin qurumlararas\u0131 f\u0259aliyy\u0259t\u0259 m\u00fcsb\u0259t t\u0259sirini qeyd edib.<\/p>\n<p>Kamran \u018fliyev \u0130ran \u0130slam Respublikas\u0131n\u0131n Ba\u015f prokuroru M\u0259h\u0259mm\u0259d C\u0259f\u0259r M\u00fcnt\u0259zirinin Ali M\u0259hk\u0259m\u0259nin s\u0259dri, M\u0259h\u0259mm\u0259d Mohadinin is\u0259 \u00f6lk\u0259nin Ba\u015f prokuroru t\u0259yin edilm\u0259si m\u00fcnasib\u0259til\u0259 h\u0259mkarlar\u0131na t\u0259brikl\u0259rini \u00e7atd\u0131r\u0131b. Q\u0259bul zaman\u0131 cari il yanvar\u0131n 27-d\u0259 \u00f6lk\u0259mizin \u0130randak\u0131 s\u0259firliyin\u0259 qar\u015f\u0131 t\u00f6r\u0259dilmi\u015f terror akt\u0131 il\u0259 \u0259laq\u0259dar Az\u0259rbaycan v\u0259 \u0130ran\u0131n aidiyy\u0259ti qurumlar\u0131nda istintaq olunan cinay\u0259t i\u015fl\u0259ri bar\u0259d\u0259 qar\u015f\u0131l\u0131ql\u0131 fikir m\u00fcbadil\u0259si apar\u0131l\u0131b. Ba\u015f prokuror \u0130ran t\u0259r\u0259find\u0259n cinay\u0259t i\u015finin tam v\u0259 h\u0259rt\u0259r\u0259fli ara\u015fd\u0131r\u0131lmas\u0131n\u0131n, b\u00fct\u00fcn i\u015ftirak\u00e7\u0131lar\u0131n m\u00fc\u0259yy\u0259n edil\u0259r\u0259k m\u0259suliyy\u0259t\u0259 c\u0259lb olunmas\u0131n\u0131n, habel\u0259, h\u00fcquq-m\u00fchafiz\u0259 orqanlar\u0131 \u0259m\u0259kda\u015flar\u0131n\u0131n hadis\u0259 vaxt\u0131 g\u00f6st\u0259rdiyi f\u0259aliyy\u0259tsizliyin, bu terror akt\u0131n\u0131n t\u00f6r\u0259dilm\u0259sinin s\u0259b\u0259b v\u0259 hallar\u0131n\u0131n yoxlan\u0131lmas\u0131n\u0131n, cinay\u0259ti t\u00f6r\u0259tmi\u015f v\u0259 cinay\u0259tl\u0259 \u0259laq\u0259si olan b\u00fct\u00fcn \u015f\u0259xsl\u0259r\u0259 qanunla n\u0259z\u0259rd\u0259 tutulmu\u015f layiqli c\u0259zan\u0131n verilm\u0259sinin z\u0259ruriliyini vur\u011fulay\u0131b. Mehdi \u018fmiri \u0130sfahani cari ilin yanvar ay\u0131nda Az\u0259rbaycan\u0131n Tehrandak\u0131 s\u0259firliyin\u0259 edilmi\u015f h\u00fccumdan t\u0259\u0259ss\u00fcf hissi ke\u00e7irdiyini bildir\u0259r\u0259k, Az\u0259rbaycan xalq\u0131na, hadis\u0259 n\u0259tic\u0259sind\u0259 \u015f\u0259hid olmu\u015f v\u0259 z\u0259r\u0259r\u00e7\u0259kmi\u015f \u015f\u0259xsl\u0259rin ail\u0259 \u00fczvl\u0259rin\u0259 ba\u015fsa\u011fl\u0131\u011f\u0131 verib. Bundan ba\u015fqa, o, cinay\u0259t i\u015finin istintaq\u0131n\u0131n gedi\u015fat\u0131 bar\u0259d\u0259 \u0259trafl\u0131 m\u0259lumat ver\u0259r\u0259k q\u0131sa m\u00fcdd\u0259t \u0259rzind\u0259 istintaq\u0131n tamamlanaraq i\u015f \u00fczr\u0259 qanuni q\u0259rar\u0131n q\u0259bul olunmas\u0131n\u0131n t\u0259min edil\u0259c\u0259yini v\u0259 t\u0259qsirli \u015f\u0259xsl\u0259rin layiqli c\u0259za alaca\u011f\u0131n\u0131 bildirib. N\u00fcmay\u0259nd\u0259 hey\u0259tinin s\u0259f\u0259ri davam edir. S\u0259f\u0259r \u00e7\u0259r\u00e7iv\u0259sind\u0259 n\u00fcmay\u0259nd\u0259 hey\u0259ti prokurorluq v\u0259 aidiyy\u0259ti istintaq qurumlar\u0131n\u0131n i\u015ftirak\u0131 il\u0259 g\u00f6r\u00fc\u015fl\u0259r ke\u00e7ir\u0259r\u0259k cinay\u0259t i\u015finin istintaq\u0131 v\u0259 dig\u0259r aidiyy\u0259ti m\u0259s\u0259l\u0259l\u0259rl\u0259 ba\u011fl\u0131 m\u00fczakir\u0259l\u0259r aparacaq. \u0130ran\u0131n bu t\u0259rkibd\u0259 n\u00fcmay\u0259nd\u0259 hey\u0259tinin s\u0259f\u0259ri maraq do\u011furur. M\u00fcmk\u00fcnd\u00fcr ki, h\u0259m h\u00fcquqi, h\u0259m d\u0259 diplomatik m\u0259s\u0259l\u0259l\u0259rl\u0259 ba\u011fl\u0131 Tehran dalana dir\u0259ndiyi \u00fc\u00e7\u00fcn Az\u0259rbaycan\u0131n bel\u0259 dem\u0259k m\u00fcmk\u00fcns\u0259, k\u00f6nl\u00fcn\u00fc almaq ist\u0259yir.<\/p>\n<p><strong>B\u0259zi m\u0259lumatlara g\u00f6r\u0259, Az\u0259rbaycan\u0131n Tehrandak\u0131 s\u0259firliyini terror olay\u0131ndan sonra ba\u011flamas\u0131 \u0130ran\u0131 ciddi narahat edir v\u0259 s\u0259firliyin b\u0259rpas\u0131nda son d\u0259r\u0259c\u0259 maraql\u0131d\u0131r. Bu y\u00f6nd\u0259 n\u00fcmay\u0259nd\u0259 hey\u0259tinin Bak\u0131da m\u00fczakir\u0259l\u0259r aparmas\u0131 da istisna deyil. \u018fg\u0259r Tehran m\u00fcnasib\u0259tl\u0259ri normalla\u015fd\u0131rmaq niyy\u0259tind\u0259dirs\u0259, bunun \u00fc\u00e7\u00fcn hans\u0131 add\u0131mlar\u0131 atmal\u0131d\u0131r, n\u0259l\u0259r etm\u0259lidir?<\/strong><\/p>\n<p><strong><img src=\"https:\/\/apa.az\/storage\/news\/2023\/march\/14\/big\/6410a48be13406410a48be13411678812299d918d1cc74e49a040aac4c5fa788d0c7.jpg\" alt=\"B\u0259hruz M\u0259h\u0259rr\u0259mov: Fransan\u0131n Korsikada yerli dili qada\u011fan etm\u0259si insanl\u0131q  \u0259leyhin\u0259 cinay\u04d9tdir\" \/><\/strong><\/p>\n<p><strong>B\u0259hruz M\u0259h\u0259rr\u0259mov: \u201cTehran art\u0131q Az\u0259rbaycan\u0131n yaratd\u0131\u011f\u0131 reall\u0131qla t\u0259dric\u0259n bar\u0131\u015fma\u011fa ba\u015flay\u0131b\u201d<\/strong><\/p>\n<p>Deputat B\u0259hruz M\u0259h\u0259rr\u0259movun fikrinc\u0259, c\u0259nub qon\u015fumuz art\u0131q Az\u0259rbaycan\u0131n yaratd\u0131\u011f\u0131 reall\u0131qlarla bar\u0131\u015fmaq \u00fczr\u0259dir: \u201c\u00c7ox\u015fax\u0259li tarazla\u015fd\u0131r\u0131lm\u0131\u015f xarici siyas\u0259t h\u0259yata ke\u00e7ir\u0259n Prezident \u0130lham \u018fliyev d\u0259f\u0259l\u0259rl\u0259 b\u0259yan edib ki, biz beyn\u0259lxalq h\u00fcququn norma v\u0259 prinsipl\u0259rin\u0259 riay\u0259t edirik. B\u00fct\u00fcn d\u00f6vl\u0259tl\u0259rl\u0259 dinc, yana\u015f\u0131 ya\u015fama\u011fa s\u0259y g\u00f6st\u0259rir v\u0259 beyn\u0259lxalq m\u00fcnasib\u0259tl\u0259rd\u0259 b\u0259rab\u0259rh\u00fcquqlu t\u0259r\u0259fda\u015fl\u0131q, qar\u015f\u0131l\u0131ql\u0131 faydal\u0131 \u0259m\u0259kda\u015fl\u0131q v\u0259 mehriban qon\u015fuluq prinsipl\u0259rinin b\u0259rq\u0259rar olunmas\u0131na \u00e7al\u0131\u015f\u0131r\u0131q. Bildiyimiz kimi, bu x\u0259tt\u0259 sadiq qalan Az\u0259rbaycan V\u0259t\u0259n M\u00fcharib\u0259sind\u0259ki \u015fanl\u0131 z\u0259f\u0259ri il\u0259 bu niyy\u0259tl\u0259r \u00fc\u00e7\u00fcn perspektivl\u0259r a\u00e7an yeni reall\u0131q yaratd\u0131. B\u00fct\u00fcn \u00e7\u0259tinlikl\u0259ri d\u0259f ed\u0259r\u0259k, d\u00fczg\u00fcn strateji inki\u015faf yolu m\u00fc\u0259yy\u0259n ed\u0259r\u0259k regionda v\u0259 d\u00fcnyada \u00f6z m\u00f6vqel\u0259rini m\u00f6hk\u0259ml\u0259ndir\u0259n, dinamik inki\u015faf ed\u0259n m\u00fcasir d\u00f6vl\u0259t\u0259 \u00e7evrilmi\u015fik. T\u0259\u0259ss\u00fcf ki, \u0130ran \u00f6t\u0259n d\u00f6vr \u0259rzind\u0259 \u00f6z\u00fcn\u00fcn d\u0259 sa\u011flam maraqlar\u0131n\u0131n t\u0259min olundu\u011fu bu yeni reall\u0131qlar\u0131 q\u0259bul etm\u0259k ist\u0259m\u0259yib v\u0259 davaml\u0131 olaraq mehriban qon\u015fuluq m\u00fcnasib\u0259tl\u0259rin\u0259 s\u0131\u011f\u0131\u015fmayan davran\u0131\u015flar n\u00fcmayi\u015f etdirib.<\/p>\n<p>Baxmayaraq ki, biz b\u00fct\u00fcn qon\u015fular\u0131m\u0131zla, o c\u00fcml\u0259d\u0259n min ill\u0259r davam ed\u0259n \u0259laq\u0259l\u0259rimizin oldu\u011fu \u0130ranla m\u00fcnasib\u0259tl\u0259rin g\u0259rgin qalmas\u0131n\u0131 ist\u0259mirik, s\u00fclh \u015f\u0259raitind\u0259 ya\u015fama\u011f\u0131 arzulay\u0131r\u0131q. C\u0259nab \u0130lham \u018fliyevin \u015eu\u015fada \u201cB\u00f6y\u00fck Avrasiya geosiyas\u0259tinin formala\u015fmas\u0131: ke\u00e7mi\u015fd\u0259n bu g\u00fcn\u0259 v\u0259 g\u0259l\u0259c\u0259y\u0259\u201d m\u00f6vzusunda beyn\u0259lxalq konfransda da ifad\u0259 etdiyi kimi, \u201cBizim he\u00e7 bir \u00f6lk\u0259, x\u00fcsus\u0259n d\u0259 qon\u015fu \u00f6lk\u0259 il\u0259 h\u0259r hans\u0131 problemin olmas\u0131na ehtiyac\u0131m\u0131z yoxdur\u201d.<\/p>\n<p>B\u00fct\u00fcn bunlara baxmayaraq, \u0130ran il\u0259 m\u00fcnasib\u0259tl\u0259rimiz \u00e7ox \u00e7\u0259tin bir m\u0259rh\u0259l\u0259y\u0259 q\u0259d\u0259m qoydu v\u0259 Prezident \u0130lham \u018fliyevin d\u0259 ifad\u0259 etdiyi kimi, \u201cbu, bizim se\u00e7imimiz deyil\u201d. Lakin son d\u00f6vrl\u0259r g\u00f6r\u00fcn\u0259n odur ki, Bak\u0131dan adekvat cavab t\u0259dbirl\u0259ri n\u0259tic\u0259sind\u0259 Tehran art\u0131q Az\u0259rbaycan\u0131n yaratd\u0131\u011f\u0131 reall\u0131q il\u0259 t\u0259dric\u0259n bar\u0131\u015fma\u011fa ba\u015flay\u0131b. X\u00fcsus\u0259n son t\u0259maslar fonunda m\u00fcnasib\u0259tl\u0259rin yoluna qoyulmas\u0131 \u00fc\u00e7\u00fcn imkanlar meydana \u00e7\u0131x\u0131b. Suverenliy\u0259 v\u0259 \u0259razi b\u00fct\u00f6vl\u00fcy\u00fcn\u0259 h\u00f6rm\u0259t, s\u0259rh\u0259dl\u0259rin toxunulmazl\u0131\u011f\u0131 v\u0259 daxili i\u015fl\u0259r\u0259 qar\u0131\u015fmama kimi beyn\u0259lxalq h\u00fcququn ham\u0131l\u0131qla q\u0259bul edilmi\u015f norma v\u0259 prinsipl\u0259ri \u0259sas\u0131nda b\u00fct\u00fcn d\u00fcnya d\u00f6vl\u0259tl\u0259ri il\u0259 dostluq m\u00fcnasib\u0259tl\u0259rinin qurulmas\u0131 m\u0259zmunlu konstitusion niyy\u0259timizi r\u0259hb\u0259r tutaraq, t\u0259bii ki, biz d\u0259 g\u0259rginliy\u0259 son qoyulmas\u0131n\u0131n t\u0259r\u0259fdar\u0131y\u0131q.<\/p>\n<p><strong>\u00c7\u00fcnki biz h\u0259mi\u015f\u0259 \u0130rana faydal\u0131 \u0259m\u0259kda\u015fl\u0131\u011f\u0131m\u0131z\u0131n m\u00f6vcud oldu\u011fu mehriban qon\u015fumuz kimi baxma\u011f\u0131 arzu edirik. Bu g\u00fcnl\u0259rd\u0259 intensivl\u0259\u015f\u0259n t\u0259maslar da bizim maraqlar\u0131m\u0131z\u0131 ifad\u0259 edir&#8221;.<\/strong><\/p>\n<p>Deputat \u0130ran\u0131n etm\u0259li olduqlar\u0131na da toxundu: \u201cBizim niyy\u0259timiz ayd\u0131nd\u0131r, \u00f6z n\u00f6vb\u0259sind\u0259 Tehrandan da m\u00fcr\u0259kk\u0259b, \u0130ran d\u00f6vl\u0259tinin maraqlar\u0131na zidd t\u0259l\u0259bl\u0259rimiz yoxdur. \u0130ran Tehrandak\u0131 s\u0259firliyimiz\u0259 qar\u015f\u0131 t\u00f6r\u0259dil\u0259n terror akt\u0131na g\u00f6r\u0259 beyn\u0259lxalq h\u00fcququn aliliyini v\u0259 \u0259dal\u0259ti r\u0259hb\u0259r tutmal\u0131, cinay\u0259t hadis\u0259si tam, h\u0259rt\u0259r\u0259fli v\u0259 obyektiv ara\u015fd\u0131r\u0131lmal\u0131d\u0131r. Eyni zamanda, Tehran dig\u0259r t\u0259hrikedici \u0259m\u0259ll\u0259rind\u0259n \u00e7\u0259kinm\u0259li, \u0130randa s\u0131\u011f\u0131nacaq verilmi\u015f az\u0259rbaycanl\u0131 terror\u00e7ular\u0131 ekstradisiya etm\u0259lidir.<\/p>\n<p>\u0130ran Ba\u015f Prokurorunun m\u00fcavininin Az\u0259rbaycana s\u0259f\u0259ri bu m\u0259nada probleml\u0259rin m\u00fczakir\u0259si \u00fc\u00e7\u00fcn \u0259la imkand\u0131r v\u0259 qona\u011f\u0131n xo\u015f niyy\u0259t ifad\u0259 ed\u0259n b\u0259yanatlar verm\u0259si nikbinlik t\u0259lqin edir.<\/p>\n<p>H\u0259qiq\u0259t\u0259n d\u0259, \u0259n ali s\u0259viyy\u0259d\u0259 d\u0259 b\u0259yan edildiyi kimi, \u0130ranla m\u00fcnasib\u0259tl\u0259rimizin g\u0259rginl\u0259\u015fm\u0259si bizd\u0259n qaynaqlanm\u0131r. Probleml\u0259rin nec\u0259 v\u0259 hardan qaynaqland\u0131\u011f\u0131 ayd\u0131nd\u0131r. Lakin t\u0259bii ki, ke\u00e7mi\u015f\u0259 k\u00f6kl\u0259nib qalmamal\u0131y\u0131q v\u0259 biz dialoqa a\u00e7\u0131\u011f\u0131q. \u00c7\u00fcnki g\u0259rgin m\u00fcnasib\u0259tl\u0259rin he\u00e7 bir beyn\u0259lxalq subyekt\u0259, o c\u00fcml\u0259d\u0259n yax\u0131n qon\u015fulara faydas\u0131 yoxdur, \u00fcst\u0259lik bu, BMT-nin m\u0259qs\u0259dl\u0259ri v\u0259 beyn\u0259lxalq h\u00fcququn prinsipl\u0259ri \u00fczr\u0259 d\u0259 arzuolunan hal deyil. X\u00fcsus\u0259n, \u00e7oxsayl\u0131 sanksiyalara m\u0259ruz qalan \u0130ran \u00fc\u00e7\u00fcn&#8221;.<\/p>\n<p><img src=\"https:\/\/yenixeber.az\/uploads\/news\/elxansahinoglu.jpg\" alt=\"Elxan \u015eahino\u011flu son \u00e7\u0131x\u0131\u015f\u0131 il\u0259 \u00f6z\u00fcn\u00fc v\u0259 &quot;a\u011falar\u0131n\u0131&quot; bel\u0259 \u0259l\u0259 verdi -  \u018fTRAFLI, en son xeberler 2023, xeberler bu gun 2023\" \/><\/p>\n<p><strong>Elxan \u015eahino\u011flu: \u201cOnlar bu h\u0259r\u0259k\u0259tl\u0259ri il\u0259 \u0130ran-Az\u0259rbaycan m\u00fcnasib\u0259tl\u0259rini g\u0259rginlikd\u0259 saxlay\u0131rlar\u201d<\/strong><\/p>\n<p><strong>\u201cAtlas\u201d Ara\u015fd\u0131rmalar M\u0259rk\u0259zinin r\u0259hb\u0259ri Elxan \u015eahino\u011flu \u0130ran-Az\u0259rbaycan m\u00fcnasib\u0259tl\u0259rinin g\u0259rginlikd\u0259 qalmas\u0131n\u0131 ist\u0259y\u0259n q\u00fcvv\u0259l\u0259rin olmas\u0131ndan s\u00f6z a\u00e7d\u0131:<\/strong>\u00a0\u201cTehran Az\u0259rbaycan\u0131n \u0130randak\u0131 s\u0259firliyinin yenid\u0259n f\u0259aliyy\u0259t\u0259 ba\u015flamas\u0131n\u0131 ist\u0259yir. \u00c7\u00fcnki qon\u015fu d\u00f6vl\u0259tin \u0130randa s\u0259firliyinin f\u0259aliyy\u0259t g\u00f6st\u0259rm\u0259m\u0259si Az\u0259rbaycan-\u0130ran m\u00fcnasib\u0259tl\u0259rinin normalla\u015fmas\u0131na imkan vermir. \u0130ran\u0131n xarici i\u015fl\u0259r naziri d\u0259 bu m\u0259s\u0259l\u0259yl\u0259 \u0259laq\u0259dar d\u0259f\u0259l\u0259rl\u0259 az\u0259rbaycanl\u0131 h\u0259mkar\u0131yla telefonla dan\u0131\u015f\u0131b. \u0130ranl\u0131 xarici i\u015fl\u0259r naziri Bak\u0131ya son s\u0259f\u0259rind\u0259 prezident \u0130lham \u018fliyevl\u0259 d\u0259 bu m\u0259s\u0259l\u0259ni m\u00fczakir\u0259 etmi\u015fdi. \u0130ran\u0131n prokurorluq hey\u0259tinin d\u0259 Bak\u0131ya son s\u0259f\u0259rinin \u0259sas mahiyy\u0259tind\u0259 bu dayan\u0131r. T\u0259sad\u00fcfi deyil ki, c\u0259nub qon\u015fumuzun n\u00fcmay\u0259nd\u0259 hey\u0259tinin t\u0259rkibind\u0259 \u0130ran\u0131n m\u00fcxt\u0259lif nazirlikl\u0259rinin n\u00fcmay\u0259nd\u0259l\u0259ri yer al\u0131b. R\u0259smi Bak\u0131 da Az\u0259rbaycan\u0131n \u0130randak\u0131 s\u0259firliyinin f\u0259aliyy\u0259t\u0259 ba\u015flamas\u0131n\u0131 ist\u0259yir. Ancaq bunun \u00fc\u00e7\u00fcn Az\u0259rbaycan s\u0259firliyin\u0259 edil\u0259n h\u00fccumun ara\u015fd\u0131r\u0131lmas\u0131 ba\u015fa \u00e7atmal\u0131, cinay\u0259ti h\u0259yata ke\u00e7ir\u0259n v\u0259 planla\u015fd\u0131ranlar c\u0259zalar\u0131n\u0131 almal\u0131d\u0131rlar. Bunlar\u0131n he\u00e7 biri ba\u015f verm\u0259yib. Tehran Az\u0259rbaycan s\u0259firliyinin q\u0131sa m\u00fcdd\u0259td\u0259 a\u00e7\u0131lmas\u0131n\u0131 ist\u0259yirs\u0259, cinay\u0259t ara\u015fd\u0131rmas\u0131n\u0131 yekunla\u015fd\u0131rmal\u0131 v\u0259 m\u0259hk\u0259m\u0259 prosesi ke\u00e7irm\u0259lidir. Bu proses l\u0259ngiyir. \u018fg\u0259r s\u0259firliy\u0259 h\u00fccum bir n\u0259f\u0259rin cinay\u0259ti il\u0259 \u0259laq\u0259li olsayd\u0131, m\u0259s\u0259l\u0259 tez h\u0259ll olunar v\u0259 Tehran m\u0259hk\u0259m\u0259 i\u015fini l\u0259ngitm\u0259zdi. M\u0259s\u0259l\u0259 ona g\u00f6r\u0259 l\u0259ngiyir ki, cinay\u0259tin arxas\u0131nda ba\u015fqa q\u00fcvv\u0259l\u0259r var v\u0259 h\u0259min q\u00fcvv\u0259l\u0259r cinay\u0259tin \u0259dal\u0259tli \u015f\u0259kild\u0259 ara\u015fd\u0131r\u0131lmas\u0131n\u0131n \u0259leyhin\u0259dir. Onlar bu h\u0259r\u0259k\u0259tl\u0259ri il\u0259 \u0130ran-Az\u0259rbaycan m\u00fcnasib\u0259tl\u0259rini g\u0259rginlikd\u0259 saxlay\u0131rlar\u201d.<\/p>\n","protected":false},"excerpt":{"rendered":"<p>Avqustun 8-d\u0259 \u0130ran \u0130slam Respublikas\u0131 Ba\u015f prokurorunun t\u0259hl\u00fck\u0259sizlik v\u0259 siyasi m\u0259s\u0259l\u0259l\u0259r \u00fczr\u0259 m\u00fcavini Mehdi \u018fmiri \u0130sfahaninin r\u0259hb\u0259rlik etdiyi, xarici i\u015fl\u0259r v\u0259 dig\u0259r aidiyy\u0259ti d\u00f6vl\u0259t qurumlar\u0131n\u0131n \u0259m\u0259kda\u015flar\u0131ndan ibar\u0259t n\u00fcmay\u0259nd\u0259 hey\u0259tinin \u00f6lk\u0259miz\u0259 i\u015fg\u00fczar s\u0259f\u0259ri ba\u015flay\u0131b. Ba\u015f Prokurorluqdan veril\u0259n x\u0259b\u0259r\u0259 g\u00f6r\u0259, ilk n\u00f6vb\u0259d\u0259 n\u00fcmay\u0259nd\u0259 hey\u0259ti F\u0259xri Xiyabana g\u0259l\u0259r\u0259k xalq\u0131m\u0131z\u0131n \u00fcmummilli lideri, m\u00fcasir m\u00fcst\u0259qil Az\u0259rbaycan d\u00f6vl\u0259tinin memar\u0131 v\u0259 qurucusu Heyd\u0259r \u018fliyevin xatir\u0259sini ehtiramla yad edib, g\u00f6rk\u0259mli oftalmoloq alim, akademik Z\u0259rif\u0259 xan\u0131m \u018fliyevan\u0131n m\u0259zar\u0131n\u0131 ziyar\u0259t edib. Qonaqlar, h\u0259m\u00e7inin \u015e\u0259hidl\u0259r Xiyaban\u0131n\u0131 ziyar\u0259t ed\u0259r\u0259k Az\u0259rbaycan\u0131n m\u00fcst\u0259qilliyi v\u0259 \u0259razi b\u00fct\u00f6vl\u00fcy\u00fc u\u011frunda m\u00fcbariz\u0259d\u0259 canlar\u0131ndan ke\u00e7mi\u015f V\u0259t\u0259n \u00f6vladlar\u0131n\u0131n xatir\u0259sini an\u0131blar.&hellip;<\/p>\n","protected":false},"author":2,"featured_media":617700,"comment_status":"closed","ping_status":"closed","sticky":false,"template":"","format":"standard","meta":{"om_disable_all_campaigns":false,"_monsterinsights_skip_tracking":false,"_monsterinsights_sitenote_active":false,"_monsterinsights_sitenote_note":"","_monsterinsights_sitenote_category":0},"categories":[19],"tags":[],"aioseo_notices":[],"gutentor_comment":0,"rttpg_featured_image_url":{"full":["https:\/\/arantv.az\/wp-content\/uploads\/2023\/08\/3b65cb9beb7d4c1c1aed14962e6f6227.jpg",870,500,false],"landscape":["https:\/\/arantv.az\/wp-content\/uploads\/2023\/08\/3b65cb9beb7d4c1c1aed14962e6f6227.jpg",870,500,false],"portraits":["https:\/\/arantv.az\/wp-content\/uploads\/2023\/08\/3b65cb9beb7d4c1c1aed14962e6f6227.jpg",870,500,false],"thumbnail":["https:\/\/arantv.az\/wp-content\/uploads\/2023\/08\/3b65cb9beb7d4c1c1aed14962e6f6227-500x280.jpg",500,280,true],"medium":["https:\/\/arantv.az\/wp-content\/uploads\/2023\/08\/3b65cb9beb7d4c1c1aed14962e6f6227-635x365.jpg",635,365,true],"large":["https:\/\/arantv.az\/wp-content\/uploads\/2023\/08\/3b65cb9beb7d4c1c1aed14962e6f6227-840x483.jpg",640,368,true],"1536x1536":["https:\/\/arantv.az\/wp-content\/uploads\/2023\/08\/3b65cb9beb7d4c1c1aed14962e6f6227.jpg",870,500,false],"2048x2048":["https:\/\/arantv.az\/wp-content\/uploads\/2023\/08\/3b65cb9beb7d4c1c1aed14962e6f6227.jpg",870,500,false],"post-thumbnail":["https:\/\/arantv.az\/wp-content\/uploads\/2023\/08\/3b65cb9beb7d4c1c1aed14962e6f6227-240x172.jpg",240,172,true],"advps-thumb-one":["https:\/\/arantv.az\/wp-content\/uploads\/2023\/08\/3b65cb9beb7d4c1c1aed14962e6f6227.jpg",870,500,false]},"rttpg_author":{"display_name":"V\u00fcsal Rafiqo\u011flu","author_link":"https:\/\/arantv.az\/?author=2"},"rttpg_comment":0,"rttpg_category":"<a href=\"https:\/\/arantv.az\/?cat=19\" rel=\"category\">G\u00fcnd\u0259m<\/a>","rttpg_excerpt":"Avqustun 8-d\u0259 \u0130ran \u0130slam Respublikas\u0131 Ba\u015f prokurorunun t\u0259hl\u00fck\u0259sizlik v\u0259 siyasi m\u0259s\u0259l\u0259l\u0259r \u00fczr\u0259 m\u00fcavini Mehdi \u018fmiri \u0130sfahaninin r\u0259hb\u0259rlik etdiyi, xarici i\u015fl\u0259r v\u0259 dig\u0259r aidiyy\u0259ti d\u00f6vl\u0259t qurumlar\u0131n\u0131n \u0259m\u0259kda\u015flar\u0131ndan ibar\u0259t n\u00fcmay\u0259nd\u0259 hey\u0259tinin \u00f6lk\u0259miz\u0259 i\u015fg\u00fczar s\u0259f\u0259ri ba\u015flay\u0131b. Ba\u015f Prokurorluqdan veril\u0259n x\u0259b\u0259r\u0259 g\u00f6r\u0259, ilk n\u00f6vb\u0259d\u0259 n\u00fcmay\u0259nd\u0259 hey\u0259ti F\u0259xri Xiyabana g\u0259l\u0259r\u0259k xalq\u0131m\u0131z\u0131n \u00fcmummilli lideri, m\u00fcasir m\u00fcst\u0259qil Az\u0259rbaycan d\u00f6vl\u0259tinin memar\u0131 v\u0259 qurucusu&hellip;","_links":{"self":[{"href":"https:\/\/arantv.az\/index.php?rest_route=\/wp\/v2\/posts\/617699"}],"collection":[{"href":"https:\/\/arantv.az\/index.php?rest_route=\/wp\/v2\/posts"}],"about":[{"href":"https:\/\/arantv.az\/index.php?rest_route=\/wp\/v2\/types\/post"}],"author":[{"embeddable":true,"href":"https:\/\/arantv.az\/index.php?rest_route=\/wp\/v2\/users\/2"}],"replies":[{"embeddable":true,"href":"https:\/\/arantv.az\/index.php?rest_route=%2Fwp%2Fv2%2Fcomments&post=617699"}],"version-history":[{"count":0,"href":"https:\/\/arantv.az\/index.php?rest_route=\/wp\/v2\/posts\/617699\/revisions"}],"wp:featuredmedia":[{"embeddable":true,"href":"https:\/\/arantv.az\/index.php?rest_route=\/wp\/v2\/media\/617700"}],"wp:attachment":[{"href":"https:\/\/arantv.az\/index.php?rest_route=%2Fwp%2Fv2%2Fmedia&parent=617699"}],"wp:term":[{"taxonomy":"category","embeddable":true,"href":"https:\/\/arantv.az\/index.php?rest_route=%2Fwp%2Fv2%2Fcategories&post=617699"},{"taxonomy":"post_tag","embeddable":true,"href":"https:\/\/arantv.az\/index.php?rest_route=%2Fwp%2Fv2%2Ftags&post=617699"}],"curies":[{"name":"wp","href":"https:\/\/api.w.org\/{rel}","templated":true}]}}