{"id":617703,"date":"2023-08-10T09:38:18","date_gmt":"2023-08-10T05:38:18","guid":{"rendered":"https:\/\/arantv.az\/?p=617703"},"modified":"2023-08-10T09:38:18","modified_gmt":"2023-08-10T05:38:18","slug":"bizd%c9%99-olmayani-nec%c9%99-erm%c9%99nil%c9%99r%c9%99-ver%c9%99k","status":"publish","type":"post","link":"https:\/\/arantv.az\/?p=617703","title":{"rendered":"Bizd\u0259 olmayan\u0131 nec\u0259 erm\u0259nil\u0259r\u0259 ver\u0259k?"},"content":{"rendered":"<h3><em><strong>2020-ci ilin noyabr\u0131nda \u00fc\u00e7t\u0259r\u0259fli s\u0259n\u0259d imzalad\u0131qdan sonra erm\u0259ni m\u0259s\u0259l\u0259sinin n\u00f6qt\u0259l\u0259ndiyini d\u00fc\u015f\u00fcnm\u0259k \u0259lb\u0259tt\u0259 ki, sad\u0259l\u00f6vhl\u00fck olard\u0131, amma m\u00fcharib\u0259d\u0259n iki il yar\u0131mdan sonra da bu v\u0259ziyy\u0259tl\u0259 \u00fczl\u0259\u015f\u0259c\u0259yimizi d\u0259 y\u0259qin ki, \u00e7oxlar\u0131m\u0131z a\u011f\u0131l etmirdik.<\/strong><\/em><\/h3>\n<p><strong>\u015e\u0259xs\u0259n bu xalq\u0131n d\u00fc\u015fm\u0259n\u00e7iliyind\u0259n \u0259ziyy\u0259t \u00e7\u0259k\u0259n biri kimi d\u00fc\u015f\u00fcn\u00fcrd\u00fcm ki, daha a\u011f\u0131llanacaqlar, he\u00e7 olmasa g\u0259l\u0259c\u0259kl\u0259rini d\u00fc\u015f\u00fcn\u0259c\u0259kl\u0259r.<\/strong><\/p>\n<p>\u201cBu v\u0259ziyy\u0259tl\u0259 \u00fczl\u0259\u015f\u0259c\u0259yik\u201d dedikd\u0259 dramatik he\u00e7 n\u0259 ba\u015f verm\u0259yib, \u0259ksin\u0259 \u00f6t\u0259n m\u00fcdd\u0259td\u0259 Az\u0259rbaycan Xank\u0259ndi v\u0259 \u0259traf\u0131nda m\u00f6vqel\u0259rini m\u00f6hk\u0259ml\u0259ndirib, La\u00e7\u0131n postunu qurub. Amma \u201cerm\u0259ni blokadas\u0131\u201d \u0259traf\u0131nda yarad\u0131lm\u0131\u015f v\u0259 davam ed\u0259n diskomfort m\u00fchit adam\u0131 s\u0131xmaya bilm\u0259z.<\/p>\n<p>D\u00fcnyan\u0131n hans\u0131 vaxt\u0131d\u0131r ki, ayr\u0131ca g\u00f6t\u00fcr\u00fclm\u00fc\u015f 20-30 minlik toplumu \u201cac\u0131dan q\u0131rasan\u201d, onlar da \u201ck\u00fc\u00e7\u0259l\u0259rd\u0259 bay\u0131l\u0131b \u00f6l\u0259l\u0259r\u201d. \u0130ndi d\u0259 Fransada \u201cyard\u0131m kampaniyas\u0131na\u201d ba\u015flay\u0131blar, ayr\u0131-ayr\u0131 \u015f\u0259h\u0259rl\u0259rd\u0259 n\u0259l\u0259rs\u0259 toplay\u0131rlar. Erm\u0259ni blokadas\u0131 yalan\u0131n\u0131 h\u0259r g\u00fcn daha b\u00f6y\u00fcd\u00fcrl\u0259r.<br \/>\n\u0130nternet \u0259sridir, he\u00e7 n\u0259yi gizl\u0259tm\u0259k m\u00fcmk\u00fcn deyil. Amma bax\u0131rsan ki, erm\u0259ni yalan\u0131 h\u0259tta \u0259n m\u0259\u015fhur n\u0259\u015frl\u0259rd\u0259 \u201cayaq tutub yeriyir\u201d, d\u00f6vl\u0259t r\u0259smil\u0259ri g\u00fcl\u00fcnc b\u0259yanatlar verir.<\/p>\n<p><img loading=\"lazy\" src=\"https:\/\/cdn.musavat.com\/news\/thumbnails\/4be9c5677608e80af181cb1218f793cf.jpg\" alt=\"Screenshot_2.png (793 KB)\" width=\"700\" height=\"460\" \/><\/p>\n<p>\u201cErm\u0259nil\u0259r n\u0259 ist\u0259yirl\u0259r\u201d sual\u0131na birm\u0259nal\u0131 cavab, \u0259min olun ki, he\u00e7 \u00f6zl\u0259rind\u0259 d\u0259 yoxdur. \u00c7\u00fcnki erm\u0259nil\u0259rin ist\u0259dikl\u0259ri \u201cm\u00fcst\u0259qil arsax\u201dd\u0131rsa, o bizd\u0259 yoxdur, yerli-dibli olmay\u0131b. Bizd\u0259 olmayan\u0131 nec\u0259 erm\u0259nil\u0259r\u0259 ver\u0259k? \u018fg\u0259r ist\u0259dikl\u0259ri ayr\u0131ca ya\u015famaqd\u0131rsa, bu da m\u00fcmk\u00fcn deyil, \u00e7\u00fcnki Qaraba\u011fda m\u0259skunla\u015fd\u0131qlar\u0131 \u0259razil\u0259r d\u0259, onun \u0259traf\u0131 da Az\u0259rbaycan torpaqlar\u0131d\u0131r.<\/p>\n<p>X\u0259rit\u0259ni qoysunlar qar\u015f\u0131lar\u0131na, izah etsinl\u0259r ki, nec\u0259 bu \u0259razid\u0259 \u201cayr\u0131ca\u201d ya\u015fama\u011f\u0131 d\u00fc\u015f\u00fcn\u00fcrl\u0259r, nec\u0259 buradan \u00e7\u0131xma\u011f\u0131, geri qay\u0131tma\u011f\u0131 d\u00fc\u015f\u00fcn\u00fcrl\u0259r?<br \/>\nXank\u0259ndi Rusiyan\u0131n \u0259n q\u0259rbind\u0259ki Kalininqrad deyil ax\u0131. D\u0259niz\u0259 \u00e7\u0131x\u0131\u015f\u0131 yox, d\u0259miryolu, iqtisadiyyat\u0131 yox&#8230; H\u0259rd\u0259n adam ba\u015fa d\u00fc\u015fm\u0259y\u0259 \u00e7al\u0131\u015f\u0131r bu axmaqlar\u0131, amma normal m\u0259ntiq tapa bilmirs\u0259n. A\u011f\u0131zlar\u0131nda h\u0259l\u0259 d\u0259 i\u015f\u011fal ill\u0259rinin dad\u0131 qal\u0131b, reall\u0131\u011f\u0131 g\u00f6r\u0259 bilmirl\u0259r sanki. Halbuki iki il yar\u0131mda xeyli m\u0259saf\u0259 q\u0259t etm\u0259k olard\u0131. Az\u0259rbaycan Xank\u0259ndid\u0259 az qala 35 ildir i\u015fl\u0259m\u0259y\u0259n strukturlar\u0131n\u0131 yava\u015f-yava\u015f b\u0259rpa ed\u0259, erm\u0259nil\u0259rin Bak\u0131 il\u0259 m\u00fcnasib\u0259tl\u0259rind\u0259 normalla\u015fma s\u00fcr\u0259ci ir\u0259lil\u0259y\u0259 bil\u0259rdi. Hitler Almaniyas\u0131 da az qala b\u00fct\u00fcn d\u00fcnya il\u0259 d\u00fc\u015fm\u0259n idi. Alman xalq\u0131 i\u015f\u011fal\u00e7\u0131 ideologiyadan, m\u0259\u011flubiyy\u0259tin ac\u0131s\u0131ndan ay\u0131ld\u0131lar, yenid\u0259n aya\u011fa qalxd\u0131lar. Erm\u0259ni alman xalq\u0131n\u0131n \u0259lb\u0259tt\u0259 ki, d\u0131rna\u011f\u0131 da deyil, m\u00fcqayis\u0259 olunmayacaq z\u0259ka, d\u00fc\u015f\u00fcnc\u0259 f\u0259rql\u0259ri var. Dem\u0259yim odur ki, bunlar i\u015f\u011fal\u00e7\u0131 ideologiyadan ciddi z\u0259rb\u0259 ald\u0131lar, ba\u015flar\u0131na yek\u0259 da\u015f d\u0259ydi, amma t\u0259\u0259ss\u00fcf ki, faydas\u0131 olmad\u0131.<\/p>\n<p><img loading=\"lazy\" src=\"https:\/\/cdn.musavat.com\/news\/thumbnails\/97481e2425e5d50dd542677e969c7f73.jpg\" alt=\"Screenshot_3.png (851 KB)\" width=\"700\" height=\"391\" \/><\/p>\n<p>Erm\u0259nil\u0259r Qaraba\u011fda do\u011fulmu\u015f 30 illik bir n\u0259sli m\u0259hv etdil\u0259r, indi d\u0259 dinc\u0259lmirl\u0259r, g\u0259l\u0259c\u0259kl\u0259rini d\u0259 baltalay\u0131rlar, indi daha bir n\u0259sli d\u0259 \u201cg\u00f6r\u00fcr\u00fcs\u00fcz, t\u00fcrkl\u0259r bizi ac\u0131ndan \u00f6ld\u00fcr\u00fcr\u201d yalan\u0131 il\u0259 b\u00f6y\u00fcd\u00fcrl\u0259r. N\u0259 q\u0259d\u0259r q\u0259ddar xalq olasan ki, \u00f6z g\u0259l\u0259c\u0259yini bel\u0259 t\u0259bli\u011fatla m\u0259hv ets\u0259n, \u0259razisind\u0259 ya\u015fad\u0131\u011f\u0131n xalqa qar\u015f\u0131 d\u00fc\u015fm\u0259n kimi b\u00f6y\u00fcd\u0259s\u0259n. \u00d6z\u00fc d\u0259 o xalqa ki, s\u0259n\u0259 he\u00e7 bir pisliyi ke\u00e7m\u0259mi\u015fdi&#8230;<\/p>\n<p><img loading=\"lazy\" src=\"https:\/\/cdn.musavat.com\/news\/thumbnails\/51b4f4151d2352b96f909fdfcdf025eb.jpg\" alt=\"Screenshot_4.png (568 KB)\" width=\"700\" height=\"469\" \/><\/p>\n<p>Yaln\u0131z axmaq olasan ki, indiki durumda Az\u0259rbaycana meydan oxumaqda davam ed\u0259s\u0259n. Ayd\u0131nd\u0131r, onlara arxas\u0131ndak\u0131 q\u00fcvv\u0259l\u0259r d\u0259 t\u0259sir edir, i\u00e7\u0259ril\u0259rind\u0259ki a\u011f\u0131ll\u0131 adamlar\u0131 deyil, \u0130\u015fxanyan kimi balaca da\u015fnaqlar\u0131 \u00f6n\u0259 \u00e7\u0131xar\u0131rlar, erm\u0259ni kart\u0131n\u0131n masadan g\u00f6t\u00fcr\u00fclm\u0259sini ist\u0259mirl\u0259r. Amma bu da sonsuzad\u0259k davam ed\u0259 bilm\u0259z ki&#8230;<\/p>\n<p>&nbsp;<\/p>\n","protected":false},"excerpt":{"rendered":"<p>2020-ci ilin noyabr\u0131nda \u00fc\u00e7t\u0259r\u0259fli s\u0259n\u0259d imzalad\u0131qdan sonra erm\u0259ni m\u0259s\u0259l\u0259sinin n\u00f6qt\u0259l\u0259ndiyini d\u00fc\u015f\u00fcnm\u0259k \u0259lb\u0259tt\u0259 ki, sad\u0259l\u00f6vhl\u00fck olard\u0131, amma m\u00fcharib\u0259d\u0259n iki il yar\u0131mdan sonra da bu v\u0259ziyy\u0259tl\u0259 \u00fczl\u0259\u015f\u0259c\u0259yimizi d\u0259 y\u0259qin ki, \u00e7oxlar\u0131m\u0131z a\u011f\u0131l etmirdik. \u015e\u0259xs\u0259n bu xalq\u0131n d\u00fc\u015fm\u0259n\u00e7iliyind\u0259n \u0259ziyy\u0259t \u00e7\u0259k\u0259n biri kimi d\u00fc\u015f\u00fcn\u00fcrd\u00fcm ki, daha a\u011f\u0131llanacaqlar, he\u00e7 olmasa g\u0259l\u0259c\u0259kl\u0259rini d\u00fc\u015f\u00fcn\u0259c\u0259kl\u0259r. \u201cBu v\u0259ziyy\u0259tl\u0259 \u00fczl\u0259\u015f\u0259c\u0259yik\u201d dedikd\u0259 dramatik he\u00e7 n\u0259 ba\u015f verm\u0259yib, \u0259ksin\u0259 \u00f6t\u0259n m\u00fcdd\u0259td\u0259 Az\u0259rbaycan Xank\u0259ndi v\u0259 \u0259traf\u0131nda m\u00f6vqel\u0259rini m\u00f6hk\u0259ml\u0259ndirib, La\u00e7\u0131n postunu qurub. Amma \u201cerm\u0259ni blokadas\u0131\u201d \u0259traf\u0131nda yarad\u0131lm\u0131\u015f v\u0259 davam ed\u0259n diskomfort m\u00fchit adam\u0131 s\u0131xmaya bilm\u0259z. D\u00fcnyan\u0131n hans\u0131 vaxt\u0131d\u0131r ki, ayr\u0131ca g\u00f6t\u00fcr\u00fclm\u00fc\u015f 20-30 minlik toplumu&hellip;<\/p>\n","protected":false},"author":2,"featured_media":617704,"comment_status":"closed","ping_status":"closed","sticky":false,"template":"","format":"standard","meta":{"om_disable_all_campaigns":false,"_monsterinsights_skip_tracking":false,"_monsterinsights_sitenote_active":false,"_monsterinsights_sitenote_note":"","_monsterinsights_sitenote_category":0},"categories":[1],"tags":[],"aioseo_notices":[],"gutentor_comment":0,"rttpg_featured_image_url":{"full":["https:\/\/arantv.az\/wp-content\/uploads\/2023\/08\/3e78806ecc181a66890fb349409eea22.png",810,500,false],"landscape":["https:\/\/arantv.az\/wp-content\/uploads\/2023\/08\/3e78806ecc181a66890fb349409eea22.png",810,500,false],"portraits":["https:\/\/arantv.az\/wp-content\/uploads\/2023\/08\/3e78806ecc181a66890fb349409eea22.png",810,500,false],"thumbnail":["https:\/\/arantv.az\/wp-content\/uploads\/2023\/08\/3e78806ecc181a66890fb349409eea22-500x280.png",500,280,true],"medium":["https:\/\/arantv.az\/wp-content\/uploads\/2023\/08\/3e78806ecc181a66890fb349409eea22-591x365.png",591,365,true],"large":["https:\/\/arantv.az\/wp-content\/uploads\/2023\/08\/3e78806ecc181a66890fb349409eea22.png",640,395,false],"1536x1536":["https:\/\/arantv.az\/wp-content\/uploads\/2023\/08\/3e78806ecc181a66890fb349409eea22.png",810,500,false],"2048x2048":["https:\/\/arantv.az\/wp-content\/uploads\/2023\/08\/3e78806ecc181a66890fb349409eea22.png",810,500,false],"post-thumbnail":["https:\/\/arantv.az\/wp-content\/uploads\/2023\/08\/3e78806ecc181a66890fb349409eea22-240x172.png",240,172,true],"advps-thumb-one":["https:\/\/arantv.az\/wp-content\/uploads\/2023\/08\/3e78806ecc181a66890fb349409eea22.png",810,500,false]},"rttpg_author":{"display_name":"V\u00fcsal Rafiqo\u011flu","author_link":"https:\/\/arantv.az\/?author=2"},"rttpg_comment":0,"rttpg_category":"<a href=\"https:\/\/arantv.az\/?cat=1\" rel=\"category\">C\u0259miyy\u0259t<\/a>","rttpg_excerpt":"2020-ci ilin noyabr\u0131nda \u00fc\u00e7t\u0259r\u0259fli s\u0259n\u0259d imzalad\u0131qdan sonra erm\u0259ni m\u0259s\u0259l\u0259sinin n\u00f6qt\u0259l\u0259ndiyini d\u00fc\u015f\u00fcnm\u0259k \u0259lb\u0259tt\u0259 ki, sad\u0259l\u00f6vhl\u00fck olard\u0131, amma m\u00fcharib\u0259d\u0259n iki il yar\u0131mdan sonra da bu v\u0259ziyy\u0259tl\u0259 \u00fczl\u0259\u015f\u0259c\u0259yimizi d\u0259 y\u0259qin ki, \u00e7oxlar\u0131m\u0131z a\u011f\u0131l etmirdik. \u015e\u0259xs\u0259n bu xalq\u0131n d\u00fc\u015fm\u0259n\u00e7iliyind\u0259n \u0259ziyy\u0259t \u00e7\u0259k\u0259n biri kimi d\u00fc\u015f\u00fcn\u00fcrd\u00fcm ki, daha a\u011f\u0131llanacaqlar, he\u00e7 olmasa g\u0259l\u0259c\u0259kl\u0259rini d\u00fc\u015f\u00fcn\u0259c\u0259kl\u0259r. \u201cBu v\u0259ziyy\u0259tl\u0259 \u00fczl\u0259\u015f\u0259c\u0259yik\u201d dedikd\u0259 dramatik he\u00e7 n\u0259 ba\u015f&hellip;","_links":{"self":[{"href":"https:\/\/arantv.az\/index.php?rest_route=\/wp\/v2\/posts\/617703"}],"collection":[{"href":"https:\/\/arantv.az\/index.php?rest_route=\/wp\/v2\/posts"}],"about":[{"href":"https:\/\/arantv.az\/index.php?rest_route=\/wp\/v2\/types\/post"}],"author":[{"embeddable":true,"href":"https:\/\/arantv.az\/index.php?rest_route=\/wp\/v2\/users\/2"}],"replies":[{"embeddable":true,"href":"https:\/\/arantv.az\/index.php?rest_route=%2Fwp%2Fv2%2Fcomments&post=617703"}],"version-history":[{"count":0,"href":"https:\/\/arantv.az\/index.php?rest_route=\/wp\/v2\/posts\/617703\/revisions"}],"wp:featuredmedia":[{"embeddable":true,"href":"https:\/\/arantv.az\/index.php?rest_route=\/wp\/v2\/media\/617704"}],"wp:attachment":[{"href":"https:\/\/arantv.az\/index.php?rest_route=%2Fwp%2Fv2%2Fmedia&parent=617703"}],"wp:term":[{"taxonomy":"category","embeddable":true,"href":"https:\/\/arantv.az\/index.php?rest_route=%2Fwp%2Fv2%2Fcategories&post=617703"},{"taxonomy":"post_tag","embeddable":true,"href":"https:\/\/arantv.az\/index.php?rest_route=%2Fwp%2Fv2%2Ftags&post=617703"}],"curies":[{"name":"wp","href":"https:\/\/api.w.org\/{rel}","templated":true}]}}