{"id":617706,"date":"2023-08-10T09:38:59","date_gmt":"2023-08-10T05:38:59","guid":{"rendered":"https:\/\/arantv.az\/?p=617706"},"modified":"2023-08-10T09:38:59","modified_gmt":"2023-08-10T05:38:59","slug":"v%c9%99t%c9%99ndaslarin-diqq%c9%99tin%c9%99-h%c9%99r-ay-bu-idar%c9%99y%c9%99-qanunsuz-pul-verirsiniz","status":"publish","type":"post","link":"https:\/\/arantv.az\/?p=617706","title":{"rendered":"V\u0259t\u0259nda\u015flar\u0131n D\u0130QQ\u018fT\u0130N\u018f! H\u0259r ay bu idar\u0259y\u0259 qanunsuz PUL VER\u0130RS\u0130N\u0130Z"},"content":{"rendered":"<p>30 noyabr 2018-ci il tarixind\u0259 \u201cAz\u0259rbaycan Respublikas\u0131nda m\u0259nzil fondunun \u00f6z\u0259ll\u0259\u015fdirilm\u0259si haqq\u0131nda\u201d Qanuna edil\u0259n d\u0259yi\u015fikliy\u0259 \u0259sas\u0259n, bu g\u00fcn\u0259 q\u0259d\u0259r m\u0259nzill\u0259rd\u0259n y\u0131\u011f\u0131lan xidm\u0259t haqlar\u0131na t\u0259tbiq edil\u0259n vahid tarif l\u0259\u011fv edilib. Amma M\u0130S-l\u0259r h\u0259l\u0259 d\u0259 sovet d\u00f6vr\u00fcnd\u0259n qalm\u0131\u015f sisteml\u0259 \u00e7al\u0131\u015faraq, f\u0259aliyy\u0259tl\u0259rini m\u0259nzil idar\u0259\u00e7iliyi il\u0259 ba\u011fl\u0131 m\u00fcxt\u0259lif istiqam\u0259tl\u0259rd\u0259 davam etdirirl\u0259r. \u201cJEK\u201dl\u0259r \u201cf\u0259aliyy\u0259t\u201dl\u0259rini geni\u015fl\u0259ndir\u0259r\u0259k qanunsuz pul y\u0131\u011f\u0131m\u0131na da ba\u015flay\u0131b. 2022-ci il \u00fc\u00e7\u00fcn m\u0259nzill\u0259rd\u0259n xidm\u0259t haqlar\u0131 y\u0131\u011fan \u201cJEK\u201d \u0259m\u0259kda\u015flar\u0131 tarifl\u0259rin art\u0131r\u0131ld\u0131\u011f\u0131n\u0131 elan edibl\u0259r.<\/p>\n<p>B\u0259s \u201cJek\u201dl\u0259rin f\u0259aliyy\u0259ti n\u0259 d\u0259r\u0259c\u0259d\u0259 qanunidir?<\/p>\n<p>M\u0259s\u0259l\u0259 il\u0259 ba\u011fl\u0131 Referans.az-a dan\u0131\u015fan h\u00fcquq\u015f\u00fcnas Ramil S\u00fcleymanov bildirib ki, h\u0259r k\u0259sin M\u0259nzil Kommunal \u0130stismar Sah\u0259si kimi tan\u0131d\u0131\u011f\u0131 \u201cJEK\u201dl\u0259rin f\u0259aliyy\u0259ti qanunsuzdur:<\/p>\n<p>\u201cH\u0259r k\u0259sin M\u0130S kimi tan\u0131d\u0131\u011f\u0131 v\u0259 JEK kimi bildiyi idar\u0259l\u0259r \u0259slind\u0259 1959-cu ild\u0259 SSR-d\u0259 yarad\u0131l\u0131b. Bu idar\u0259l\u0259rin \u0259sas m\u0259qs\u0259di d\u00f6vl\u0259tin balans\u0131nda v\u0259 m\u00fclkiyy\u0259tind\u0259 olan v\u0259t\u0259nda\u015flara verilmi\u015f \u00e7oxm\u0259nzilli binalar\u0131n idar\u0259 olunmas\u0131, onun kommunal \u015f\u0259raitinin yax\u015f\u0131la\u015fd\u0131r\u0131lmas\u0131 v\u0259 ya h\u0259min \u0259raziy\u0259 kommunal xidm\u0259tl\u0259rin g\u00f6st\u0259rilm\u0259si olub. Lakin d\u00f6vl\u0259timiz m\u00fcst\u0259qilliyini qazand\u0131qdan sonra art\u0131q bir \u00f6z\u0259ll\u0259\u015fdirm\u0259 dal\u011fas\u0131 ba\u015flad\u0131 v\u0259 bunun n\u0259tic\u0259sind\u0259 v\u0259t\u0259nda\u015flar sosial kiray\u0259 m\u00fcqavil\u0259l\u0259ri \u0259sas\u0131nda onlara m\u0259xsus olan orderli m\u0259nzill\u0259ri \u00f6zl\u0259rinin m\u00fclkiyy\u0259tin\u0259 ke\u00e7ir\u0259 bildil\u0259r. 2009-cu il\u0259 q\u0259d\u0259r Az\u0259rbaycan Respublikas\u0131n\u0131n \u0259rzisind\u0259 Az\u0259rbaycan SSR-nin m\u0259nzil m\u0259c\u0259ll\u0259si q\u00fcvv\u0259d\u0259 idi. 2009-cu ild\u0259 is\u0259 h\u0259min qanun l\u0259\u011fv olunub v\u0259 Az\u0259rbaycan Respublikas\u0131n\u0131n M\u0259nzil M\u0259c\u0259ll\u0259si q\u00fcvv\u0259y\u0259 minib\u201d.<\/p>\n<p>H\u00fcquq\u015f\u00fcnas\u0131n s\u00f6zl\u0259rin\u0259 g\u00f6r\u0259, Az\u0259rbaycan Respublikas\u0131n\u0131n M\u0259nzil Fondunun \u00f6z\u0259ll\u0259\u015fdirilm\u0259si haqq\u0131nda 1993-c\u00fc il qanununun 13-c\u00fc madd\u0259sin\u0259 g\u00f6r\u0259 \u00f6z\u0259ll\u0259\u015fdiril\u0259n m\u0259nzill\u0259rin vahid tarif \u0259sas\u0131nda xidm\u0259t g\u00f6st\u0259rm\u0259si v\u0259 onlardan \u00f6d\u0259ni\u015fl\u0259rin y\u0131\u011f\u0131lmas\u0131 &#8220;JEK&#8221;l\u0259r\u0259 h\u0259val\u0259 olunub: \u201cAmma 2018-ci ild\u0259 h\u0259min qanundak\u0131 o m\u00fcdd\u0259a l\u0259\u011fv olundu v\u0259 madd\u0259d\u0259 g\u00f6st\u0259ril\u0259n h\u0259min hiss\u0259, y\u0259ni &#8220;JEK&#8221;l\u0259r\u0259 aid olan b\u0259nd l\u0259\u011fv olunub. Bununla da &#8220;JEK&#8221;l\u0259rin \u0259n b\u00f6y\u00fck s\u0259lahiyy\u0259ti itirilmi\u015f hesab olunub. S\u0259lahiyy\u0259ti itirilmi\u015f bir idar\u0259nin d\u0259 qanuni f\u0259aliyy\u0259t g\u00f6st\u0259rm\u0259si, pul y\u0131\u011fmas\u0131 \u0259sass\u0131z v\u0259 qanunsuzdur, \u00e7\u00fcnki onlar\u0131n bu g\u00fcn bununla ba\u011fl\u0131 qanuni \u0259sas\u0131 m\u00f6vcud deyildir\u201d.<\/p>\n<p>Ramil S\u00fcleymanov bildirib ki, Az\u0259rbaycan Respublikas\u0131n\u0131n M\u0259nzil M\u0259c\u0259ll\u0259sinin 141.1 madd\u0259sin\u0259 \u0259sas\u0259n \u00e7oxm\u0259nzilli binalar\u0131n idar\u0259 edilm\u0259si, habel\u0259 qaydalar\u0131n pozulmaqla m\u00fcqavil\u0259nin \u0259ksin\u0259 h\u0259yata ke\u00e7irilm\u0259si m\u0259suliyy\u0259t\u0259 s\u0259b\u0259b olur. Y\u0259ni bu birm\u0259nal\u0131 olaraq qanun pozuntusudur. Amma t\u0259\u0259ss\u00fcfl\u0259r olsun ki, bu g\u00fcn v\u0259t\u0259nda\u015flar\u0131m\u0131z\u0131n b\u00f6y\u00fck \u0259ks\u0259riyy\u0259ti bundan x\u0259b\u0259rsizdir. Onlar daha \u00e7ox &#8220;JEK&#8221;l\u0259r\u0259 ail\u0259 t\u0259rkibi haqq\u0131nda v\u0259 ya ya\u015fay\u0131\u015f yerin\u0259 dair ya\u015fay\u0131\u015fla ba\u011fl\u0131 m\u00fcraci\u0259t edirl\u0259r v\u0259 m\u00fcraci\u0259t etdikl\u0259ri anda da &#8220;JEK&#8221;l\u0259r onlara y\u0131\u011f\u0131lm\u0131\u015f m\u0259nzil xidm\u0259tl\u0259ri borcunun m\u00fc\u0259yy\u0259n bir qisminin \u00f6d\u0259nilm\u0259si qar\u015f\u0131s\u0131nda aray\u0131\u015f\u0131n veril\u0259 bil\u0259c\u0259yini bildirir. Amma v\u0259t\u0259nda\u015flar bilm\u0259lidir ki, h\u0259m ail\u0259 t\u0259rkibi haqq\u0131nda aray\u0131\u015f\u0131, h\u0259m d\u0259 ya\u015fay\u0131\u015f yerin\u0259 dair aray\u0131\u015f\u0131 ist\u0259nil\u0259n Asan Xidm\u0259t m\u0259nt\u0259q\u0259l\u0259rin\u0259 m\u00fcraci\u0259t etm\u0259kl\u0259 almaqlar\u0131 m\u00fcmk\u00fcnd\u00fcr.<\/p>\n<p>\u0130ndiki halda qanunsuz halda f\u0259aliyy\u0259t g\u00f6st\u0259r\u0259n &#8220;JEK&#8221;l\u0259rin l\u0259\u011fv olunmaqla onlar\u0131n i\u015f\u00e7i heyy\u0259tinin b\u0259l\u0259diyy\u0259l\u0259rin t\u0259rkibin\u0259 verilm\u0259si v\u0259 v\u0259t\u0259nda\u015flar\u0131n da h\u0259min kommunal \u00f6d\u0259ni\u015fl\u0259ri b\u0259l\u0259diyy\u0259l\u0259r\u0259 \u00f6d\u0259m\u0259si daha m\u0259ntiqli v\u0259 qanunidir. Bununla ba\u011fl\u0131 qanunvericiliy\u0259 d\u00fcz\u0259li\u015f olunmal\u0131d\u0131r \u2013 dey\u0259 Ramil S\u00fcleymanov qeyd edib.<\/p>\n","protected":false},"excerpt":{"rendered":"<p>30 noyabr 2018-ci il tarixind\u0259 \u201cAz\u0259rbaycan Respublikas\u0131nda m\u0259nzil fondunun \u00f6z\u0259ll\u0259\u015fdirilm\u0259si haqq\u0131nda\u201d Qanuna edil\u0259n d\u0259yi\u015fikliy\u0259 \u0259sas\u0259n, bu g\u00fcn\u0259 q\u0259d\u0259r m\u0259nzill\u0259rd\u0259n y\u0131\u011f\u0131lan xidm\u0259t haqlar\u0131na t\u0259tbiq edil\u0259n vahid tarif l\u0259\u011fv edilib. Amma M\u0130S-l\u0259r h\u0259l\u0259 d\u0259 sovet d\u00f6vr\u00fcnd\u0259n qalm\u0131\u015f sisteml\u0259 \u00e7al\u0131\u015faraq, f\u0259aliyy\u0259tl\u0259rini m\u0259nzil idar\u0259\u00e7iliyi il\u0259 ba\u011fl\u0131 m\u00fcxt\u0259lif istiqam\u0259tl\u0259rd\u0259 davam etdirirl\u0259r. \u201cJEK\u201dl\u0259r \u201cf\u0259aliyy\u0259t\u201dl\u0259rini geni\u015fl\u0259ndir\u0259r\u0259k qanunsuz pul y\u0131\u011f\u0131m\u0131na da ba\u015flay\u0131b. 2022-ci il \u00fc\u00e7\u00fcn m\u0259nzill\u0259rd\u0259n xidm\u0259t haqlar\u0131 y\u0131\u011fan \u201cJEK\u201d \u0259m\u0259kda\u015flar\u0131 tarifl\u0259rin art\u0131r\u0131ld\u0131\u011f\u0131n\u0131 elan edibl\u0259r. B\u0259s \u201cJek\u201dl\u0259rin f\u0259aliyy\u0259ti n\u0259 d\u0259r\u0259c\u0259d\u0259 qanunidir? M\u0259s\u0259l\u0259 il\u0259 ba\u011fl\u0131 Referans.az-a dan\u0131\u015fan h\u00fcquq\u015f\u00fcnas Ramil S\u00fcleymanov bildirib ki, h\u0259r k\u0259sin M\u0259nzil Kommunal \u0130stismar Sah\u0259si kimi&hellip;<\/p>\n","protected":false},"author":2,"featured_media":617707,"comment_status":"closed","ping_status":"closed","sticky":false,"template":"","format":"standard","meta":{"om_disable_all_campaigns":false,"_monsterinsights_skip_tracking":false,"_monsterinsights_sitenote_active":false,"_monsterinsights_sitenote_note":"","_monsterinsights_sitenote_category":0},"categories":[1],"tags":[],"aioseo_notices":[],"gutentor_comment":0,"rttpg_featured_image_url":{"full":["https:\/\/arantv.az\/wp-content\/uploads\/2023\/08\/4d28c7ff5a54fb25cfe575e35a68f40e.jpg",850,500,false],"landscape":["https:\/\/arantv.az\/wp-content\/uploads\/2023\/08\/4d28c7ff5a54fb25cfe575e35a68f40e.jpg",850,500,false],"portraits":["https:\/\/arantv.az\/wp-content\/uploads\/2023\/08\/4d28c7ff5a54fb25cfe575e35a68f40e.jpg",850,500,false],"thumbnail":["https:\/\/arantv.az\/wp-content\/uploads\/2023\/08\/4d28c7ff5a54fb25cfe575e35a68f40e-500x280.jpg",500,280,true],"medium":["https:\/\/arantv.az\/wp-content\/uploads\/2023\/08\/4d28c7ff5a54fb25cfe575e35a68f40e-621x365.jpg",621,365,true],"large":["https:\/\/arantv.az\/wp-content\/uploads\/2023\/08\/4d28c7ff5a54fb25cfe575e35a68f40e-840x494.jpg",640,376,true],"1536x1536":["https:\/\/arantv.az\/wp-content\/uploads\/2023\/08\/4d28c7ff5a54fb25cfe575e35a68f40e.jpg",850,500,false],"2048x2048":["https:\/\/arantv.az\/wp-content\/uploads\/2023\/08\/4d28c7ff5a54fb25cfe575e35a68f40e.jpg",850,500,false],"post-thumbnail":["https:\/\/arantv.az\/wp-content\/uploads\/2023\/08\/4d28c7ff5a54fb25cfe575e35a68f40e-240x172.jpg",240,172,true],"advps-thumb-one":["https:\/\/arantv.az\/wp-content\/uploads\/2023\/08\/4d28c7ff5a54fb25cfe575e35a68f40e.jpg",850,500,false]},"rttpg_author":{"display_name":"V\u00fcsal Rafiqo\u011flu","author_link":"https:\/\/arantv.az\/?author=2"},"rttpg_comment":0,"rttpg_category":"<a href=\"https:\/\/arantv.az\/?cat=1\" rel=\"category\">C\u0259miyy\u0259t<\/a>","rttpg_excerpt":"30 noyabr 2018-ci il tarixind\u0259 \u201cAz\u0259rbaycan Respublikas\u0131nda m\u0259nzil fondunun \u00f6z\u0259ll\u0259\u015fdirilm\u0259si haqq\u0131nda\u201d Qanuna edil\u0259n d\u0259yi\u015fikliy\u0259 \u0259sas\u0259n, bu g\u00fcn\u0259 q\u0259d\u0259r m\u0259nzill\u0259rd\u0259n y\u0131\u011f\u0131lan xidm\u0259t haqlar\u0131na t\u0259tbiq edil\u0259n vahid tarif l\u0259\u011fv edilib. Amma M\u0130S-l\u0259r h\u0259l\u0259 d\u0259 sovet d\u00f6vr\u00fcnd\u0259n qalm\u0131\u015f sisteml\u0259 \u00e7al\u0131\u015faraq, f\u0259aliyy\u0259tl\u0259rini m\u0259nzil idar\u0259\u00e7iliyi il\u0259 ba\u011fl\u0131 m\u00fcxt\u0259lif istiqam\u0259tl\u0259rd\u0259 davam etdirirl\u0259r. \u201cJEK\u201dl\u0259r \u201cf\u0259aliyy\u0259t\u201dl\u0259rini geni\u015fl\u0259ndir\u0259r\u0259k qanunsuz pul y\u0131\u011f\u0131m\u0131na da ba\u015flay\u0131b. 2022-ci&hellip;","_links":{"self":[{"href":"https:\/\/arantv.az\/index.php?rest_route=\/wp\/v2\/posts\/617706"}],"collection":[{"href":"https:\/\/arantv.az\/index.php?rest_route=\/wp\/v2\/posts"}],"about":[{"href":"https:\/\/arantv.az\/index.php?rest_route=\/wp\/v2\/types\/post"}],"author":[{"embeddable":true,"href":"https:\/\/arantv.az\/index.php?rest_route=\/wp\/v2\/users\/2"}],"replies":[{"embeddable":true,"href":"https:\/\/arantv.az\/index.php?rest_route=%2Fwp%2Fv2%2Fcomments&post=617706"}],"version-history":[{"count":0,"href":"https:\/\/arantv.az\/index.php?rest_route=\/wp\/v2\/posts\/617706\/revisions"}],"wp:featuredmedia":[{"embeddable":true,"href":"https:\/\/arantv.az\/index.php?rest_route=\/wp\/v2\/media\/617707"}],"wp:attachment":[{"href":"https:\/\/arantv.az\/index.php?rest_route=%2Fwp%2Fv2%2Fmedia&parent=617706"}],"wp:term":[{"taxonomy":"category","embeddable":true,"href":"https:\/\/arantv.az\/index.php?rest_route=%2Fwp%2Fv2%2Fcategories&post=617706"},{"taxonomy":"post_tag","embeddable":true,"href":"https:\/\/arantv.az\/index.php?rest_route=%2Fwp%2Fv2%2Ftags&post=617706"}],"curies":[{"name":"wp","href":"https:\/\/api.w.org\/{rel}","templated":true}]}}