{"id":618189,"date":"2023-08-11T09:07:28","date_gmt":"2023-08-11T05:07:28","guid":{"rendered":"https:\/\/arantv.az\/?p=618189"},"modified":"2023-08-11T09:07:28","modified_gmt":"2023-08-11T05:07:28","slug":"xank%c9%99ndid%c9%99n-bakiya-iki-hucum-revansistl%c9%99r-qan-ist%c9%99yir","status":"publish","type":"post","link":"https:\/\/arantv.az\/?p=618189","title":{"rendered":"Xank\u0259ndid\u0259n Bak\u0131ya iki \u201ch\u00fccum\u201d &#8211; revan\u015fistl\u0259r qan ist\u0259yir&#8230;"},"content":{"rendered":"<h3><strong>T\u0259lx\u0259k y\u0131\u011f\u0131n\u0131n\u0131n ba\u015f\u00e7\u0131s\u0131 Araikin h\u0259r yerd\u0259n \u0259li \u00fcz\u00fcl\u00fcb, kukla qurumun yeni se\u00e7il\u0259n da\u015fnak \u201cspikeri\u201d is\u0259 \u201cordunu buraxmayaca\u011f\u0131q\u201d b\u0259yanat\u0131 verir, kils\u0259d\u0259n d\u0259 d\u0259st\u0259k g\u0259lir &#8211; ordumuz t\u0259tikd\u0259!\u00a0<\/strong><\/h3>\n<p><strong>Qaraba\u011f quldurlar\u0131n\u0131n lideri Araik Arutyunyan Erm\u0259nistandan, Rusiyadan v\u0259 Q\u0259rbd\u0259n \u0259lini \u00fczd\u00fckd\u0259n sonra erm\u0259ni lobbisin\u0259 m\u00fcraci\u0259t edib. \u201cBizi xilas edin\u201d s\u0259pkili a\u00e7\u0131qlama yay\u0131mlayan Arutyunyan\u0131n erm\u0259ni lobbisind\u0259n t\u0259l\u0259bi odur ki, ya\u015fad\u0131qlar\u0131 \u00f6lk\u0259l\u0259rin h\u00f6kum\u0259tl\u0259rinin Az\u0259rbaycana t\u0259zyiq etm\u0259l\u0259rin\u0259, o c\u00fcml\u0259d\u0259n La\u00e7\u0131n yolunun \u201ca\u00e7\u0131lmas\u0131na\u201d nail olsunlar. Buna da reaksiya erm\u0259nip\u0259r\u0259st b\u0259zi konqresmenl\u0259rd\u0259n g\u0259lib, v\u0259ssalam!\u00a0<\/strong><\/p>\n<p>Ard\u0131nca Da\u015fnaks\u00fctyun Partiyas\u0131n\u0131n \u00fczv\u00fc, bu h\u0259ft\u0259 Qaraba\u011fdak\u0131 \u201cparlamentin r\u0259hb\u0259ri\u201d olan David \u0130\u015fxanyan da \u201cproqram nitql\u0259\u201d \u00e7\u0131x\u0131\u015f edib. O, i\u015far\u0259 edib ki, Qaraba\u011f erm\u0259nil\u0259rinin m\u00fcst\u0259qillik h\u00fcququnun realla\u015fmas\u0131 u\u011frunda m\u00fcbariz\u0259 aparacaq.<\/p>\n<p>1968-ci il dekabr\u0131n 28-d\u0259 Xocav\u0259nd rayonunun He\u015fan k\u0259ndind\u0259 do\u011fulan David \u0130\u015fxanyan 1992-ci ild\u0259 Xank\u0259ndi Pedaqoji \u0130nstitutunun tarix-h\u00fcquq fak\u00fclt\u0259sini bitirib. Az\u0259rbaycan torpaqlar\u0131n\u0131n i\u015f\u011fal\u0131n\u0131n f\u0259al i\u015ftirak\u00e7\u0131s\u0131d\u0131r, 1992-1995-ci ill\u0259rd\u0259 Martuni batalyonlar\u0131n\u0131n birin\u0259 komandirlik edib. He\u015fan k\u0259nd m\u0259kt\u0259binin direktoru, k\u0259nd icmas\u0131n\u0131n ba\u015f\u00e7\u0131s\u0131 olub. 1989-cu ild\u0259n Da\u015fnaks\u00fctyun Partiyas\u0131n\u0131n \u00fczv\u00fcd\u00fcr. 2007-2021-ci ill\u0259rd\u0259 qurumun M\u0259rk\u0259zi Komit\u0259sinin Yuxar\u0131 Qaraba\u011fda t\u0259msil\u00e7isi postunu tutub. 2022-ci ild\u0259n B\u00fcro \u00fczv\u00fcd\u00fcr. 1991, 2015 v\u0259 2020-ci ill\u0259rd\u0259 \u201cparlamentin \u00fczv\u00fc\u201d se\u00e7ilib. 2023-c\u00fc il avqustun 7-d\u0259 \u201cs\u0259dr\u201d v\u0259zif\u0259sin\u0259 mandat al\u0131b.<\/p>\n<p>\u0130\u015fxanyan\u0131n b\u0259yanat\u0131ndan bel\u0259 n\u0259tic\u0259y\u0259 g\u0259lm\u0259k olar ki, separat\u00e7\u0131lar\u0131n liderl\u0259ri \u0259halini yeni m\u00fcharib\u0259y\u0259 haz\u0131rlay\u0131rlar v\u0259 r\u0259smi \u0130r\u0259van\u0131n etdiyi kimi, Qaraba\u011f\u0131 Az\u0259rbaycan\u0131n t\u0259rkib hiss\u0259si kimi tan\u0131maq niyy\u0259tind\u0259 deyill\u0259r. Erm\u0259nistan katolikosu I Aram \u0130\u015fxanyan\u0131n \u201cs\u0259dr\u201d se\u00e7ilm\u0259sini \u201ch\u0259rar\u0259tl\u0259 alq\u0131\u015flay\u0131b\u201d. \u201cArtsax\u0131n qar\u015f\u0131s\u0131nda indiki h\u0259lledici m\u0259qamda parlamentin spikeri kimi m\u0259suliyy\u0259tiniz sizin qar\u015f\u0131n\u0131zda ciddi v\u0259zif\u0259l\u0259r qoyur, qar\u015f\u0131n\u0131zda yeni, \u00e7\u0259tin m\u0259suliyy\u0259t \u00fcf\u00fcql\u0259ri a\u00e7\u0131l\u0131r. Sizi yax\u0131ndan tan\u0131yaraq, \u0259minik ki, siz Artsax\u0131n m\u00fcst\u0259qilliyin\u0259 y\u00f6n\u0259lmi\u015f b\u00fct\u00fcn t\u0259hdidl\u0259r\u0259 g\u00fccl\u00fc q\u0259tiyy\u0259t v\u0259 t\u0259dbirlilik ruhu il\u0259 cavab ver\u0259c\u0259ksiniz \u201d, &#8211; dey\u0259 m\u0259ktubda bildirilir.\u00a0\u00a0 G\u00f6r\u00fcnd\u00fcy\u00fc kimi, Araik \u0259li h\u0259r yerd\u0259n \u00fcz\u00fclm\u00fc\u015f olaraq erm\u0259ni lobbisin\u0259 \u00fcz tutark\u0259n, Qaraba\u011f \u201cparlamenti\u201dnin yeni r\u0259hb\u0259ri \u201cqan-qan\u201d deyib. O, qanunsuz \u201cordunu buraxmayaca\u011f\u0131q, m\u00fcst\u0259qilliyimizd\u0259n imtina etm\u0259y\u0259c\u0259yik\u201d dey\u0259r\u0259k revan\u015fist \u0259hval-ruhiyy\u0259ni q\u0131z\u0131\u015fd\u0131r\u0131r. Katolikos Aram\u0131n m\u0259ktubu da onu dem\u0259y\u0259 \u0259sas verir ki, erm\u0259ni kils\u0259si d\u0259 Qaraba\u011fda t\u0259m\u0259lli s\u00fclh\u00fcn yarad\u0131lmas\u0131na qar\u015f\u0131d\u0131r. B\u0259s bundan sonra n\u0259 olacaq? Az\u0259rbaycan bu qondarma qurumlar\u0131n l\u0259\u011fvini g\u00f6zl\u0259y\u0259rk\u0259n yeni \u201cspiker\u201din b\u0259yanatlar\u0131 n\u0259y\u0259 i\u015far\u0259dir? Erm\u0259ni \u201cqan-qan\u201d deyirs\u0259, biz n\u0259 etm\u0259liyik?<\/p>\n<p><img src=\"https:\/\/news24.az\/uploads\/posts\/2020-09\/1600779374_120037747_265886604469799_9048208264361100988_n.jpg\" alt=\"Polkovnik \u015eair Ramaldanov: Sosial \u015f\u0259b\u0259k\u0259l\u0259rd\u0259 bil\u0259n d\u0259, bilm\u0259y\u0259n d\u0259\" \/><\/p>\n<p><strong><em>\u015eair Ramaldanov<\/em><\/strong><\/p>\n<p><em>Polkovnik \u015eair Ramaldanov \u201cYeni M\u00fcsavat\u201da bildirdi ki. bu \u00e7a\u011f\u0131r\u0131\u015flarda t\u0259\u0259cc\u00fcbl\u00fc he\u00e7 n\u0259 yoxdur. \u201cBu prosesl\u0259r, reinteqrasiyaya mane olunmas\u0131 Az\u0259rbaycan\u0131n t\u0259l\u0259bl\u0259rini s\u0259rt \u015f\u0259kild\u0259 qoymas\u0131ndan ir\u0259li g\u0259lir. Ona g\u00f6r\u0259 t\u0259zyiq \u0259ks-t\u0259zyiq\u0259 malikdir. \u00dcmumiyy\u0259tl\u0259, qar\u015f\u0131 t\u0259r\u0259fd\u0259n h\u0259l\u0259 \u00e7ox \u00e7a\u011f\u0131r\u0131\u015flar e\u015fid\u0259c\u0259yik, erm\u0259ni diasporuna m\u00fcraci\u0259t ed\u0259c\u0259kl\u0259r, kils\u0259 d\u0259 i\u015f\u0259 qar\u0131\u015facaq. Onlar\u0131n bu m\u00fct\u0259\u015f\u0259kkil \u015f\u0259kild\u0259 s\u0259f\u0259rb\u0259r olunmas\u0131 Az\u0259rbaycan\u0131n konkret add\u0131mlar\u0131 il\u0259 ba\u011fl\u0131d\u0131r. Bak\u0131n\u0131n m\u00f6vqeyi q\u0259tidir, praktik add\u0131mlar atma\u011f\u0131m\u0131zd\u0131r\u201d.<\/em><\/p>\n<p>Polkovnik s\u00f6yl\u0259di ki, La\u00e7\u0131n postu biz\u0259 vacib deyil, sad\u0259c\u0259, erm\u0259nil\u0259rin bir-biri il\u0259 \u0259laq\u0259sinin olmas\u0131 \u00fc\u00e7\u00fcn kontrol bax\u0131mdan i\u015fl\u0259yir: \u201cC\u0259miyy\u0259td\u0259 bir zarafat var ki, b\u00fct\u00fcn quru s\u0259rh\u0259dl\u0259rimiz ba\u011fl\u0131d\u0131r, yaln\u0131z Erm\u0259nistanla a\u00e7\u0131qd\u0131r. Bu da humanist bir add\u0131md\u0131r. Amma \u0259sg\u0259rimiz\u0259 at\u0259\u015f a\u00e7\u0131ld\u0131, t\u0259xribat t\u00f6r\u0259dildi dey\u0259 La\u00e7\u0131n postu ba\u011flanm\u0131\u015fd\u0131. Onlara el\u0259 g\u0259lirdi ki, bu h\u00fccumla geri \u00e7\u0259kil\u0259c\u0259yik, n\u0259zar\u0259t m\u0259nt\u0259q\u0259si y\u0131\u011f\u0131\u015fd\u0131r\u0131lacaq. \u0130ndi Q\u0131rm\u0131z\u0131 Xa\u00e7 Komit\u0259si, erm\u0259nil\u0259rin add\u0131mlar\u0131, 19 TIR g\u00f6nd\u0259rilm\u0259si bir z\u0259ncirin halqalar\u0131d\u0131r. Bir d\u00f6vl\u0259td\u0259n ba\u015fqa d\u00f6vl\u0259t\u0259 y\u00fck daxil olanda s\u0259n\u0259dl\u0259\u015fm\u0259, prosedur qaydalar\u0131 var. Bunu etm\u0259d\u0259n q\u0259fild\u0259n y\u00fck karvan\u0131n\u0131 g\u0259tir posta yax\u0131n dayan, de ki, bizi burax. Amma Az\u0259rbaycan\u0131n m\u00f6vqeyi d\u0259yi\u015fm\u0259yib. Qaraba\u011f\u0131n daxil \u0259razisind\u0259 olan b\u00fct\u00fcn prosesl\u0259r Az\u0259rbaycan\u0131n daxili i\u015fidir v\u0259 bu da ayd\u0131n \u015f\u0259kild\u0259 b\u0259yan edilib\u201d.<\/p>\n<p>Ramaldanov qeyd etdi ki, t\u0259klif edil\u0259n B\u0259rd\u0259-A\u011fdam yolu \u0259lveri\u015flidir, q\u0131sad\u0131r v\u0259 oradan humanitar y\u00fck ged\u0259 bil\u0259r: \u201cAncaq raz\u0131la\u015fm\u0131rlar v\u0259 dem\u0259li, bu da siyasi oyunbazl\u0131qlardan biridir. Bundan sonrak\u0131 add\u0131mlar yaranm\u0131\u015f situasiyaya uy\u011fun olacaq. H\u0259r hans\u0131 t\u0259r\u0259fd\u0259n t\u0259xribat olacaqsa, adekvat add\u0131mlar at\u0131lacaq. Bu, siyasi-diplomatik, x\u0259b\u0259rdarl\u0131q \u015f\u0259klind\u0259 mesajlar ola bil\u0259r v\u0259 g\u00fcc variant\u0131 da, ehtiyac olarsa, t\u0259tbiq edil\u0259 bil\u0259r. Az\u0259rbaycan d\u00f6vl\u0259ti n\u0259 etdiyini bilir v\u0259 add\u0131mlar\u0131n\u0131 do\u011fru &#8211; d\u00fcr\u00fcst atmaqdad\u0131r. Separat\u00e7\u0131lar kimdirl\u0259r ki? Cinay\u0259tkar \u015f\u0259xsl\u0259rdir v\u0259 Xa\u00e7aturyan kimi onlar\u0131 da h\u0259bs g\u00f6zl\u0259yir. Ona g\u00f6r\u0259 v\u0259ziyy\u0259ti g\u0259rginl\u0259\u015fdirm\u0259k \u00fc\u00e7\u00fcn m\u00fc\u0259yy\u0259n add\u0131mlar atma\u011fa c\u0259hd ed\u0259c\u0259kl\u0259r. Bunlar bizi qorxutmur, Az\u0259rbaycan birinci add\u0131m atm\u0131r v\u0259 yol veril\u0259n t\u0259xribatlara adekvat cavab verir\u201d.<\/p>\n<p><img src=\"https:\/\/paralel.az\/images\/article\/big\/1663075046_901.jpg\" alt=\"Asif N\u0259rimanl\u0131: &quot;O zaman s\u0259b\u0259b n\u0259dir?&quot;\" \/><\/p>\n<p><strong>Asif N\u0259rimanl\u0131<\/strong><\/p>\n<p><strong>Siyasi \u015f\u0259rh\u00e7i Asif N\u0259rimanl\u0131n\u0131n s\u00f6zl\u0259rin\u0259 g\u00f6r\u0259, Araik g\u00fcnl\u0259rdir anonsunu etdiyi m\u00fcsahib\u0259sini verib v\u0259 s\u00f6zl\u0259rind\u0259n \u00e7\u0131xan n\u0259tic\u0259 bel\u0259dir ki, geri \u00e7\u0259kilm\u0259k, Bak\u0131n\u0131n t\u0259l\u0259bl\u0259ri il\u0259 raz\u0131la\u015fmaq fikirl\u0259ri yoxdur, amma n\u0259 ed\u0259c\u0259kl\u0259rini, yaxud ed\u0259 bil\u0259c\u0259kl\u0259rini d\u0259 dem\u0259yib:<\/strong>\u00a0\u201c\u00dcmidl\u0259rini h\u0259l\u0259 itirm\u0259yibl\u0259r, beyn\u0259lxalq ictimaiyy\u0259td\u0259n d\u0259st\u0259k g\u00f6zl\u0259yirl\u0259r. Lakin Rusiyadan da, Q\u0259rbd\u0259n d\u0259, Erm\u0259nistandan da art\u0131q \u0259ll\u0259rini \u00fcz\u00fcbl\u0259r. Araik bildirir ki, Bak\u0131n\u0131n La\u00e7\u0131n yoluna post qura bil\u0259c\u0259yini d\u00fc\u015f\u00fcnm\u00fcrm\u00fc\u015fl\u0259r. \u018fliyev \u201dZ\u0259ng\u0259zur d\u0259hlizi v\u0259 La\u00e7\u0131n d\u0259hlizi eyni rejimd\u0259 i\u015fl\u0259m\u0259lidir&#8221; dey\u0259nd\u0259 el\u0259 bilirmi\u015fl\u0259r ki, blef edir. \u0130ndi n\u0259 ed\u0259c\u0259kl\u0259rini \u00f6zl\u0259ri d\u0259 bilmir. \u018fvv\u0259l Br\u00fcssel g\u00f6r\u00fc\u015f\u00fcn\u0259 \u00fcmid etdil\u0259r, n\u0259tic\u0259 olmad\u0131. Daha sonra Moskvada n\u0259tic\u0259 \u0259ld\u0259 olunaca\u011f\u0131n\u0131 g\u00f6zl\u0259yirdil\u0259r, o da olmad\u0131. \u0130ndi BMT T\u0259hl\u00fck\u0259sizlik \u015euras\u0131n\u0131n onlar\u0131 xilas ed\u0259 bil\u0259c\u0259yini \u00fcmid edirl\u0259r&#8221;.<\/p>\n<p><img src=\"https:\/\/cebheinfo.az\/uploads\/images\/2023\/04\/720x400\/1682684024778470048644bb878b6ea7.jpg\" alt=\"Elxan \u015eahino\u011flu: &quot;\u0130r\u0259van indi d\u0259 Fransaya yalvar\u0131r&quot;\" \/><\/p>\n<p><strong>Elxan \u015eahino\u011flu<\/strong><\/p>\n<p><strong>Ekspert Elxan \u015eahino\u011flunun fikrinc\u0259, Qaraba\u011f separat\u00e7\u0131lar\u0131n\u0131n lideri Araik Arutunyan Erm\u0259nistandan, Rusiyadan v\u0259 Q\u0259rbd\u0259n \u0259lini \u00fczd\u00fckd\u0259n sonra erm\u0259ni lobbisin\u0259 m\u00fcraci\u0259t edib:<\/strong>\u00a0\u201cBizi xilas edin\u201d s\u0259pgili a\u00e7\u0131qlama yay\u0131mlayan Arutunyan\u0131n erm\u0259ni lobbisind\u0259n t\u0259l\u0259bi odur ki, ya\u015fad\u0131qlar\u0131 \u00f6lk\u0259l\u0259rin h\u00f6kum\u0259tl\u0259rinin Az\u0259rbaycana t\u0259zyiq etm\u0259l\u0259rin\u0259, o c\u00fcml\u0259d\u0259n La\u00e7\u0131n yolunun \u201ca\u00e7\u0131lmas\u0131na\u201d nail olsunlar. Erm\u0259ni lobbisi bu m\u00fcraci\u0259t olmadan da Az\u0259rbaycana qar\u015f\u0131 f\u0259aliyy\u0259tin\u0259 ara verm\u0259yib. Erm\u0259ni lobbisi il\u0259 s\u0131x \u0259laq\u0259li olan amerikal\u0131 konqresmen Adam \u015eiff facebook s\u0259hif\u0259sind\u0259 \u201cA\u011f Evin Artsax\u0131n m\u00fcst\u0259qlliyinin tan\u0131nmas\u0131na\u201d y\u00f6n\u0259lik \u00e7a\u011f\u0131r\u0131\u015f edib. Adam \u015eiff birinci d\u0259f\u0259 deyil ki, s\u0259rs\u0259m b\u0259yanatar verir. Ancaq erm\u0259nip\u0259r\u0259st konqresmenl\u0259r b\u0259yanatlarla kifay\u0259tl\u0259nm\u0259y\u0259r\u0259k Erm\u0259nistana t\u0259msil\u00e7il\u0259rini d\u0259 g\u00f6nd\u0259ribl\u0259r. AB\u015e Senat\u0131n\u0131n Beyn\u0259lxalq \u018flaq\u0259l\u0259r Komit\u0259sinin aparat i\u015f\u00e7il\u0259ri Sara Arkin v\u0259 Damian Merfi Q\u0259rbi Z\u0259ng\u0259zurda g\u00f6r\u00fc\u015fl\u0259r ke\u00e7iribl\u0259r. Bu t\u0259xribat\u0131n ba\u015f\u0131nda da senator Robert Menendes dayan\u0131r. Bizim \u00fc\u00e7\u00fcn \u00f6n\u0259mli olan AB\u015e-nin d\u00f6vl\u0259t strukturlar\u0131n\u0131n m\u00f6vqeyidir. Bu strukturlar Az\u0259rbaycanla strateji t\u0259r\u0259fda\u015fl\u0131\u011f\u0131 d\u0259st\u0259kl\u0259yirl\u0259r. Buna baxmayaraq, erm\u0259nip\u0259r\u0259st konqresmenl\u0259r suyu buland\u0131rma\u011fa \u00e7al\u0131\u015facaqlar. G\u00f6r\u0259s\u0259n, n\u0259 zamansa he\u00e7 olmazsa bir konqresmenin v\u0259 ya senatorun Az\u0259rbaycan\u0131n \u0259razi b\u00fct\u00f6vl\u00fcy\u00fcn\u00fcn t\u0259minat\u0131n\u0131n vacibliyi il\u0259 ba\u011fl\u0131 a\u00e7\u0131qlamas\u0131n\u0131 e\u015fid\u0259c\u0259yik?&#8221;<\/p>\n","protected":false},"excerpt":{"rendered":"<p>T\u0259lx\u0259k y\u0131\u011f\u0131n\u0131n\u0131n ba\u015f\u00e7\u0131s\u0131 Araikin h\u0259r yerd\u0259n \u0259li \u00fcz\u00fcl\u00fcb, kukla qurumun yeni se\u00e7il\u0259n da\u015fnak \u201cspikeri\u201d is\u0259 \u201cordunu buraxmayaca\u011f\u0131q\u201d b\u0259yanat\u0131 verir, kils\u0259d\u0259n d\u0259 d\u0259st\u0259k g\u0259lir &#8211; ordumuz t\u0259tikd\u0259!\u00a0 Qaraba\u011f quldurlar\u0131n\u0131n lideri Araik Arutyunyan Erm\u0259nistandan, Rusiyadan v\u0259 Q\u0259rbd\u0259n \u0259lini \u00fczd\u00fckd\u0259n sonra erm\u0259ni lobbisin\u0259 m\u00fcraci\u0259t edib. \u201cBizi xilas edin\u201d s\u0259pkili a\u00e7\u0131qlama yay\u0131mlayan Arutyunyan\u0131n erm\u0259ni lobbisind\u0259n t\u0259l\u0259bi odur ki, ya\u015fad\u0131qlar\u0131 \u00f6lk\u0259l\u0259rin h\u00f6kum\u0259tl\u0259rinin Az\u0259rbaycana t\u0259zyiq etm\u0259l\u0259rin\u0259, o c\u00fcml\u0259d\u0259n La\u00e7\u0131n yolunun \u201ca\u00e7\u0131lmas\u0131na\u201d nail olsunlar. Buna da reaksiya erm\u0259nip\u0259r\u0259st b\u0259zi konqresmenl\u0259rd\u0259n g\u0259lib, v\u0259ssalam!\u00a0 Ard\u0131nca Da\u015fnaks\u00fctyun Partiyas\u0131n\u0131n \u00fczv\u00fc, bu h\u0259ft\u0259 Qaraba\u011fdak\u0131 \u201cparlamentin r\u0259hb\u0259ri\u201d olan David \u0130\u015fxanyan da \u201cproqram nitql\u0259\u201d&hellip;<\/p>\n","protected":false},"author":2,"featured_media":618190,"comment_status":"closed","ping_status":"closed","sticky":false,"template":"","format":"standard","meta":{"om_disable_all_campaigns":false,"_monsterinsights_skip_tracking":false,"_monsterinsights_sitenote_active":false,"_monsterinsights_sitenote_note":"","_monsterinsights_sitenote_category":0},"categories":[19],"tags":[],"aioseo_notices":[],"gutentor_comment":0,"rttpg_featured_image_url":{"full":["https:\/\/arantv.az\/wp-content\/uploads\/2023\/08\/b072f4d71a3f44a7147dc1909364a9a2.jpg",870,500,false],"landscape":["https:\/\/arantv.az\/wp-content\/uploads\/2023\/08\/b072f4d71a3f44a7147dc1909364a9a2.jpg",870,500,false],"portraits":["https:\/\/arantv.az\/wp-content\/uploads\/2023\/08\/b072f4d71a3f44a7147dc1909364a9a2.jpg",870,500,false],"thumbnail":["https:\/\/arantv.az\/wp-content\/uploads\/2023\/08\/b072f4d71a3f44a7147dc1909364a9a2-500x280.jpg",500,280,true],"medium":["https:\/\/arantv.az\/wp-content\/uploads\/2023\/08\/b072f4d71a3f44a7147dc1909364a9a2-635x365.jpg",635,365,true],"large":["https:\/\/arantv.az\/wp-content\/uploads\/2023\/08\/b072f4d71a3f44a7147dc1909364a9a2-840x483.jpg",640,368,true],"1536x1536":["https:\/\/arantv.az\/wp-content\/uploads\/2023\/08\/b072f4d71a3f44a7147dc1909364a9a2.jpg",870,500,false],"2048x2048":["https:\/\/arantv.az\/wp-content\/uploads\/2023\/08\/b072f4d71a3f44a7147dc1909364a9a2.jpg",870,500,false],"post-thumbnail":["https:\/\/arantv.az\/wp-content\/uploads\/2023\/08\/b072f4d71a3f44a7147dc1909364a9a2-240x172.jpg",240,172,true],"advps-thumb-one":["https:\/\/arantv.az\/wp-content\/uploads\/2023\/08\/b072f4d71a3f44a7147dc1909364a9a2.jpg",870,500,false]},"rttpg_author":{"display_name":"V\u00fcsal Rafiqo\u011flu","author_link":"https:\/\/arantv.az\/?author=2"},"rttpg_comment":0,"rttpg_category":"<a href=\"https:\/\/arantv.az\/?cat=19\" rel=\"category\">G\u00fcnd\u0259m<\/a>","rttpg_excerpt":"T\u0259lx\u0259k y\u0131\u011f\u0131n\u0131n\u0131n ba\u015f\u00e7\u0131s\u0131 Araikin h\u0259r yerd\u0259n \u0259li \u00fcz\u00fcl\u00fcb, kukla qurumun yeni se\u00e7il\u0259n da\u015fnak \u201cspikeri\u201d is\u0259 \u201cordunu buraxmayaca\u011f\u0131q\u201d b\u0259yanat\u0131 verir, kils\u0259d\u0259n d\u0259 d\u0259st\u0259k g\u0259lir &#8211; ordumuz t\u0259tikd\u0259!\u00a0 Qaraba\u011f quldurlar\u0131n\u0131n lideri Araik Arutyunyan Erm\u0259nistandan, Rusiyadan v\u0259 Q\u0259rbd\u0259n \u0259lini \u00fczd\u00fckd\u0259n sonra erm\u0259ni lobbisin\u0259 m\u00fcraci\u0259t edib. \u201cBizi xilas edin\u201d s\u0259pkili a\u00e7\u0131qlama yay\u0131mlayan Arutyunyan\u0131n erm\u0259ni lobbisind\u0259n t\u0259l\u0259bi odur ki, ya\u015fad\u0131qlar\u0131&hellip;","_links":{"self":[{"href":"https:\/\/arantv.az\/index.php?rest_route=\/wp\/v2\/posts\/618189"}],"collection":[{"href":"https:\/\/arantv.az\/index.php?rest_route=\/wp\/v2\/posts"}],"about":[{"href":"https:\/\/arantv.az\/index.php?rest_route=\/wp\/v2\/types\/post"}],"author":[{"embeddable":true,"href":"https:\/\/arantv.az\/index.php?rest_route=\/wp\/v2\/users\/2"}],"replies":[{"embeddable":true,"href":"https:\/\/arantv.az\/index.php?rest_route=%2Fwp%2Fv2%2Fcomments&post=618189"}],"version-history":[{"count":0,"href":"https:\/\/arantv.az\/index.php?rest_route=\/wp\/v2\/posts\/618189\/revisions"}],"wp:featuredmedia":[{"embeddable":true,"href":"https:\/\/arantv.az\/index.php?rest_route=\/wp\/v2\/media\/618190"}],"wp:attachment":[{"href":"https:\/\/arantv.az\/index.php?rest_route=%2Fwp%2Fv2%2Fmedia&parent=618189"}],"wp:term":[{"taxonomy":"category","embeddable":true,"href":"https:\/\/arantv.az\/index.php?rest_route=%2Fwp%2Fv2%2Fcategories&post=618189"},{"taxonomy":"post_tag","embeddable":true,"href":"https:\/\/arantv.az\/index.php?rest_route=%2Fwp%2Fv2%2Ftags&post=618189"}],"curies":[{"name":"wp","href":"https:\/\/api.w.org\/{rel}","templated":true}]}}