{"id":618192,"date":"2023-08-11T09:08:43","date_gmt":"2023-08-11T05:08:43","guid":{"rendered":"https:\/\/arantv.az\/?p=618192"},"modified":"2023-08-11T09:08:43","modified_gmt":"2023-08-11T05:08:43","slug":"sulhun-t%c9%99minati-guclu-dovl%c9%99t-guclu-ordu","status":"publish","type":"post","link":"https:\/\/arantv.az\/?p=618192","title":{"rendered":"S\u00fclh\u00fcn t\u0259minat\u0131: G\u00fccl\u00fc d\u00f6vl\u0259t, g\u00fccl\u00fc ordu"},"content":{"rendered":"<p><em><strong>Az\u0259rbaycan\u0131n bu g\u00fcn\u00fc v\u0259 g\u0259l\u0259c\u0259yi il\u0259 ba\u011fl\u0131\u00a0 g\u00fcnd\u0259liyi var v\u0259\u00a0 m\u00fc\u0259yy\u0259nl\u0259\u015fdiril\u0259n prioritetl\u0259r\u0259 uy\u011fun olaraq at\u0131lan add\u0131mlar h\u0259d\u0259fl\u0259r\u0259 zaman\u0131nda v\u0259 y\u00fcks\u0259k s\u0259viyy\u0259d\u0259 nail olma\u011fa \u0259sas verir<\/strong><\/em><\/p>\n<p>\u201c\u0130kinci Qaraba\u011f m\u00fcharib\u0259si d\u00f6vr\u00fcnd\u0259 v\u0259 m\u00fcharib\u0259d\u0259n sonra Erm\u0259nistana yax\u0131nl\u0131\u011f\u0131 il\u0259 se\u00e7il\u0259n \u00f6lk\u0259l\u0259r art\u0131q \u00f6z erm\u0259nip\u0259r\u0259st m\u00f6vqeyini gizl\u0259d\u0259 bilm\u0259mi\u015fdil\u0259r, yaxud da bunu ist\u0259m\u0259mi\u015fdil\u0259r. Bu, bizim o \u00f6lk\u0259l\u0259rl\u0259 m\u00fcnasib\u0259tl\u0259rin m\u00fc\u0259yy\u0259n d\u0259r\u0259c\u0259d\u0259 g\u0259rginl\u0259\u015fm\u0259sin\u0259 g\u0259tirib \u00e7\u0131xarm\u0131\u015fd\u0131r. Ancaq bu, o dem\u0259k deyil ki, bu, \u0259b\u0259di bel\u0259 olacaq. Bu m\u0259rh\u0259l\u0259 d\u0259 ba\u015fa \u00e7atacaq, yeni m\u0259rh\u0259l\u0259 a\u00e7\u0131lacaq v\u0259 \u0259sas odur ki, s\u0259nin g\u00fcnd\u0259liyin olsun.\u201d D\u00f6vl\u0259t ba\u015f\u00e7\u0131s\u0131 \u0130lham \u018fliyevin \u00e7\u0131x\u0131\u015flar\u0131nda, m\u00fcsahib\u0259l\u0259rind\u0259 daim d\u00fcnya g\u00fccl\u0259rinin ikili standartlara \u0259saslanan siyas\u0259ti fonunda Az\u0259rbaycan\u0131n \u00f6z haqq s\u0259si beyn\u0259lxalq ictimaiyy\u0259t\u0259 \u00e7atd\u0131rmas\u0131 istiqam\u0259tind\u0259 at\u0131lan add\u0131mlara v\u0259 onlar\u0131n u\u011furlu n\u0259tic\u0259l\u0259rin\u0259 y\u00f6n\u0259ldilir. \u00a0\u00a049 \u00f6lk\u0259d\u0259n 150 xarici media n\u00fcmay\u0259nd\u0259sini bir araya g\u0259tir\u0259n, bu g\u00fcn d\u0259 \u00f6lk\u0259 v\u0259 d\u00fcnya m\u0259tbuat\u0131nda geni\u015f m\u00fczakir\u0259 edil\u0259n \u015eu\u015fa Qlobal Media Forumundak\u0131 \u00e7\u0131x\u0131\u015f\u0131nda da\u00a0 c\u0259nab \u0130lham \u018fliyev bir daha diqq\u0259ti bu reall\u0131\u011fa y\u00f6n\u0259ltdi: \u201cBiz uzun ill\u0259r bu yana\u015fmaya m\u0259ruz qalm\u0131\u015f\u0131q. Biz s\u0259simizi ucald\u0131rd\u0131q v\u0259 deyirdik BMT T\u0259hl\u00fck\u0259sizlik \u015euras\u0131 4 q\u0259tnam\u0259 q\u0259bul edib ki, Erm\u0259nistan qo\u015funlar\u0131 d\u0259rhal v\u0259 qeyd-\u015f\u0259rtsiz Az\u0259rbaycan\u0131n \u0259razisind\u0259n \u00e7\u0131xar\u0131lmal\u0131d\u0131r. Ancaq o q\u0259tnam\u0259l\u0259r\u0259 riay\u0259t edilmirdi v\u0259 bu g\u00fcn h\u0259min o tendensiya davam edir. Beyn\u0259lxalq h\u00fcquq i\u015fl\u0259m\u0259y\u0259nd\u0259, imza o q\u0259d\u0259r d\u0259 \u0259h\u0259miyy\u0259t\u0259 malik olmayanda s\u00fclh\u00fcn t\u0259minat\u0131 yaln\u0131z g\u00fccd\u00fcr. Bunu dey\u0259rk\u0259n, \u0259lb\u0259tt\u0259, biz g\u0259l\u0259c\u0259kd\u0259 yarana bil\u0259c\u0259k t\u0259hl\u00fck\u0259l\u0259ri istisna etm\u0259m\u0259liyik, \u00e7\u00fcnki d\u00fcnya v\u0259 bizim regionumuz bu g\u00fcn \u00e7\u0259tin proqnozla\u015fd\u0131r\u0131l\u0131r. Ancaq haz\u0131rda xaricd\u0259n qaynaqlanan t\u0259hl\u00fck\u0259 s\u0259viyy\u0259si o q\u0259d\u0259r d\u0259 y\u00fcks\u0259k deyil. Y\u0259qin, bu, ona g\u00f6r\u0259dir ki, biz h\u0259min t\u0259hl\u00fck\u0259nin \u00f6hd\u0259sind\u0259n g\u0259l\u0259 bilirik.\u201d<\/p>\n<p>C\u0259nab \u0130lham \u018fliyevin yuxar\u0131da qeyd etdiyimiz fikrin\u0259 istinad ed\u0259r\u0259k bel\u0259 bir reall\u0131\u011f\u0131 b\u00f6y\u00fck inamla bildiririk ki, Az\u0259rbaycan\u0131n bu g\u00fcn\u00fc v\u0259 g\u0259l\u0259c\u0259yi il\u0259 ba\u011fl\u0131\u00a0 g\u00fcnd\u0259liyi var v\u0259\u00a0 m\u00fc\u0259yy\u0259nl\u0259\u015fdiril\u0259n prioritetl\u0259r\u0259 uy\u011fun olaraq at\u0131lan add\u0131mlara, h\u0259d\u0259fl\u0259r\u0259 zaman\u0131nda v\u0259 y\u00fcks\u0259k s\u0259viyy\u0259d\u0259 nail olma\u011fa \u0259sas verir. Qeyd edildiyi kimi, Az\u0259rbaycan b\u00fct\u00fcn d\u00f6vrl\u0259rd\u0259 d\u00fcnyan\u0131n apar\u0131c\u0131 d\u00f6vl\u0259tl\u0259rinin v\u0259 n\u00fcfuzlu beyn\u0259lxalq t\u0259\u00e7kilatlar\u0131n ikili standartlara \u0259saslanan siyas\u0259ti il\u0259 \u00fcz-\u00fcz\u0259 olub. Lakin bu yana\u015fma \u00f6z\u00fcn\u0259qapanmaya deyil, s\u0259yl\u0259rin daha da art\u0131r\u0131lmas\u0131na, tarixi h\u0259qiq\u0259tl\u0259rin d\u00fcnya ictimaiyy\u0259tin\u0259 \u00e7atd\u0131r\u0131lmas\u0131 \u00fc\u00e7\u00fcn b\u00fct\u00fcn imkanlardan\u00a0 istifad\u0259 edilm\u0259sin\u0259 \u00e7a\u011f\u0131r\u0131\u015f oldu. M\u0259hz \u00f6lk\u0259mizin 44 g\u00fcnl\u00fck \u0130kinci Qaraba\u011f m\u00fcharib\u0259sind\u0259 qazand\u0131\u011f\u0131 tarixi Z\u0259f\u0259rd\u0259 apard\u0131\u011f\u0131 diplomatik m\u00fcbariz\u0259 q\u0259l\u0259b\u0259miz x\u00fcsusi rol oynad\u0131.\u00a0 B\u00fc fikri daim q\u00fcrurla qeyd edirik ki, Az\u0259rbaycan 30 ild\u0259 \u00a0d\u00fcnya g\u00fccl\u0259rinin ata bilm\u0259diyi add\u0131m\u0131 atd\u0131. BMT T\u0259hl\u00fck\u0259sizlik \u015euras\u0131n\u0131n q\u0259tnam\u0259l\u0259rini t\u0259kba\u015f\u0131na icra ed\u0259n \u00f6lk\u0259miz d\u00fcnyaya \u00e7atd\u0131rd\u0131 ki, \u0259dal\u0259t v\u0259 beyn\u0259lxalq h\u00fcquq deyil\u0259n m\u0259fhum var v\u0259 onlar\u0131n t\u0259tbiqi, icras\u0131 \u00fc\u00e7\u00fcn\u00a0 vahib mexanizm m\u00fc\u0259yy\u0259nl\u0259\u015fdirilm\u0259lidir. \u00d6lk\u0259 Prezidenti \u0130lham \u018fliyev \u00a0\u00abBeyn\u0259lxalq ictimaiyy\u0259t Az\u0259rbaycan xalq\u0131n\u0131n humanitar f\u0259lak\u0259tin\u0259 m\u00fc\u0259yy\u0259n m\u0259nada g\u00f6z yumma\u011fa q\u0259rar verdi\u00bb s\u00f6yl\u0259y\u0259r\u0259k bunun ard\u0131nca \u0259n \u00e7ox t\u0259\u0259ss\u00fcf do\u011furan hal\u0131n bu oldu\u011funu bildirir ki, AT\u018fT-in \u00a0Minsk qrupu adland\u0131r\u0131lan struktur v\u0259 onun h\u0259ms\u0259drl\u0259ri i\u015f\u011fal olunmu\u015f \u0259razil\u0259r\u0259 d\u0259f\u0259l\u0259rl\u0259 s\u0259f\u0259rl\u0259r etdil\u0259r, b\u00fct\u00fcn \u015f\u0259h\u0259r v\u0259 k\u0259ndl\u0259rin q\u0259ddarcas\u0131na da\u011f\u0131d\u0131lmas\u0131n\u0131n, erm\u0259nil\u0259rin bizim torpaqlar\u0131m\u0131zda qanunsuz m\u0259skunla\u015fd\u0131r\u0131lmas\u0131n\u0131n \u015fahidi oldular, lakin Erm\u0259nistan\u0131 q\u0131namad\u0131lar.\u00a0 Bu fakt\u0131 da qeyd etm\u0259k yerin\u0259 d\u00fc\u015f\u0259r ki, Az\u0259rbaycan 30 illik i\u015f\u011fal d\u00f6vr\u00fcnd\u0259 b\u00fct\u00fcn beyn\u0259lxalq t\u0259\u015fkilatlar\u0131n potensial\u0131ndan istifad\u0259 etm\u0259k ist\u0259yini ortaya qoydu. BMT Ba\u015f Assambleyas\u0131na m\u00fcraci\u0259t ed\u0259n r\u0259smi Bak\u0131\u00a0 Qaraba\u011fda s\u00fcni m\u0259skunla\u015fd\u0131rma fakt\u0131n\u0131n ara\u015fd\u0131r\u0131lmas\u0131 \u00fc\u00e7\u00fcn Faktara\u015fd\u0131r\u0131c\u0131 Missiyan\u0131n yarad\u0131lmas\u0131 t\u0259\u015f\u0259bb\u00fcs\u00fc il\u0259 \u00e7\u0131x\u0131\u015f ed\u0259nd\u0259 ke\u00e7mi\u015f \u00a0AT\u018fT-in Minsk qrupunun h\u0259ms\u0259drl\u0259ri bunu onlar\u0131n missiyas\u0131na m\u00fcdaxil\u0259 kimi d\u0259y\u0259rl\u0259ndirdil\u0259r v\u0259 bel\u0259 r\u0259y yaratma\u011fa \u00e7al\u0131\u015fd\u0131lar ki, Az\u0259rbaycan qurumun vasit\u0259\u00e7iliyind\u0259n imtina edir. D\u00f6vl\u0259t ba\u015f\u00e7\u0131s\u0131 \u0130lham \u018fliyev buna cavab olaraq bildirdi ki, Az\u0259rbaycan m\u0259s\u0259l\u0259nin h\u0259llind\u0259 b\u00fct\u00fcn beyn\u0259lxalq t\u0259\u015fkilatlar\u0131n potensial\u0131ndan istifad\u0259 etm\u0259kd\u0259 q\u0259rarl\u0131d\u0131r, bunun AT\u018fT-in Minsk qrupunun vasit\u0259\u00e7iliyin\u0259 he\u00e7 bir aidiyy\u0259ti yoxdur. AT\u018fT Faktara\u015fd\u0131r\u0131c\u0131 Missiyas\u0131n\u0131 yaratd\u0131 v\u0259 i\u015f\u011fal edilmi\u015f \u0259razil\u0259rimiz\u0259 g\u00f6nd\u0259rdi. Faktara\u015fd\u0131r\u0131c\u0131 Missiya iki d\u0259f\u0259 bu \u0259razil\u0259rd\u0259 oldu, s\u00fcni m\u0259skunla\u015fma fakt\u0131n\u0131 t\u0259sdiql\u0259di, amma konkret add\u0131m atmaq zaman\u0131 g\u0259l\u0259nd\u0259, y\u0259ni hesabat haz\u0131rlananda bu siyas\u0259ti hans\u0131 t\u0259r\u0259fin h\u0259yata ke\u00e7irdiyini gizli saxlama\u011f\u0131 daha m\u0259qs\u0259d\u0259uy\u011fun hesab etdi. Haz\u0131rlanan hesabat h\u0259ms\u0259drl\u0259rin Az\u0259rbaycan\u0131n BMT Ba\u015f Assambleyas\u0131na m\u00fcraci\u0259ti \u0259traf\u0131nda niy\u0259 hay-k\u00fcy salmalar\u0131na ayd\u0131nl\u0131q g\u0259tirdi. \u00c7\u00fcnki sirr deyildi ki, \u00a0BMT T\u0259hl\u00fck\u0259sizlik \u015euras\u0131n\u0131n 4 q\u0259tnam\u0259si ill\u0259rl\u0259 ka\u011f\u0131z \u00fcz\u0259rind\u0259 nec\u0259 \u00a0qald\u0131sa, AT\u018fT-in \u00a0Faktara\u015fd\u0131r\u0131c\u0131 Missiyas\u0131 da \u00a0eyni yana\u015fman\u0131 ortaya qoyacaqd\u0131. Bu xat\u0131rlatman\u0131 etm\u0259yimiz s\u0259b\u0259bsiz deyil. D\u00fcnya siyas\u0259tind\u0259 m\u00fcnaqi\u015f\u0259li m\u0259s\u0259l\u0259l\u0259rin h\u0259llin\u0259 dair bel\u0259 maraql\u0131 model g\u00f6r\u0259s\u0259n b\u00fct\u00fcn d\u00f6vl\u0259tl\u0259r\u0259 t\u0259tbiq olunurmu? \u00a030 illik i\u015f\u011fal d\u00f6vr\u00fc bu yana\u015fman\u0131n zamana v\u0259 m\u0259kana g\u00f6r\u0259 t\u0259tbiq olundu\u011funu t\u0259sdiql\u0259di. Bu bax\u0131mdan ki, b\u0259zi\u00a0 d\u00f6vl\u0259tl\u0259r \u00fc\u00e7\u00fcn BMT q\u0259tnam\u0259l\u0259ri 1-2 saat \u0259rzind\u0259 icra edilir, Az\u0259rbaycana g\u0259ldikd\u0259 is\u0259 i\u015f\u011fal\u00e7\u0131n\u0131n ad\u0131n\u0131n \u00e7\u0259kilm\u0259si m\u00fcnaqi\u015f\u0259nin h\u0259llin\u0259 mane\u0259 kimi d\u0259y\u0259rl\u0259ndirildi. Amma Erm\u0259nistana m\u00fcxt\u0259lif adlar alt\u0131nda maddi v\u0259 m\u0259n\u0259vi d\u0259st\u0259k g\u00f6st\u0259rm\u0259k \u0259ks\u0259r d\u00fcnya g\u00fccl\u0259rinin d\u00fc\u015f\u00fcnc\u0259l\u0259rin\u0259 g\u00f6r\u0259\u00a0 beyn\u0259lxalq h\u00fcququn \u00abprinsipl\u0259ri\u00bbdir. \u018fks\u0259r d\u00fcnya g\u00fccl\u0259ri bu kimi ikili yana\u015fmalar\u0131 il\u0259 \u00f6zl\u0259rin\u0259 qar\u015f\u0131 etimads\u0131zl\u0131q m\u00fchiti yaratmaqla m\u00fcnaqi\u015f\u0259li m\u0259s\u0259l\u0259l\u0259rin h\u0259llin\u0259 hans\u0131sa d\u0259st\u0259yi g\u00f6st\u0259rm\u0259k imkan\u0131nda olmad\u0131qlar\u0131n\u0131 ortaya qoyurlar.<\/p>\n<p>D\u00f6vl\u0259t ba\u015f\u00e7\u0131s\u0131 \u0130lham \u018fliyev Az\u0259rbaycan h\u0259qiq\u0259tl\u0259rinin beyn\u0259lxalq ictimaiyy\u0259t\u0259 \u00e7atd\u0131r\u0131lmas\u0131nda z\u0259ngin m\u0259nb\u0259 rolunu oynayan \u015eu\u015fa Qlobal Media Forumundak\u0131 \u00e7\u0131x\u0131\u015f\u0131nda da diqq\u0259ti bu m\u0259s\u0259l\u0259y\u0259 y\u00f6n\u0259ld\u0259r\u0259k bildirdi ki, o ki qald\u0131 \u0130kinci Qaraba\u011f sava\u015f\u0131 d\u00f6n\u0259mind\u0259 \u00f6lk\u0259l\u0259rin m\u00f6vqeyin\u0259, art\u0131q bu, tarixd\u0259 qal\u0131b. Biz bilirik\u00a0 yan\u0131m\u0131zda kim olub,\u00a0 Erm\u0259nistan\u0131n yan\u0131nda kim olub, neytral m\u00f6vqed\u0259 kim olub. \u018fsas v\u0259zif\u0259miz torpaqlar\u0131m\u0131z\u0131 azad etm\u0259k idi, buna da nail olduq: \u201cH\u0259r bir \u00f6lk\u0259nin \u00f6z g\u00fcnd\u0259liyi var, \u00f6z xarici siyas\u0259ti var, nec\u0259 dey\u0259rl\u0259r, \u00f6z daxili s\u0259b\u0259bl\u0259ri var. Biz bunu da ba\u015fa d\u00fc\u015f\u00fcr\u00fck. B\u0259zi \u00f6lk\u0259l\u0259rd\u0259n b\u0259lk\u0259 daha \u00e7ox d\u0259st\u0259k g\u00f6zl\u0259yirdik, b\u0259zi \u00f6lk\u0259l\u0259rd\u0259n, \u00fcmumiyy\u0259tl\u0259, he\u00e7 n\u0259 g\u00f6zl\u0259mirdik. Y\u0259ni, bu, beyn\u0259lxalq m\u00fcnasib\u0259tl\u0259rin qanunlar\u0131d\u0131r. Dey\u0259 bil\u0259r\u0259m ki, bizim t\u0259cr\u00fcb\u0259mizd\u0259 bel\u0259 m\u0259s\u0259l\u0259l\u0259r ikit\u0259r\u0259fli m\u00fcnasib\u0259tl\u0259r\u0259 o q\u0259d\u0259r d\u0259 b\u00f6y\u00fck t\u0259sir g\u00f6st\u0259rmir. Dey\u0259 bil\u0259r\u0259m ki, i\u015f\u011fal d\u00f6vr\u00fcnd\u0259 d\u0259 bir \u00e7ox \u00f6lk\u0259l\u0259r t\u0259r\u0259find\u0259n neytral m\u00f6vqe g\u00f6rm\u00fc\u015fd\u00fck, halbuki, bununla raz\u0131 deyildik, \u00e7\u00fcnki biz haql\u0131 olaraq t\u0259l\u0259b edirdik ki, haqq-\u0259dal\u0259t m\u00f6vqeyi \u00fcst\u00fcnl\u00fck t\u0259\u015fkil etsin. Eyni zamanda, i\u015f\u011fal d\u00f6vr\u00fcnd\u0259 Erm\u0259nistanla h\u0259mr\u0259y olan \u00f6lk\u0259l\u0259rin m\u00f6vqeyini g\u00f6rm\u00fc\u015fd\u00fck. Ancaq yen\u0259 d\u0259 deyir\u0259m, bu, bizim o \u00f6lk\u0259l\u0259rl\u0259 m\u00fcnasib\u0259tl\u0259rimizin dondurulmas\u0131na g\u0259tirib \u00e7\u0131xarmam\u0131\u015fd\u0131r, bu, birincisi. \u0130kincisi, m\u0259n hesab edir\u0259m ki, biz buna m\u00fc\u0259yy\u0259n d\u0259r\u0259c\u0259d\u0259 nail olduq, biz qar\u015f\u0131 t\u0259r\u0259fin meydan\u0131nda da oynama\u011fa c\u0259hd etm\u0259li idik v\u0259 bunu da etdik.\u201d \u00d6lk\u0259 Prezidenti onu da \u0259lav\u0259 etdi ki, i\u015f\u011fal d\u00f6vr\u00fcnd\u0259\u00a0\u00a0 \u00a0Erm\u0259nistan\u0131n yax\u0131n m\u00fctt\u0259fiql\u0259ri say\u0131lan \u00f6lk\u0259l\u0259rl\u0259 d\u0259 \u0259laq\u0259l\u0259rimiz u\u011furla inki\u015faf etdi. O \u00f6lk\u0259l\u0259r\u0259 g\u00f6st\u0259rm\u0259yi bacard\u0131q ki, onlar\u0131n real olaraq h\u0259m siyasi, h\u0259m iqtisadi v\u0259 dig\u0259r maraqlar\u0131 m\u0259hz Az\u0259rbaycandad\u0131r, Erm\u0259nistanda yox. Bu amil d\u0259 imkan verdi ki, h\u0259min \u00f6lk\u0259l\u0259rin erm\u0259nip\u0259r\u0259st m\u00f6vqeyin\u0259 m\u00fc\u0259yy\u0259n d\u0259r\u0259c\u0259d\u0259 d\u00fcz\u0259li\u015fl\u0259r edilsin.<\/p>\n","protected":false},"excerpt":{"rendered":"<p>Az\u0259rbaycan\u0131n bu g\u00fcn\u00fc v\u0259 g\u0259l\u0259c\u0259yi il\u0259 ba\u011fl\u0131\u00a0 g\u00fcnd\u0259liyi var v\u0259\u00a0 m\u00fc\u0259yy\u0259nl\u0259\u015fdiril\u0259n prioritetl\u0259r\u0259 uy\u011fun olaraq at\u0131lan add\u0131mlar h\u0259d\u0259fl\u0259r\u0259 zaman\u0131nda v\u0259 y\u00fcks\u0259k s\u0259viyy\u0259d\u0259 nail olma\u011fa \u0259sas verir \u201c\u0130kinci Qaraba\u011f m\u00fcharib\u0259si d\u00f6vr\u00fcnd\u0259 v\u0259 m\u00fcharib\u0259d\u0259n sonra Erm\u0259nistana yax\u0131nl\u0131\u011f\u0131 il\u0259 se\u00e7il\u0259n \u00f6lk\u0259l\u0259r art\u0131q \u00f6z erm\u0259nip\u0259r\u0259st m\u00f6vqeyini gizl\u0259d\u0259 bilm\u0259mi\u015fdil\u0259r, yaxud da bunu ist\u0259m\u0259mi\u015fdil\u0259r. Bu, bizim o \u00f6lk\u0259l\u0259rl\u0259 m\u00fcnasib\u0259tl\u0259rin m\u00fc\u0259yy\u0259n d\u0259r\u0259c\u0259d\u0259 g\u0259rginl\u0259\u015fm\u0259sin\u0259 g\u0259tirib \u00e7\u0131xarm\u0131\u015fd\u0131r. Ancaq bu, o dem\u0259k deyil ki, bu, \u0259b\u0259di bel\u0259 olacaq. Bu m\u0259rh\u0259l\u0259 d\u0259 ba\u015fa \u00e7atacaq, yeni m\u0259rh\u0259l\u0259 a\u00e7\u0131lacaq v\u0259 \u0259sas odur ki, s\u0259nin g\u00fcnd\u0259liyin olsun.\u201d D\u00f6vl\u0259t ba\u015f\u00e7\u0131s\u0131 \u0130lham \u018fliyevin \u00e7\u0131x\u0131\u015flar\u0131nda, m\u00fcsahib\u0259l\u0259rind\u0259 daim d\u00fcnya&hellip;<\/p>\n","protected":false},"author":2,"featured_media":618193,"comment_status":"closed","ping_status":"closed","sticky":false,"template":"","format":"standard","meta":{"om_disable_all_campaigns":false,"_monsterinsights_skip_tracking":false,"_monsterinsights_sitenote_active":false,"_monsterinsights_sitenote_note":"","_monsterinsights_sitenote_category":0},"categories":[19],"tags":[],"aioseo_notices":[],"gutentor_comment":0,"rttpg_featured_image_url":{"full":["https:\/\/arantv.az\/wp-content\/uploads\/2023\/08\/1b9e43c1168752137897634749810729210.jpg",975,540,false],"landscape":["https:\/\/arantv.az\/wp-content\/uploads\/2023\/08\/1b9e43c1168752137897634749810729210.jpg",975,540,false],"portraits":["https:\/\/arantv.az\/wp-content\/uploads\/2023\/08\/1b9e43c1168752137897634749810729210.jpg",975,540,false],"thumbnail":["https:\/\/arantv.az\/wp-content\/uploads\/2023\/08\/1b9e43c1168752137897634749810729210-500x280.jpg",500,280,true],"medium":["https:\/\/arantv.az\/wp-content\/uploads\/2023\/08\/1b9e43c1168752137897634749810729210-660x365.jpg",660,365,true],"large":["https:\/\/arantv.az\/wp-content\/uploads\/2023\/08\/1b9e43c1168752137897634749810729210-840x465.jpg",640,354,true],"1536x1536":["https:\/\/arantv.az\/wp-content\/uploads\/2023\/08\/1b9e43c1168752137897634749810729210.jpg",975,540,false],"2048x2048":["https:\/\/arantv.az\/wp-content\/uploads\/2023\/08\/1b9e43c1168752137897634749810729210.jpg",975,540,false],"post-thumbnail":["https:\/\/arantv.az\/wp-content\/uploads\/2023\/08\/1b9e43c1168752137897634749810729210-240x172.jpg",240,172,true],"advps-thumb-one":["https:\/\/arantv.az\/wp-content\/uploads\/2023\/08\/1b9e43c1168752137897634749810729210.jpg",975,540,false]},"rttpg_author":{"display_name":"V\u00fcsal Rafiqo\u011flu","author_link":"https:\/\/arantv.az\/?author=2"},"rttpg_comment":0,"rttpg_category":"<a href=\"https:\/\/arantv.az\/?cat=19\" rel=\"category\">G\u00fcnd\u0259m<\/a>","rttpg_excerpt":"Az\u0259rbaycan\u0131n bu g\u00fcn\u00fc v\u0259 g\u0259l\u0259c\u0259yi il\u0259 ba\u011fl\u0131\u00a0 g\u00fcnd\u0259liyi var v\u0259\u00a0 m\u00fc\u0259yy\u0259nl\u0259\u015fdiril\u0259n prioritetl\u0259r\u0259 uy\u011fun olaraq at\u0131lan add\u0131mlar h\u0259d\u0259fl\u0259r\u0259 zaman\u0131nda v\u0259 y\u00fcks\u0259k s\u0259viyy\u0259d\u0259 nail olma\u011fa \u0259sas verir \u201c\u0130kinci Qaraba\u011f m\u00fcharib\u0259si d\u00f6vr\u00fcnd\u0259 v\u0259 m\u00fcharib\u0259d\u0259n sonra Erm\u0259nistana yax\u0131nl\u0131\u011f\u0131 il\u0259 se\u00e7il\u0259n \u00f6lk\u0259l\u0259r art\u0131q \u00f6z erm\u0259nip\u0259r\u0259st m\u00f6vqeyini gizl\u0259d\u0259 bilm\u0259mi\u015fdil\u0259r, yaxud da bunu ist\u0259m\u0259mi\u015fdil\u0259r. Bu, bizim o \u00f6lk\u0259l\u0259rl\u0259 m\u00fcnasib\u0259tl\u0259rin m\u00fc\u0259yy\u0259n d\u0259r\u0259c\u0259d\u0259 g\u0259rginl\u0259\u015fm\u0259sin\u0259&hellip;","_links":{"self":[{"href":"https:\/\/arantv.az\/index.php?rest_route=\/wp\/v2\/posts\/618192"}],"collection":[{"href":"https:\/\/arantv.az\/index.php?rest_route=\/wp\/v2\/posts"}],"about":[{"href":"https:\/\/arantv.az\/index.php?rest_route=\/wp\/v2\/types\/post"}],"author":[{"embeddable":true,"href":"https:\/\/arantv.az\/index.php?rest_route=\/wp\/v2\/users\/2"}],"replies":[{"embeddable":true,"href":"https:\/\/arantv.az\/index.php?rest_route=%2Fwp%2Fv2%2Fcomments&post=618192"}],"version-history":[{"count":0,"href":"https:\/\/arantv.az\/index.php?rest_route=\/wp\/v2\/posts\/618192\/revisions"}],"wp:featuredmedia":[{"embeddable":true,"href":"https:\/\/arantv.az\/index.php?rest_route=\/wp\/v2\/media\/618193"}],"wp:attachment":[{"href":"https:\/\/arantv.az\/index.php?rest_route=%2Fwp%2Fv2%2Fmedia&parent=618192"}],"wp:term":[{"taxonomy":"category","embeddable":true,"href":"https:\/\/arantv.az\/index.php?rest_route=%2Fwp%2Fv2%2Fcategories&post=618192"},{"taxonomy":"post_tag","embeddable":true,"href":"https:\/\/arantv.az\/index.php?rest_route=%2Fwp%2Fv2%2Ftags&post=618192"}],"curies":[{"name":"wp","href":"https:\/\/api.w.org\/{rel}","templated":true}]}}