{"id":618200,"date":"2023-08-11T09:10:37","date_gmt":"2023-08-11T05:10:37","guid":{"rendered":"https:\/\/arantv.az\/?p=618200"},"modified":"2023-08-11T09:10:37","modified_gmt":"2023-08-11T05:10:37","slug":"bir-ild%c9%99-uc-anti-az%c9%99rbaycan-b%c9%99yanati","status":"publish","type":"post","link":"https:\/\/arantv.az\/?p=618200","title":{"rendered":"Bir ild\u0259 \u00fc\u00e7 anti-Az\u0259rbaycan b\u0259yanat\u0131"},"content":{"rendered":"<p><strong>Kils\u0259l\u0259r \u015euras\u0131 \u00f6lk\u0259mizd\u0259n n\u0259 ist\u0259yir?<\/strong><\/p>\n<p>\u00d6t\u0259n h\u0259ft\u0259sonu Az\u0259rbaycandak\u0131 dini konfensiya r\u0259hb\u0259rl\u0259ri b\u0259yanat yayaraq, \u00dcmumd\u00fcnya Kils\u0259l\u0259r \u015euras\u0131n\u0131 erm\u0259nil\u0259rin t\u0259xribat\u00e7\u0131 t\u0259bli\u011fat\u0131na uymama\u011fa \u00e7a\u011f\u0131r\u0131b. Onlar Az\u0259rbaycan\u0131n beyn\u0259lxalq birlik t\u0259r\u0259find\u0259n tan\u0131nm\u0131\u015f suveren \u0259razisi olan La\u00e7\u0131n-Xank\u0259ndi yolunda son g\u00fcnl\u0259rd\u0259 Erm\u0259nistan\u0131n s\u00fcni \u015f\u0259kild\u0259 yaratd\u0131\u011f\u0131 n\u00f6vb\u0259ti t\u0259xribat\u00e7\u0131 tama\u015fa &#8211; \u201cTIR \u015fousu\u201d \u0259traf\u0131nda ged\u0259n q\u0259r\u0259zli b\u0259yanatlara etiraz bildiribl\u0259r.<\/p>\n<p>\u201cH\u0259qiq\u0259t ondan ibar\u0259tdir ki, Erm\u0259nistan t\u0259r\u0259find\u0259n \u201dhumanitar yard\u0131m&#8221; ad\u0131 il\u0259 TIR y\u00fck ma\u015f\u0131nlar\u0131n\u0131n La\u00e7\u0131n n\u0259zar\u0259t-burax\u0131l\u0131\u015f postuna y\u00f6n\u0259ldilm\u0259si \u00f6nc\u0259d\u0259n d\u00fc\u015f\u00fcn\u00fclm\u00fc\u015f v\u0259 beyn\u0259lxalq ictimaiyy\u0259tin diqq\u0259tini c\u0259lb etm\u0259k m\u0259qs\u0259dil\u0259 t\u00f6r\u0259dilmi\u015f anti-Az\u0259rbaycan t\u0259xribat kampaniyas\u0131n\u0131n t\u0259rkib hiss\u0259sidir&#8230; TIR-lar\u0131n q\u0259sd\u0259n Az\u0259rbaycan\u0131n La\u00e7\u0131n s\u0259rh\u0259d postu istiqam\u0259tind\u0259 problem yaratmas\u0131, hadis\u0259nin \u201cetnik t\u0259mizl\u0259m\u0259 siyas\u0259ti\u201d v\u0259 \u201chumanitar b\u00f6hran\u201d kimi q\u0259l\u0259m\u0259 verilm\u0259si erm\u0259ni t\u0259r\u0259finin m\u00fcnt\u0259z\u0259m olaraq h\u0259qiq\u0259tl\u0259ri t\u0259hrif etm\u0259k xisl\u0259tinin n\u00f6vb\u0259ti t\u0259zah\u00fcr\u00fcd\u00fcr&#8221;, &#8211; birg\u0259 b\u0259yanatda vur\u011fulan\u0131r.<\/p>\n<p><strong>S\u0259n\u0259dd\u0259 h\u0259m\u00e7inin 30 illik i\u015f\u011fal d\u00f6vr\u00fcnd\u0259 t\u00f6r\u0259dilmi\u015f erm\u0259ni vandall\u0131qlar\u0131, o s\u0131rada xalq\u0131m\u0131za qar\u015f\u0131 apar\u0131lm\u0131\u015f etnik t\u0259mizl\u0259m\u0259 siyas\u0259ti, soyq\u0131r\u0131m\u0131 faktlar\u0131 bir daha yada sal\u0131n\u0131r, t\u0259\u0259ss\u00fcfl\u0259 qeyd olunur ki, erm\u0259ni revan\u015fistl\u0259ri m\u00fcxt\u0259lif beyn\u0259lxalq t\u0259\u015fkilatlar\u0131n tribunalar\u0131ndan \u00f6lk\u0259miz \u0259leyhin\u0259 yen\u0259 iftira kampaniyalar\u0131 apar\u0131r, h\u0259tta dini platformadan &#8211; x\u00fcsusil\u0259 \u00dcmumd\u00fcnya Kils\u0259l\u0259r \u015euras\u0131ndan \u00f6z m\u0259krli siyasi m\u0259qs\u0259dl\u0259ri \u00fc\u00e7\u00fcn sui-istifad\u0259 edirl\u0259r:<\/strong>\u00a0\u201cBir il \u0259rzind\u0259 \u00dcmumd\u00fcnya Kils\u0259l\u0259r \u015euras\u0131n\u0131n Az\u0259rbaycan \u0259leyhin\u0259 3 b\u0259yanatla \u00e7\u0131x\u0131\u015f etm\u0259si \u0259n az\u0131ndan ondan x\u0259b\u0259r verir ki, bu silsil\u0259 t\u0259hdid kampaniyalar\u0131n\u0131n t\u0259\u015fkilind\u0259 ba\u015f ideoloq kimi \u00dcmumd\u00fcnya Kils\u0259l\u0259r \u015euras\u0131n\u0131n prezidentl\u0259rind\u0259n biri &#8211; Kilikiya erm\u0259ni kils\u0259sinin ba\u015f\u00e7\u0131s\u0131 I Aram, m\u00fc\u0259llif-icra\u00e7\u0131lardan is\u0259 &#8211; M\u0259rk\u0259zi Komit\u0259 s\u0259drinin (moderator) m\u00fcavini Aykazyan \u0259sas rol oynay\u0131rlar. Bu x\u00fcsusda \u00dcmumd\u00fcnya Kils\u0259l\u0259r \u015euras\u0131n\u0131n son zamanlar m\u00fct\u0259madi olaraq birt\u0259r\u0259fli v\u0259 q\u0259r\u0259zli \u015f\u0259kild\u0259 erm\u0259nip\u0259r\u0259st m\u00f6vqed\u0259n \u00e7\u0131x\u0131\u015f etm\u0259si ciddi t\u0259\u0259ss\u00fcf do\u011furur. Kils\u0259 ad\u0131n\u0131 da\u015f\u0131yan t\u0259\u015fkilat\u0131n bar\u0131\u015fd\u0131r\u0131c\u0131, s\u00fclh\u00fcn t\u0259min olunmas\u0131na t\u00f6hf\u0259 ver\u0259n v\u0259 birg\u0259ya\u015fay\u0131\u015f\u0131 t\u0259bli\u011f ed\u0259n \u00e7a\u011f\u0131r\u0131\u015flarla \u00e7\u0131x\u0131\u015f etm\u0259k \u0259v\u0259zin\u0259, m\u00f6vcud v\u0259ziyy\u0259ti dinl\u0259raras\u0131 m\u00fcst\u0259viy\u0259 \u00e7\u0131xararaq \u201dxristian t\u0259\u0259ss\u00fcbke\u015fliyi&#8221; ad\u0131 alt\u0131nda xristian-m\u00fcs\u0259lman qar\u015f\u0131durmas\u0131na t\u0259hrik ed\u0259n destruktiv m\u00f6vqeyi v\u0259 anti-Az\u0259rbaycan t\u0259bli\u011fat\u0131 s\u00fclh\u0259 xidm\u0259t etm\u0259k ist\u0259y\u0259n dini t\u0259sisat\u0131n m\u0259ram v\u0259 m\u0259qs\u0259din\u0259 uy\u011fun g\u0259lmir, h\u0259m\u00e7inin dinl\u0259rin \u0259dal\u0259t prinsipl\u0259rin\u0259 ziddir&#8230; Bu prosesl\u0259rd\u0259 Beyn\u0259lxalq Q\u0131z\u0131l Xa\u00e7 Komit\u0259sinin (BQXK) regiondak\u0131 f\u0259aliyy\u0259ti x\u00fcsusi narahatl\u0131q do\u011furur. Biz, Az\u0259rbaycanda f\u0259aliyy\u0259t g\u00f6st\u0259r\u0259n dini konfensiya r\u0259hb\u0259rl\u0259ri, bu B\u0259yanat\u0131m\u0131zla d\u00fcnya ictimaiyy\u0259tini, x\u00fcsusil\u0259 \u00dcmumd\u00fcnya Kils\u0259l\u0259r \u015euras\u0131n\u0131 b\u00f6lg\u0259mizd\u0259 s\u00fclh\u0259 v\u0259 \u0259min-amanl\u0131\u011fa mane\u0259 olan erm\u0259ni t\u0259xribat\u00e7\u0131 t\u0259bli\u011fat\u0131na uymama\u011fa v\u0259 h\u0259qiq\u0259tl\u0259r\u0259 s\u00f6yk\u0259n\u0259n m\u0259lumatlara diqq\u0259t yetirm\u0259y\u0259 \u00e7a\u011f\u0131r\u0131r\u0131q&#8221;.<\/p>\n<p>B\u0259yanat\u0131 QM\u0130 s\u0259dri, Az\u0259rbaycandak\u0131 Da\u011f Y\u0259hudil\u0259ri \u0130cmas\u0131n\u0131n r\u0259hb\u0259ri, Rus Pravoslav Kils\u0259sinin Bak\u0131 v\u0259 Az\u0259rbaycan Yeparxiyas\u0131n\u0131n katibi, Bak\u0131dak\u0131 Avropa Y\u0259hudil\u0259ri \u0130cmas\u0131n\u0131n r\u0259hb\u0259ri v\u0259 Alban-udi Xristian Dini \u0130cmas\u0131n\u0131n s\u0259drl\u0259ri imzalay\u0131blar.<\/p>\n<p><strong>Qeyd etm\u0259k yerin\u0259 d\u00fc\u015f\u0259r ki, \u00dcmumd\u00fcnya Kils\u0259l\u0259r \u015euras\u0131n\u0131n art\u0131q bir ild\u0259 \u00fc\u00e7 d\u0259f\u0259 Az\u0259rbaycan \u0259leyhin\u0259 b\u0259yanat verm\u0259si hans\u0131 anlama g\u0259lir? Onlara kim cavab verm\u0259lidir?<\/strong><\/p>\n<p><strong><img loading=\"lazy\" src=\"https:\/\/cdn.musavat.com\/news\/thumbnails\/8d443ab8114e7a20a5f93b3f85133243.jpg\" alt=\"Az\u0259r H\u00fcseynov: \u201cSavadl\u0131 v\u0259 hikm\u0259tli ruhanil\u0259r yeti\u015fm\u0259lidir\u201d\" width=\"692\" height=\"461\" \/><\/strong><\/p>\n<p><strong>Az\u0259r H\u00fcseynov<\/strong><\/p>\n<p>Siyasi \u015f\u0259rh\u00e7i Az\u0259r H\u00fcseynov m\u00f6vzu il\u0259 ba\u011fl\u0131 \u201cYeni M\u00fcsavat\u201da fikirl\u0259rini a\u00e7\u0131qlad\u0131. \u201cKils\u0259l\u0259r \u015euras\u0131. Bu ad \u00f6z\u00fc bizi istiqam\u0259tl\u0259ndirm\u0259lidir. \u00d6lk\u0259mizd\u0259 ist\u0259nil\u0259n dini konfensiya rahat ya\u015fay\u0131r\u201d dey\u0259n ekspert \u0259lav\u0259 etdi ki, bu bizim milli \u0259n\u0259n\u0259miz v\u0259 \u0130slami prinsipimizdir: \u201cDinimiz\u0259 v\u0259 d\u0259y\u0259rl\u0259rimiz\u0259 d\u00fc\u015fm\u0259n olmayan h\u0259r k\u0259s\u0259, buyur, ya\u015fa deyirik. Ona g\u00f6r\u0259 biz insani bir m\u0259d\u0259niyy\u0259tik. Onu da qorumal\u0131y\u0131q. Qar\u015f\u0131m\u0131zda iki m\u0259d\u0259niyy\u0259t tipi var. Ultra sekulyar Q\u0259rb. Onun dili maraqlard\u0131r. Maraqlar\u0131 t\u0259min edildiyi miqdarda \u00f6l\u00e7\u00fcs\u00fcn\u00fc g\u00f6t\u00fcr\u00fcr. H\u0259tta \u00f6z\u00fcn\u0259 d\u0259y\u0259r elan etdiyi m\u0259qamlar\u0131 da g\u00f6zard\u0131 ed\u0259 bilir. \u0130ndi d\u0259 Rusiya xofu var.\u00a0 \u0130kincisi is\u0259, xa\u00e7l\u0131 zehniyy\u0259tidir. Bu zehniyy\u0259tin qalalar\u0131 da bu c\u00fcr qurumlard\u0131r. Kils\u0259l\u0259r \u015euras\u0131 v\u0259 ya dig\u0259rl\u0259ri. Ona g\u00f6r\u0259 bu qurumlardan xeyrimiz\u0259 n\u0259 is\u0259 g\u00f6zl\u0259m\u0259y\u0259 d\u0259ym\u0259z. Bunlara bizim xristian v\u0259t\u0259nda\u015flar cavab verm\u0259lidirl\u0259r. Sa\u011f olsunlar, veribl\u0259r. \u0130ndi n\u0259 etm\u0259k laz\u0131md\u0131r. Biz xristian icmalar\u0131 olan v\u0259t\u0259nda\u015flar\u0131m\u0131zdan hey\u0259t haz\u0131rlamal\u0131y\u0131q v\u0259 onlar bu quruma getm\u0259lidirl\u0259r. Dem\u0259lidirl\u0259r ki, Az\u0259rbaycanda dinin\u0259, irqin\u0259 g\u00f6r\u0259 he\u00e7 bir xristiana, y\u0259hudiy\u0259 diskriminasiya yoxdur. M\u0259n buradan t\u0259klif edir\u0259m ki, Az\u0259rbaycan qeyri-m\u00fcs\u0259lman icmalar\u0131n\u0131n beyn\u0259lxalq missiyas\u0131 formala\u015fd\u0131r\u0131ls\u0131n. \u00c7\u00fcnki biz m\u00fcs\u0259lmanlar\u0131 g\u00f6nd\u0259rs\u0259k, neoxa\u00e7l\u0131lara xeyri olmayacaq. Bunu da ed\u0259nd\u0259n sonra yen\u0259 n\u0259 is\u0259 b\u0259yanat filan vers\u0259c\u0259kl\u0259r. Bunlar\u0131n kimliyini \u201diqnora&#8221; qoymaq laz\u0131md\u0131r. Biz he\u00e7 bir zaman he\u00e7 kimi dinin\u0259 g\u00f6r\u0259 incitm\u0259dik. Biz S\u0259lcuq, Osmanl\u0131, Qaraqoyunlu, A\u011fqoyunlu, S\u0259f\u0259vi, \u018ff\u015far, Qacar m\u0259d\u0259niyy\u0259tinin \u00f6vladlar\u0131y\u0131q. Onlar is\u0259 inkvizisiya m\u0259d\u0259niyy\u0259tinin. Biz irq\u00e7iliyin f\u0259ls\u0259f\u0259sini yazmad\u0131q. Sosial darvinizm v\u0259 fa\u015fizm bizd\u0259 do\u011fmad\u0131. Seqreqasiya v\u0259 aparteid d\u0259 bizd\u0259n \u00e7\u0131xmad\u0131. Biz tolerant toplumuq. G\u00f6r\u00fcn\u00fcr, bunlar onu anlamaz&#8221;.<\/p>\n<p><strong>Yaz\u0131n\u0131 haz\u0131rlad\u0131: Afaq M\u0130RAY\u0130Q<\/strong><\/p>\n","protected":false},"excerpt":{"rendered":"<p>Kils\u0259l\u0259r \u015euras\u0131 \u00f6lk\u0259mizd\u0259n n\u0259 ist\u0259yir? \u00d6t\u0259n h\u0259ft\u0259sonu Az\u0259rbaycandak\u0131 dini konfensiya r\u0259hb\u0259rl\u0259ri b\u0259yanat yayaraq, \u00dcmumd\u00fcnya Kils\u0259l\u0259r \u015euras\u0131n\u0131 erm\u0259nil\u0259rin t\u0259xribat\u00e7\u0131 t\u0259bli\u011fat\u0131na uymama\u011fa \u00e7a\u011f\u0131r\u0131b. Onlar Az\u0259rbaycan\u0131n beyn\u0259lxalq birlik t\u0259r\u0259find\u0259n tan\u0131nm\u0131\u015f suveren \u0259razisi olan La\u00e7\u0131n-Xank\u0259ndi yolunda son g\u00fcnl\u0259rd\u0259 Erm\u0259nistan\u0131n s\u00fcni \u015f\u0259kild\u0259 yaratd\u0131\u011f\u0131 n\u00f6vb\u0259ti t\u0259xribat\u00e7\u0131 tama\u015fa &#8211; \u201cTIR \u015fousu\u201d \u0259traf\u0131nda ged\u0259n q\u0259r\u0259zli b\u0259yanatlara etiraz bildiribl\u0259r. \u201cH\u0259qiq\u0259t ondan ibar\u0259tdir ki, Erm\u0259nistan t\u0259r\u0259find\u0259n \u201dhumanitar yard\u0131m&#8221; ad\u0131 il\u0259 TIR y\u00fck ma\u015f\u0131nlar\u0131n\u0131n La\u00e7\u0131n n\u0259zar\u0259t-burax\u0131l\u0131\u015f postuna y\u00f6n\u0259ldilm\u0259si \u00f6nc\u0259d\u0259n d\u00fc\u015f\u00fcn\u00fclm\u00fc\u015f v\u0259 beyn\u0259lxalq ictimaiyy\u0259tin diqq\u0259tini c\u0259lb etm\u0259k m\u0259qs\u0259dil\u0259 t\u00f6r\u0259dilmi\u015f anti-Az\u0259rbaycan t\u0259xribat kampaniyas\u0131n\u0131n t\u0259rkib hiss\u0259sidir&#8230; TIR-lar\u0131n q\u0259sd\u0259n Az\u0259rbaycan\u0131n La\u00e7\u0131n s\u0259rh\u0259d postu istiqam\u0259tind\u0259 problem&hellip;<\/p>\n","protected":false},"author":2,"featured_media":618202,"comment_status":"closed","ping_status":"closed","sticky":false,"template":"","format":"standard","meta":{"om_disable_all_campaigns":false,"_monsterinsights_skip_tracking":false,"_monsterinsights_sitenote_active":false,"_monsterinsights_sitenote_note":"","_monsterinsights_sitenote_category":0},"categories":[1],"tags":[],"aioseo_notices":[],"gutentor_comment":0,"rttpg_featured_image_url":{"full":["https:\/\/arantv.az\/wp-content\/uploads\/2023\/08\/faadfea3750bf7117c33630b61265ab9.jpg",870,500,false],"landscape":["https:\/\/arantv.az\/wp-content\/uploads\/2023\/08\/faadfea3750bf7117c33630b61265ab9.jpg",870,500,false],"portraits":["https:\/\/arantv.az\/wp-content\/uploads\/2023\/08\/faadfea3750bf7117c33630b61265ab9.jpg",870,500,false],"thumbnail":["https:\/\/arantv.az\/wp-content\/uploads\/2023\/08\/faadfea3750bf7117c33630b61265ab9-500x280.jpg",500,280,true],"medium":["https:\/\/arantv.az\/wp-content\/uploads\/2023\/08\/faadfea3750bf7117c33630b61265ab9-635x365.jpg",635,365,true],"large":["https:\/\/arantv.az\/wp-content\/uploads\/2023\/08\/faadfea3750bf7117c33630b61265ab9-840x483.jpg",640,368,true],"1536x1536":["https:\/\/arantv.az\/wp-content\/uploads\/2023\/08\/faadfea3750bf7117c33630b61265ab9.jpg",870,500,false],"2048x2048":["https:\/\/arantv.az\/wp-content\/uploads\/2023\/08\/faadfea3750bf7117c33630b61265ab9.jpg",870,500,false],"post-thumbnail":["https:\/\/arantv.az\/wp-content\/uploads\/2023\/08\/faadfea3750bf7117c33630b61265ab9-240x172.jpg",240,172,true],"advps-thumb-one":["https:\/\/arantv.az\/wp-content\/uploads\/2023\/08\/faadfea3750bf7117c33630b61265ab9.jpg",870,500,false]},"rttpg_author":{"display_name":"V\u00fcsal Rafiqo\u011flu","author_link":"https:\/\/arantv.az\/?author=2"},"rttpg_comment":0,"rttpg_category":"<a href=\"https:\/\/arantv.az\/?cat=1\" rel=\"category\">C\u0259miyy\u0259t<\/a>","rttpg_excerpt":"Kils\u0259l\u0259r \u015euras\u0131 \u00f6lk\u0259mizd\u0259n n\u0259 ist\u0259yir? \u00d6t\u0259n h\u0259ft\u0259sonu Az\u0259rbaycandak\u0131 dini konfensiya r\u0259hb\u0259rl\u0259ri b\u0259yanat yayaraq, \u00dcmumd\u00fcnya Kils\u0259l\u0259r \u015euras\u0131n\u0131 erm\u0259nil\u0259rin t\u0259xribat\u00e7\u0131 t\u0259bli\u011fat\u0131na uymama\u011fa \u00e7a\u011f\u0131r\u0131b. Onlar Az\u0259rbaycan\u0131n beyn\u0259lxalq birlik t\u0259r\u0259find\u0259n tan\u0131nm\u0131\u015f suveren \u0259razisi olan La\u00e7\u0131n-Xank\u0259ndi yolunda son g\u00fcnl\u0259rd\u0259 Erm\u0259nistan\u0131n s\u00fcni \u015f\u0259kild\u0259 yaratd\u0131\u011f\u0131 n\u00f6vb\u0259ti t\u0259xribat\u00e7\u0131 tama\u015fa &#8211; \u201cTIR \u015fousu\u201d \u0259traf\u0131nda ged\u0259n q\u0259r\u0259zli b\u0259yanatlara etiraz bildiribl\u0259r. \u201cH\u0259qiq\u0259t ondan ibar\u0259tdir ki, Erm\u0259nistan&hellip;","_links":{"self":[{"href":"https:\/\/arantv.az\/index.php?rest_route=\/wp\/v2\/posts\/618200"}],"collection":[{"href":"https:\/\/arantv.az\/index.php?rest_route=\/wp\/v2\/posts"}],"about":[{"href":"https:\/\/arantv.az\/index.php?rest_route=\/wp\/v2\/types\/post"}],"author":[{"embeddable":true,"href":"https:\/\/arantv.az\/index.php?rest_route=\/wp\/v2\/users\/2"}],"replies":[{"embeddable":true,"href":"https:\/\/arantv.az\/index.php?rest_route=%2Fwp%2Fv2%2Fcomments&post=618200"}],"version-history":[{"count":0,"href":"https:\/\/arantv.az\/index.php?rest_route=\/wp\/v2\/posts\/618200\/revisions"}],"wp:featuredmedia":[{"embeddable":true,"href":"https:\/\/arantv.az\/index.php?rest_route=\/wp\/v2\/media\/618202"}],"wp:attachment":[{"href":"https:\/\/arantv.az\/index.php?rest_route=%2Fwp%2Fv2%2Fmedia&parent=618200"}],"wp:term":[{"taxonomy":"category","embeddable":true,"href":"https:\/\/arantv.az\/index.php?rest_route=%2Fwp%2Fv2%2Fcategories&post=618200"},{"taxonomy":"post_tag","embeddable":true,"href":"https:\/\/arantv.az\/index.php?rest_route=%2Fwp%2Fv2%2Ftags&post=618200"}],"curies":[{"name":"wp","href":"https:\/\/api.w.org\/{rel}","templated":true}]}}