{"id":618224,"date":"2023-08-11T09:17:47","date_gmt":"2023-08-11T05:17:47","guid":{"rendered":"https:\/\/arantv.az\/?p=618224"},"modified":"2023-08-11T09:17:47","modified_gmt":"2023-08-11T05:17:47","slug":"saxta-humanitar-f%c9%99lak%c9%99t-sousu","status":"publish","type":"post","link":"https:\/\/arantv.az\/?p=618224","title":{"rendered":"Saxta \u201chumanitar f\u0259lak\u0259t\u201d \u015fousu"},"content":{"rendered":"<p><em><strong>Q\u0259r\u0259zli b\u0259yanatlar, siyasi \u015fantaj v\u0259 manipulyasiya ke\u00e7m\u0259y\u0259c\u0259k: Ham\u0131 yeni reall\u0131\u011f\u0131 q\u0259bul etm\u0259lidir!<\/strong><\/em><\/p>\n<p>Postm\u00fcnaqi\u015f\u0259 d\u00f6vr\u00fcn\u00fcn \u0259sas reall\u0131qlar\u0131ndan biri b\u00f6lg\u0259d\u0259 dayan\u0131ql\u0131 s\u00fclh\u00fcn v\u0259 t\u0259hl\u00fck\u0259sizliyin t\u0259min olunmas\u0131, Erm\u0259nistanla Az\u0259rbaycan aras\u0131nda m\u00fcnasib\u0259tl\u0259rin normalla\u015fd\u0131r\u0131lmas\u0131 \u00fc\u00e7\u00fcn s\u00fclh m\u00fcqavil\u0259sinin imzalanmas\u0131d\u0131r. Prezident \u0130lham \u018fliyevin &#8220;10 min kvadratkilometrd\u0259n \u00e7ox \u0259razinin Erm\u0259nistan t\u0259r\u0259find\u0259n da\u011f\u0131d\u0131lmas\u0131na baxmayaraq, insanlar\u0131m\u0131z\u0131n \u00e7\u0259kdiyi z\u00fclml\u0259r\u0259 baxmayaraq, biz Erm\u0259nistana s\u00fclh t\u0259klif etdik\u00bb \u00e7a\u011f\u0131r\u0131\u015f\u0131 s\u00fclh t\u0259klifinin edildiyi zamandan Erm\u0259nistana v\u0259 ona havadarl\u0131q ed\u0259n d\u00f6vl\u0259tl\u0259r\u0259 ciddi mesajla b\u0259rab\u0259r,\u00a0 d\u0259rs oldu. 30 ild\u0259 xalq\u0131m\u0131z\u0131n ba\u015f\u0131na g\u0259tiril\u0259n faci\u0259l\u0259r azm\u0131\u015f kimi h\u0259l\u0259 postm\u00fcnaqi\u015f\u0259 d\u00f6vr\u00fcnd\u0259 d\u0259 s\u00fclh m\u00fcqavil\u0259sini imzalamamaq, vaxt qazanmaq \u00fc\u00e7\u00fcn Az\u0259rbaycan-Erm\u0259nistan s\u0259rh\u0259dind\u0259 erm\u0259ni silahl\u0131 birl\u0259\u015fm\u0259l\u0259rinin t\u0259xribatlar t\u00f6r\u0259tm\u0259l\u0259ri, itkil\u0259r\u0259 s\u0259b\u0259b olmalar\u0131, h\u0259m\u00e7inin \u201chumanitar v\u0259ziyy\u0259t\u201d, \u201cblokada\u201d kimi he\u00e7 bir \u0259sas\u0131 olmayan t\u0259bli\u011fatlar\u0131\u00a0 d\u00fcnyan\u0131 niy\u0259 narahat etmir? \u018fksin\u0259, b\u0259zi g\u00fccl\u0259r, beyn\u0259lxalq qurumlar\u0131n n\u00fcmay\u0259nd\u0259l\u0259ri Erm\u0259nistan\u0131n \u201chumanitar f\u0259lak\u0259t\u201d kimi \u015foular\u0131na d\u0259st\u0259k olmaqla v\u0259ziyy\u0259ti g\u0259rginl\u0259\u015fdirm\u0259y\u0259 \u00e7al\u0131\u015f\u0131rlar.<\/p>\n<p>Bu g\u00fcnl\u0259rd\u0259 BMT-nin \u0130nsan H\u00fcquqlar\u0131 \u015euras\u0131n\u0131n b\u0259zi x\u00fcsusi m\u0259ruz\u0259\u00e7il\u0259rinin v\u0259 m\u00fcst\u0259qil ekspertinin guya Az\u0259rbaycan t\u0259r\u0259find\u0259n La\u00e7\u0131n yolunun blokadada saxland\u0131\u011f\u0131 v\u0259 \u201cDa\u011fl\u0131q Qaraba\u011f\u201d b\u00f6lg\u0259sind\u0259 \u201cg\u0259rgin humanitar v\u0259ziyy\u0259t\u201d yarand\u0131\u011f\u0131 bar\u0259d\u0259 b\u0259yanat\u0131 \u00f6lk\u0259miz t\u0259r\u0259find\u0259n s\u0259rt reaksiya il\u0259 qar\u015f\u0131land\u0131. Az\u0259rbaycan Xarici \u0130\u015fl\u0259r Nazirliyi bu b\u0259yanat\u0131 d\u0259rhal cavabland\u0131raraq bildirdi ki, 30 ild\u0259 Az\u0259rbaycan \u0259razil\u0259rinin i\u015f\u011fal\u0131na, 1 milyona yax\u0131n qa\u00e7q\u0131n v\u0259 m\u0259cburi k\u00f6\u00e7k\u00fcn\u00fcn insan h\u00fcquqlar\u0131n\u0131n pozulmas\u0131na, son \u00fc\u00e7 il \u0259rzind\u0259 Az\u0259rbaycan \u0259razil\u0259rind\u0259 erm\u0259ni silahl\u0131 q\u00fcvv\u0259l\u0259rinin m\u00f6vcudlu\u011funa, m\u0259cburi k\u00f6\u00e7k\u00fcnl\u0259rin \u00f6z evl\u0259rin\u0259 geri qay\u0131tmas\u0131na mane\u00e7ilik t\u00f6r\u0259dilm\u0259sin\u0259 g\u00f6z yuman BMT x\u00fcsusi m\u0259ruz\u0259\u00e7il\u0259rinin v\u0259 ekspertl\u0259rinin Erm\u0259nistan\u0131n manipulyasiyalar\u0131na aldan\u0131b q\u0259r\u0259zli b\u0259yanatlar verm\u0259si narahatl\u0131q do\u011furur. Bununla yana\u015f\u0131, h\u0259min \u015f\u0259xsl\u0259rin Az\u0259rbaycan\u0131n suverenliyin\u0259 v\u0259 \u0259razi b\u00fct\u00f6vl\u00fcy\u00fcn\u0259 h\u00f6rm\u0259t etm\u0259y\u0259r\u0259k b\u0259yanatda \u201cDa\u011fl\u0131q Qaraba\u011f\u201d kimi ifad\u0259l\u0259r i\u015fl\u0259tm\u0259si, \u00f6lk\u0259mizin daxili i\u015fl\u0259rin\u0259 qar\u0131\u015fmas\u0131 v\u0259 ikili yana\u015fmalar t\u0259tbiq etm\u0259si q\u0259buledilm\u0259zdir.<\/p>\n<p>Xat\u0131rladaq ki, d\u00f6vl\u0259t ba\u015f\u00e7\u0131s\u0131 \u0130lham \u018fliyev 2021-ci ild\u0259 BMT Ba\u015f Assambleyas\u0131n\u0131n 76-c\u0131 sessiyas\u0131nda \u00fcmumi m\u00fczakir\u0259l\u0259r \u00e7\u0259r\u00e7iv\u0259sind\u0259 \u00e7\u0131x\u0131\u015f\u0131nda m\u00fcharib\u0259 \u0259rzind\u0259 Az\u0259rbaycan\u0131n i\u015f\u011fal olunmu\u015f \u0259razil\u0259rinin b\u00f6y\u00fck bir hiss\u0259sini, o c\u00fcml\u0259d\u0259n C\u0259bray\u0131l, Hadrut, F\u00fczuli, Z\u0259ngilan, Qubadl\u0131 v\u0259 \u015eu\u015fa \u015f\u0259h\u0259rl\u0259rini, \u00fcmumilikd\u0259, d\u00f6y\u00fc\u015f meydan\u0131nda 300-d\u0259n \u00e7ox \u015f\u0259h\u0259r v\u0259 k\u0259ndi azad etdiyini, \u00a0Erm\u0259nistan\u0131n\u00a0 kapitulyasiya akt\u0131na imza atma\u011fa, i\u015f\u011fal\u00e7\u0131 d\u00f6vl\u0259tin \u00a0\u00f6z qo\u015funlar\u0131n\u0131 Az\u0259rbaycan\u0131n dig\u0259r \u0259razil\u0259rind\u0259n \u2013 A\u011fdam, La\u00e7\u0131n v\u0259 K\u0259lb\u0259c\u0259rd\u0259n \u00e7\u0131xarma\u011fa m\u0259cbur edildiyini \u00f6n\u0259 \u00e7\u0259k\u0259r\u0259k bu \u00e7a\u011f\u0131r\u0131\u015flar\u0131 etmi\u015fdir ki, Az\u0259rbaycan BMT T\u0259hl\u00fck\u0259sizlik \u015euras\u0131n\u0131n q\u0259tnam\u0259l\u0259rinin icras\u0131n\u0131 \u00f6z\u00fc t\u0259min etdi v\u0259 bu, y\u0259qin ki, BMT-nin t\u0259sis edildiyi vaxtdan bu g\u00fcn\u0259 q\u0259d\u0259r d\u00fcnyada ilk bel\u0259 hald\u0131r. \u00a0Da\u011fl\u0131q Qaraba\u011f m\u00fcnaqi\u015f\u0259si ke\u00e7mi\u015fd\u0259 qald\u0131. Az\u0259rbaycanda art\u0131q Da\u011fl\u0131q Qaraba\u011f ad\u0131nda inzibati \u0259razi vahidi yoxdur.\u00a0 2021-ci il 7 iyul tarixli F\u0259rman il\u0259\u00a0 Qaraba\u011f v\u0259 \u015e\u0259rqi Z\u0259ng\u0259zur iqtisadi zonalar\u0131 yaratm\u0131\u015f\u0131q. C\u0259nab \u0130lham \u018fliyev BMT tribunas\u0131ndan bel\u0259 bir \u00e7a\u011f\u0131r\u0131\u015f\u0131 da etmi\u015fdi: \u201cF\u00fcrs\u0259td\u0259n istifad\u0259 ed\u0259r\u0259k, m\u0259n BMT-y\u0259 \u00fczv d\u00f6vl\u0259tl\u0259ri v\u0259 BMT Katibliyini \u0259razil\u0259rimiz\u0259 istinad ed\u0259rk\u0259n h\u00fcquqi c\u0259h\u0259td\u0259n m\u00f6vcud olmayan, siyasi bax\u0131mdan q\u0259r\u0259zli v\u0259 manipulyasiya xarakterli adlar\u0131n istifad\u0259sin\u0259 yol verm\u0259m\u0259y\u0259 \u00e7a\u011f\u0131r\u0131ram.\u201d Onu da qeyd ed\u0259k ki, s\u00fclh m\u00fcqavil\u0259sinin imzalanmas\u0131 il\u0259 ba\u011fl\u0131 \u00a0Avropa \u0130ttifaq\u0131 \u015euras\u0131n\u0131n Prezidenti \u015earl Mi\u015felin,\u00a0 \u00a0Rusiya v\u0259 AB\u015e-\u0131n \u00a0t\u0259\u015f\u0259bb\u00fcsl\u0259ri il\u0259 ke\u00e7iril\u0259n\u00a0 g\u00f6r\u00fc\u015fl\u0259rd\u0259 d\u0259 \u00abDa\u011fl\u0131q Qaraba\u011f\u00bb, \u00abAT\u018fT-in Minsk qrupu\u00bb \u00a0ifad\u0259l\u0259ri i\u015fl\u0259dilmir. \u00a0Art\u0131q Az\u0259rbaycanda \u201cDa\u011fl\u0131q Qaraba\u011f\u201d adl\u0131 inzibati \u0259razi vahidi yoxdur. Buna g\u00f6r\u0259 d\u0259 \u00a0beyn\u0259lxalq t\u0259\u015fkilatlar, o c\u00fcml\u0259d\u0259n BMT-nin ekspert v\u0259 x\u00fcsusi m\u0259ruz\u0259\u00e7il\u0259ri d\u0259 Az\u0259rbaycan\u0131n suverenliyin\u0259 v\u0259 Konstitusiyas\u0131na h\u00f6rm\u0259tl\u0259 yana\u015fmal\u0131d\u0131rlar.<\/p>\n<p>Az\u0259rbaycan Xarici \u0130\u015fl\u0259r Nazirliyinin s\u00f6z\u00fcged\u0259n b\u0259yanata cavab\u0131nda o da qeyd edilir ki, \u00a0Erm\u0259nistan \u00f6hd\u0259likl\u0259rin\u0259 zidd olaraq, silahl\u0131 q\u00fcvv\u0259l\u0259rini torpaqlar\u0131m\u0131zdan tam olaraq \u00e7\u0131xarmamaqla yana\u015f\u0131, La\u00e7\u0131n yolu vasit\u0259sil\u0259 onlar\u0131n rotasiyas\u0131n\u0131 h\u0259yata ke\u00e7irib, silah-sursatla t\u0259chiz edib, Az\u0259rbaycan\u0131n t\u0259bii s\u0259rv\u0259tl\u0259rinin talan edilm\u0259si il\u0259 m\u0259\u015f\u011ful olub. B\u00fct\u00fcn bunlar BMT v\u0259 dig\u0259r beyn\u0259lxalq t\u0259\u015fkilatlar t\u0259r\u0259find\u0259n susqunluqla qar\u015f\u0131lan\u0131b. Az\u0259rbaycan m\u0259hz \u00f6z s\u0259rh\u0259dl\u0259rin\u0259 n\u0259zar\u0259t v\u0259 Erm\u0259nistan\u0131n qeyri-qanuni f\u0259aliyy\u0259tinin qar\u015f\u0131s\u0131n\u0131 almaq m\u0259qs\u0259dil\u0259 \u00f6z\u00fcn\u00fcn suveren \u0259razil\u0259rind\u0259 La\u00e7\u0131n s\u0259rh\u0259d-burax\u0131l\u0131\u015f m\u0259nt\u0259q\u0259si t\u0259sis edib.<\/p>\n<p>Beyn\u0259lxalq \u018fdal\u0259t M\u0259hk\u0259m\u0259sinin d\u0259 6 iyul tarixli q\u0259rar\u0131nda bu s\u0259rh\u0259d-burax\u0131l\u0131\u015f m\u0259nt\u0259q\u0259sinin aradan qald\u0131r\u0131lmas\u0131 il\u0259 ba\u011fl\u0131 m\u00fcraci\u0259ti yekdillikl\u0259 r\u0259dd etm\u0259si bir daha Erm\u0259nistan t\u0259r\u0259finin iddialar\u0131n\u0131n \u0259sass\u0131z oldu\u011funu s\u00fcbut edir. Az\u0259rbaycan t\u0259r\u0259find\u0259n erm\u0259ni sakinl\u0259rin, Beyn\u0259lxalq Q\u0131rm\u0131z\u0131 Xa\u00e7 Komit\u0259sinin\u00a0 v\u0259 Rusiya s\u00fclhm\u0259raml\u0131 kontingentinin s\u0259rh\u0259d-burax\u0131l\u0131\u015f m\u0259nt\u0259q\u0259sind\u0259n ke\u00e7idinin t\u0259min olunmas\u0131na baxmayaraq, Erm\u0259nistan t\u0259r\u0259fi \u0259razil\u0259rimizd\u0259 qeyri-qanuni f\u0259aliyy\u0259tini davam etdirm\u0259k m\u0259qs\u0259dil\u0259 b\u00f6lg\u0259d\u0259 saxta \u201cg\u0259rgin humanitar v\u0259ziyy\u0259t\u201d bar\u0259d\u0259 iddialar yay\u0131b. Eyni zamanda, 15 iyun tarixind\u0259 s\u0259rh\u0259d\u00e7il\u0259rimizin at\u0259\u015f\u0259 tutulmas\u0131, qa\u00e7aqmal\u00e7\u0131l\u0131\u011fa c\u0259hd edilm\u0259si, y\u00fck avtomobill\u0259rinin 26 iyul tarixind\u0259 Az\u0259rbaycan \u0259razil\u0259rin\u0259 icaz\u0259siz g\u00f6nd\u0259rilm\u0259si kimi t\u0259xribatlar t\u00f6r\u0259dib.<\/p>\n<p>Hadis\u0259l\u0259rin t\u0259hlili g\u00f6st\u0259rir ki, erm\u0259nil\u0259rin \u0259raziy\u0259 giri\u015fin guya bloklamas\u0131, \u201chumanitar f\u0259lak\u0259t\u201d bar\u0259d\u0259 iddialar\u0131 siyasi \u015fantaj v\u0259 manipulyasiyad\u0131r. Az\u0259rbaycan haz\u0131rda b\u00f6lg\u0259d\u0259 davaml\u0131 s\u00fclh\u00fcn v\u0259 t\u0259hl\u00fck\u0259sizliyin t\u0259min edilm\u0259si \u00fc\u00e7\u00fcn s\u0259y g\u00f6st\u0259rir v\u0259 bu m\u0259qs\u0259dl\u0259 s\u00fclh sazi\u015fi, delimitasiya, kommunikasiyalar\u0131n a\u00e7\u0131lmas\u0131 istiqam\u0259tind\u0259 t\u0259\u015f\u0259bb\u00fcsl\u0259r ir\u0259li s\u00fcr\u00fcr. T\u0259bii ki, bu s\u0259yl\u0259ri d\u0259st\u0259kl\u0259m\u0259k \u0259v\u0259zin\u0259 q\u0259r\u0259zli b\u0259yanatlar verilm\u0259si proses\u0259 m\u00fcsb\u0259t t\u0259sir etm\u0259y\u0259c\u0259k.<\/p>\n<p>Son iki ild\u0259n art\u0131q d\u00f6vrd\u0259 \u00a0d\u00fcnya siyas\u0259tind\u0259 ba\u015f ver\u0259n yenilikl\u0259r\u0259 diqq\u0259t yetirs\u0259k superg\u00fccl\u0259rin, n\u00fcfuzlu beyn\u0259lxalq t\u0259\u015fkilatlar\u0131n \u00f6lk\u0259miz\u0259 d\u0259st\u0259yini ayd\u0131n \u015f\u0259kild\u0259 g\u00f6r\u0259rik. Diqq\u0259t \u00e7\u0259k\u0259n m\u0259qamlardan biri d\u0259 budur ki, h\u0259min g\u00fccl\u0259r, beyn\u0259lxalq t\u0259\u015fkilatlar Qaraba\u011f\u0131n Az\u0259rbaycan \u0259razisi oldu\u011funu t\u0259sdiql\u0259yir, s\u00fclh m\u00fcqavil\u0259sinin imzalanmas\u0131 \u00fc\u00e7\u00fcn\u00a0 \u00fcz\u0259rl\u0259rin\u0259 d\u00fc\u015f\u0259n v\u0259zif\u0259ni yerin\u0259 yetirm\u0259y\u0259 haz\u0131r olduqlar\u0131n\u0131 bildirirl\u0259r. Buna \u0259min olmaq \u00fc\u00e7\u00fcn haz\u0131rda m\u00fcxt\u0259lif formatlarda v\u0259\u00a0 m\u0259kanlarda ke\u00e7iril\u0259n g\u00f6r\u00fc\u015fl\u0259rd\u0259 \u0259ld\u0259 olunan n\u0259tic\u0259l\u0259r\u0259 diqq\u0259t yetirm\u0259k kifay\u0259tdir. Avropa \u0130ttifaq\u0131 \u015euras\u0131n\u0131n Prezidenti \u015earl Mi\u015fel, h\u0259m\u00e7inin Rusiya v\u0259 AB\u015e-\u0131n t\u0259\u015f\u0259bb\u00fcs\u00fc il\u0259 ke\u00e7iril\u0259n g\u00f6r\u00fc\u015fl\u0259rd\u0259 Erm\u0259nistan\u0131n ba\u015f naziri Nikol Pa\u015finyan Az\u0259rbaycan\u0131n beyn\u0259lxalq h\u00fcququn 5 \u0259sas prinsipini \u00f6z\u00fcnd\u0259 \u0259ks etdir\u0259n s\u00fclh t\u0259klifini d\u0259st\u0259kl\u0259yib, Az\u0259rbaycan\u0131n \u0259razi b\u00fct\u00f6vl\u00fcy\u00fcn\u00fc tan\u0131d\u0131\u011f\u0131 halda konkret m\u0259qam yeti\u015f\u0259nd\u0259 h\u0259l\u0259 d\u0259 t\u0259r\u0259dd\u00fcd etdiyini gizl\u0259d\u0259 bilmir. D\u00f6vl\u0259t ba\u015f\u00e7\u0131s\u0131 \u0130lham \u018fliyev xarici media n\u00fcmay\u0259nd\u0259l\u0259rinin i\u015ftirak\u0131 il\u0259 ke\u00e7iril\u0259n \u015eu\u015fa Qlobal Media Forumundak\u0259 \u00e7\u0131x\u0131\u015f\u0131nda bu m\u0259qama x\u00fcsusi diqq\u0259t y\u00f6n\u0259ltdi. Bildirdi ki, haz\u0131rda ham\u0131 yeni reall\u0131\u011f\u0131 n\u0259z\u0259r\u0259 almal\u0131d\u0131r. \u00c7\u00fcnki 30 illik i\u015f\u011fal, da\u011f\u0131nt\u0131lar d\u00f6vr\u00fcn\u00fc, h\u0259m\u00e7inin \u0130kinci Qaraba\u011f m\u00fcharib\u0259sinin reall\u0131qlar\u0131n\u0131 q\u0259bul etm\u0259d\u0259n m\u0259s\u0259l\u0259nin h\u0259llini d\u00fc\u015f\u00fcnm\u0259k m\u00fcmk\u00fcn deyil. Lakin haz\u0131rda beyn\u0259lxalq vasit\u0259\u00e7il\u0259rin s\u0259yl\u0259ri kifay\u0259t deyil: \u00abHaz\u0131rda \u00fc\u00e7 beyn\u0259lxalq t\u0259r\u0259f var ki, bu prosesd\u0259 d\u0259st\u0259k olurlar &#8211; AB\u015e, Rusiya v\u0259 Avropa \u0130ttifaq\u0131. Az\u0259rbaycan \u00fc\u00e7 istiqam\u0259t \u00fczr\u0259 tam s\u0259mimiyy\u0259tl\u0259 bu proses\u0259 qat\u0131l\u0131b v\u0259 n\u0259tic\u0259y\u00f6n\u00fcml\u00fc yana\u015fma ortaya qoyur. Lakin indiy\u0259d\u0259k bir n\u0259tic\u0259 yoxdur. \u00c7\u00fcnki d\u00fc\u015f\u00fcn\u00fcr\u0259m ki, Erm\u0259nistan son add\u0131m\u0131n\u0131 atmal\u0131d\u0131r. Onlar art\u0131q m\u00fcharib\u0259d\u0259n sonra bir s\u0131ra add\u0131mlar at\u0131blar v\u0259 m\u0259n dem\u0259zdim ki, bu add\u0131mlar k\u00f6n\u00fcll\u00fc olaraq at\u0131l\u0131b. Son iki il yar\u0131m \u0259rzind\u0259 bir ne\u00e7\u0259 m\u0259qam oldu v\u0259 onlar birba\u015fa Erm\u0259nistana n\u00fcmayi\u015f etdirdi ki, bizim \u0259razi b\u00fct\u00f6vl\u00fcy\u00fcm\u00fcz\u00fc tan\u0131masalar, biz onlar\u0131n \u0259razi b\u00fct\u00f6vl\u00fcy\u00fcn\u00fc tan\u0131mayaca\u011f\u0131q. Bunun n\u0259 m\u0259na da\u015f\u0131d\u0131\u011f\u0131 onlara kifay\u0259t q\u0259d\u0259r ayd\u0131nd\u0131r. Onlar art\u0131q q\u0259bul edibl\u0259r ki, Qaraba\u011f Az\u0259rbaycand\u0131r. Bunu a\u00e7\u0131q \u015f\u0259kild\u0259 b\u0259yan edibl\u0259r v\u0259 art\u0131q s\u0259n\u0259d\u0259 imza atmaq m\u0259rh\u0259l\u0259sidir. Bu, sonuncu m\u00fch\u00fcm m\u0259qamd\u0131r.\u00bb<\/p>\n<p>Bu g\u00fcn Qaraba\u011f\u0131n Az\u0259rbaycan \u0259razisi oldu\u011funu t\u0259sdiql\u0259y\u0259n g\u00fccl\u0259r yax\u015f\u0131 olard\u0131 ki, bu reall\u0131\u011f\u0131 m\u0259hz 30 illik i\u015f\u011fal d\u00f6vr\u00fcnd\u0259 bildir\u0259rdil\u0259r. Bu, s\u00f6zs\u00fcz ki, Erm\u0259nistana sanksiyalar\u0131n t\u0259tbiqi, beyn\u0259lxalq h\u00fcququn norma v\u0259 prinsipl\u0259rin\u0259, BMT q\u0259tnam\u0259l\u0259rin\u0259 h\u00f6rm\u0259tin edilm\u0259si t\u0259l\u0259bi il\u0259 m\u00fc\u015fai\u0259t olunacaqd\u0131. Amma o zaman h\u0259min g\u00fccl\u0259r susma\u011fa, daha d\u0259qiq des\u0259k, Erm\u0259nistana d\u0259st\u0259k olma\u011fa \u00fcst\u00fcnl\u00fck verdil\u0259r. \u018fdal\u0259ti, beyn\u0259lxalq h\u00fcququ maraqlar\u0131na qurban verm\u0259kl\u0259, h\u0259r zaman qeyd etdiyimiz kimi, d\u00fcnyada\u00a0 etimads\u0131zl\u0131q m\u00fchiti yaratd\u0131lar. Bu is\u0259 ona g\u0259tirib \u00e7\u0131xard\u0131 ki, Az\u0259rbaycan m\u0259s\u0259l\u0259ni \u00f6z\u00fc h\u0259ll etm\u0259k q\u0259rar\u0131na\u00a0 g\u0259ldi. 27 sentyabr 2020-ci ild\u0259 Erm\u0259nistan silahl\u0131 q\u00fcvv\u0259l\u0259rinin \u00a0n\u00f6vb\u0259ti d\u0259f\u0259 Az\u0259rbaycan \u0259razil\u0259rini m\u00fcxt\u0259lif istiqam\u0259tl\u0259rd\u0259n raket at\u0259\u015fin\u0259 tutmas\u0131, d\u00fcnyan\u0131n yen\u0259 d\u0259 seyr\u00e7i m\u00f6vqed\u0259 dayanmas\u0131 Az\u0259rbaycan d\u00f6vl\u0259tinin, xalq\u0131n\u0131n s\u0259bir kasas\u0131n\u0131 doldurdu. Ba\u015flanan \u0259ks-h\u00fccum \u0259m\u0259liyyat\u0131 tarixi Z\u0259f\u0259rimizl\u0259 ba\u015fa \u00e7atd\u0131.<\/p>\n<p>Bu g\u00fcn q\u00fcrurla qeyd etdiyimiz reall\u0131qlardan biri budur ki,\u00a0 Az\u0259rbaycan i\u015f\u011fal d\u00f6vr\u00fcn\u00fcn Az\u0259rbaycan\u0131 deyil. D\u00f6vl\u0259t ba\u015f\u00e7\u0131s\u0131 \u0130lham \u018fliyevin qeyd etdiyi kimi, Qaraba\u011f\u0131 v\u0259 \u015e\u0259rqi Z\u0259ng\u0259zuru yenid\u0259n qururuq. Bu, bizim milli ideyam\u0131zd\u0131r. \u018fvv\u0259ll\u0259r milli ideya torpaqlar\u0131m\u0131za qay\u0131tmaqdan, \u0259dal\u0259ti v\u0259 \u0259razi b\u00fct\u00f6vl\u00fcy\u00fcm\u00fcz\u00fc b\u0259rpa etm\u0259kd\u0259n ibar\u0259t idi v\u0259 b\u00fct\u00fcn Az\u0259rbaycan xalq\u0131 bu ideya \u0259traf\u0131nda birl\u0259\u015fmi\u015fdi. \u0130ndi art\u0131q i\u015f\u011faldan azad olunmu\u015f Az\u0259rbaycan y\u00fcks\u0259lm\u0259kd\u0259dir. Bu \u0259minlik d\u0259 ifad\u0259 edilir ki, Az\u0259rbaycan \u0259n u\u011furlu \u00f6lk\u0259l\u0259rd\u0259n biri olacaq. Bu u\u011furlar\u0131n \u0259sas\u0131nda d\u00f6vl\u0259t ba\u015f\u00e7\u0131s\u0131 \u0130lham \u018fliyevin fikirl\u0259rin\u0259 istinad\u0259n qeyd etdiyimiz kimi, Az\u0259rbaycan\u0131n g\u0259l\u0259c\u0259kl\u0259 ba\u011fl\u0131 konkret g\u00fcnd\u0259liyinin olmas\u0131 durur.<\/p>\n","protected":false},"excerpt":{"rendered":"<p>Q\u0259r\u0259zli b\u0259yanatlar, siyasi \u015fantaj v\u0259 manipulyasiya ke\u00e7m\u0259y\u0259c\u0259k: Ham\u0131 yeni reall\u0131\u011f\u0131 q\u0259bul etm\u0259lidir! Postm\u00fcnaqi\u015f\u0259 d\u00f6vr\u00fcn\u00fcn \u0259sas reall\u0131qlar\u0131ndan biri b\u00f6lg\u0259d\u0259 dayan\u0131ql\u0131 s\u00fclh\u00fcn v\u0259 t\u0259hl\u00fck\u0259sizliyin t\u0259min olunmas\u0131, Erm\u0259nistanla Az\u0259rbaycan aras\u0131nda m\u00fcnasib\u0259tl\u0259rin normalla\u015fd\u0131r\u0131lmas\u0131 \u00fc\u00e7\u00fcn s\u00fclh m\u00fcqavil\u0259sinin imzalanmas\u0131d\u0131r. Prezident \u0130lham \u018fliyevin &#8220;10 min kvadratkilometrd\u0259n \u00e7ox \u0259razinin Erm\u0259nistan t\u0259r\u0259find\u0259n da\u011f\u0131d\u0131lmas\u0131na baxmayaraq, insanlar\u0131m\u0131z\u0131n \u00e7\u0259kdiyi z\u00fclml\u0259r\u0259 baxmayaraq, biz Erm\u0259nistana s\u00fclh t\u0259klif etdik\u00bb \u00e7a\u011f\u0131r\u0131\u015f\u0131 s\u00fclh t\u0259klifinin edildiyi zamandan Erm\u0259nistana v\u0259 ona havadarl\u0131q ed\u0259n d\u00f6vl\u0259tl\u0259r\u0259 ciddi mesajla b\u0259rab\u0259r,\u00a0 d\u0259rs oldu. 30 ild\u0259 xalq\u0131m\u0131z\u0131n ba\u015f\u0131na g\u0259tiril\u0259n faci\u0259l\u0259r azm\u0131\u015f kimi h\u0259l\u0259 postm\u00fcnaqi\u015f\u0259 d\u00f6vr\u00fcnd\u0259 d\u0259 s\u00fclh m\u00fcqavil\u0259sini imzalamamaq, vaxt qazanmaq \u00fc\u00e7\u00fcn Az\u0259rbaycan-Erm\u0259nistan s\u0259rh\u0259dind\u0259&hellip;<\/p>\n","protected":false},"author":2,"featured_media":618226,"comment_status":"closed","ping_status":"closed","sticky":false,"template":"","format":"standard","meta":{"om_disable_all_campaigns":false,"_monsterinsights_skip_tracking":false,"_monsterinsights_sitenote_active":false,"_monsterinsights_sitenote_note":"","_monsterinsights_sitenote_category":0},"categories":[19],"tags":[],"aioseo_notices":[],"gutentor_comment":0,"rttpg_featured_image_url":{"full":["https:\/\/arantv.az\/wp-content\/uploads\/2023\/08\/be53ee61169168850949773162210752610-1.jpg",975,540,false],"landscape":["https:\/\/arantv.az\/wp-content\/uploads\/2023\/08\/be53ee61169168850949773162210752610-1.jpg",975,540,false],"portraits":["https:\/\/arantv.az\/wp-content\/uploads\/2023\/08\/be53ee61169168850949773162210752610-1.jpg",975,540,false],"thumbnail":["https:\/\/arantv.az\/wp-content\/uploads\/2023\/08\/be53ee61169168850949773162210752610-1-500x280.jpg",500,280,true],"medium":["https:\/\/arantv.az\/wp-content\/uploads\/2023\/08\/be53ee61169168850949773162210752610-1-660x365.jpg",660,365,true],"large":["https:\/\/arantv.az\/wp-content\/uploads\/2023\/08\/be53ee61169168850949773162210752610-1-840x465.jpg",640,354,true],"1536x1536":["https:\/\/arantv.az\/wp-content\/uploads\/2023\/08\/be53ee61169168850949773162210752610-1.jpg",975,540,false],"2048x2048":["https:\/\/arantv.az\/wp-content\/uploads\/2023\/08\/be53ee61169168850949773162210752610-1.jpg",975,540,false],"post-thumbnail":["https:\/\/arantv.az\/wp-content\/uploads\/2023\/08\/be53ee61169168850949773162210752610-1-240x172.jpg",240,172,true],"advps-thumb-one":["https:\/\/arantv.az\/wp-content\/uploads\/2023\/08\/be53ee61169168850949773162210752610-1.jpg",975,540,false]},"rttpg_author":{"display_name":"V\u00fcsal Rafiqo\u011flu","author_link":"https:\/\/arantv.az\/?author=2"},"rttpg_comment":0,"rttpg_category":"<a href=\"https:\/\/arantv.az\/?cat=19\" rel=\"category\">G\u00fcnd\u0259m<\/a>","rttpg_excerpt":"Q\u0259r\u0259zli b\u0259yanatlar, siyasi \u015fantaj v\u0259 manipulyasiya ke\u00e7m\u0259y\u0259c\u0259k: Ham\u0131 yeni reall\u0131\u011f\u0131 q\u0259bul etm\u0259lidir! Postm\u00fcnaqi\u015f\u0259 d\u00f6vr\u00fcn\u00fcn \u0259sas reall\u0131qlar\u0131ndan biri b\u00f6lg\u0259d\u0259 dayan\u0131ql\u0131 s\u00fclh\u00fcn v\u0259 t\u0259hl\u00fck\u0259sizliyin t\u0259min olunmas\u0131, Erm\u0259nistanla Az\u0259rbaycan aras\u0131nda m\u00fcnasib\u0259tl\u0259rin normalla\u015fd\u0131r\u0131lmas\u0131 \u00fc\u00e7\u00fcn s\u00fclh m\u00fcqavil\u0259sinin imzalanmas\u0131d\u0131r. Prezident \u0130lham \u018fliyevin &#8220;10 min kvadratkilometrd\u0259n \u00e7ox \u0259razinin Erm\u0259nistan t\u0259r\u0259find\u0259n da\u011f\u0131d\u0131lmas\u0131na baxmayaraq, insanlar\u0131m\u0131z\u0131n \u00e7\u0259kdiyi z\u00fclml\u0259r\u0259 baxmayaraq, biz Erm\u0259nistana s\u00fclh t\u0259klif etdik\u00bb \u00e7a\u011f\u0131r\u0131\u015f\u0131&hellip;","_links":{"self":[{"href":"https:\/\/arantv.az\/index.php?rest_route=\/wp\/v2\/posts\/618224"}],"collection":[{"href":"https:\/\/arantv.az\/index.php?rest_route=\/wp\/v2\/posts"}],"about":[{"href":"https:\/\/arantv.az\/index.php?rest_route=\/wp\/v2\/types\/post"}],"author":[{"embeddable":true,"href":"https:\/\/arantv.az\/index.php?rest_route=\/wp\/v2\/users\/2"}],"replies":[{"embeddable":true,"href":"https:\/\/arantv.az\/index.php?rest_route=%2Fwp%2Fv2%2Fcomments&post=618224"}],"version-history":[{"count":0,"href":"https:\/\/arantv.az\/index.php?rest_route=\/wp\/v2\/posts\/618224\/revisions"}],"wp:featuredmedia":[{"embeddable":true,"href":"https:\/\/arantv.az\/index.php?rest_route=\/wp\/v2\/media\/618226"}],"wp:attachment":[{"href":"https:\/\/arantv.az\/index.php?rest_route=%2Fwp%2Fv2%2Fmedia&parent=618224"}],"wp:term":[{"taxonomy":"category","embeddable":true,"href":"https:\/\/arantv.az\/index.php?rest_route=%2Fwp%2Fv2%2Fcategories&post=618224"},{"taxonomy":"post_tag","embeddable":true,"href":"https:\/\/arantv.az\/index.php?rest_route=%2Fwp%2Fv2%2Ftags&post=618224"}],"curies":[{"name":"wp","href":"https:\/\/api.w.org\/{rel}","templated":true}]}}