{"id":618235,"date":"2023-08-11T09:20:02","date_gmt":"2023-08-11T05:20:02","guid":{"rendered":"https:\/\/arantv.az\/?p=618235"},"modified":"2023-08-11T09:20:02","modified_gmt":"2023-08-11T05:20:02","slug":"h%c9%99m-asan-h%c9%99m-abad-h%c9%99m-d%c9%99-dost","status":"publish","type":"post","link":"https:\/\/arantv.az\/?p=618235","title":{"rendered":"H\u0259m ASAN, h\u0259m ABAD, h\u0259m d\u0259 DOST&#8230;"},"content":{"rendered":"<p>Bu g\u00fcn Az\u0259rbaycan y\u00fcks\u0259k inki\u015faf tempin\u0259 g\u00f6r\u0259 d\u00fcnyada lider m\u00f6vqey\u0259 \u00e7\u0131x\u0131b. \u00d6lk\u0259d\u0259 d\u0259qiq h\u0259d\u0259fl\u0259r\u0259 hesablanm\u0131\u015f iqtisadi inki\u015faf x\u0259tti u\u011furla davam etdirilir. Yeni inki\u015faf eras\u0131n\u0131n ba\u015fl\u0131ca istiqam\u0259tl\u0259ri \u00f6lk\u0259mizin b\u00fct\u00fcn m\u00f6vcud potensialdan s\u0259m\u0259r\u0259li istifad\u0259 etm\u0259kl\u0259 regiondak\u0131 m\u00f6vqeyini \u0259h\u0259miyy\u0259tli \u015f\u0259kild\u0259 d\u0259yi\u015fdirib v\u0259 m\u00f6hk\u0259ml\u0259ndirib. Haz\u0131rda \u00f6lk\u0259mizin s\u00fcr\u0259tli iqtisadi inki\u015faf\u0131 sosial sferada \u00e7ox\u015fax\u0259li islahatlar aparma\u011fa, d\u00fcnya t\u0259cr\u00fcb\u0259sind\u0259n u\u011furla \u00e7\u0131xm\u0131\u015f t\u0259kmil mexanizml\u0259ri t\u0259tbiq etm\u0259y\u0259 imkan verir. \u0130qtisadiyyatda h\u0259yata ke\u00e7iril\u0259n, k\u00f6kl\u00fc d\u0259yi\u015fiklikl\u0259r makroiqtisadi sabitliyi t\u0259min etm\u0259kl\u0259 b\u0259rab\u0259r \u0259halinin sosial m\u00fcdafi\u0259sini g\u00fccl\u0259ndirm\u0259k \u00fc\u00e7\u00fcn d\u0259 m\u00f6hk\u0259m z\u0259min yarad\u0131r. \u00d6lk\u0259d\u0259 h\u0259yata ke\u00e7iril\u0259n sosial-iqtisadi siyas\u0259tin ba\u015fl\u0131ca m\u0259qs\u0259dl\u0259rind\u0259n biri d\u0259 \u0259halinin etibarl\u0131 sosial m\u00fcdafi\u0259sinin t\u0259min edilm\u0259sidir.\u00a0 \u0130qtisadiyyat\u0131n ard\u0131c\u0131l v\u0259 dinamik inki\u015faf\u0131, h\u0259yata ke\u00e7iril\u0259n k\u00f6kl\u00fc d\u0259yi\u015fiklikl\u0259r d\u00f6vl\u0259tin sosialy\u00f6n\u00fcml\u00fc siyas\u0259tinin daha da g\u00fccl\u0259ndirilm\u0259sin\u0259 geni\u015f yol a\u00e7araq \u0259halinin sosial v\u0259ziyy\u0259tini yax\u015f\u0131la\u015fd\u0131rmaq \u00fc\u00e7\u00fcn m\u00f6hk\u0259m z\u0259min yarad\u0131b.<\/p>\n<p>Art\u0131q respublikam\u0131z\u0131n iqtisadi inki\u015faf\u0131 el\u0259 bir m\u0259rh\u0259l\u0259y\u0259 \u00e7at\u0131b ki, indi n\u0259inki m\u00f6vcud probleml\u0259rin h\u0259lli, h\u0259tta yeni sosial layih\u0259l\u0259rin h\u0259yata ke\u00e7irilm\u0259si \u00fc\u00e7\u00fcn d\u00f6vl\u0259tin kifay\u0259t q\u0259d\u0259r maliyy\u0259 imkanlar\u0131 var. H\u0259r ilin sonuna yax\u0131n parlamentd\u0259 d\u00f6vl\u0259t b\u00fcdc\u0259si layih\u0259sinin m\u00fczakir\u0259si zaman\u0131 bunun \u015fahidi oluruq. \u00d6lk\u0259 ba\u015f\u00e7\u0131s\u0131 c\u0259nab \u0130lham \u018fliyevin sosial sah\u0259y\u0259 diqq\u0259tinin n\u0259tic\u0259sidir ki, h\u0259r il d\u00f6vl\u0259t b\u00fcdc\u0259si t\u0259sdiq olunark\u0259n sosialy\u00f6n\u00fcml\u00fcl\u00fck prioritet olaraq qal\u0131r. D\u00f6vl\u0259t ba\u015f\u00e7\u0131s\u0131 b\u00fct\u00fcn regionlarda sosial \u0259dal\u0259t\u0259 s\u00f6yk\u0259n\u0259n m\u00fcasir idar\u0259etm\u0259 qaydalar\u0131n\u0131n t\u0259tbiq olunmas\u0131n\u0131 t\u0259l\u0259b kimi qar\u015f\u0131ya qoyub. Bu g\u00fcn u\u011furla icra olunan D\u00f6vl\u0259t Proqramlar\u0131n \u0259sas m\u0259qs\u0259di b\u00f6lg\u0259l\u0259rd\u0259 ya\u015fayan \u0259halinin m\u0259\u015f\u011fullu\u011funun v\u0259 maddi rifah\u0131n\u0131n y\u00fcks\u0259ldilm\u0259sin\u0259 xidm\u0259t edir.<\/p>\n<p>Son ill\u0259r \u00f6lk\u0259mizin b\u00fct\u00fcn b\u00f6lg\u0259l\u0259rind\u0259 quruculuq-abadl\u0131q i\u015fl\u0259ri daha geni\u015f v\u00fcs\u0259t al\u0131b. D\u00f6vl\u0259timizin ba\u015f\u00e7\u0131s\u0131 i\u015f\u011faldan azad olunmu\u015f \u0259razil\u0259rl\u0259 yana\u015f\u0131, \u00f6lk\u0259nin dig\u0259r b\u00f6lg\u0259l\u0259rin\u0259 d\u0259 s\u0259f\u0259rl\u0259r edir. U\u011furla realla\u015fd\u0131r\u0131lan regionlar\u0131n sosial-iqtisadi inki\u015faf\u0131na dair D\u00f6vl\u0259t proqramlar\u0131 \u00e7\u0259r\u00e7iv\u0259sind\u0259 b\u00f6lg\u0259l\u0259rimizin simas\u0131 \u0259h\u0259miyy\u0259tli d\u0259r\u0259c\u0259d\u0259 d\u0259yi\u015fib. B\u00f6lg\u0259l\u0259rl\u0259 paytaxt aras\u0131nda f\u0259rq minimuma endirilib. D\u00f6vl\u0259t ba\u015f\u00e7\u0131s\u0131n\u0131n b\u00f6lg\u0259l\u0259rimiz\u0259 m\u00fctamadi s\u0259f\u0259rl\u0259ri bir daha g\u00f6st\u0259rir ki, regionlar\u0131n inki\u015faf\u0131, \u0259halinin sosial \u015f\u0259raitinin yax\u015f\u0131la\u015fd\u0131r\u0131lmas\u0131 daim c\u0259nab \u0130lham \u018fliyevin diqq\u0259t m\u0259rk\u0259zind\u0259dir. Prezident \u0130lham \u018fliyevin\u00a0 avqustun 7-d\u0259 Qazax, \u015e\u0259mkir, Samux v\u0259 B\u0259rd\u0259 rayonlar\u0131na s\u0259f\u0259ri, g\u00f6r\u00fcl\u0259n i\u015fl\u0259rl\u0259 tan\u0131\u015fl\u0131\u011f\u0131, bir s\u0131ra m\u00fch\u00fcm sosial obyektl\u0259rin a\u00e7\u0131l\u0131\u015f\u0131nda i\u015ftirak\u0131 bir daha t\u0259sdiq etdi ki, i\u015f\u011faldan azad edilmi\u015f \u0259razil\u0259rimizd\u0259 b\u0259rpa-quruculuq i\u015fl\u0259rinin apar\u0131lmas\u0131 il\u0259 yana\u015f\u0131 b\u00fct\u00fcn b\u00f6lg\u0259l\u0259rimiz diqq\u0259t v\u0259 qay\u011f\u0131 il\u0259 \u0259hat\u0259 olunub.<\/p>\n<p>Regionlar\u0131n inki\u015faf\u0131 il\u0259 ba\u011fl\u0131 v\u0259zif\u0259l\u0259rin icras\u0131 sosial infrastruktur t\u0259minat\u0131n\u0131n keyfiyy\u0259tinin y\u00fcks\u0259ldilm\u0259sin\u0259, sahibkarl\u0131q m\u00fchitinin daha da yax\u015f\u0131la\u015fd\u0131r\u0131lmas\u0131na, i\u015f yerl\u0259rinin a\u00e7\u0131lmas\u0131na v\u0259 \u0259halinin m\u0259\u015f\u011fullu\u011funun art\u0131r\u0131lmas\u0131na, yoxsulluq s\u0259viyy\u0259sinin azald\u0131lmas\u0131na t\u0259kan verir. G\u00f6r\u00fcnd\u00fcy\u00fc kimi, Az\u0259rbaycan d\u00f6vl\u0259tinin siyas\u0259tinin m\u0259rk\u0259zind\u0259 \u00f6lk\u0259 v\u0259t\u0259nda\u015flar\u0131n\u0131n maraqlar\u0131 dayan\u0131r. Bu g\u00fcn \u00f6lk\u0259mizin h\u0259m i\u015f\u011faldan azad edilmi\u015f \u0259razil\u0259rind\u0259, h\u0259m d\u0259 dig\u0259r b\u00f6lg\u0259l\u0259rind\u0259 d\u00fcnyada Az\u0259rbaycan brendi kimi n\u00fcfuz qazanan \u00abASAN xidm\u0259t\u00bb, ABAD, DOST m\u0259rk\u0259zl\u0259rinin yarad\u0131lmas\u0131 t\u0259qdir\u0259layiq hal kimi d\u0259y\u0259rl\u0259ndirilir. Prezident \u0130lham \u018fliyev B\u0259rd\u0259 rayonuna s\u0259f\u0259ri \u00e7\u0259r\u00e7iv\u0259sind\u0259 \u018fm\u0259k v\u0259 \u018fhalinin Sosial M\u00fcdafi\u0259si Nazirliyinin Qaraba\u011f Regional DOST M\u0259rk\u0259zinin a\u00e7\u0131l\u0131\u015f\u0131nda i\u015ftirak etdi. Bildiyimiz kimi, haz\u0131rda Az\u0259rbaycanda 6 DOST M\u0259rk\u0259zi f\u0259aliyy\u0259t g\u00f6st\u0259rir. Bu m\u0259rk\u0259zl\u0259rd\u0259 indiy\u0259 kimi bir milyondan \u00e7ox insana xidm\u0259t g\u00f6st\u0259rilib. V\u0259t\u0259nda\u015flar\u0131n xidm\u0259tl\u0259rd\u0259n m\u0259mnunluq d\u0259r\u0259c\u0259si 98 faizd\u0259n y\u00fcks\u0259kdir. DOST m\u0259rk\u0259zl\u0259ri vasit\u0259sil\u0259 tam \u015f\u0259ffaf v\u0259 v\u0259t\u0259nda\u015f m\u0259mnunlu\u011fu prinsipl\u0259ri \u0259sas\u0131nda m\u0259\u015f\u011fulluq, \u0259m\u0259k, \u0259lillik v\u0259 sosial m\u00fcdafi\u0259 sah\u0259l\u0259rind\u0259 \u00abbir p\u0259nc\u0259r\u0259\u00bb prinsipi il\u0259 15 istiqam\u0259t \u00fczr\u0259 159 xidm\u0259t g\u00f6st\u0259rilir. 2025-ci il\u0259d\u0259k m\u0259rk\u0259zl\u0259rin say\u0131n\u0131n 17-y\u0259, yerl\u0259rd\u0259 xidm\u0259tl\u0259rin t\u0259\u015fkili m\u0259qs\u0259dil\u0259 filiallar\u0131n say\u0131n\u0131n 55-\u0259 \u00e7atd\u0131r\u0131lmas\u0131 planla\u015fd\u0131r\u0131l\u0131r. \u00a0Qaraba\u011f Regional DOST M\u0259rk\u0259zind\u0259 d\u0259 g\u00fcn \u0259rzind\u0259 orta hesabla 650-700 v\u0259t\u0259nda\u015f\u0131n q\u0259bulu n\u0259z\u0259rd\u0259 tutulur. Bu da bu b\u00f6lg\u0259d\u0259 ya\u015fayan insanlar\u0131n rahatl\u0131\u011f\u0131 bax\u0131m\u0131ndan olduqca \u00a0\u0259lveri\u015flidir.<\/p>\n<p>Qaraba\u011f v\u0259 \u015e\u0259rqi Z\u0259ng\u0259zur da daxil olmaqla, regionlarda apar\u0131lan quruculuq i\u015fl\u0259rinin geni\u015f v\u00fcs\u0259t almas\u0131, infrastrukturun v\u0259 sosial xidm\u0259tl\u0259rin daha da yax\u015f\u0131la\u015fd\u0131r\u0131lmas\u0131 \u0259halinin m\u0259\u015f\u011fullu\u011funun v\u0259 maddi rifah\u0131n\u0131n y\u00fcks\u0259ldilm\u0259sin\u0259 xidm\u0259t edir. B\u00fct\u00fcn g\u00f6r\u00fcl\u0259n i\u015fl\u0259r Az\u0259rbaycan\u0131n sosial-iqtisadi inki\u015faf\u0131na b\u00f6y\u00fck t\u00f6hf\u0259l\u0259r verir. B\u00fct\u00f6vl\u00fckd\u0259, h\u0259r bir sah\u0259d\u0259 qazan\u0131lan nailiyy\u0259tl\u0259r \u00f6lk\u0259mizin g\u00fcc\u00fcn\u00fc art\u0131r\u0131r, beyn\u0259lxalq m\u00fcst\u0259vid\u0259 d\u0259 m\u00f6vqeyini m\u00f6hk\u0259ml\u0259ndirir.<\/p>\n","protected":false},"excerpt":{"rendered":"<p>Bu g\u00fcn Az\u0259rbaycan y\u00fcks\u0259k inki\u015faf tempin\u0259 g\u00f6r\u0259 d\u00fcnyada lider m\u00f6vqey\u0259 \u00e7\u0131x\u0131b. \u00d6lk\u0259d\u0259 d\u0259qiq h\u0259d\u0259fl\u0259r\u0259 hesablanm\u0131\u015f iqtisadi inki\u015faf x\u0259tti u\u011furla davam etdirilir. Yeni inki\u015faf eras\u0131n\u0131n ba\u015fl\u0131ca istiqam\u0259tl\u0259ri \u00f6lk\u0259mizin b\u00fct\u00fcn m\u00f6vcud potensialdan s\u0259m\u0259r\u0259li istifad\u0259 etm\u0259kl\u0259 regiondak\u0131 m\u00f6vqeyini \u0259h\u0259miyy\u0259tli \u015f\u0259kild\u0259 d\u0259yi\u015fdirib v\u0259 m\u00f6hk\u0259ml\u0259ndirib. Haz\u0131rda \u00f6lk\u0259mizin s\u00fcr\u0259tli iqtisadi inki\u015faf\u0131 sosial sferada \u00e7ox\u015fax\u0259li islahatlar aparma\u011fa, d\u00fcnya t\u0259cr\u00fcb\u0259sind\u0259n u\u011furla \u00e7\u0131xm\u0131\u015f t\u0259kmil mexanizml\u0259ri t\u0259tbiq etm\u0259y\u0259 imkan verir. \u0130qtisadiyyatda h\u0259yata ke\u00e7iril\u0259n, k\u00f6kl\u00fc d\u0259yi\u015fiklikl\u0259r makroiqtisadi sabitliyi t\u0259min etm\u0259kl\u0259 b\u0259rab\u0259r \u0259halinin sosial m\u00fcdafi\u0259sini g\u00fccl\u0259ndirm\u0259k \u00fc\u00e7\u00fcn d\u0259 m\u00f6hk\u0259m z\u0259min yarad\u0131r. \u00d6lk\u0259d\u0259 h\u0259yata ke\u00e7iril\u0259n sosial-iqtisadi siyas\u0259tin ba\u015fl\u0131ca m\u0259qs\u0259dl\u0259rind\u0259n biri d\u0259 \u0259halinin etibarl\u0131&hellip;<\/p>\n","protected":false},"author":2,"featured_media":618236,"comment_status":"closed","ping_status":"closed","sticky":false,"template":"","format":"standard","meta":{"om_disable_all_campaigns":false,"_monsterinsights_skip_tracking":false,"_monsterinsights_sitenote_active":false,"_monsterinsights_sitenote_note":"","_monsterinsights_sitenote_category":0},"categories":[1],"tags":[],"aioseo_notices":[],"gutentor_comment":0,"rttpg_featured_image_url":{"full":["https:\/\/arantv.az\/wp-content\/uploads\/2023\/08\/f64b2463169167757249068278610456040.jpg",975,540,false],"landscape":["https:\/\/arantv.az\/wp-content\/uploads\/2023\/08\/f64b2463169167757249068278610456040.jpg",975,540,false],"portraits":["https:\/\/arantv.az\/wp-content\/uploads\/2023\/08\/f64b2463169167757249068278610456040.jpg",975,540,false],"thumbnail":["https:\/\/arantv.az\/wp-content\/uploads\/2023\/08\/f64b2463169167757249068278610456040-500x280.jpg",500,280,true],"medium":["https:\/\/arantv.az\/wp-content\/uploads\/2023\/08\/f64b2463169167757249068278610456040-660x365.jpg",660,365,true],"large":["https:\/\/arantv.az\/wp-content\/uploads\/2023\/08\/f64b2463169167757249068278610456040-840x465.jpg",640,354,true],"1536x1536":["https:\/\/arantv.az\/wp-content\/uploads\/2023\/08\/f64b2463169167757249068278610456040.jpg",975,540,false],"2048x2048":["https:\/\/arantv.az\/wp-content\/uploads\/2023\/08\/f64b2463169167757249068278610456040.jpg",975,540,false],"post-thumbnail":["https:\/\/arantv.az\/wp-content\/uploads\/2023\/08\/f64b2463169167757249068278610456040-240x172.jpg",240,172,true],"advps-thumb-one":["https:\/\/arantv.az\/wp-content\/uploads\/2023\/08\/f64b2463169167757249068278610456040.jpg",975,540,false]},"rttpg_author":{"display_name":"V\u00fcsal Rafiqo\u011flu","author_link":"https:\/\/arantv.az\/?author=2"},"rttpg_comment":0,"rttpg_category":"<a href=\"https:\/\/arantv.az\/?cat=1\" rel=\"category\">C\u0259miyy\u0259t<\/a>","rttpg_excerpt":"Bu g\u00fcn Az\u0259rbaycan y\u00fcks\u0259k inki\u015faf tempin\u0259 g\u00f6r\u0259 d\u00fcnyada lider m\u00f6vqey\u0259 \u00e7\u0131x\u0131b. \u00d6lk\u0259d\u0259 d\u0259qiq h\u0259d\u0259fl\u0259r\u0259 hesablanm\u0131\u015f iqtisadi inki\u015faf x\u0259tti u\u011furla davam etdirilir. Yeni inki\u015faf eras\u0131n\u0131n ba\u015fl\u0131ca istiqam\u0259tl\u0259ri \u00f6lk\u0259mizin b\u00fct\u00fcn m\u00f6vcud potensialdan s\u0259m\u0259r\u0259li istifad\u0259 etm\u0259kl\u0259 regiondak\u0131 m\u00f6vqeyini \u0259h\u0259miyy\u0259tli \u015f\u0259kild\u0259 d\u0259yi\u015fdirib v\u0259 m\u00f6hk\u0259ml\u0259ndirib. Haz\u0131rda \u00f6lk\u0259mizin s\u00fcr\u0259tli iqtisadi inki\u015faf\u0131 sosial sferada \u00e7ox\u015fax\u0259li islahatlar aparma\u011fa, d\u00fcnya t\u0259cr\u00fcb\u0259sind\u0259n u\u011furla \u00e7\u0131xm\u0131\u015f t\u0259kmil&hellip;","_links":{"self":[{"href":"https:\/\/arantv.az\/index.php?rest_route=\/wp\/v2\/posts\/618235"}],"collection":[{"href":"https:\/\/arantv.az\/index.php?rest_route=\/wp\/v2\/posts"}],"about":[{"href":"https:\/\/arantv.az\/index.php?rest_route=\/wp\/v2\/types\/post"}],"author":[{"embeddable":true,"href":"https:\/\/arantv.az\/index.php?rest_route=\/wp\/v2\/users\/2"}],"replies":[{"embeddable":true,"href":"https:\/\/arantv.az\/index.php?rest_route=%2Fwp%2Fv2%2Fcomments&post=618235"}],"version-history":[{"count":0,"href":"https:\/\/arantv.az\/index.php?rest_route=\/wp\/v2\/posts\/618235\/revisions"}],"wp:featuredmedia":[{"embeddable":true,"href":"https:\/\/arantv.az\/index.php?rest_route=\/wp\/v2\/media\/618236"}],"wp:attachment":[{"href":"https:\/\/arantv.az\/index.php?rest_route=%2Fwp%2Fv2%2Fmedia&parent=618235"}],"wp:term":[{"taxonomy":"category","embeddable":true,"href":"https:\/\/arantv.az\/index.php?rest_route=%2Fwp%2Fv2%2Fcategories&post=618235"},{"taxonomy":"post_tag","embeddable":true,"href":"https:\/\/arantv.az\/index.php?rest_route=%2Fwp%2Fv2%2Ftags&post=618235"}],"curies":[{"name":"wp","href":"https:\/\/api.w.org\/{rel}","templated":true}]}}