{"id":618239,"date":"2023-08-11T09:21:01","date_gmt":"2023-08-11T05:21:01","guid":{"rendered":"https:\/\/arantv.az\/?p=618239"},"modified":"2023-08-11T09:21:01","modified_gmt":"2023-08-11T05:21:01","slug":"it-hur%c9%99r-karvan-kec%c9%99r","status":"publish","type":"post","link":"https:\/\/arantv.az\/?p=618239","title":{"rendered":"\u0130t h\u00fcr\u0259r, karvan ke\u00e7\u0259r&#8230;"},"content":{"rendered":"<p><em><strong>D\u0259y\u0259rli s\u0259n\u0259tkar\u0131m\u0131z Rasim Balayev\u0259 \u201ch\u00fccum ed\u0259n\u201d dinqo s\u00fcr\u00fcs\u00fcn\u00fcn sahibl\u0259rin\u0259 xat\u0131rlatma<\/strong><\/em><\/p>\n<p>Rasim Balayev u\u015faql\u0131\u011f\u0131m\u0131z\u0131n, g\u0259ncliyimizin, qocal\u0131\u011f\u0131m\u0131z\u0131n q\u0259hr\u0259man\u0131d\u0131r. \u00c7oxsayl\u0131 filml\u0259rd\u0259 canland\u0131rd\u0131\u011f\u0131 yaddaqalan obrazlar\u0131 biz\u0259 tariximizi, tarixi \u015f\u0259xsiyy\u0259tl\u0259rimizi sevdirib. Onun t\u0259krarolunmaz \u201cN\u0259simi\u201dsi, \u201cBab\u0259k\u201di, \u201cBams\u0131 Beyr\u0259y\u201di varl\u0131\u011f\u0131na iki cahan\u0131 s\u0131\u011fd\u0131r\u0131b \u00f6z\u00fc bu cahana s\u0131\u011fmayan b\u00f6y\u00fck \u015fair(l\u0259r)imizi, say\u0131na, soyuna baxmadan ya\u011f\u0131 qar\u015f\u0131s\u0131nda m\u0259rd durma\u011f\u0131 bacaran, V\u0259t\u0259ni v\u0259 amal\u0131 u\u011frunda \u00f6l\u00fcm sava\u015f\u0131na haz\u0131r olan igid(l\u0259r)imizi, elin\u0259, obas\u0131na, e\u015fin\u0259, ulu t\u00fcrk t\u00f6r\u0259sin\u0259 d\u00f6n\u00fck \u00e7\u0131xmaqdansa yeddi yer\u0259 \u015faqqalanma\u011f\u0131 \u00fcst\u00fcn tutan o\u011fuz babalar\u0131m\u0131z\u0131 qanl\u0131 sovet imperiyas\u0131n\u0131n \u00f6l\u00fcm t\u0259hl\u00fck\u0259li senzuras\u0131ndan sa\u011fa-salamat adlad\u0131b biz\u0259 yenid\u0259n b\u0259x\u015f ed\u0259 bilib. O, s\u00f6zd\u0259 deyil, \u00f6zd\u0259 xalq\u0131n artisti, xalq\u0131n \u00f6z\u00fcd\u00fcr. S\u0259n\u0259t adamlar\u0131n\u0131n, m\u0259d\u0259niyy\u0259t v\u0259 inc\u0259s\u0259n\u0259t xadiml\u0259rinin \u00e7oxunda olmad\u0131\u011f\u0131 q\u0259d\u0259r sad\u0259, s\u0259mimi s\u0259n\u0259tkard\u0131r. V\u0259 h\u0259r \u015feyd\u0259n \u0259vv\u0259l o, \u0259sl v\u0259t\u0259nda\u015fd\u0131r. Vicdanl\u0131, \u0259dal\u0259tli, v\u0259zif\u0259sini, m\u0259suliyy\u0259tini d\u0259rk ed\u0259n v\u0259t\u0259nda\u015f! Rasim Balayevin onu insanlar\u0131m\u0131za sevdir\u0259n \u0259n b\u00f6y\u00fck m\u0259ziyy\u0259ti is\u0259 ya\u015fad\u0131\u011f\u0131 75 ild\u0259 he\u00e7 kimin oyununa g\u0259lm\u0259d\u0259n, intriqalara qar\u0131\u015fmadan t\u0259mkinini v\u0259 d\u00fcr\u00fcstl\u00fcy\u00fcn\u00fc qoruyub saxlamas\u0131d\u0131r. O, aktyor kimi filml\u0259rd\u0259 oynay\u0131b, ancaq h\u0259yatda h\u0259mi\u015f\u0259 \u00f6z\u00fcd\u00fcr, t\u00fcrkl\u0259r demi\u015f, i\u00e7i-d\u0131\u015f\u0131 birdir. H\u0259qiqiliyin\u0259 \u0259min oldu\u011funu deyir, deyirs\u0259, dem\u0259li s\u00f6z\u00fcnd\u0259 ger\u00e7\u0259k pay\u0131 var&#8230;<\/p>\n<p>Az\u0259rbaycan Respublikas\u0131n\u0131n Prezidenti \u0130lham \u018fliyev avqustun 8-d\u0259 Xalq artisti Rasim Balayevi \u201c\u0130stiqlal\u201d ordenini t\u0259qdim etm\u0259k \u00fc\u00e7\u00fcn q\u0259bul ed\u0259nd\u0259 d\u0259y\u0259rli s\u0259n\u0259tkar\u0131m\u0131z\u0131n M\u00fcz\u0259ff\u0259r Ali Ba\u015f Komandana ilk s\u00f6zl\u0259ri bel\u0259 oldu: \u201cM\u0259nim bir arzum var idi ki, Qaraba\u011fdan (Qaraba\u011f\u0131n erm\u0259ni i\u015f\u011fal\u0131ndan azad edilm\u0259sind\u0259n) sonra, i\u015fl\u0259rinizd\u0259n sonra Sizi qucaqlay\u0131m. \u00c7ox \u015f\u00fck\u00fcr ki, biz\u0259 qism\u0259t oldu.\u201d<\/p>\n<p>\u018fslind\u0259, Rasim Balayev h\u0259min vaxt d\u00f6vl\u0259t ba\u015f\u00e7\u0131m\u0131za t\u0259kc\u0259 oz\u00fcn\u00fcn deyil, ad\u0131n\u0131 haqq\u0131 il\u0259 da\u015f\u0131d\u0131\u011f\u0131 xalq\u0131m\u0131z\u0131n \u00fcr\u0259k s\u00f6zl\u0259rini \u00e7atd\u0131rd\u0131, onu b\u00fct\u00fcn Az\u0259rbaycan xalq\u0131n\u0131n ad\u0131ndan qucaqlad\u0131. T\u00fcrk\u00fc il\u0259, tal\u0131\u015f\u0131, l\u0259zgisi, rusu, k\u00fcrd\u00fc il\u0259 b\u00f6y\u00fck bir xalq\u0131n ad\u0131ndan. O xalq\u0131n ki, \u00f6z Prezidentin\u0259, \u00f6z\u00fc d\u0259 h\u0259r bir az\u0259rbaycanl\u0131n\u0131n Prezidentin\u0259 b\u00f6y\u00fck sevgisini 44 g\u00fcnl\u00fck V\u0259t\u0259n m\u00fcharib\u0259sind\u0259 \u0259traf\u0131nda yumruq kimi birl\u0259\u015fm\u0259kl\u0259, bir \u0259mri il\u0259 d\u00f6y\u00fc\u015f\u0259 at\u0131lmaqdan q\u00fcrur duyaraq bildirmi\u015fdi. Erm\u0259nid\u0259n geri al\u0131nan h\u0259r k\u0259ndimizin, q\u0259s\u0259b\u0259mizin, \u015f\u0259h\u0259rimizin x\u0259b\u0259rin\u0259 ax\u0131td\u0131\u011f\u0131 sevinc g\u00f6z ya\u015flar\u0131 il\u0259, gec\u0259-g\u00fcnd\u00fcz tanr\u0131ya \u0259l a\u00e7\u0131b Ali Ba\u015f Komandan \u00fc\u00e7\u00fcn etdiyi dualarla bildirmi\u015fdi. \u0130ndi Rasim Balayevin Az\u0259rbaycan Prezidentin\u0259 g\u00f6st\u0259rdiyi sevgi d\u0259 m\u0259hz h\u0259min xalq sevgisidir!<\/p>\n<p>Bu g\u00fcn pusquda dayanm\u0131\u015f dinqo s\u00fcr\u00fcs\u00fc kimi sosial \u015f\u0259b\u0259k\u0259l\u0259rd\u0259, xaricd\u0259ki sahibl\u0259rinin x\u0259yan\u0259tl\u0259ri qar\u015f\u0131l\u0131\u011f\u0131nda verdiyi pullarla a\u00e7d\u0131qlar\u0131 internet \u201ctv\u201dl\u0259rd\u0259 d\u0259y\u0259rli s\u0259n\u0259tkar\u0131m\u0131z\u0131n \u00fcst\u00fcn\u0259 \u201ch\u00fccum \u00e7\u0259k\u0259nl\u0259ri\u201d narahat ed\u0259n t\u0259kc\u0259 onun d\u00f6vl\u0259t ba\u015f\u00e7\u0131m\u0131za sevgisi v\u0259 onu xalq q\u0259hr\u0259man\u0131 Bab\u0259kl\u0259 m\u00fcqayis\u0259 etm\u0259si deyil. \u018fslind\u0259 onlar \u00f6zl\u0259ri d\u0259 yax\u015f\u0131 bilirl\u0259r ki, Rasim Balayevin Prezident \u0130lham \u018fliyev\u0259 dediyi \u201cSiz \u00f6z ad\u0131n\u0131z\u0131 tarix\u0259 bir Ali Ba\u015f Komandan kimi, el\u0259 \u0259sl Bab\u0259k kimi yazd\u0131n\u0131z. \u018fsl Bab\u0259k Sizsiniz, biz onun obraz\u0131n\u0131 oynay\u0131r\u0131q\u201d s\u00f6zl\u0259ri b\u00f6y\u00fck bir h\u0259qiq\u0259tin s\u0259mimiyy\u0259tl\u0259 ifad\u0259 edilmi\u015f formas\u0131d\u0131r. Son iki y\u00fcz illik tariximizd\u0259 M\u00fcz\u0259ff\u0259r Ali Ba\u015f Komandan\u0131m\u0131zdan ba\u015fqa z\u0259bt edilmi\u015f, i\u015f\u011fal olunmu\u015f tarixi torpaqlar\u0131m\u0131z\u0131 geri qaytaran ikinci bir d\u00f6vl\u0259t ba\u015f\u00e7\u0131m\u0131z olubmu? Xeyr! El\u0259 is\u0259 g\u00f6rk\u0259mli aktyorumuzun s\u00f6zl\u0259ri niy\u0259 bu bir s\u00fcr\u00fc \u201cdemokratiya car\u00e7\u0131s\u0131\u201d, \u201c\u0259dal\u0259t t\u0259r\u0259fdar\u0131\u201d \u201csiyasi m\u00fchacir\u201dl\u0259rin, xainl\u0259rin, satq\u0131nlar\u0131n, d\u00fc\u015fm\u0259n d\u0259yirman\u0131na su t\u00f6k\u0259nl\u0259rin, erm\u0259ni lobbisinin muzdlu ideoloji \u201c\u0259sg\u0259rl\u0259rinin\u201d haras\u0131n\u0131sa a\u011fr\u0131d\u0131r? Sevinc Osmanq\u0131z\u0131na, \u018fli K\u0259rimliy\u0259, Q\u0259nim\u0259t Zahid\u0259, yen\u0259 d\u0259 t\u00fcrkl\u0259r demi\u015f, onunkuna, bununkuna yer ed\u0259n Az\u0259rbaycan\u0131 n\u00fcfuzdan salmaq, l\u0259k\u0259l\u0259m\u0259k, \u015f\u0259rl\u0259m\u0259k \u00f6lk\u0259mizin add\u0131m-add\u0131m ir\u0259lil\u0259m\u0259sin\u0259 mane olmaq planlar\u0131n\u0131n pu\u00e7 olmas\u0131, arzular\u0131n\u0131n g\u00f6zl\u0259rind\u0259 qalmas\u0131d\u0131r. V\u0259t\u0259nin\u0259, v\u0259t\u0259nda\u015f\u0131na, s\u0259n\u0259tkar\u0131na d\u00f6n\u00fck bu bir s\u00fcr\u00fcn\u00fc bir \u015fey d\u0259 narahat edir: ipl\u0259rini \u0259ll\u0259rin\u0259 verdikl\u0259ri sahibl\u0259ri h\u0259r u\u011fursuzluqdan sonra onlar\u0131 danlay\u0131r, paylar\u0131n\u0131 k\u0259s\u0259c\u0259kl\u0259ri il\u0259 h\u0259d\u0259l\u0259yir, n\u0259tic\u0259 t\u0259l\u0259b edirl\u0259r. M\u0259lum \u015feydir, d\u00fc\u015fm\u0259n \u00f6lk\u0259mizd\u0259 inki\u015faf deyil, t\u0259n\u0259zz\u00fcl, sabitlik deyir qar\u0131\u015f\u0131ql\u0131q, birlik deyil par\u00e7alanma arzulay\u0131r. Bunun \u00fc\u00e7\u00fcn k\u00fclli miqdarda pullar x\u0259rcl\u0259yir, \u201cideoloqlar\u201d yeti\u015fdirir, dinqolar\u0131n\u0131 Az\u0259rbaycan\u0131, d\u00f6vl\u0259timizi sev\u0259n ziyal\u0131lar\u0131m\u0131z\u0131n \u00fcst\u00fcn\u0259 sald\u0131r\u0131r. H\u0259r d\u0259f\u0259sind\u0259 d\u0259 planlar\u0131 xalq-iqtidar birliyi qar\u015f\u0131s\u0131nda pu\u00e7 olur, fiaskoya u\u011fray\u0131r.<\/p>\n<p>Xalq\u0131m\u0131z h\u0259r zaman oldu\u011fu kimi, \u00f6z d\u0259y\u0259rl\u0259rin\u0259, d\u0259y\u0259rli s\u0259n\u0259tkarlar\u0131na sahib \u00e7\u0131xma\u011f\u0131 bacaran xalqd\u0131r. Rasim Balayev d\u0259 bizim \u00fc\u00e7\u00fcn d\u0259y\u0259rdir, d\u0259y\u0259rlidir. Biz onu sevdiyimiz kimi, qoruma\u011f\u0131 da bacar\u0131r\u0131q. Qald\u0131 g\u00f6rk\u0259mli aktyorumuz haqq\u0131nda \u00f6z s\u0259viyy\u0259l\u0259rin\u0259 uy\u011fun yazan, dan\u0131\u015fan \u201csiyasi m\u00fchacir\u201dl\u0259r\u0259, xainl\u0259r\u0259, satq\u0131nlara, d\u00fc\u015fm\u0259n d\u0259yirman\u0131na su t\u00f6k\u0259nl\u0259r\u0259, erm\u0259ni lobbisinin muzdlu ideoloji \u201c\u0259sg\u0259rl\u0259rin\u0259\u201d, atalar\u0131m\u0131z yax\u015f\u0131 deyib: it h\u00fcr\u0259r, karvan ke\u00e7\u0259r&#8230;<\/p>\n","protected":false},"excerpt":{"rendered":"<p>D\u0259y\u0259rli s\u0259n\u0259tkar\u0131m\u0131z Rasim Balayev\u0259 \u201ch\u00fccum ed\u0259n\u201d dinqo s\u00fcr\u00fcs\u00fcn\u00fcn sahibl\u0259rin\u0259 xat\u0131rlatma Rasim Balayev u\u015faql\u0131\u011f\u0131m\u0131z\u0131n, g\u0259ncliyimizin, qocal\u0131\u011f\u0131m\u0131z\u0131n q\u0259hr\u0259man\u0131d\u0131r. \u00c7oxsayl\u0131 filml\u0259rd\u0259 canland\u0131rd\u0131\u011f\u0131 yaddaqalan obrazlar\u0131 biz\u0259 tariximizi, tarixi \u015f\u0259xsiyy\u0259tl\u0259rimizi sevdirib. Onun t\u0259krarolunmaz \u201cN\u0259simi\u201dsi, \u201cBab\u0259k\u201di, \u201cBams\u0131 Beyr\u0259y\u201di varl\u0131\u011f\u0131na iki cahan\u0131 s\u0131\u011fd\u0131r\u0131b \u00f6z\u00fc bu cahana s\u0131\u011fmayan b\u00f6y\u00fck \u015fair(l\u0259r)imizi, say\u0131na, soyuna baxmadan ya\u011f\u0131 qar\u015f\u0131s\u0131nda m\u0259rd durma\u011f\u0131 bacaran, V\u0259t\u0259ni v\u0259 amal\u0131 u\u011frunda \u00f6l\u00fcm sava\u015f\u0131na haz\u0131r olan igid(l\u0259r)imizi, elin\u0259, obas\u0131na, e\u015fin\u0259, ulu t\u00fcrk t\u00f6r\u0259sin\u0259 d\u00f6n\u00fck \u00e7\u0131xmaqdansa yeddi yer\u0259 \u015faqqalanma\u011f\u0131 \u00fcst\u00fcn tutan o\u011fuz babalar\u0131m\u0131z\u0131 qanl\u0131 sovet imperiyas\u0131n\u0131n \u00f6l\u00fcm t\u0259hl\u00fck\u0259li senzuras\u0131ndan sa\u011fa-salamat adlad\u0131b biz\u0259 yenid\u0259n b\u0259x\u015f ed\u0259 bilib. O, s\u00f6zd\u0259 deyil,&hellip;<\/p>\n","protected":false},"author":2,"featured_media":618240,"comment_status":"closed","ping_status":"closed","sticky":false,"template":"","format":"standard","meta":{"om_disable_all_campaigns":false,"_monsterinsights_skip_tracking":false,"_monsterinsights_sitenote_active":false,"_monsterinsights_sitenote_note":"","_monsterinsights_sitenote_category":0},"categories":[19],"tags":[],"aioseo_notices":[],"gutentor_comment":0,"rttpg_featured_image_url":{"full":["https:\/\/arantv.az\/wp-content\/uploads\/2023\/08\/04b001a2161910163117869279311063743.jpg",975,540,false],"landscape":["https:\/\/arantv.az\/wp-content\/uploads\/2023\/08\/04b001a2161910163117869279311063743.jpg",975,540,false],"portraits":["https:\/\/arantv.az\/wp-content\/uploads\/2023\/08\/04b001a2161910163117869279311063743.jpg",975,540,false],"thumbnail":["https:\/\/arantv.az\/wp-content\/uploads\/2023\/08\/04b001a2161910163117869279311063743-500x280.jpg",500,280,true],"medium":["https:\/\/arantv.az\/wp-content\/uploads\/2023\/08\/04b001a2161910163117869279311063743-660x365.jpg",660,365,true],"large":["https:\/\/arantv.az\/wp-content\/uploads\/2023\/08\/04b001a2161910163117869279311063743-840x465.jpg",640,354,true],"1536x1536":["https:\/\/arantv.az\/wp-content\/uploads\/2023\/08\/04b001a2161910163117869279311063743.jpg",975,540,false],"2048x2048":["https:\/\/arantv.az\/wp-content\/uploads\/2023\/08\/04b001a2161910163117869279311063743.jpg",975,540,false],"post-thumbnail":["https:\/\/arantv.az\/wp-content\/uploads\/2023\/08\/04b001a2161910163117869279311063743-240x172.jpg",240,172,true],"advps-thumb-one":["https:\/\/arantv.az\/wp-content\/uploads\/2023\/08\/04b001a2161910163117869279311063743.jpg",975,540,false]},"rttpg_author":{"display_name":"V\u00fcsal Rafiqo\u011flu","author_link":"https:\/\/arantv.az\/?author=2"},"rttpg_comment":0,"rttpg_category":"<a href=\"https:\/\/arantv.az\/?cat=19\" rel=\"category\">G\u00fcnd\u0259m<\/a>","rttpg_excerpt":"D\u0259y\u0259rli s\u0259n\u0259tkar\u0131m\u0131z Rasim Balayev\u0259 \u201ch\u00fccum ed\u0259n\u201d dinqo s\u00fcr\u00fcs\u00fcn\u00fcn sahibl\u0259rin\u0259 xat\u0131rlatma Rasim Balayev u\u015faql\u0131\u011f\u0131m\u0131z\u0131n, g\u0259ncliyimizin, qocal\u0131\u011f\u0131m\u0131z\u0131n q\u0259hr\u0259man\u0131d\u0131r. \u00c7oxsayl\u0131 filml\u0259rd\u0259 canland\u0131rd\u0131\u011f\u0131 yaddaqalan obrazlar\u0131 biz\u0259 tariximizi, tarixi \u015f\u0259xsiyy\u0259tl\u0259rimizi sevdirib. Onun t\u0259krarolunmaz \u201cN\u0259simi\u201dsi, \u201cBab\u0259k\u201di, \u201cBams\u0131 Beyr\u0259y\u201di varl\u0131\u011f\u0131na iki cahan\u0131 s\u0131\u011fd\u0131r\u0131b \u00f6z\u00fc bu cahana s\u0131\u011fmayan b\u00f6y\u00fck \u015fair(l\u0259r)imizi, say\u0131na, soyuna baxmadan ya\u011f\u0131 qar\u015f\u0131s\u0131nda m\u0259rd durma\u011f\u0131 bacaran, V\u0259t\u0259ni v\u0259 amal\u0131 u\u011frunda \u00f6l\u00fcm&hellip;","_links":{"self":[{"href":"https:\/\/arantv.az\/index.php?rest_route=\/wp\/v2\/posts\/618239"}],"collection":[{"href":"https:\/\/arantv.az\/index.php?rest_route=\/wp\/v2\/posts"}],"about":[{"href":"https:\/\/arantv.az\/index.php?rest_route=\/wp\/v2\/types\/post"}],"author":[{"embeddable":true,"href":"https:\/\/arantv.az\/index.php?rest_route=\/wp\/v2\/users\/2"}],"replies":[{"embeddable":true,"href":"https:\/\/arantv.az\/index.php?rest_route=%2Fwp%2Fv2%2Fcomments&post=618239"}],"version-history":[{"count":0,"href":"https:\/\/arantv.az\/index.php?rest_route=\/wp\/v2\/posts\/618239\/revisions"}],"wp:featuredmedia":[{"embeddable":true,"href":"https:\/\/arantv.az\/index.php?rest_route=\/wp\/v2\/media\/618240"}],"wp:attachment":[{"href":"https:\/\/arantv.az\/index.php?rest_route=%2Fwp%2Fv2%2Fmedia&parent=618239"}],"wp:term":[{"taxonomy":"category","embeddable":true,"href":"https:\/\/arantv.az\/index.php?rest_route=%2Fwp%2Fv2%2Fcategories&post=618239"},{"taxonomy":"post_tag","embeddable":true,"href":"https:\/\/arantv.az\/index.php?rest_route=%2Fwp%2Fv2%2Ftags&post=618239"}],"curies":[{"name":"wp","href":"https:\/\/api.w.org\/{rel}","templated":true}]}}