{"id":618248,"date":"2023-08-11T09:27:36","date_gmt":"2023-08-11T05:27:36","guid":{"rendered":"https:\/\/arantv.az\/?p=618248"},"modified":"2023-08-11T09:27:36","modified_gmt":"2023-08-11T05:27:36","slug":"ekvadorda-prezidentliy%c9%99-namiz%c9%99di-oldur%c9%99nl%c9%99r-basqa-dovl%c9%99tin-v%c9%99t%c9%99ndaslaridir","status":"publish","type":"post","link":"https:\/\/arantv.az\/?p=618248","title":{"rendered":"Ekvadorda prezidentliy\u0259 namiz\u0259di \u00f6ld\u00fcr\u0259nl\u0259r ba\u015fqa d\u00f6vl\u0259tin v\u0259t\u0259nda\u015flar\u0131d\u0131r"},"content":{"rendered":"<p>Ekvador prezidentliyin\u0259 namiz\u0259d Fernando Vilyavisensionun q\u0259tlin\u0259 g\u00f6r\u0259 saxlan\u0131lanlar\u0131n ham\u0131s\u0131 ba\u015fqa \u00f6lk\u0259nin v\u0259t\u0259nda\u015f\u0131d\u0131r.<\/p>\n<p>Bu bar\u0259d\u0259 Ekvadorun Daxili \u0130\u015fl\u0259r Nazirliyi m\u0259lumat yay\u0131b.<\/p>\n<p>\u201cPolis Konokoto sektorunda v\u0259 \u015f\u0259h\u0259rin c\u0259nubunda bir ne\u00e7\u0259 \u00fcnvanda axtar\u0131\u015flar apar\u0131b. N\u0259tic\u0259d\u0259 alt\u0131 n\u0259f\u0259r saxlan\u0131l\u0131b, onlar\u0131n ham\u0131s\u0131 ba\u015fqa \u00f6lk\u0259nin v\u0259t\u0259nda\u015f\u0131d\u0131r\u201d, &#8211; m\u0259lumatda qeyd olunur.<\/p>\n<p>Lakin saxlan\u0131lanlar\u0131n hans\u0131 \u00f6lk\u0259nin v\u0259t\u0259nda\u015flar\u0131 olduqlar\u0131 a\u00e7\u0131qlanm\u0131r.<\/p>\n<p>M\u0259nb\u0259: TASS<\/p>\n","protected":false},"excerpt":{"rendered":"<p>Ekvador prezidentliyin\u0259 namiz\u0259d Fernando Vilyavisensionun q\u0259tlin\u0259 g\u00f6r\u0259 saxlan\u0131lanlar\u0131n ham\u0131s\u0131 ba\u015fqa \u00f6lk\u0259nin v\u0259t\u0259nda\u015f\u0131d\u0131r. Bu bar\u0259d\u0259 Ekvadorun Daxili \u0130\u015fl\u0259r Nazirliyi m\u0259lumat yay\u0131b. \u201cPolis Konokoto sektorunda v\u0259 \u015f\u0259h\u0259rin c\u0259nubunda bir ne\u00e7\u0259 \u00fcnvanda axtar\u0131\u015flar apar\u0131b. N\u0259tic\u0259d\u0259 alt\u0131 n\u0259f\u0259r saxlan\u0131l\u0131b, onlar\u0131n ham\u0131s\u0131 ba\u015fqa \u00f6lk\u0259nin v\u0259t\u0259nda\u015f\u0131d\u0131r\u201d, &#8211; m\u0259lumatda qeyd olunur. Lakin saxlan\u0131lanlar\u0131n hans\u0131 \u00f6lk\u0259nin v\u0259t\u0259nda\u015flar\u0131 olduqlar\u0131 a\u00e7\u0131qlanm\u0131r. M\u0259nb\u0259: TASS<\/p>\n","protected":false},"author":2,"featured_media":618249,"comment_status":"closed","ping_status":"closed","sticky":false,"template":"","format":"standard","meta":{"om_disable_all_campaigns":false,"_monsterinsights_skip_tracking":false,"_monsterinsights_sitenote_active":false,"_monsterinsights_sitenote_note":"","_monsterinsights_sitenote_category":0},"categories":[7],"tags":[],"aioseo_notices":[],"gutentor_comment":0,"rttpg_featured_image_url":{"full":["https:\/\/arantv.az\/wp-content\/uploads\/2023\/08\/FotoJet-2023-08-11T083842.118.jpg",620,413,false],"landscape":["https:\/\/arantv.az\/wp-content\/uploads\/2023\/08\/FotoJet-2023-08-11T083842.118.jpg",620,413,false],"portraits":["https:\/\/arantv.az\/wp-content\/uploads\/2023\/08\/FotoJet-2023-08-11T083842.118.jpg",620,413,false],"thumbnail":["https:\/\/arantv.az\/wp-content\/uploads\/2023\/08\/FotoJet-2023-08-11T083842.118-500x280.jpg",500,280,true],"medium":["https:\/\/arantv.az\/wp-content\/uploads\/2023\/08\/FotoJet-2023-08-11T083842.118-548x365.jpg",548,365,true],"large":["https:\/\/arantv.az\/wp-content\/uploads\/2023\/08\/FotoJet-2023-08-11T083842.118.jpg",620,413,false],"1536x1536":["https:\/\/arantv.az\/wp-content\/uploads\/2023\/08\/FotoJet-2023-08-11T083842.118.jpg",620,413,false],"2048x2048":["https:\/\/arantv.az\/wp-content\/uploads\/2023\/08\/FotoJet-2023-08-11T083842.118.jpg",620,413,false],"post-thumbnail":["https:\/\/arantv.az\/wp-content\/uploads\/2023\/08\/FotoJet-2023-08-11T083842.118-240x172.jpg",240,172,true],"advps-thumb-one":["https:\/\/arantv.az\/wp-content\/uploads\/2023\/08\/FotoJet-2023-08-11T083842.118.jpg",620,413,false]},"rttpg_author":{"display_name":"V\u00fcsal Rafiqo\u011flu","author_link":"https:\/\/arantv.az\/?author=2"},"rttpg_comment":0,"rttpg_category":"<a href=\"https:\/\/arantv.az\/?cat=7\" rel=\"category\">D\u00fcnya<\/a>","rttpg_excerpt":"Ekvador prezidentliyin\u0259 namiz\u0259d Fernando Vilyavisensionun q\u0259tlin\u0259 g\u00f6r\u0259 saxlan\u0131lanlar\u0131n ham\u0131s\u0131 ba\u015fqa \u00f6lk\u0259nin v\u0259t\u0259nda\u015f\u0131d\u0131r. Bu bar\u0259d\u0259 Ekvadorun Daxili \u0130\u015fl\u0259r Nazirliyi m\u0259lumat yay\u0131b. \u201cPolis Konokoto sektorunda v\u0259 \u015f\u0259h\u0259rin c\u0259nubunda bir ne\u00e7\u0259 \u00fcnvanda axtar\u0131\u015flar apar\u0131b. N\u0259tic\u0259d\u0259 alt\u0131 n\u0259f\u0259r saxlan\u0131l\u0131b, onlar\u0131n ham\u0131s\u0131 ba\u015fqa \u00f6lk\u0259nin v\u0259t\u0259nda\u015f\u0131d\u0131r\u201d, &#8211; m\u0259lumatda qeyd olunur. Lakin saxlan\u0131lanlar\u0131n hans\u0131 \u00f6lk\u0259nin v\u0259t\u0259nda\u015flar\u0131 olduqlar\u0131 a\u00e7\u0131qlanm\u0131r. M\u0259nb\u0259: TASS","_links":{"self":[{"href":"https:\/\/arantv.az\/index.php?rest_route=\/wp\/v2\/posts\/618248"}],"collection":[{"href":"https:\/\/arantv.az\/index.php?rest_route=\/wp\/v2\/posts"}],"about":[{"href":"https:\/\/arantv.az\/index.php?rest_route=\/wp\/v2\/types\/post"}],"author":[{"embeddable":true,"href":"https:\/\/arantv.az\/index.php?rest_route=\/wp\/v2\/users\/2"}],"replies":[{"embeddable":true,"href":"https:\/\/arantv.az\/index.php?rest_route=%2Fwp%2Fv2%2Fcomments&post=618248"}],"version-history":[{"count":0,"href":"https:\/\/arantv.az\/index.php?rest_route=\/wp\/v2\/posts\/618248\/revisions"}],"wp:featuredmedia":[{"embeddable":true,"href":"https:\/\/arantv.az\/index.php?rest_route=\/wp\/v2\/media\/618249"}],"wp:attachment":[{"href":"https:\/\/arantv.az\/index.php?rest_route=%2Fwp%2Fv2%2Fmedia&parent=618248"}],"wp:term":[{"taxonomy":"category","embeddable":true,"href":"https:\/\/arantv.az\/index.php?rest_route=%2Fwp%2Fv2%2Fcategories&post=618248"},{"taxonomy":"post_tag","embeddable":true,"href":"https:\/\/arantv.az\/index.php?rest_route=%2Fwp%2Fv2%2Ftags&post=618248"}],"curies":[{"name":"wp","href":"https:\/\/api.w.org\/{rel}","templated":true}]}}