{"id":618254,"date":"2023-08-11T09:30:31","date_gmt":"2023-08-11T05:30:31","guid":{"rendered":"https:\/\/arantv.az\/?p=618254"},"modified":"2023-08-11T09:30:31","modified_gmt":"2023-08-11T05:30:31","slug":"abs-turkiy%c9%99nin-qarabaga-yolunu-acir-sensasion-b%c9%99yanatin-sifr%c9%99l%c9%99ri","status":"publish","type":"post","link":"https:\/\/arantv.az\/?p=618254","title":{"rendered":"AB\u015e T\u00fcrkiy\u0259nin Qaraba\u011fa yolunu a\u00e7\u0131r &#8211; sensasion b\u0259yanat\u0131n \u015fifr\u0259l\u0259ri"},"content":{"rendered":"<h3><strong>D\u00f6vl\u0259t Departamenti inan\u0131r ki, Ankara s\u00fclh sazi\u015find\u0259 rol oynaya bil\u0259r, t\u00fcrk masas\u0131 qurulmas\u0131 aktuald\u0131r; \u018frdo\u011fan-\u018fliyev-Pa\u015finyan aras\u0131nda s\u00fclh dan\u0131\u015f\u0131qlar\u0131 ba\u015flana bil\u0259rmi?<\/strong><\/h3>\n<p>AB\u015e D\u00f6vl\u0259t Departamentinin m\u0259tbuat katibi Metyu Miller Az\u0259rbaycan &#8211; Erm\u0259nistan m\u00fcnasib\u0259tl\u0259rinin normalla\u015fd\u0131r\u0131lmas\u0131 prosesind\u0259 Moskvan\u0131n v\u0259 Ankaran\u0131n rolu bar\u0259d\u0259 maraql\u0131 eyhamlar vurub. \u201cYeni M\u00fcsavat\u201d yada sal\u0131r ki, Metyu Miller \u0259n\u0259n\u0259vi brifinqd\u0259 \u201cTuran\u201d agentliynin sual\u0131n\u0131n cavab\u0131nda bildirib. \u201cBiz h\u0259min \u00f6lk\u0259l\u0259rl\u0259 birba\u015fa \u0259laq\u0259 saxlam\u0131\u015f\u0131q. X\u00fcsusi el\u00e7i Lui Bono ke\u00e7\u0259n h\u0259ft\u0259 b\u00f6lg\u0259y\u0259 s\u0259f\u0259r edib v\u0259 t\u0259r\u0259fl\u0259rl\u0259 birba\u015fa \u0259laq\u0259 saxlay\u0131b. Hesab edirik ki, bu m\u0259s\u0259l\u0259nin t\u0259r\u0259fi olmayan dig\u0259r \u00f6lk\u0259l\u0259rin h\u0259r hans\u0131 \u015f\u0259rhin\u0259 baxmayaraq, s\u00fclh raz\u0131la\u015fmas\u0131 \u0259ld\u0259 edil\u0259 bil\u0259r v\u0259 buna nail olmaq \u00fc\u00e7\u00fcn t\u0259r\u0259fl\u0259rl\u0259 i\u015fl\u0259m\u0259y\u0259 davam ed\u0259c\u0259yik\u201d, &#8211; dey\u0259 o s\u00f6yl\u0259yib.<\/p>\n<p>\u201cTuran\u201d agentliyinin m\u00fcxbiri h\u0259m\u00e7inin Metyu Millerd\u0259n D\u00f6vl\u0259t katibi Blinkenin t\u00fcrkiy\u0259li h\u0259mkar\u0131na \u00f6t\u0259n \u015f\u0259nb\u0259 g\u00fcn\u00fc z\u0259ng etdikd\u0259n sonra T\u00fcrkiy\u0259nin s\u00fclh prosesind\u0259ki haz\u0131rk\u0131 rolu bar\u0259d\u0259 d\u0259 soru\u015fub. \u201cM\u0259n bu bar\u0259d\u0259 \u0259trafl\u0131 dan\u0131\u015fmaq ist\u0259mir\u0259m &#8211; bu, \u00f6z\u0259l diplomatik s\u00f6hb\u0259tdir, lakin biz inan\u0131r\u0131q ki, T\u00fcrkiy\u0259 dig\u0259r m\u0259s\u0259l\u0259l\u0259rd\u0259 oldu\u011fu kimi, bu m\u0259s\u0259l\u0259d\u0259 d\u0259 m\u0259hsuldar rol oynaya bil\u0259r\u201d, Miller deyib. Millerin T\u00fcrkiy\u0259 bar\u0259d\u0259 dedikl\u0259ri ilginc v\u0259 perspektivlidir. Onun s\u00f6zl\u0259rin\u0259 g\u00f6r\u0259, Ankara Az\u0259rbaycan &#8211; Erm\u0259nistan m\u00fcnasib\u0259tl\u0259rinin normalla\u015fmas\u0131nda daha m\u0259hsuldar rol oynaya bil\u0259r. \u018fslind\u0259 Rusiyan\u0131n rolunu a\u00e7\u0131q iqnor edib v\u0259 \u201cbu m\u0259s\u0259l\u0259 iki d\u00f6vl\u0259t\u0259 aiddir\u201d dem\u0259kl\u0259 Rusiya bar\u0259d\u0259 dan\u0131\u015fmaq ist\u0259m\u0259diyini ifad\u0259 edib. Konkret deyils\u0259, AB\u015e prosesd\u0259 art\u0131q Moskvan\u0131n h\u0259r hans\u0131 rolunu q\u0259bul etm\u0259k ist\u0259mir. Prosesd\u0259 Rusiyan\u0131 iqnor etm\u0259kl\u0259 eyni anda T\u00fcrkiy\u0259 bar\u0259d\u0259 deyilmi\u015f bu s\u00f6zl\u0259r \u0259slind\u0259 Ankaran\u0131 daha f\u0259al diplomatiya y\u00fcr\u00fctm\u0259y\u0259 \u00e7a\u011f\u0131r\u0131\u015f kimi q\u0259bul edilm\u0259lidir.<\/p>\n<p>Bu ay\u0131n sonu is\u0259 Putinin T\u00fcrkiy\u0259 s\u0259f\u0259ri v\u0259 \u018frdo\u011fanla g\u00f6r\u00fc\u015f\u00fc n\u0259z\u0259rd\u0259 tutulur. Liderl\u0259r \u0259sas\u0259n \u201cTax\u0131l anla\u015fmas\u0131\u201dn\u0131 m\u00fczakir\u0259 ed\u0259c\u0259kl\u0259r, lakin masada C\u0259nubi Qafqaz\u0131n da olmas\u0131 istisna deyil. Eyni zamanda xat\u0131rlatmaq laz\u0131md\u0131r ki, \u018frdo\u011fan NATO-nun son sammitind\u0259 Qaraba\u011f\u0131n yuxar\u0131 \u0259razil\u0259rind\u0259 yerl\u0259\u015f\u0259n rus h\u0259rb\u00e7il\u0259rin ged\u0259c\u0259yini tarixi xat\u0131rlatm\u0131\u015fd\u0131 v\u0259 bu m\u0259s\u0259l\u0259nin d\u0259 prezidentl\u0259r s\u0259viyy\u0259sind\u0259 m\u00fczakir\u0259si m\u00fcmk\u00fcnd\u00fcr. Bununla yana\u015f\u0131, Va\u015finqtonun Bak\u0131 &#8211; \u0130r\u0259van m\u00f6vzusunda a\u00e7\u0131q \u015f\u0259kild\u0259 Ankaran\u0131 vasit\u0259\u00e7i kimi d\u0259st\u0259kl\u0259m\u0259si g\u00f6st\u0259rir ki, indi T\u00fcrkiy\u0259 daha s\u00fcr\u0259tli add\u0131mlar ata, Moskva qar\u015f\u0131s\u0131nda \u015f\u0259rtl\u0259r ir\u0259li s\u00fcr\u0259 bil\u0259r. \u00dcmumiyy\u0259tl\u0259, T\u00fcrkiy\u0259nin masada olmas\u0131 vacibdir. N\u0259 Moskva, n\u0259 Va\u015finqton, n\u0259 Br\u00fcssel dan\u0131\u015f\u0131qlar\u0131nda Ankara i\u015ftirak\u00e7\u0131 olmay\u0131b. \u0130ndi is\u0259 t\u00fcrk platformas\u0131 yarad\u0131la, Prezident \u018fliyevl\u0259 erm\u0259ni ba\u015f nazir Pa\u015finyan\u0131n \u0130stanbulda ikit\u0259r\u0259fli, yaxud \u00fc\u00e7t\u0259r\u0259fli (\u018frdo\u011fan\u0131n i\u015ftirak\u0131 il\u0259 &#8211; E.S) g\u00f6r\u00fc\u015fl\u0259ri ke\u00e7iril\u0259 bil\u0259r. A\u0130 v\u0259 AB\u015e bu platforman\u0131 da \u00f6zl\u0259rinin masas\u0131n\u0131n davam\u0131 kimi d\u0259st\u0259kl\u0259s\u0259l\u0259r, o zaman Moskvan\u0131n u\u011fursuz vasit\u0259\u00e7ilik s\u0259yl\u0259ri daha da \u0259h\u0259miyy\u0259tsizl\u0259\u015f\u0259c\u0259k.<\/p>\n<p><img loading=\"lazy\" src=\"https:\/\/cdn.musavat.com\/news\/thumbnails\/75058b3be3c7ef0407638c5fa64d0e56.jpg\" alt=\"Ter-Petrosyan \u201c70 illik sovet reall\u0131qlar\u0131\u201d dey\u0259nd\u0259 n\u0259y\u0259 i\u015far\u0259 edir? -  n\u00f6vb\u0259ti hiyl\u0259, yoxsa...\" width=\"720\" height=\"752\" \/><\/p>\n<p><strong><em>Murad Sad\u0259ddinov<\/em><\/strong><\/p>\n<p><em>Politoloq Murad Sad\u0259ddinovun \u201cYeni M\u00fcsavat\u201da bildirdiyin\u0259 g\u00f6r\u0259, Va\u015finqton, \u00e7ox t\u0259\u0259ss\u00fcf ki, xeyli vaxt itkisind\u0259n sonra bu q\u0259na\u0259t\u0259 g\u0259lib. \u201cT\u00fcrkiy\u0259nin b\u00f6lg\u0259y\u0259 t\u0259sirinin vacibliyini d\u0259f\u0259l\u0259rl\u0259 qeyd etmi\u015fik. \u00c7ox \u0259fsus ki, Bayden administrasiyas\u0131 bu m\u0259s\u0259l\u0259y\u0259 erm\u0259ni kontekstind\u0259n bax\u0131rd\u0131. H\u0259tta qondarma soyq\u0131r\u0131m\u0131 tan\u0131maqla ba\u011fl\u0131 m\u00f6vqe n\u00fcmayi\u015f etdirilmi\u015fdi. Ancaq indi Va\u015finqton anlay\u0131r ki, T\u00fcrkiy\u0259 \u0259n perspektivli vasit\u0259\u00e7idir. Ona g\u00f6r\u0259 asta-asta bu fikri s\u0259sl\u0259ndirm\u0259y\u0259 ba\u015flay\u0131blar\u201d,- dey\u0259 ekspert d\u00fc\u015f\u00fcn\u00fcr.<\/em><\/p>\n<p>Siyasi analitik hesab edir ki, buna x\u00fcsus\u0259n Rusiya v\u0259 Fransa q\u0131sqancl\u0131qla yana\u015facaq, h\u0259m\u00e7inin erm\u0259ni lobbisi qar\u015f\u0131 \u00e7\u0131xacaq: \u201cBiz kontur add\u0131mlar\u0131 da n\u0259z\u0259r\u0259 almal\u0131y\u0131q. Amma Pa\u015finyan praqmatik siyas\u0259t y\u00fcr\u00fcts\u0259, t\u0259zyiql\u0259r\u0259 tab g\u0259tirs\u0259, \u00f6z hakimiyy\u0259ti v\u0259 Erm\u0259nistan \u00fc\u00e7\u00fcn T\u00fcrkiy\u0259nin dan\u0131\u015f\u0131qlarda vasit\u0259\u00e7iliyinin ciddi d\u0259st\u0259yi olacaq. Bu masa gec &#8211; tez \u00f6z g\u00fcc\u00fcn\u00fc g\u00f6st\u0259r\u0259c\u0259k. Amma h\u0259r \u015fey \u0259ng\u0259l olan q\u00fcvv\u0259l\u0259rin t\u0259sirind\u0259n as\u0131l\u0131 olacaq. T\u00fcrkiy\u0259 onsuz da bu prosesin i\u00e7ind\u0259dir. Ankara Erm\u0259nistana \u00e7atd\u0131r\u0131b ki, \u0130r\u0259vanla diplomatik \u0259laq\u0259l\u0259rin qurulmas\u0131, quru s\u0259rh\u0259dl\u0259rin a\u00e7\u0131lmas\u0131 Az\u0259rbaycanla imzalanacaq s\u00fclh m\u00fcqavil\u0259si v\u0259 Z\u0259ng\u0259zur koridorunun a\u00e7\u0131lmas\u0131 il\u0259 ba\u011fl\u0131d\u0131r\u201d.<\/p>\n<p><img loading=\"lazy\" src=\"https:\/\/cdn.oxu.az\/uploads\/W1siZiIsIjIwMjIvMDQvMjEvMDkvMzYvMzEvZTA1YzY5NDQtZDYxZi00NTdmLTlkZmMtYjZlNDIzMGJiMmIxLzI3ODkxNDgwNl8zMzIzNDkwODU2NTk5MzFfMTc3ODM4OTk5MTYyODc1MjAwOV9uLmpwZyJdXQ?sha=23ffc20b4b3f08f4\" alt=\"Oxu.az - Ramiy\u0259 M\u0259mm\u0259dova: \u201cErm\u0259nil\u0259r T\u00fcrkiy\u0259d\u0259 pul qazan\u0131r, amma  Erm\u0259nistanda t\u00fcrk g\u00f6rm\u0259k ist\u0259mirl\u0259r\u201d\" width=\"890\" height=\"593\" \/><\/p>\n<p><strong>Ramiy\u0259 M\u0259mm\u0259dova<\/strong><\/p>\n<p><strong>Siyasi icmal\u00e7\u0131 Ramiy\u0259 M\u0259mm\u0259dova m\u00fcr\u0259kk\u0259b bir \u015f\u0259rait yarand\u0131\u011f\u0131n\u0131 hesablay\u0131r. Ekspert g\u00fcman edir ki, b\u00f6lg\u0259 u\u011frunda strateji m\u00fcbariz\u0259 s\u00fclh s\u0259n\u0259dinin imzalanmas\u0131n\u0131 tormozlay\u0131r. T\u0259hlil\u00e7inin fikrinc\u0259, r\u0259qab\u0259tin getm\u0259si bir yandan bizim \u00fc\u00e7\u00fcn s\u0259rf\u0259li ola bil\u0259r, amma \u00fcmumilikd\u0259 iki q\u00fctb\u00fcn qar\u015f\u0131durmas\u0131 tarixi s\u00fclh m\u00fcqavil\u0259sini ba\u011flama\u011fa mane olur:<\/strong>\u00a0\u201cAmerika onun \u0259li il\u0259 s\u0259n\u0259din imzalanmas\u0131nda maraql\u0131d\u0131r, Moskva is\u0259 buna imkan vermir. Kreml \u00f6z\u00fc d\u0259 s\u00fclh t\u0259r\u0259fdar\u0131 deyil, amma olsa bel\u0259, bu d\u0259f\u0259 Fransa, yaxud Avropa Birliyi hans\u0131sa m\u00fcdaxil\u0259l\u0259r ed\u0259 bil\u0259rl\u0259r. Regionda s\u00f6z sahibi kimin olaca\u011f\u0131 davas\u0131 gedir, n\u0259inki Erm\u0259nistanla Az\u0259rbaycan aras\u0131nda s\u00fclh m\u00fcqavil\u0259sini imzalatmaq. Dig\u0259r t\u0259r\u0259fd\u0259n, Prezident \u201dEuronews&#8221; telekanal\u0131na m\u00fcsahib\u0259sind\u0259 bu m\u0259s\u0259l\u0259 haqda suala ayd\u0131n cavab verdi. D\u00f6vl\u0259t ba\u015f\u00e7\u0131s\u0131 dedi ki, Ukrayna m\u00fcharib\u0259sin\u0259 q\u0259d\u0259r Rusiya vasit\u0259\u00e7i kimi t\u0259\u015f\u0259bb\u00fcskar idi. Amma sonralar t\u0259\u015f\u0259bb\u00fcs Avropa Birliyin\u0259 ke\u00e7di. O dedi ki, vasit\u0259\u00e7inin f\u0259rqi yoxdur, t\u0259ki s\u00fclh sazi\u015fi imzalans\u0131n. Ona g\u00f6r\u0259 Amerikan\u0131n T\u00fcrkiy\u0259nin roluna qiym\u0259t verm\u0259si yeni situasiyad\u0131r. AB\u015e C\u0259nubi Qafqazda NATO \u00f6lk\u0259si olan T\u00fcrkiy\u0259 il\u0259 t\u0259msil olunma\u011fa \u00e7al\u0131\u015f\u0131r. Bunu ikinci m\u00fcharib\u0259 d\u0259 t\u0259sdiql\u0259di, postm\u00fcnaqi\u015f\u0259 d\u00f6vr\u00fc d\u0259&#8230;&#8221;<\/p>\n<p>Ekspertin fikrinc\u0259, sad\u0259c\u0259, Pa\u015finyanda siyasi irad\u0259 olmal\u0131d\u0131r ki, Ankaran\u0131n vasit\u0259\u00e7iliyin\u0259 raz\u0131la\u015fs\u0131n: \u201cErm\u0259ni ba\u015f nazir T\u00fcrkiy\u0259y\u0259 s\u0259f\u0259r edib, \u018frdo\u011fan\u0131n inauqurasiya m\u0259rasimind\u0259 i\u015ftirak edib, xarici i\u015fl\u0259r naziri Ararat Mirzoyan da T\u00fcrkiy\u0259d\u0259 olub, habel\u0259 z\u0259lz\u0259l\u0259y\u0259 g\u00f6r\u0259 Erm\u0259nistan humanitar yard\u0131m g\u00f6nd\u0259rib, T\u00fcrkiy\u0259 hava m\u0259kan\u0131n\u0131 a\u00e7\u0131q qoyub, k\u0259s\u0259si, Pa\u015finyan\u0131n T\u00fcrkiy\u0259nin vasit\u0259\u00e7ilik missiyas\u0131na m\u0259nfi yana\u015fmas\u0131 \u00fc\u00e7\u00fcn he\u00e7 bir s\u0259b\u0259b yoxdur\u201d.<\/p>\n","protected":false},"excerpt":{"rendered":"<p>D\u00f6vl\u0259t Departamenti inan\u0131r ki, Ankara s\u00fclh sazi\u015find\u0259 rol oynaya bil\u0259r, t\u00fcrk masas\u0131 qurulmas\u0131 aktuald\u0131r; \u018frdo\u011fan-\u018fliyev-Pa\u015finyan aras\u0131nda s\u00fclh dan\u0131\u015f\u0131qlar\u0131 ba\u015flana bil\u0259rmi? AB\u015e D\u00f6vl\u0259t Departamentinin m\u0259tbuat katibi Metyu Miller Az\u0259rbaycan &#8211; Erm\u0259nistan m\u00fcnasib\u0259tl\u0259rinin normalla\u015fd\u0131r\u0131lmas\u0131 prosesind\u0259 Moskvan\u0131n v\u0259 Ankaran\u0131n rolu bar\u0259d\u0259 maraql\u0131 eyhamlar vurub. \u201cYeni M\u00fcsavat\u201d yada sal\u0131r ki, Metyu Miller \u0259n\u0259n\u0259vi brifinqd\u0259 \u201cTuran\u201d agentliynin sual\u0131n\u0131n cavab\u0131nda bildirib. \u201cBiz h\u0259min \u00f6lk\u0259l\u0259rl\u0259 birba\u015fa \u0259laq\u0259 saxlam\u0131\u015f\u0131q. X\u00fcsusi el\u00e7i Lui Bono ke\u00e7\u0259n h\u0259ft\u0259 b\u00f6lg\u0259y\u0259 s\u0259f\u0259r edib v\u0259 t\u0259r\u0259fl\u0259rl\u0259 birba\u015fa \u0259laq\u0259 saxlay\u0131b. Hesab edirik ki, bu m\u0259s\u0259l\u0259nin t\u0259r\u0259fi olmayan dig\u0259r \u00f6lk\u0259l\u0259rin h\u0259r hans\u0131 \u015f\u0259rhin\u0259 baxmayaraq, s\u00fclh raz\u0131la\u015fmas\u0131&hellip;<\/p>\n","protected":false},"author":2,"featured_media":618255,"comment_status":"closed","ping_status":"closed","sticky":false,"template":"","format":"standard","meta":{"om_disable_all_campaigns":false,"_monsterinsights_skip_tracking":false,"_monsterinsights_sitenote_active":false,"_monsterinsights_sitenote_note":"","_monsterinsights_sitenote_category":0},"categories":[4],"tags":[],"aioseo_notices":[],"gutentor_comment":0,"rttpg_featured_image_url":{"full":["https:\/\/arantv.az\/wp-content\/uploads\/2023\/08\/bd86e448e163004195f33d5db69fd52d.jpg",734,389,false],"landscape":["https:\/\/arantv.az\/wp-content\/uploads\/2023\/08\/bd86e448e163004195f33d5db69fd52d.jpg",734,389,false],"portraits":["https:\/\/arantv.az\/wp-content\/uploads\/2023\/08\/bd86e448e163004195f33d5db69fd52d.jpg",734,389,false],"thumbnail":["https:\/\/arantv.az\/wp-content\/uploads\/2023\/08\/bd86e448e163004195f33d5db69fd52d-500x280.jpg",500,280,true],"medium":["https:\/\/arantv.az\/wp-content\/uploads\/2023\/08\/bd86e448e163004195f33d5db69fd52d-660x350.jpg",660,350,true],"large":["https:\/\/arantv.az\/wp-content\/uploads\/2023\/08\/bd86e448e163004195f33d5db69fd52d.jpg",640,339,false],"1536x1536":["https:\/\/arantv.az\/wp-content\/uploads\/2023\/08\/bd86e448e163004195f33d5db69fd52d.jpg",734,389,false],"2048x2048":["https:\/\/arantv.az\/wp-content\/uploads\/2023\/08\/bd86e448e163004195f33d5db69fd52d.jpg",734,389,false],"post-thumbnail":["https:\/\/arantv.az\/wp-content\/uploads\/2023\/08\/bd86e448e163004195f33d5db69fd52d-240x172.jpg",240,172,true],"advps-thumb-one":["https:\/\/arantv.az\/wp-content\/uploads\/2023\/08\/bd86e448e163004195f33d5db69fd52d.jpg",734,389,false]},"rttpg_author":{"display_name":"V\u00fcsal Rafiqo\u011flu","author_link":"https:\/\/arantv.az\/?author=2"},"rttpg_comment":0,"rttpg_category":"<a href=\"https:\/\/arantv.az\/?cat=4\" rel=\"category\">Siyas\u0259t<\/a>","rttpg_excerpt":"D\u00f6vl\u0259t Departamenti inan\u0131r ki, Ankara s\u00fclh sazi\u015find\u0259 rol oynaya bil\u0259r, t\u00fcrk masas\u0131 qurulmas\u0131 aktuald\u0131r; \u018frdo\u011fan-\u018fliyev-Pa\u015finyan aras\u0131nda s\u00fclh dan\u0131\u015f\u0131qlar\u0131 ba\u015flana bil\u0259rmi? AB\u015e D\u00f6vl\u0259t Departamentinin m\u0259tbuat katibi Metyu Miller Az\u0259rbaycan &#8211; Erm\u0259nistan m\u00fcnasib\u0259tl\u0259rinin normalla\u015fd\u0131r\u0131lmas\u0131 prosesind\u0259 Moskvan\u0131n v\u0259 Ankaran\u0131n rolu bar\u0259d\u0259 maraql\u0131 eyhamlar vurub. \u201cYeni M\u00fcsavat\u201d yada sal\u0131r ki, Metyu Miller \u0259n\u0259n\u0259vi brifinqd\u0259 \u201cTuran\u201d agentliynin sual\u0131n\u0131n cavab\u0131nda bildirib.&hellip;","_links":{"self":[{"href":"https:\/\/arantv.az\/index.php?rest_route=\/wp\/v2\/posts\/618254"}],"collection":[{"href":"https:\/\/arantv.az\/index.php?rest_route=\/wp\/v2\/posts"}],"about":[{"href":"https:\/\/arantv.az\/index.php?rest_route=\/wp\/v2\/types\/post"}],"author":[{"embeddable":true,"href":"https:\/\/arantv.az\/index.php?rest_route=\/wp\/v2\/users\/2"}],"replies":[{"embeddable":true,"href":"https:\/\/arantv.az\/index.php?rest_route=%2Fwp%2Fv2%2Fcomments&post=618254"}],"version-history":[{"count":0,"href":"https:\/\/arantv.az\/index.php?rest_route=\/wp\/v2\/posts\/618254\/revisions"}],"wp:featuredmedia":[{"embeddable":true,"href":"https:\/\/arantv.az\/index.php?rest_route=\/wp\/v2\/media\/618255"}],"wp:attachment":[{"href":"https:\/\/arantv.az\/index.php?rest_route=%2Fwp%2Fv2%2Fmedia&parent=618254"}],"wp:term":[{"taxonomy":"category","embeddable":true,"href":"https:\/\/arantv.az\/index.php?rest_route=%2Fwp%2Fv2%2Fcategories&post=618254"},{"taxonomy":"post_tag","embeddable":true,"href":"https:\/\/arantv.az\/index.php?rest_route=%2Fwp%2Fv2%2Ftags&post=618254"}],"curies":[{"name":"wp","href":"https:\/\/api.w.org\/{rel}","templated":true}]}}