{"id":618269,"date":"2023-08-11T10:17:09","date_gmt":"2023-08-11T06:17:09","guid":{"rendered":"https:\/\/arantv.az\/?p=618269"},"modified":"2023-08-11T10:17:09","modified_gmt":"2023-08-11T06:17:09","slug":"vusal%c9%99-%c9%99lizad%c9%99-atvd%c9%99n-ayrildi-foto","status":"publish","type":"post","link":"https:\/\/arantv.az\/?p=618269","title":{"rendered":"V\u00fcsal\u0259 \u018flizad\u0259 \u201cATV\u201dd\u0259n ayr\u0131ld\u0131 &#8211; FOTO"},"content":{"rendered":"<p>Uzun ill\u0259r Azad Az\u0259rbaycan (ATV) televiziyas\u0131nda \u00e7al\u0131\u015fan apar\u0131c\u0131 V\u00fcsal\u0259 \u018flizad\u0259 kanaldan ayr\u0131l\u0131b.<\/p>\n<p>Apar\u0131c\u0131 bu bar\u0259d\u0259 \u00f6z \u201cInstagram\u201d hesab\u0131nda payla\u015f\u0131m edib.<\/p>\n<p>\u201cBu g\u00fcn 20 illik \u0259m\u0259yim olan, \u201cata oca\u011f\u0131\u201d q\u0259d\u0259r m\u0259n\u0259 do\u011fma, \u0259ziz ATV telekanal\u0131ndan \u201c\u00d6z ist\u0259yiml\u0259 xahi\u015f edir\u0259m, m\u0259ni tutdu\u011fum v\u0259zif\u0259d\u0259n azad ed\u0259siniz\u201d m\u00fcraci\u0259ti il\u0259 ayr\u0131ld\u0131m. \u0130ki ayd\u0131r, bilib-bilm\u0259d\u0259n dan\u0131\u015fanlar, yazanlar, yozanlar, bilin ki, m\u00fcnasib\u0259tl\u0259r h\u00f6rm\u0259tli, q\u0259rarlar say\u011f\u0131 duyularaq g\u00f6z\u0259ldir v\u0259 biz bel\u0259 ayr\u0131ld\u0131q, \u00e7\u00fcnki m\u0259n q\u0259rarlar\u0131m\u0131 ver\u0259rk\u0259n n\u0259 \u015fi\u015fi bada verir\u0259m, n\u0259 kabab\u0131. H\u0259r \u015fey \u00f6l\u00e7\u00fcd\u0259 g\u00f6z\u0259ldir.<\/p>\n<p>\u0130\u015fimi, s\u0259n\u0259timi, s\u0259hn\u0259mi, m\u0259ni sevib g\u00f6zl\u0259y\u0259n, bu iki ay \u0259rzind\u0259 axtaran tama\u015fa\u00e7\u0131m\u0131 \u00e7ox sevir\u0259m. Yeni m\u00f6vs\u00fcmd\u0259 b\u00fct\u00fcn h\u0259mkarlar\u0131ma v\u0259 \u00f6z\u00fcm\u0259 bol \u015fans arzu edir\u0259m. Tezlikl\u0259 g\u00f6r\u00fc\u015f\u0259rik\u201d, &#8211; dey\u0259 V\u00fcsal\u0259 vur\u011fulay\u0131b.<\/p>\n<p>&nbsp;<\/p>\n<div class=\"gallery\">\n<div class=\"gallery-i\"><img src=\"https:\/\/cdn.oxu.az\/uploads\/W1siZiIsIjIwMjMvMDgvMTEvMDkvMjAvNTYvNGM1ZjEwNGItNzIyNy00MTM5LWE0NzUtZmM2OTYwOWRmNTQxLzZjNjRmZDVhLTNjYTQtNDA2ZC04OGQ3LTFlZjU4YzZkZmY5OS5qcGVnIl0sWyJwIiwiZW5jb2RlIiwianBnIiwiLXF1YWxpdHkgODAiXSxbInAiLCJ0aHVtYiIsIjU5MHg1OTBcdTAwM2UiXV0?sha=f8c170abea147ea0\" alt=\"\" \/><\/div>\n<\/div>\n","protected":false},"excerpt":{"rendered":"<p>Uzun ill\u0259r Azad Az\u0259rbaycan (ATV) televiziyas\u0131nda \u00e7al\u0131\u015fan apar\u0131c\u0131 V\u00fcsal\u0259 \u018flizad\u0259 kanaldan ayr\u0131l\u0131b. Apar\u0131c\u0131 bu bar\u0259d\u0259 \u00f6z \u201cInstagram\u201d hesab\u0131nda payla\u015f\u0131m edib. \u201cBu g\u00fcn 20 illik \u0259m\u0259yim olan, \u201cata oca\u011f\u0131\u201d q\u0259d\u0259r m\u0259n\u0259 do\u011fma, \u0259ziz ATV telekanal\u0131ndan \u201c\u00d6z ist\u0259yiml\u0259 xahi\u015f edir\u0259m, m\u0259ni tutdu\u011fum v\u0259zif\u0259d\u0259n azad ed\u0259siniz\u201d m\u00fcraci\u0259ti il\u0259 ayr\u0131ld\u0131m. \u0130ki ayd\u0131r, bilib-bilm\u0259d\u0259n dan\u0131\u015fanlar, yazanlar, yozanlar, bilin ki, m\u00fcnasib\u0259tl\u0259r h\u00f6rm\u0259tli, q\u0259rarlar say\u011f\u0131 duyularaq g\u00f6z\u0259ldir v\u0259 biz bel\u0259 ayr\u0131ld\u0131q, \u00e7\u00fcnki m\u0259n q\u0259rarlar\u0131m\u0131 ver\u0259rk\u0259n n\u0259 \u015fi\u015fi bada verir\u0259m, n\u0259 kabab\u0131. H\u0259r \u015fey \u00f6l\u00e7\u00fcd\u0259 g\u00f6z\u0259ldir. \u0130\u015fimi, s\u0259n\u0259timi, s\u0259hn\u0259mi, m\u0259ni sevib g\u00f6zl\u0259y\u0259n, bu iki ay \u0259rzind\u0259 axtaran tama\u015fa\u00e7\u0131m\u0131&hellip;<\/p>\n","protected":false},"author":2,"featured_media":618270,"comment_status":"closed","ping_status":"closed","sticky":false,"template":"","format":"standard","meta":{"om_disable_all_campaigns":false,"_monsterinsights_skip_tracking":false,"_monsterinsights_sitenote_active":false,"_monsterinsights_sitenote_note":"","_monsterinsights_sitenote_category":0},"categories":[20],"tags":[],"aioseo_notices":[],"gutentor_comment":0,"rttpg_featured_image_url":{"full":["https:\/\/arantv.az\/wp-content\/uploads\/2023\/08\/FotoJet-2023-08-11T101310.337.jpg",620,413,false],"landscape":["https:\/\/arantv.az\/wp-content\/uploads\/2023\/08\/FotoJet-2023-08-11T101310.337.jpg",620,413,false],"portraits":["https:\/\/arantv.az\/wp-content\/uploads\/2023\/08\/FotoJet-2023-08-11T101310.337.jpg",620,413,false],"thumbnail":["https:\/\/arantv.az\/wp-content\/uploads\/2023\/08\/FotoJet-2023-08-11T101310.337-500x280.jpg",500,280,true],"medium":["https:\/\/arantv.az\/wp-content\/uploads\/2023\/08\/FotoJet-2023-08-11T101310.337-548x365.jpg",548,365,true],"large":["https:\/\/arantv.az\/wp-content\/uploads\/2023\/08\/FotoJet-2023-08-11T101310.337.jpg",620,413,false],"1536x1536":["https:\/\/arantv.az\/wp-content\/uploads\/2023\/08\/FotoJet-2023-08-11T101310.337.jpg",620,413,false],"2048x2048":["https:\/\/arantv.az\/wp-content\/uploads\/2023\/08\/FotoJet-2023-08-11T101310.337.jpg",620,413,false],"post-thumbnail":["https:\/\/arantv.az\/wp-content\/uploads\/2023\/08\/FotoJet-2023-08-11T101310.337-240x172.jpg",240,172,true],"advps-thumb-one":["https:\/\/arantv.az\/wp-content\/uploads\/2023\/08\/FotoJet-2023-08-11T101310.337.jpg",620,413,false]},"rttpg_author":{"display_name":"V\u00fcsal Rafiqo\u011flu","author_link":"https:\/\/arantv.az\/?author=2"},"rttpg_comment":0,"rttpg_category":"<a href=\"https:\/\/arantv.az\/?cat=20\" rel=\"category\">\u015eou biznes<\/a>","rttpg_excerpt":"Uzun ill\u0259r Azad Az\u0259rbaycan (ATV) televiziyas\u0131nda \u00e7al\u0131\u015fan apar\u0131c\u0131 V\u00fcsal\u0259 \u018flizad\u0259 kanaldan ayr\u0131l\u0131b. Apar\u0131c\u0131 bu bar\u0259d\u0259 \u00f6z \u201cInstagram\u201d hesab\u0131nda payla\u015f\u0131m edib. \u201cBu g\u00fcn 20 illik \u0259m\u0259yim olan, \u201cata oca\u011f\u0131\u201d q\u0259d\u0259r m\u0259n\u0259 do\u011fma, \u0259ziz ATV telekanal\u0131ndan \u201c\u00d6z ist\u0259yiml\u0259 xahi\u015f edir\u0259m, m\u0259ni tutdu\u011fum v\u0259zif\u0259d\u0259n azad ed\u0259siniz\u201d m\u00fcraci\u0259ti il\u0259 ayr\u0131ld\u0131m. \u0130ki ayd\u0131r, bilib-bilm\u0259d\u0259n dan\u0131\u015fanlar, yazanlar, yozanlar, bilin ki, m\u00fcnasib\u0259tl\u0259r&hellip;","_links":{"self":[{"href":"https:\/\/arantv.az\/index.php?rest_route=\/wp\/v2\/posts\/618269"}],"collection":[{"href":"https:\/\/arantv.az\/index.php?rest_route=\/wp\/v2\/posts"}],"about":[{"href":"https:\/\/arantv.az\/index.php?rest_route=\/wp\/v2\/types\/post"}],"author":[{"embeddable":true,"href":"https:\/\/arantv.az\/index.php?rest_route=\/wp\/v2\/users\/2"}],"replies":[{"embeddable":true,"href":"https:\/\/arantv.az\/index.php?rest_route=%2Fwp%2Fv2%2Fcomments&post=618269"}],"version-history":[{"count":0,"href":"https:\/\/arantv.az\/index.php?rest_route=\/wp\/v2\/posts\/618269\/revisions"}],"wp:featuredmedia":[{"embeddable":true,"href":"https:\/\/arantv.az\/index.php?rest_route=\/wp\/v2\/media\/618270"}],"wp:attachment":[{"href":"https:\/\/arantv.az\/index.php?rest_route=%2Fwp%2Fv2%2Fmedia&parent=618269"}],"wp:term":[{"taxonomy":"category","embeddable":true,"href":"https:\/\/arantv.az\/index.php?rest_route=%2Fwp%2Fv2%2Fcategories&post=618269"},{"taxonomy":"post_tag","embeddable":true,"href":"https:\/\/arantv.az\/index.php?rest_route=%2Fwp%2Fv2%2Ftags&post=618269"}],"curies":[{"name":"wp","href":"https:\/\/api.w.org\/{rel}","templated":true}]}}