{"id":618278,"date":"2023-08-11T10:19:55","date_gmt":"2023-08-11T06:19:55","guid":{"rendered":"https:\/\/arantv.az\/?p=618278"},"modified":"2023-08-11T10:19:55","modified_gmt":"2023-08-11T06:19:55","slug":"bacisini-q%c9%99tl%c9%99-yetir%c9%99n-qardas-x%c9%99st%c9%99xanaya-gond%c9%99rildi","status":"publish","type":"post","link":"https:\/\/arantv.az\/?p=618278","title":{"rendered":"Bac\u0131s\u0131n\u0131 q\u0259tl\u0259 yetir\u0259n qarda\u015f x\u0259st\u0259xanaya g\u00f6nd\u0259rildi"},"content":{"rendered":"<p>L\u0259nk\u0259ran A\u011f\u0131r Cinay\u0259tl\u0259r M\u0259hk\u0259m\u0259sind\u0259 A\u011fcab\u0259did\u0259 q\u0259tl t\u00f6r\u0259tm\u0259kd\u0259 t\u0259qsirl\u0259ndiril\u0259n Bayram Xudaverdiyevin cinay\u0259t i\u015fi \u00fczr\u0259 m\u0259hk\u0259m\u0259 istintaq\u0131 yekunla\u015f\u0131b.<\/p>\n<p>Pravda.az x\u0259b\u0259r verir ki, hakim M\u00fc\u015ffiq M\u0259mm\u0259dovun s\u0259drliyi il\u0259 ke\u00e7iril\u0259n prosesd\u0259 h\u00f6km oxunub. M\u0259hk\u0259m\u0259nin h\u00f6km\u00fc il\u0259 B.Xudaverdiyevin ictimai t\u0259hl\u00fck\u0259li \u0259m\u0259li anlaqs\u0131z v\u0259ziyy\u0259td\u0259 t\u00f6r\u0259tm\u0259si s\u00fcbuta yetirilmi\u015f hesab edilib. O, cinay\u0259t m\u0259suliyy\u0259tind\u0259n azad olunub.<\/p>\n<p>T\u0259qsirl\u0259ndiril\u0259n \u015f\u0259xs bar\u0259sind\u0259 tibbi xarakterli m\u0259cburi t\u0259dbirl\u0259r t\u0259tbiq edilib. Q\u0259rar\u0131n icras\u0131 Respublika Psixiatriya X\u0259st\u0259xanas\u0131na tap\u015f\u0131r\u0131l\u0131b.<\/p>\n<p>Qeyd ed\u0259k ki, q\u0259tl hadis\u0259si \u00f6t\u0259n ilin yay\u0131nda A\u011fcab\u0259dinin Aran k\u0259ndind\u0259 qeyd\u0259 al\u0131n\u0131b. H\u0259min k\u0259ndd\u0259 m\u00fcv\u0259qq\u0259ti m\u0259skunla\u015fan La\u00e7\u0131n rayonundan olan 30 ya\u015fl\u0131 Lamiy\u0259 Abdullayevan\u0131 qarda\u015f\u0131, 26 ya\u015fl\u0131 Bayram Xudaverdiyev \u00f6ld\u00fcr\u00fcb. Hadis\u0259nin \u015f\u0259xsi m\u00fcnasib\u0259tl\u0259r z\u0259minind\u0259 aralar\u0131nda yaranm\u0131\u015f m\u00fcbahis\u0259 zaman\u0131 ba\u015f verdiyi bildirilir.<\/p>\n<p>Onu da \u0259lav\u0259 ed\u0259k ki, qarda\u015f\u0131 t\u0259r\u0259find\u0259n q\u0259tl\u0259 yetiril\u0259n qad\u0131n ail\u0259li olub. Onun iki azya\u015fl\u0131 \u00f6vlad\u0131 var.<\/p>\n","protected":false},"excerpt":{"rendered":"<p>L\u0259nk\u0259ran A\u011f\u0131r Cinay\u0259tl\u0259r M\u0259hk\u0259m\u0259sind\u0259 A\u011fcab\u0259did\u0259 q\u0259tl t\u00f6r\u0259tm\u0259kd\u0259 t\u0259qsirl\u0259ndiril\u0259n Bayram Xudaverdiyevin cinay\u0259t i\u015fi \u00fczr\u0259 m\u0259hk\u0259m\u0259 istintaq\u0131 yekunla\u015f\u0131b. Pravda.az x\u0259b\u0259r verir ki, hakim M\u00fc\u015ffiq M\u0259mm\u0259dovun s\u0259drliyi il\u0259 ke\u00e7iril\u0259n prosesd\u0259 h\u00f6km oxunub. M\u0259hk\u0259m\u0259nin h\u00f6km\u00fc il\u0259 B.Xudaverdiyevin ictimai t\u0259hl\u00fck\u0259li \u0259m\u0259li anlaqs\u0131z v\u0259ziyy\u0259td\u0259 t\u00f6r\u0259tm\u0259si s\u00fcbuta yetirilmi\u015f hesab edilib. O, cinay\u0259t m\u0259suliyy\u0259tind\u0259n azad olunub. T\u0259qsirl\u0259ndiril\u0259n \u015f\u0259xs bar\u0259sind\u0259 tibbi xarakterli m\u0259cburi t\u0259dbirl\u0259r t\u0259tbiq edilib. Q\u0259rar\u0131n icras\u0131 Respublika Psixiatriya X\u0259st\u0259xanas\u0131na tap\u015f\u0131r\u0131l\u0131b. Qeyd ed\u0259k ki, q\u0259tl hadis\u0259si \u00f6t\u0259n ilin yay\u0131nda A\u011fcab\u0259dinin Aran k\u0259ndind\u0259 qeyd\u0259 al\u0131n\u0131b. H\u0259min k\u0259ndd\u0259 m\u00fcv\u0259qq\u0259ti m\u0259skunla\u015fan La\u00e7\u0131n rayonundan olan 30 ya\u015fl\u0131 Lamiy\u0259 Abdullayevan\u0131 qarda\u015f\u0131, 26 ya\u015fl\u0131&hellip;<\/p>\n","protected":false},"author":2,"featured_media":618279,"comment_status":"closed","ping_status":"closed","sticky":false,"template":"","format":"standard","meta":{"om_disable_all_campaigns":false,"_monsterinsights_skip_tracking":false,"_monsterinsights_sitenote_active":false,"_monsterinsights_sitenote_note":"","_monsterinsights_sitenote_category":0},"categories":[5],"tags":[],"aioseo_notices":[],"gutentor_comment":0,"rttpg_featured_image_url":{"full":["https:\/\/arantv.az\/wp-content\/uploads\/2023\/08\/351847486.jpg",620,413,false],"landscape":["https:\/\/arantv.az\/wp-content\/uploads\/2023\/08\/351847486.jpg",620,413,false],"portraits":["https:\/\/arantv.az\/wp-content\/uploads\/2023\/08\/351847486.jpg",620,413,false],"thumbnail":["https:\/\/arantv.az\/wp-content\/uploads\/2023\/08\/351847486-500x280.jpg",500,280,true],"medium":["https:\/\/arantv.az\/wp-content\/uploads\/2023\/08\/351847486-548x365.jpg",548,365,true],"large":["https:\/\/arantv.az\/wp-content\/uploads\/2023\/08\/351847486.jpg",620,413,false],"1536x1536":["https:\/\/arantv.az\/wp-content\/uploads\/2023\/08\/351847486.jpg",620,413,false],"2048x2048":["https:\/\/arantv.az\/wp-content\/uploads\/2023\/08\/351847486.jpg",620,413,false],"post-thumbnail":["https:\/\/arantv.az\/wp-content\/uploads\/2023\/08\/351847486-240x172.jpg",240,172,true],"advps-thumb-one":["https:\/\/arantv.az\/wp-content\/uploads\/2023\/08\/351847486.jpg",620,413,false]},"rttpg_author":{"display_name":"V\u00fcsal Rafiqo\u011flu","author_link":"https:\/\/arantv.az\/?author=2"},"rttpg_comment":0,"rttpg_category":"<a href=\"https:\/\/arantv.az\/?cat=5\" rel=\"category\">Hadis\u0259<\/a>","rttpg_excerpt":"L\u0259nk\u0259ran A\u011f\u0131r Cinay\u0259tl\u0259r M\u0259hk\u0259m\u0259sind\u0259 A\u011fcab\u0259did\u0259 q\u0259tl t\u00f6r\u0259tm\u0259kd\u0259 t\u0259qsirl\u0259ndiril\u0259n Bayram Xudaverdiyevin cinay\u0259t i\u015fi \u00fczr\u0259 m\u0259hk\u0259m\u0259 istintaq\u0131 yekunla\u015f\u0131b. Pravda.az x\u0259b\u0259r verir ki, hakim M\u00fc\u015ffiq M\u0259mm\u0259dovun s\u0259drliyi il\u0259 ke\u00e7iril\u0259n prosesd\u0259 h\u00f6km oxunub. M\u0259hk\u0259m\u0259nin h\u00f6km\u00fc il\u0259 B.Xudaverdiyevin ictimai t\u0259hl\u00fck\u0259li \u0259m\u0259li anlaqs\u0131z v\u0259ziyy\u0259td\u0259 t\u00f6r\u0259tm\u0259si s\u00fcbuta yetirilmi\u015f hesab edilib. O, cinay\u0259t m\u0259suliyy\u0259tind\u0259n azad olunub. T\u0259qsirl\u0259ndiril\u0259n \u015f\u0259xs bar\u0259sind\u0259 tibbi xarakterli m\u0259cburi t\u0259dbirl\u0259r&hellip;","_links":{"self":[{"href":"https:\/\/arantv.az\/index.php?rest_route=\/wp\/v2\/posts\/618278"}],"collection":[{"href":"https:\/\/arantv.az\/index.php?rest_route=\/wp\/v2\/posts"}],"about":[{"href":"https:\/\/arantv.az\/index.php?rest_route=\/wp\/v2\/types\/post"}],"author":[{"embeddable":true,"href":"https:\/\/arantv.az\/index.php?rest_route=\/wp\/v2\/users\/2"}],"replies":[{"embeddable":true,"href":"https:\/\/arantv.az\/index.php?rest_route=%2Fwp%2Fv2%2Fcomments&post=618278"}],"version-history":[{"count":0,"href":"https:\/\/arantv.az\/index.php?rest_route=\/wp\/v2\/posts\/618278\/revisions"}],"wp:featuredmedia":[{"embeddable":true,"href":"https:\/\/arantv.az\/index.php?rest_route=\/wp\/v2\/media\/618279"}],"wp:attachment":[{"href":"https:\/\/arantv.az\/index.php?rest_route=%2Fwp%2Fv2%2Fmedia&parent=618278"}],"wp:term":[{"taxonomy":"category","embeddable":true,"href":"https:\/\/arantv.az\/index.php?rest_route=%2Fwp%2Fv2%2Fcategories&post=618278"},{"taxonomy":"post_tag","embeddable":true,"href":"https:\/\/arantv.az\/index.php?rest_route=%2Fwp%2Fv2%2Ftags&post=618278"}],"curies":[{"name":"wp","href":"https:\/\/api.w.org\/{rel}","templated":true}]}}