{"id":618281,"date":"2023-08-11T10:26:19","date_gmt":"2023-08-11T06:26:19","guid":{"rendered":"https:\/\/arantv.az\/?p=618281"},"modified":"2023-08-11T10:26:19","modified_gmt":"2023-08-11T06:26:19","slug":"litva-xarici-isl%c9%99r-nazirinin-tviti-vilnus-yen%c9%99-vali-d%c9%99yisdi","status":"publish","type":"post","link":"https:\/\/arantv.az\/?p=618281","title":{"rendered":"Litva xarici i\u015fl\u0259r nazirinin \u201ctvit\u201di &#8211; Viln\u00fcs yen\u0259 \u201cval\u0131\u201d d\u0259yi\u015fdi"},"content":{"rendered":"<h3><strong>Litvan\u0131n b\u0259zi r\u0259smi \u015f\u0259xsl\u0259ri ya Az\u0259rbaycanla m\u00fcnasib\u0259tl\u0259rin inki\u015faf\u0131nda maraql\u0131 deyil, ya da bu maraqlar erm\u0259ni yalan\u0131na qurban verilir<\/strong><\/h3>\n<p><em>Az\u0259rbaycan Xarici \u0130\u015fl\u0259r Nazirliyinin M\u0259tbuat xidm\u0259ti idar\u0259sinin r\u0259isi Ayxan Hac\u0131zad\u0259 Litvan\u0131n xarici i\u015fl\u0259r naziri Qabrielius Landsbergisin Tvitter payla\u015f\u0131m\u0131na cavab verib. X\u0130N r\u0259smisi litval\u0131 naziri saxta erm\u0259ni t\u0259bli\u011fat\u0131na aldanmama\u011fa \u00e7a\u011f\u0131r\u0131b. \u201cC\u0259nab nazir Landsbergis, yax\u015f\u0131 olard\u0131 ki, saxta erm\u0259ni t\u0259bli\u011fat\u0131na aldanmayas\u0131n\u0131z. La\u00e7\u0131n yolu Erm\u0259nistan t\u0259r\u0259find\u0259n son \u00fc\u00e7 il \u0259rzind\u0259 sui-istifad\u0259 edilib. T\u0259\u0259ss\u00fcf ki, b\u00fct\u00fcn bu ill\u0259r \u0259rzind\u0259 Litva susqunluq n\u00fcmayi\u015f etdirib\u201d, &#8211; o qeyd edib.<\/em><\/p>\n<p>Ayxan Hac\u0131zad\u0259 bildirib ki, Az\u0259rbaycan Erm\u0259nistan\u0131n pisniyy\u0259tli \u0259m\u0259ll\u0259rinin qar\u015f\u0131s\u0131n\u0131 almaq m\u0259qs\u0259dil\u0259 La\u00e7\u0131n s\u0259rh\u0259dind\u0259 yoxlan\u0131\u015f m\u0259nt\u0259q\u0259si yarad\u0131b v\u0259 \u00e7atd\u0131rmalar \u00fc\u00e7\u00fcn A\u011fdam-Xank\u0259ndi yolundan istifad\u0259 edilm\u0259sini t\u0259klif edib. \u201cBu arada is\u0259 Beyn\u0259lxalq \u018fdal\u0259t M\u0259hk\u0259m\u0259sinin 6 iyul q\u0259rar\u0131 Erm\u0259nistan\u0131n yoxlan\u0131\u015f m\u0259nt\u0259q\u0259sinin l\u0259\u011fvi \u00fc\u00e7\u00fcn m\u00fcraci\u0259tini yekdillikl\u0259 r\u0259dd edib. Az\u0259rbaycan erm\u0259ni sakinl\u0259rin h\u0259r iki istiqam\u0259td\u0259 n\u0259qlini asanla\u015fd\u0131r\u0131r. Erm\u0259nistan\u0131 s\u00fclh prosesini baltalamaq yerin\u0259, daha konstruktiv yana\u015fma n\u00fcmayi\u015f etdirm\u0259y\u0259 \u00e7a\u011f\u0131rmaq daha uy\u011fun olard\u0131\u201d, &#8211; Ayxan Hac\u0131zad\u0259 qeyd edib.<\/p>\n<p>Litvan\u0131n i\u015f\u011fal ill\u0259rind\u0259 v\u0259 m\u00fcharib\u0259 zaman\u0131 r\u0259smi Bak\u0131n\u0131 t\u0259min etm\u0259y\u0259n q\u0259r\u0259zli m\u00f6vqed\u0259 olmas\u0131 b\u0259llidir. Amma Az\u0259rbaycan Avropan\u0131n enerji t\u0259hl\u00fck\u0259sizliyini t\u0259min ed\u0259n \u00f6n\u0259mli \u00f6lk\u0259 kimi Litva il\u0259 \u0259laq\u0259l\u0259r\u0259 ciddi \u00f6n\u0259m verir. Enerji layih\u0259l\u0259rinin \u015fax\u0259l\u0259ndirilm\u0259si qar\u015f\u0131ya qoyulan \u0259sas h\u0259d\u0259fl\u0259rd\u0259ndir. Az\u0259rbaycan v\u0259 Litvan\u0131n d\u00f6vl\u0259t ba\u015f\u00e7\u0131lar\u0131 bu il yanvar\u0131n 18-d\u0259 Davosda g\u00f6r\u00fc\u015f\u00fcbl\u0259r. \u00d6t\u0259n il Litva prezidenti Az\u0259rbaycanda s\u0259f\u0259rd\u0259 olub. Bu ilin may\u0131nda is\u0259 Prezident \u0130lham \u018fliyev bu \u00f6lk\u0259y\u0259 s\u0259f\u0259r edib. S\u0259f\u0259r \u00e7\u0259r\u00e7iv\u0259sind\u0259 Litvan\u0131n Prezidenti Gitanas Nauseda v\u0259 bu \u00f6lk\u0259nin ba\u015f naziri xan\u0131m \u0130nqrida \u015eimonite il\u0259 g\u00f6r\u00fc\u015f oldu, m\u00fch\u00fcm s\u0259n\u0259dl\u0259r imzaland\u0131. H\u0259m\u00e7inin iki \u00f6lk\u0259nin i\u015f adamlar\u0131n\u0131n v\u0259 biznes dair\u0259l\u0259rinin i\u015ftirak\u0131 il\u0259 biznes forum da ke\u00e7irildi. B\u00fct\u00fcn bunlar Litva-Az\u0259rbaycan m\u00fcnasib\u0259tl\u0259rinin v\u0259 \u0259laq\u0259l\u0259rinin yeni m\u0259rh\u0259l\u0259y\u0259 q\u0259d\u0259m qoydu\u011funu dem\u0259y\u0259 \u0259sas verir. Amma bel\u0259 g\u00f6r\u00fcn\u00fcr ki, Litvan\u0131n b\u0259zi r\u0259smi \u015f\u0259xsl\u0259ri ya Az\u0259rbaycanla m\u00fcnasib\u0259tl\u0259rin inki\u015faf\u0131nda maraql\u0131 deyil, ya da bu maraqlar erm\u0259ni yalan\u0131na qurban verilir.<\/p>\n<p><img src=\"https:\/\/pravda.az\/cdn\/2020\/may\/15\/vuqariskenderov6.jpg\" alt=\"V\u00fcqar \u0130sk\u0259nd\u0259rov: \u201cErm\u0259nistan\u0131n siyasi ekspertl\u0259ri, deputatlar\u0131, sad\u0259  v\u0259t\u0259nda\u015flar\u0131 spikeri l\u0259n\u0259tl\u0259yirl\u0259r\u201d Pravda.az\" \/><\/p>\n<p><strong>\u00a0V\u00fcqar \u0130sg\u0259nd\u0259rov\u00a0<\/strong><\/p>\n<p><strong>Az\u0259rbaycan-Litva parlamentl\u0259raras\u0131 \u0259laq\u0259l\u0259r \u00fczr\u0259 i\u015f\u00e7i qrupunun \u00fczv\u00fc V\u00fcqar \u0130sg\u0259nd\u0259rov bu bar\u0259d\u0259 s\u0259rt dan\u0131\u015fd\u0131:<\/strong>\u00a0\u201c\u00dcmumiyy\u0259tl\u0259, 30 il\u0259 yax\u0131n m\u00fcnaqi\u015f\u0259 d\u00f6vr\u00fcnd\u0259 biz, t\u0259\u0259ss\u00fcfl\u0259r olsun ki, Litvan\u0131n bu m\u0259s\u0259l\u0259 il\u0259 ba\u011fl\u0131 susqunlu\u011funu g\u00f6rd\u00fck. Ya da ki, ara-s\u0131ra neytralla\u015fd\u0131r\u0131c\u0131 fikirl\u0259r s\u00f6yl\u0259yirdil\u0259r. Az\u0259rbaycan\u0131n V\u0259t\u0259n m\u00fcharib\u0259sind\u0259ki q\u0259l\u0259b\u0259sind\u0259n sonra bizim Litva il\u0259 \u0259laq\u0259l\u0259rimizin yax\u0131n olmas\u0131na baxmayaraq, yen\u0259 bu c\u00fcr m\u00f6vqel\u0259rin \u015fahidi olmaqday\u0131q. Orada s\u0259firliyimiz f\u0259aliyy\u0259t g\u00f6st\u0259rir. Az\u0259rbaycan h\u0259r zaman iki \u00f6lk\u0259 aras\u0131ndak\u0131 m\u00fcnasib\u0259tl\u0259r\u0259 \u00f6n\u0259m verib. Q\u0259l\u0259b\u0259mizd\u0259n sonra biz Litvan\u0131n, x\u00fcsusil\u0259 onlar\u0131n xarici i\u015fl\u0259r nazirinin simas\u0131nda bu u\u011furumuza bir q\u0131c\u0131\u011f\u0131n oldu\u011funun \u015fahidiyik. Amma b\u00fct\u00fcn bunlara baxmayaraq, Az\u0259rbaycan Prezidenti Davosda Litva r\u0259hb\u0259ri il\u0259 g\u00f6r\u00fc\u015fd\u00fc, \u00e7ox yax\u015f\u0131 m\u00fcnasib\u0259tl\u0259rin oldu\u011fu s\u00f6yl\u0259nildi. \u0130ki \u00f6lk\u0259 ba\u015f\u00e7\u0131lar\u0131n\u0131n qar\u015f\u0131l\u0131ql\u0131 s\u0259f\u0259rl\u0259ri iki \u00f6lk\u0259 aras\u0131nda m\u00fcnasib\u0259tl\u0259rin normal m\u0259crada getdiyini g\u00f6st\u0259rs\u0259 d\u0259, xarici i\u015fl\u0259r nazirinin art\u0131q biz\u0259 ikinci d\u0259f\u0259 \u201dili\u015fm\u0259sini&#8221; g\u00f6r\u00fcr\u00fck. Bu adam art\u0131q hiss etdirir ki, Az\u0259rbaycan v\u0259 T\u00fcrkiy\u0259 il\u0259 \u015f\u0259xsi z\u0259mind\u0259 sanki bir problemi var. \u00c7\u00fcnki m\u00fcnaqi\u015f\u0259y\u0259 \u0259g\u0259r Litva Az\u0259rbaycan\u0131n v\u0259 beyn\u0259lxalq h\u00fcququn prizmas\u0131ndan yana\u015f\u0131rsa, amma bunun fonunda art\u0131q xarici i\u015fl\u0259r naziri bu m\u0259s\u0259l\u0259y\u0259 bel\u0259 m\u00fcnasib\u0259t s\u0259rgil\u0259yirs\u0259, dem\u0259k, onun \u015f\u0259xsind\u0259 problem var. Burada xristian t\u0259\u0259ss\u00fcbke\u015fliyi d\u0259 rol oynaya bil\u0259r. \u0130st\u0259nil\u0259n halda bu, hissin\u0259 d\u00f6vl\u0259t maraqlar\u0131n\u0131 qurban verm\u0259kdir. Bunu Litva siyasi r\u0259hb\u0259rliyi m\u00fctl\u0259q n\u0259z\u0259r\u0259 almal\u0131d\u0131r. \u00c7\u00fcnki Litva xarici i\u015fl\u0259r nazirinin bu tviti d\u00f6vl\u0259tinin maraqlar\u0131na uy\u011fun deyil. Ona g\u00f6r\u0259 d\u0259 t\u0259\u0259ss\u00fcfl\u0259ndiyimizi bildiririk. D\u00fc\u015f\u00fcn\u00fcr\u00fck ki, xarici i\u015fl\u0259r naziri daha soyuqba\u015fla d\u00fc\u015f\u00fcn\u0259c\u0259k, bir siyas\u0259t\u00e7i kimi d\u00f6vl\u0259t maraqlar\u0131ndan \u00e7\u0131x\u0131\u015f ed\u0259c\u0259k v\u0259 \u00f6z tvitini geri \u00e7\u0259k\u0259r\u0259k daha rasional \u015f\u0259kild\u0259 h\u0259m beyn\u0259lxalq h\u00fcquqa, h\u0259m d\u0259 Az\u0259rbaycan\u0131n m\u00f6vqeyin\u0259 h\u00f6rm\u0259t ed\u0259r\u0259k bu konteksd\u0259 \u00f6z fikirl\u0259rini d\u00fcz\u0259ld\u0259c\u0259k&#8221;.<\/p>\n<p><img src=\"https:\/\/cdn.yenisabah.az\/resize.php?w=0&amp;h=0&amp;file=image_750x422_634ff246479b5.jpg\" alt=\"\u0130ndi o d\u00f6vr deyil...\u201d \u2013 \u018fli Orucov \u0130sa Q\u0259mb\u0259rin siyas\u0259t\u0259 d\u00f6n\u00fc\u015f\u00fcnd\u0259n dan\u0131\u015fd\u0131  Yeni Sabah\" \/><\/p>\n<p><strong>\u018fli Orucov<\/strong><\/p>\n<p><strong>AM\u0130P liderinin k\u00f6m\u0259k\u00e7isi, politoloq \u018fli Orucov:<\/strong>\u00a0\u201c\u00d6nc\u0259 t\u0259\u0259ss\u00fcfl\u0259 dem\u0259liy\u0259m ki, erm\u0259nil\u0259rin Qaraba\u011fda \u201dhumanitar b\u00f6hran&#8221; v\u0259 blokada yalanlar\u0131na inananlar h\u0259qiq\u0259t\u0259 v\u0259 beyn\u0259lxalq h\u00fcquq normalar\u0131na g\u00f6z yumurlar. Beyn\u0259lxalq h\u00fcquq v\u0259 ham\u0131l\u0131qla q\u0259bul edil\u0259n prinsipl\u0259r pozularsa d\u00fcnyan\u0131n nizam\u0131, d\u00fcz\u0259ni d\u0259 pozular. \u0130stinad etdiyimiz h\u00fcquqdan dan\u0131\u015f\u0131r\u0131qsa, o zaman ayr\u0131-se\u00e7kilik olmadan bu h\u00fcquqlar suveren v\u0259 m\u00fcst\u0259qil d\u00f6vl\u0259t olan Az\u0259rbaycana da \u015famil edilm\u0259lidir. Az\u0259rbaycan beyn\u0259lxalq al\u0259min ayr\u0131lmaz subyekti kimi \u00f6z s\u0259rh\u0259dl\u0259rind\u0259 &#8211; La\u00e7\u0131n\u0131n gir\u0259c\u0259yind\u0259 N\u0259zar\u0259t Burax\u0131l\u0131\u015f M\u0259nt\u0259q\u0259si qoyub. Bu, Az\u0259rbaycan\u0131n suveren haqq\u0131d\u0131r. Bunu siyasil\u0259\u015fdirm\u0259k v\u0259 siyasi al\u0259t\u0259 \u00e7evirm\u0259k do\u011fru yana\u015fma deyil. Humanizmd\u0259n d\u0259m vuran Q\u0259rb, o c\u00fcml\u0259d\u0259n Litva \u00f6z s\u0259rh\u0259dl\u0259rini n\u0259zar\u0259tsiz buraxmazlar. \u00d6z \u0259razil\u0259rind\u0259 qeyri-qanuni ba\u015fqa d\u00f6vl\u0259tin silahl\u0131 d\u0259st\u0259l\u0259rinin olmas\u0131na imkan verm\u0259zl\u0259r, s\u0259rh\u0259d-ke\u00e7id m\u0259nt\u0259q\u0259sind\u0259n silah-sursat da\u015f\u0131nmas\u0131na, ekosisteminin da\u011f\u0131d\u0131lmas\u0131na, t\u0259bii s\u0259rv\u0259tl\u0259rinin amans\u0131zcas\u0131na ya\u011fmalanmas\u0131na t\u0259hamm\u00fcl etm\u0259zl\u0259r. Erm\u0259nil\u0259rin b\u00fct\u00fcn bu h\u0259r\u0259k\u0259tl\u0259rinin qar\u015f\u0131s\u0131n\u0131n al\u0131nmas\u0131na beyn\u0259lxalq al\u0259m Az\u0259rbaycana d\u0259st\u0259k verm\u0259k \u0259v\u0259zin\u0259, t\u0259xribat\u00e7\u0131ya t\u0259cav\u00fczkara, tana\u00e7\u0131ya, yalan\u00e7\u0131ya qahmar \u00e7\u0131x\u0131l\u0131r. Litvan\u0131n xarici i\u015fl\u0259r naziri Landsberqisin tviti d\u00fcz\u00fc bir q\u0259d\u0259r g\u00f6zl\u0259nilm\u0259z oldu. \u00c7\u00fcnki Litva-Az\u0259rbaycan m\u00fcnasib\u0259tl\u0259ri y\u00fcks\u0259k s\u0259viyy\u0259d\u0259dir v\u0259 r\u0259smi Viln\u00fcs\u00fcn da Bak\u0131ya qar\u015f\u0131 h\u0259r hans\u0131 bir naraz\u0131l\u0131\u011f\u0131 yoxdur. H\u0259r iki \u00f6lk\u0259 ba\u015f\u00e7\u0131lar\u0131 Davosda g\u00f6r\u00fc\u015f\u00fcbl\u0259r, Prezident \u0130lham \u018fliyevin Litvada i\u015fg\u00fczar s\u0259f\u0259ri u\u011furlu olub. Litva xarici i\u015fl\u0259r nazirinin qeyri-obyektiv tviti g\u00f6r\u00fcn\u00fcr ya m\u0259lumats\u0131zl\u0131qdan, yaxud da hans\u0131sa t\u0259sird\u0259n qaynaqlan\u0131b. Yeri g\u0259lmi\u015fk\u0259n bir m\u0259s\u0259l\u0259ni d\u0259 vur\u011fulay\u0131m ki, Xarici \u0130\u015fl\u0259r Nazirliyimiz \u0259ks t\u0259bli\u011fat i\u015fini d\u00fczg\u00fcn v\u0259 sistemli qura bilm\u0259yib. Erm\u0259nistan v\u0259 onun \u00e7ox g\u00fccl\u00fc havadarlar\u0131 il\u0259 Az\u0259rbaycan aras\u0131nda ged\u0259n indiki diplomatik sava\u015fda diplomatlar\u0131m\u0131z daha aktiv olmal\u0131d\u0131r, eyni zamanda beyn\u0259lxalq diasporam\u0131z t\u0259bli\u011fat v\u0259 \u0259ks-t\u0259bli\u011fat m\u0259s\u0259l\u0259sind\u0259 diplomatlar\u0131m\u0131za d\u0259st\u0259k , k\u00f6m\u0259k olmal\u0131d\u0131r. \u018ffsuslar olsun ki, Az\u0259rbaycan\u0131n Diasporla \u0130\u015f \u00fczr\u0259 D\u00f6vl\u0259t Komit\u0259si indiki m\u0259sul d\u00f6n\u0259md\u0259 ortada yoxdur. N\u0259tic\u0259 d\u0259, erm\u0259nil\u0259rin yalanlar\u0131na Litva kimi dost m\u00fcnasib\u0259tl\u0259ri olan d\u00f6vl\u0259tin m\u0259sul \u015f\u0259xsi d\u0259 aldan\u0131r v\u0259 bu iki d\u00f6vl\u0259t aras\u0131nda etimads\u0131zl\u0131q m\u00fchiti formala\u015fd\u0131r\u0131r. Hesab etmir\u0259m ki, erm\u0259nil\u0259rin haqs\u0131z t\u0259l\u0259bl\u0259rini d\u0259st\u0259kl\u0259m\u0259kl\u0259 Litva Az\u0259rbaycanla m\u00fcnasib\u0259tl\u0259rin\u0259 z\u0259rb\u0259 vurmaqda maraql\u0131 olsun. A\u00e7\u0131q dem\u0259k laz\u0131md\u0131r ki, diplomatik sava\u015f\u0131 da Prezident \u0130lham \u018fliyev t\u0259kba\u015f\u0131na apar\u0131r. \u018fsl h\u0259qiq\u0259tin d\u00fcnya ictimaiyy\u0259tin\u0259 \u00e7atd\u0131r\u0131lmas\u0131, t\u0259bli\u011fat v\u0259 \u0259ks-t\u0259bli\u011fat i\u015fl\u0259ri d\u0259 onun \u00fcz\u0259rind\u0259dir. Dig\u0259r r\u0259smi \u015f\u0259xsl\u0259rd\u0259, d\u00f6vl\u0259t qurumlar\u0131nda t\u0259\u015f\u0259bb\u00fcskarl\u0131q, dem\u0259k olar ki, yoxdur. Bel\u0259 olan halda, t\u0259bii ki, erm\u0259nil\u0259r \u00f6zl\u0259rin\u0259 yeni-yeni t\u0259r\u0259fdarlar c\u0259lb edib m\u0259krli niyy\u0259tl\u0259rini h\u0259yata ke\u00e7irm\u0259y\u0259 \u00e7al\u0131\u015facaqlar. M\u0259nc\u0259, Az\u0259rbaycan \u00f6z\u00fcn\u0259 dost v\u0259 dost olmayan \u00f6lk\u0259l\u0259ri ay\u0131r\u0131b m\u00fcnasib\u0259tl\u0259rini d\u0259 buna uy\u011fun qurmal\u0131d\u0131r&#8221;.<\/p>\n","protected":false},"excerpt":{"rendered":"<p>Litvan\u0131n b\u0259zi r\u0259smi \u015f\u0259xsl\u0259ri ya Az\u0259rbaycanla m\u00fcnasib\u0259tl\u0259rin inki\u015faf\u0131nda maraql\u0131 deyil, ya da bu maraqlar erm\u0259ni yalan\u0131na qurban verilir Az\u0259rbaycan Xarici \u0130\u015fl\u0259r Nazirliyinin M\u0259tbuat xidm\u0259ti idar\u0259sinin r\u0259isi Ayxan Hac\u0131zad\u0259 Litvan\u0131n xarici i\u015fl\u0259r naziri Qabrielius Landsbergisin Tvitter payla\u015f\u0131m\u0131na cavab verib. X\u0130N r\u0259smisi litval\u0131 naziri saxta erm\u0259ni t\u0259bli\u011fat\u0131na aldanmama\u011fa \u00e7a\u011f\u0131r\u0131b. \u201cC\u0259nab nazir Landsbergis, yax\u015f\u0131 olard\u0131 ki, saxta erm\u0259ni t\u0259bli\u011fat\u0131na aldanmayas\u0131n\u0131z. La\u00e7\u0131n yolu Erm\u0259nistan t\u0259r\u0259find\u0259n son \u00fc\u00e7 il \u0259rzind\u0259 sui-istifad\u0259 edilib. T\u0259\u0259ss\u00fcf ki, b\u00fct\u00fcn bu ill\u0259r \u0259rzind\u0259 Litva susqunluq n\u00fcmayi\u015f etdirib\u201d, &#8211; o qeyd edib. Ayxan Hac\u0131zad\u0259 bildirib ki, Az\u0259rbaycan Erm\u0259nistan\u0131n pisniyy\u0259tli \u0259m\u0259ll\u0259rinin qar\u015f\u0131s\u0131n\u0131&hellip;<\/p>\n","protected":false},"author":2,"featured_media":618282,"comment_status":"closed","ping_status":"closed","sticky":false,"template":"","format":"standard","meta":{"om_disable_all_campaigns":false,"_monsterinsights_skip_tracking":false,"_monsterinsights_sitenote_active":false,"_monsterinsights_sitenote_note":"","_monsterinsights_sitenote_category":0},"categories":[4],"tags":[],"aioseo_notices":[],"gutentor_comment":0,"rttpg_featured_image_url":{"full":["https:\/\/arantv.az\/wp-content\/uploads\/2023\/08\/79b122103b547757009bcddc3177fc15.jpg",800,500,false],"landscape":["https:\/\/arantv.az\/wp-content\/uploads\/2023\/08\/79b122103b547757009bcddc3177fc15.jpg",800,500,false],"portraits":["https:\/\/arantv.az\/wp-content\/uploads\/2023\/08\/79b122103b547757009bcddc3177fc15.jpg",800,500,false],"thumbnail":["https:\/\/arantv.az\/wp-content\/uploads\/2023\/08\/79b122103b547757009bcddc3177fc15-500x280.jpg",500,280,true],"medium":["https:\/\/arantv.az\/wp-content\/uploads\/2023\/08\/79b122103b547757009bcddc3177fc15-584x365.jpg",584,365,true],"large":["https:\/\/arantv.az\/wp-content\/uploads\/2023\/08\/79b122103b547757009bcddc3177fc15.jpg",640,400,false],"1536x1536":["https:\/\/arantv.az\/wp-content\/uploads\/2023\/08\/79b122103b547757009bcddc3177fc15.jpg",800,500,false],"2048x2048":["https:\/\/arantv.az\/wp-content\/uploads\/2023\/08\/79b122103b547757009bcddc3177fc15.jpg",800,500,false],"post-thumbnail":["https:\/\/arantv.az\/wp-content\/uploads\/2023\/08\/79b122103b547757009bcddc3177fc15-240x172.jpg",240,172,true],"advps-thumb-one":["https:\/\/arantv.az\/wp-content\/uploads\/2023\/08\/79b122103b547757009bcddc3177fc15.jpg",800,500,false]},"rttpg_author":{"display_name":"V\u00fcsal Rafiqo\u011flu","author_link":"https:\/\/arantv.az\/?author=2"},"rttpg_comment":0,"rttpg_category":"<a href=\"https:\/\/arantv.az\/?cat=4\" rel=\"category\">Siyas\u0259t<\/a>","rttpg_excerpt":"Litvan\u0131n b\u0259zi r\u0259smi \u015f\u0259xsl\u0259ri ya Az\u0259rbaycanla m\u00fcnasib\u0259tl\u0259rin inki\u015faf\u0131nda maraql\u0131 deyil, ya da bu maraqlar erm\u0259ni yalan\u0131na qurban verilir Az\u0259rbaycan Xarici \u0130\u015fl\u0259r Nazirliyinin M\u0259tbuat xidm\u0259ti idar\u0259sinin r\u0259isi Ayxan Hac\u0131zad\u0259 Litvan\u0131n xarici i\u015fl\u0259r naziri Qabrielius Landsbergisin Tvitter payla\u015f\u0131m\u0131na cavab verib. X\u0130N r\u0259smisi litval\u0131 naziri saxta erm\u0259ni t\u0259bli\u011fat\u0131na aldanmama\u011fa \u00e7a\u011f\u0131r\u0131b. \u201cC\u0259nab nazir Landsbergis, yax\u015f\u0131 olard\u0131 ki, saxta erm\u0259ni&hellip;","_links":{"self":[{"href":"https:\/\/arantv.az\/index.php?rest_route=\/wp\/v2\/posts\/618281"}],"collection":[{"href":"https:\/\/arantv.az\/index.php?rest_route=\/wp\/v2\/posts"}],"about":[{"href":"https:\/\/arantv.az\/index.php?rest_route=\/wp\/v2\/types\/post"}],"author":[{"embeddable":true,"href":"https:\/\/arantv.az\/index.php?rest_route=\/wp\/v2\/users\/2"}],"replies":[{"embeddable":true,"href":"https:\/\/arantv.az\/index.php?rest_route=%2Fwp%2Fv2%2Fcomments&post=618281"}],"version-history":[{"count":0,"href":"https:\/\/arantv.az\/index.php?rest_route=\/wp\/v2\/posts\/618281\/revisions"}],"wp:featuredmedia":[{"embeddable":true,"href":"https:\/\/arantv.az\/index.php?rest_route=\/wp\/v2\/media\/618282"}],"wp:attachment":[{"href":"https:\/\/arantv.az\/index.php?rest_route=%2Fwp%2Fv2%2Fmedia&parent=618281"}],"wp:term":[{"taxonomy":"category","embeddable":true,"href":"https:\/\/arantv.az\/index.php?rest_route=%2Fwp%2Fv2%2Fcategories&post=618281"},{"taxonomy":"post_tag","embeddable":true,"href":"https:\/\/arantv.az\/index.php?rest_route=%2Fwp%2Fv2%2Ftags&post=618281"}],"curies":[{"name":"wp","href":"https:\/\/api.w.org\/{rel}","templated":true}]}}