{"id":618327,"date":"2023-08-11T11:21:38","date_gmt":"2023-08-11T07:21:38","guid":{"rendered":"https:\/\/arantv.az\/?p=618327"},"modified":"2023-08-11T11:21:38","modified_gmt":"2023-08-11T07:21:38","slug":"t%c9%99mird%c9%99-olan-baki-quba-yolunda-surucul%c9%99r-ucun-yaranan-t%c9%99hluk%c9%99-bdypi-d%c9%99n-muraci%c9%99t-video","status":"publish","type":"post","link":"https:\/\/arantv.az\/?p=618327","title":{"rendered":"T\u0259mird\u0259 olan Bak\u0131-Quba yolunda s\u00fcr\u00fcc\u00fcl\u0259r \u00fc\u00e7\u00fcn yaranan t\u0259hl\u00fck\u0259: BDYP\u0130-d\u0259n M\u00dcRAC\u0130\u018fT &#8211; V\u0130DEO"},"content":{"rendered":"<p>\u00d6t\u0259n g\u00fcn sosial \u015f\u0259b\u0259k\u0259l\u0259rd\u0259 Bak\u0131-Quba yolunda apar\u0131lan t\u0259mir i\u015fl\u0259rinin n\u0259qliyyat\u0131n h\u0259r\u0259k\u0259tind\u0259 t\u0259hl\u00fck\u0259li v\u0259ziyy\u0259t yaratmas\u0131na dair videog\u00f6r\u00fcnt\u00fcl\u0259r yay\u0131lm\u0131\u015fd\u0131. Ba\u015f D\u00f6vl\u0259t Yol Polisi \u0130dar\u0259si Bak\u0131-Quba yolunda apar\u0131lan t\u0259mir-qura\u015fd\u0131rma i\u015fl\u0259ri il\u0259 \u0259laq\u0259dar s\u00fcr\u00fcc\u00fcl\u0259r\u0259 m\u00fcraci\u0259t edib.<\/p>\n<p>\u0130dar\u0259nin \u0130ctimai Qurumlarla \u018flaq\u0259 \u015e\u00f6b\u0259sinin \u0259m\u0259kda\u015f\u0131, polis polkovnik-leytenant\u0131\u00a0<strong>M\u00fcbariz A\u011fayev Oxu.Az<\/strong>-\u0131n sor\u011fusuna cavab olaraq bildirib ki, Bak\u0131-Quba-Rusiya Federasiyas\u0131 il\u0259 d\u00f6vl\u0259t s\u0259rh\u0259di avtomobil yolunun 128,6-c\u0131 kilometrliyind\u0259, yolun h\u0259r iki t\u0259r\u0259find\u0259 elektron t\u0259r\u0259zil\u0259rin qura\u015fd\u0131r\u0131lmas\u0131 il\u0259 \u0259laq\u0259dar aidiyy\u0259ti qurum t\u0259r\u0259find\u0259n h\u0259r\u0259k\u0259tin t\u0259\u015fkilind\u0259 m\u00fcv\u0259qq\u0259ti d\u0259yi\u015fiklik edilib:<\/p>\n<p>\u201cHaz\u0131rda yolda t\u0259hl\u00fck\u0259sizliyin t\u0259min edilm\u0259si v\u0259 h\u0259r\u0259k\u0259t intensivliyinin nizamlanmas\u0131 \u00fc\u00e7\u00fcn DYP t\u0259r\u0259find\u0259n z\u0259ruri t\u0259dbirl\u0259r g\u00f6r\u00fcl\u00fcr.<\/p>\n<p>Lakin t\u0259\u0259ss\u00fcf ki, b\u0259zi s\u00fcr\u00fcc\u00fcl\u0259r s\u0259birsizlik n\u00fcmayi\u015f etdir\u0259r\u0259k yolun m\u0259hdudiyy\u0259t t\u0259tbiq olunan hiss\u0259sind\u0259n yan ke\u00e7m\u0259k m\u0259qs\u0259dil\u0259 torpaq yoldan istifad\u0259 etm\u0259kl\u0259 \u0259sas yola \u00e7\u0131xma\u011fa \u00e7al\u0131\u015f\u0131rlar ki, bu da s\u00fcr\u00fc\u015fm\u0259, a\u015fma, toqqu\u015fma kimi q\u0259zal\u0131 v\u0259ziyy\u0259tl\u0259rin, s\u00fcni s\u0131xl\u0131\u011f\u0131n, el\u0259c\u0259 d\u0259 dig\u0259r h\u0259r\u0259k\u0259t i\u015ftirak\u00e7\u0131lar\u0131nda haql\u0131 naraz\u0131l\u0131qlar\u0131n yaranmas\u0131na s\u0259b\u0259b olur.<\/p>\n<p>D\u0130N-in Ba\u015f D\u00f6vl\u0259t Yol Polisi \u0130dar\u0259si (BDYP\u0130) q\u0259zalar\u0131n v\u0259 dig\u0259r xo\u015fag\u0259lm\u0259z hadis\u0259l\u0259rin ba\u015f verm\u0259m\u0259si \u00fc\u00e7\u00fcn s\u00fcr\u00fcc\u00fcl\u0259r\u0259 m\u00fcraci\u0259t ed\u0259r\u0259k onlardan s\u00f6z\u00fcged\u0259n \u0259razid\u0259 h\u0259r\u0259k\u0259t ed\u0259rk\u0259n diqq\u0259tli olma\u011f\u0131, m\u00fcv\u0259qq\u0259ti yol ni\u015fanlar\u0131n\u0131n t\u0259l\u0259bl\u0259rin\u0259, yol h\u0259r\u0259k\u0259ti qaydalar\u0131na riay\u0259t etm\u0259yi, m\u00f6vcud v\u0259ziyy\u0259ti anlay\u0131\u015fla qar\u015f\u0131lama\u011f\u0131 v\u0259 dig\u0259r h\u0259r\u0259k\u0259t i\u015ftirak\u00e7\u0131lar\u0131na m\u00fcnasib\u0259td\u0259 ehtiramla davranma\u011f\u0131 xahi\u015f edir\u201d.<\/p>\n<div><iframe loading=\"lazy\" id=\"telegram-post-oxuaze-59223\" src=\"https:\/\/t.me\/oxuaze\/59223?embed=1\" width=\"100%\" height=\"\" frameborder=\"0\" scrolling=\"no\" data-mce-fragment=\"1\"><\/iframe><\/div>\n","protected":false},"excerpt":{"rendered":"<p>\u00d6t\u0259n g\u00fcn sosial \u015f\u0259b\u0259k\u0259l\u0259rd\u0259 Bak\u0131-Quba yolunda apar\u0131lan t\u0259mir i\u015fl\u0259rinin n\u0259qliyyat\u0131n h\u0259r\u0259k\u0259tind\u0259 t\u0259hl\u00fck\u0259li v\u0259ziyy\u0259t yaratmas\u0131na dair videog\u00f6r\u00fcnt\u00fcl\u0259r yay\u0131lm\u0131\u015fd\u0131. Ba\u015f D\u00f6vl\u0259t Yol Polisi \u0130dar\u0259si Bak\u0131-Quba yolunda apar\u0131lan t\u0259mir-qura\u015fd\u0131rma i\u015fl\u0259ri il\u0259 \u0259laq\u0259dar s\u00fcr\u00fcc\u00fcl\u0259r\u0259 m\u00fcraci\u0259t edib. \u0130dar\u0259nin \u0130ctimai Qurumlarla \u018flaq\u0259 \u015e\u00f6b\u0259sinin \u0259m\u0259kda\u015f\u0131, polis polkovnik-leytenant\u0131\u00a0M\u00fcbariz A\u011fayev Oxu.Az-\u0131n sor\u011fusuna cavab olaraq bildirib ki, Bak\u0131-Quba-Rusiya Federasiyas\u0131 il\u0259 d\u00f6vl\u0259t s\u0259rh\u0259di avtomobil yolunun 128,6-c\u0131 kilometrliyind\u0259, yolun h\u0259r iki t\u0259r\u0259find\u0259 elektron t\u0259r\u0259zil\u0259rin qura\u015fd\u0131r\u0131lmas\u0131 il\u0259 \u0259laq\u0259dar aidiyy\u0259ti qurum t\u0259r\u0259find\u0259n h\u0259r\u0259k\u0259tin t\u0259\u015fkilind\u0259 m\u00fcv\u0259qq\u0259ti d\u0259yi\u015fiklik edilib: \u201cHaz\u0131rda yolda t\u0259hl\u00fck\u0259sizliyin t\u0259min edilm\u0259si v\u0259 h\u0259r\u0259k\u0259t intensivliyinin nizamlanmas\u0131 \u00fc\u00e7\u00fcn DYP t\u0259r\u0259find\u0259n z\u0259ruri t\u0259dbirl\u0259r g\u00f6r\u00fcl\u00fcr. Lakin t\u0259\u0259ss\u00fcf&hellip;<\/p>\n","protected":false},"author":2,"featured_media":618328,"comment_status":"closed","ping_status":"closed","sticky":false,"template":"","format":"standard","meta":{"om_disable_all_campaigns":false,"_monsterinsights_skip_tracking":false,"_monsterinsights_sitenote_active":false,"_monsterinsights_sitenote_note":"","_monsterinsights_sitenote_category":0},"categories":[1],"tags":[],"aioseo_notices":[],"gutentor_comment":0,"rttpg_featured_image_url":{"full":["https:\/\/arantv.az\/wp-content\/uploads\/2023\/08\/FotoJet-2023-08-10T174444.390.jpg",620,413,false],"landscape":["https:\/\/arantv.az\/wp-content\/uploads\/2023\/08\/FotoJet-2023-08-10T174444.390.jpg",620,413,false],"portraits":["https:\/\/arantv.az\/wp-content\/uploads\/2023\/08\/FotoJet-2023-08-10T174444.390.jpg",620,413,false],"thumbnail":["https:\/\/arantv.az\/wp-content\/uploads\/2023\/08\/FotoJet-2023-08-10T174444.390-500x280.jpg",500,280,true],"medium":["https:\/\/arantv.az\/wp-content\/uploads\/2023\/08\/FotoJet-2023-08-10T174444.390-548x365.jpg",548,365,true],"large":["https:\/\/arantv.az\/wp-content\/uploads\/2023\/08\/FotoJet-2023-08-10T174444.390.jpg",620,413,false],"1536x1536":["https:\/\/arantv.az\/wp-content\/uploads\/2023\/08\/FotoJet-2023-08-10T174444.390.jpg",620,413,false],"2048x2048":["https:\/\/arantv.az\/wp-content\/uploads\/2023\/08\/FotoJet-2023-08-10T174444.390.jpg",620,413,false],"post-thumbnail":["https:\/\/arantv.az\/wp-content\/uploads\/2023\/08\/FotoJet-2023-08-10T174444.390-240x172.jpg",240,172,true],"advps-thumb-one":["https:\/\/arantv.az\/wp-content\/uploads\/2023\/08\/FotoJet-2023-08-10T174444.390.jpg",620,413,false]},"rttpg_author":{"display_name":"V\u00fcsal Rafiqo\u011flu","author_link":"https:\/\/arantv.az\/?author=2"},"rttpg_comment":0,"rttpg_category":"<a href=\"https:\/\/arantv.az\/?cat=1\" rel=\"category\">C\u0259miyy\u0259t<\/a>","rttpg_excerpt":"\u00d6t\u0259n g\u00fcn sosial \u015f\u0259b\u0259k\u0259l\u0259rd\u0259 Bak\u0131-Quba yolunda apar\u0131lan t\u0259mir i\u015fl\u0259rinin n\u0259qliyyat\u0131n h\u0259r\u0259k\u0259tind\u0259 t\u0259hl\u00fck\u0259li v\u0259ziyy\u0259t yaratmas\u0131na dair videog\u00f6r\u00fcnt\u00fcl\u0259r yay\u0131lm\u0131\u015fd\u0131. Ba\u015f D\u00f6vl\u0259t Yol Polisi \u0130dar\u0259si Bak\u0131-Quba yolunda apar\u0131lan t\u0259mir-qura\u015fd\u0131rma i\u015fl\u0259ri il\u0259 \u0259laq\u0259dar s\u00fcr\u00fcc\u00fcl\u0259r\u0259 m\u00fcraci\u0259t edib. \u0130dar\u0259nin \u0130ctimai Qurumlarla \u018flaq\u0259 \u015e\u00f6b\u0259sinin \u0259m\u0259kda\u015f\u0131, polis polkovnik-leytenant\u0131\u00a0M\u00fcbariz A\u011fayev Oxu.Az-\u0131n sor\u011fusuna cavab olaraq bildirib ki, Bak\u0131-Quba-Rusiya Federasiyas\u0131 il\u0259 d\u00f6vl\u0259t s\u0259rh\u0259di avtomobil yolunun 128,6-c\u0131&hellip;","_links":{"self":[{"href":"https:\/\/arantv.az\/index.php?rest_route=\/wp\/v2\/posts\/618327"}],"collection":[{"href":"https:\/\/arantv.az\/index.php?rest_route=\/wp\/v2\/posts"}],"about":[{"href":"https:\/\/arantv.az\/index.php?rest_route=\/wp\/v2\/types\/post"}],"author":[{"embeddable":true,"href":"https:\/\/arantv.az\/index.php?rest_route=\/wp\/v2\/users\/2"}],"replies":[{"embeddable":true,"href":"https:\/\/arantv.az\/index.php?rest_route=%2Fwp%2Fv2%2Fcomments&post=618327"}],"version-history":[{"count":0,"href":"https:\/\/arantv.az\/index.php?rest_route=\/wp\/v2\/posts\/618327\/revisions"}],"wp:featuredmedia":[{"embeddable":true,"href":"https:\/\/arantv.az\/index.php?rest_route=\/wp\/v2\/media\/618328"}],"wp:attachment":[{"href":"https:\/\/arantv.az\/index.php?rest_route=%2Fwp%2Fv2%2Fmedia&parent=618327"}],"wp:term":[{"taxonomy":"category","embeddable":true,"href":"https:\/\/arantv.az\/index.php?rest_route=%2Fwp%2Fv2%2Fcategories&post=618327"},{"taxonomy":"post_tag","embeddable":true,"href":"https:\/\/arantv.az\/index.php?rest_route=%2Fwp%2Fv2%2Ftags&post=618327"}],"curies":[{"name":"wp","href":"https:\/\/api.w.org\/{rel}","templated":true}]}}