{"id":618330,"date":"2023-08-11T11:22:37","date_gmt":"2023-08-11T07:22:37","guid":{"rendered":"https:\/\/arantv.az\/?p=618330"},"modified":"2023-08-11T11:22:37","modified_gmt":"2023-08-11T07:22:37","slug":"%c9%99rdogan-az%c9%99rbaycan%c9%99silli-s%c9%99n%c9%99tciy%c9%99-yeni-v%c9%99zif%c9%99-verdi-foto","status":"publish","type":"post","link":"https:\/\/arantv.az\/?p=618330","title":{"rendered":"\u018frdo\u011fan az\u0259rbaycan\u0259silli s\u0259n\u0259t\u00e7iy\u0259 yeni v\u0259zif\u0259 verdi &#8211; FOTO"},"content":{"rendered":"<p>Az\u0259rbaycan\u0259silli m\u0259\u015fhur t\u00fcrkiy\u0259li s\u0259n\u0259t\u00e7i Tamer Karada\u011fl\u0131ya yeni v\u0259zif\u0259 verilib.<\/p>\n<p>T\u00fcrkiy\u0259 Prezidenti R\u0259c\u0259b Tayyib \u018frdo\u011fan\u0131n imzalad\u0131\u011f\u0131 q\u0259rarla Tamer Karada\u011fl\u0131 D\u00f6vl\u0259t Teatrlar\u0131n\u0131n ba\u015f direktoru t\u0259yin edilib.<\/p>\n<p>Az\u0259rbaycan\u0259silli Tamer Karada\u011fl\u0131 ilk d\u0259f\u0259 1993-c\u00fc ild\u0259 filmd\u0259 rol al\u0131b. O, \u201cFerhunde han\u0131mlar\u201d serial\u0131 il\u0259 m\u0259\u015fhurla\u015f\u0131b. Karada\u011fl\u0131n\u0131n \u0259n yaddaqalan obraz\u0131 is\u0259 \u201c\u00c7ocuklar duymas\u0131n\u201d serial\u0131 ndak\u0131 \u201cHaluk\u201d olub.<\/p>\n<p>O, h\u0259m\u00e7inin bir \u00e7ox m\u0259\u015fhur aktyorlar\u0131n da dublyaj\u0131n\u0131 edib.<\/p>\n<p>&nbsp;<\/p>\n<div class=\"gallery\">\n<div class=\"gallery-i\"><img src=\"https:\/\/cdn.oxu.az\/uploads\/W1siZiIsIjIwMjMvMDgvMTEvMTAvMDkvMTEvNTBkNDVhNTMtMGRhOC00YWVjLWJmZWYtNmM1ZDQ5MmYzYTZiLzM2MzczMTA2MF82MTkwNDczMDI0NDE0NjMyXzI1MTM0NzI1NTQ2MDYxNTM1MDlfbi5wbmciXSxbInAiLCJlbmNvZGUiLCJqcGciLCItcXVhbGl0eSA4MCJdLFsicCIsInRodW1iIiwiNTkweDU5MFx1MDAzZSJdXQ?sha=f8fbfa0c44d02910\" alt=\"\" \/><\/p>\n<div class=\"gallery-i-caption\"><\/div>\n<\/div>\n<div class=\"gallery-i\"><img src=\"https:\/\/cdn.oxu.az\/uploads\/W1siZiIsIjIwMjMvMDgvMTEvMTAvMDkvMTEvODFkMDMxYjItZWNkNC00MGI5LTg4NDItZTRlODk4MzQzMWNkLzM2Mzg1MDI3OF85Njk4MjUzOTc1NzM0MzhfNTE1MDEwOTc2NzMzNjUyNjQ5Ml9uLnBuZyJdLFsicCIsImVuY29kZSIsImpwZyIsIi1xdWFsaXR5IDgwIl0sWyJwIiwidGh1bWIiLCI1OTB4NTkwXHUwMDNlIl1d?sha=2aa5bcd0bfc88ee6\" alt=\"\" \/><\/p>\n<div class=\"gallery-i-caption\"><\/div>\n<\/div>\n<div class=\"gallery-i\"><img src=\"https:\/\/cdn.oxu.az\/uploads\/W1siZiIsIjIwMjMvMDgvMTEvMTAvMDkvMTEvZmIxNTE1MDEtYTNjYy00ZDRhLWI5ZWMtMmUxYjc0ZmM3MTZhLzM2Mzg1OTU1OF84MjM3ODgyMjk0Njc5NjhfMzk0NDUxNTIxNDY4Mjg4Nzc0NF9uLnBuZyJdLFsicCIsImVuY29kZSIsImpwZyIsIi1xdWFsaXR5IDgwIl0sWyJwIiwidGh1bWIiLCI1OTB4NTkwXHUwMDNlIl1d?sha=34b67b5e23988a91\" alt=\"\" \/><\/p>\n<div class=\"gallery-i-caption\"><\/div>\n<\/div>\n<div class=\"gallery-i\"><img src=\"https:\/\/cdn.oxu.az\/uploads\/W1siZiIsIjIwMjMvMDgvMTEvMTAvMDkvMTEvMDcwYTMzMTctOTNkMC00YzBiLTgxYzQtNDlkMmMxNTg3MTc3L0ZvdG9KZXQgLSAyMDIzLTA4LTExVDEwMDUzOC45OTUuanBnIl0sWyJwIiwiZW5jb2RlIiwianBnIiwiLXF1YWxpdHkgODAiXSxbInAiLCJ0aHVtYiIsIjU5MHg1OTBcdTAwM2UiXV0?sha=c01735180d214d4d\" alt=\"\" \/><\/p>\n<div class=\"gallery-i-caption\"><\/div>\n<\/div>\n<div class=\"gallery-i\"><img src=\"https:\/\/cdn.oxu.az\/uploads\/W1siZiIsIjIwMjMvMDgvMTEvMTAvMDkvMTIvMGFmZmM4MzMtYjk3Ni00YWQ1LTg4YjEtNzgzNzU1NGJhYjM5L0ZvdG9KZXQgLSAyMDIzLTA4LTExVDEwMDUyNS43ODYuanBnIl0sWyJwIiwiZW5jb2RlIiwianBnIiwiLXF1YWxpdHkgODAiXSxbInAiLCJ0aHVtYiIsIjU5MHg1OTBcdTAwM2UiXV0?sha=548cdf276a3939c4\" alt=\"\" \/><\/p>\n<div class=\"gallery-i-caption\"><\/div>\n<\/div>\n<div class=\"gallery-i\"><img src=\"https:\/\/cdn.oxu.az\/uploads\/W1siZiIsIjIwMjMvMDgvMTEvMTAvMDkvMTIvZWJhMDZhYmItZjFiMi00MmVjLWE1NmYtOTIyNjY0ZmI3YzMwL0ZvdG9KZXQgLSAyMDIzLTA4LTExVDEwMDMwMi4wNTkuanBnIl0sWyJwIiwiZW5jb2RlIiwianBnIiwiLXF1YWxpdHkgODAiXSxbInAiLCJ0aHVtYiIsIjU5MHg1OTBcdTAwM2UiXV0?sha=a217a3162661f236\" alt=\"\" \/><\/p>\n<div class=\"gallery-i-caption\"><\/div>\n<\/div>\n<\/div>\n<p>M\u0259nb\u0259: Resmi Gazete<\/p>\n","protected":false},"excerpt":{"rendered":"<p>Az\u0259rbaycan\u0259silli m\u0259\u015fhur t\u00fcrkiy\u0259li s\u0259n\u0259t\u00e7i Tamer Karada\u011fl\u0131ya yeni v\u0259zif\u0259 verilib. T\u00fcrkiy\u0259 Prezidenti R\u0259c\u0259b Tayyib \u018frdo\u011fan\u0131n imzalad\u0131\u011f\u0131 q\u0259rarla Tamer Karada\u011fl\u0131 D\u00f6vl\u0259t Teatrlar\u0131n\u0131n ba\u015f direktoru t\u0259yin edilib. Az\u0259rbaycan\u0259silli Tamer Karada\u011fl\u0131 ilk d\u0259f\u0259 1993-c\u00fc ild\u0259 filmd\u0259 rol al\u0131b. O, \u201cFerhunde han\u0131mlar\u201d serial\u0131 il\u0259 m\u0259\u015fhurla\u015f\u0131b. Karada\u011fl\u0131n\u0131n \u0259n yaddaqalan obraz\u0131 is\u0259 \u201c\u00c7ocuklar duymas\u0131n\u201d serial\u0131 ndak\u0131 \u201cHaluk\u201d olub. O, h\u0259m\u00e7inin bir \u00e7ox m\u0259\u015fhur aktyorlar\u0131n da dublyaj\u0131n\u0131 edib. &nbsp; M\u0259nb\u0259: Resmi Gazete<\/p>\n","protected":false},"author":2,"featured_media":618331,"comment_status":"closed","ping_status":"closed","sticky":false,"template":"","format":"standard","meta":{"om_disable_all_campaigns":false,"_monsterinsights_skip_tracking":false,"_monsterinsights_sitenote_active":false,"_monsterinsights_sitenote_note":"","_monsterinsights_sitenote_category":0},"categories":[20],"tags":[],"aioseo_notices":[],"gutentor_comment":0,"rttpg_featured_image_url":{"full":["https:\/\/arantv.az\/wp-content\/uploads\/2023\/08\/FotoJet-2023-08-11T110351.392.jpg",620,413,false],"landscape":["https:\/\/arantv.az\/wp-content\/uploads\/2023\/08\/FotoJet-2023-08-11T110351.392.jpg",620,413,false],"portraits":["https:\/\/arantv.az\/wp-content\/uploads\/2023\/08\/FotoJet-2023-08-11T110351.392.jpg",620,413,false],"thumbnail":["https:\/\/arantv.az\/wp-content\/uploads\/2023\/08\/FotoJet-2023-08-11T110351.392-500x280.jpg",500,280,true],"medium":["https:\/\/arantv.az\/wp-content\/uploads\/2023\/08\/FotoJet-2023-08-11T110351.392-548x365.jpg",548,365,true],"large":["https:\/\/arantv.az\/wp-content\/uploads\/2023\/08\/FotoJet-2023-08-11T110351.392.jpg",620,413,false],"1536x1536":["https:\/\/arantv.az\/wp-content\/uploads\/2023\/08\/FotoJet-2023-08-11T110351.392.jpg",620,413,false],"2048x2048":["https:\/\/arantv.az\/wp-content\/uploads\/2023\/08\/FotoJet-2023-08-11T110351.392.jpg",620,413,false],"post-thumbnail":["https:\/\/arantv.az\/wp-content\/uploads\/2023\/08\/FotoJet-2023-08-11T110351.392-240x172.jpg",240,172,true],"advps-thumb-one":["https:\/\/arantv.az\/wp-content\/uploads\/2023\/08\/FotoJet-2023-08-11T110351.392.jpg",620,413,false]},"rttpg_author":{"display_name":"V\u00fcsal Rafiqo\u011flu","author_link":"https:\/\/arantv.az\/?author=2"},"rttpg_comment":0,"rttpg_category":"<a href=\"https:\/\/arantv.az\/?cat=20\" rel=\"category\">\u015eou biznes<\/a>","rttpg_excerpt":"Az\u0259rbaycan\u0259silli m\u0259\u015fhur t\u00fcrkiy\u0259li s\u0259n\u0259t\u00e7i Tamer Karada\u011fl\u0131ya yeni v\u0259zif\u0259 verilib. T\u00fcrkiy\u0259 Prezidenti R\u0259c\u0259b Tayyib \u018frdo\u011fan\u0131n imzalad\u0131\u011f\u0131 q\u0259rarla Tamer Karada\u011fl\u0131 D\u00f6vl\u0259t Teatrlar\u0131n\u0131n ba\u015f direktoru t\u0259yin edilib. Az\u0259rbaycan\u0259silli Tamer Karada\u011fl\u0131 ilk d\u0259f\u0259 1993-c\u00fc ild\u0259 filmd\u0259 rol al\u0131b. O, \u201cFerhunde han\u0131mlar\u201d serial\u0131 il\u0259 m\u0259\u015fhurla\u015f\u0131b. Karada\u011fl\u0131n\u0131n \u0259n yaddaqalan obraz\u0131 is\u0259 \u201c\u00c7ocuklar duymas\u0131n\u201d serial\u0131 ndak\u0131 \u201cHaluk\u201d olub. O, h\u0259m\u00e7inin bir \u00e7ox&hellip;","_links":{"self":[{"href":"https:\/\/arantv.az\/index.php?rest_route=\/wp\/v2\/posts\/618330"}],"collection":[{"href":"https:\/\/arantv.az\/index.php?rest_route=\/wp\/v2\/posts"}],"about":[{"href":"https:\/\/arantv.az\/index.php?rest_route=\/wp\/v2\/types\/post"}],"author":[{"embeddable":true,"href":"https:\/\/arantv.az\/index.php?rest_route=\/wp\/v2\/users\/2"}],"replies":[{"embeddable":true,"href":"https:\/\/arantv.az\/index.php?rest_route=%2Fwp%2Fv2%2Fcomments&post=618330"}],"version-history":[{"count":0,"href":"https:\/\/arantv.az\/index.php?rest_route=\/wp\/v2\/posts\/618330\/revisions"}],"wp:featuredmedia":[{"embeddable":true,"href":"https:\/\/arantv.az\/index.php?rest_route=\/wp\/v2\/media\/618331"}],"wp:attachment":[{"href":"https:\/\/arantv.az\/index.php?rest_route=%2Fwp%2Fv2%2Fmedia&parent=618330"}],"wp:term":[{"taxonomy":"category","embeddable":true,"href":"https:\/\/arantv.az\/index.php?rest_route=%2Fwp%2Fv2%2Fcategories&post=618330"},{"taxonomy":"post_tag","embeddable":true,"href":"https:\/\/arantv.az\/index.php?rest_route=%2Fwp%2Fv2%2Ftags&post=618330"}],"curies":[{"name":"wp","href":"https:\/\/api.w.org\/{rel}","templated":true}]}}