{"id":618348,"date":"2023-08-11T11:47:19","date_gmt":"2023-08-11T07:47:19","guid":{"rendered":"https:\/\/arantv.az\/?p=618348"},"modified":"2023-08-11T11:47:19","modified_gmt":"2023-08-11T07:47:19","slug":"havayda-mes%c9%99-yanginlari-53-n%c9%99f%c9%99rin-h%c9%99yatina-son-qoyub-video","status":"publish","type":"post","link":"https:\/\/arantv.az\/?p=618348","title":{"rendered":"Havayda me\u015f\u0259 yan\u011f\u0131nlar\u0131 53 n\u0259f\u0259rin h\u0259yat\u0131na son qoyub &#8211; V\u0130DEO"},"content":{"rendered":"<p>Havay adalar\u0131nda ba\u015f ver\u0259n me\u015f\u0259 yan\u011f\u0131nlar\u0131 n\u0259tic\u0259sind\u0259 daha 17 n\u0259f\u0259rin \u00f6ld\u00fcy\u00fc t\u0259sdiql\u0259nib.<\/p>\n<p>M\u0259lumata g\u00f6r\u0259, bununla h\u0259lak olanlar\u0131n \u00fcmumi say\u0131 53-\u0259 \u00e7at\u0131b.<\/p>\n<p>\u015etat qubernatoru Co\u015f Qrin bu say\u0131n artaca\u011f\u0131n\u0131 istisna etmir.<\/p>\n<p>Qeyd ed\u0259k ki, me\u015f\u0259 yan\u011f\u0131nlar\u0131 Havay\u0131n ke\u00e7mi\u015f paytaxt\u0131 Lahaina \u015f\u0259h\u0259rini m\u0259hv edib. \u015e\u0259h\u0259r xaos i\u00e7ind\u0259dir, y\u00fczl\u0259rl\u0259 ail\u0259 did\u0259rgin d\u00fc\u015f\u00fcb v\u0259 onlarla m\u00fc\u0259ssis\u0259 yan\u0131b.<\/p>\n<div><iframe loading=\"lazy\" id=\"telegram-post-oxuaze-59288\" src=\"https:\/\/t.me\/oxuaze\/59288?embed=1\" width=\"100%\" height=\"\" frameborder=\"0\" scrolling=\"no\" data-mce-fragment=\"1\"><\/iframe><\/div>\n<p>M\u0259nb\u0259: rg.ru<\/p>\n","protected":false},"excerpt":{"rendered":"<p>Havay adalar\u0131nda ba\u015f ver\u0259n me\u015f\u0259 yan\u011f\u0131nlar\u0131 n\u0259tic\u0259sind\u0259 daha 17 n\u0259f\u0259rin \u00f6ld\u00fcy\u00fc t\u0259sdiql\u0259nib. M\u0259lumata g\u00f6r\u0259, bununla h\u0259lak olanlar\u0131n \u00fcmumi say\u0131 53-\u0259 \u00e7at\u0131b. \u015etat qubernatoru Co\u015f Qrin bu say\u0131n artaca\u011f\u0131n\u0131 istisna etmir. Qeyd ed\u0259k ki, me\u015f\u0259 yan\u011f\u0131nlar\u0131 Havay\u0131n ke\u00e7mi\u015f paytaxt\u0131 Lahaina \u015f\u0259h\u0259rini m\u0259hv edib. \u015e\u0259h\u0259r xaos i\u00e7ind\u0259dir, y\u00fczl\u0259rl\u0259 ail\u0259 did\u0259rgin d\u00fc\u015f\u00fcb v\u0259 onlarla m\u00fc\u0259ssis\u0259 yan\u0131b. M\u0259nb\u0259: rg.ru<\/p>\n","protected":false},"author":2,"featured_media":618349,"comment_status":"closed","ping_status":"closed","sticky":false,"template":"","format":"standard","meta":{"om_disable_all_campaigns":false,"_monsterinsights_skip_tracking":false,"_monsterinsights_sitenote_active":false,"_monsterinsights_sitenote_note":"","_monsterinsights_sitenote_category":0},"categories":[7],"tags":[],"aioseo_notices":[],"gutentor_comment":0,"rttpg_featured_image_url":{"full":["https:\/\/arantv.az\/wp-content\/uploads\/2023\/08\/FotoJet-69-1.jpg",620,413,false],"landscape":["https:\/\/arantv.az\/wp-content\/uploads\/2023\/08\/FotoJet-69-1.jpg",620,413,false],"portraits":["https:\/\/arantv.az\/wp-content\/uploads\/2023\/08\/FotoJet-69-1.jpg",620,413,false],"thumbnail":["https:\/\/arantv.az\/wp-content\/uploads\/2023\/08\/FotoJet-69-1-500x280.jpg",500,280,true],"medium":["https:\/\/arantv.az\/wp-content\/uploads\/2023\/08\/FotoJet-69-1-548x365.jpg",548,365,true],"large":["https:\/\/arantv.az\/wp-content\/uploads\/2023\/08\/FotoJet-69-1.jpg",620,413,false],"1536x1536":["https:\/\/arantv.az\/wp-content\/uploads\/2023\/08\/FotoJet-69-1.jpg",620,413,false],"2048x2048":["https:\/\/arantv.az\/wp-content\/uploads\/2023\/08\/FotoJet-69-1.jpg",620,413,false],"post-thumbnail":["https:\/\/arantv.az\/wp-content\/uploads\/2023\/08\/FotoJet-69-1-240x172.jpg",240,172,true],"advps-thumb-one":["https:\/\/arantv.az\/wp-content\/uploads\/2023\/08\/FotoJet-69-1.jpg",620,413,false]},"rttpg_author":{"display_name":"V\u00fcsal Rafiqo\u011flu","author_link":"https:\/\/arantv.az\/?author=2"},"rttpg_comment":0,"rttpg_category":"<a href=\"https:\/\/arantv.az\/?cat=7\" rel=\"category\">D\u00fcnya<\/a>","rttpg_excerpt":"Havay adalar\u0131nda ba\u015f ver\u0259n me\u015f\u0259 yan\u011f\u0131nlar\u0131 n\u0259tic\u0259sind\u0259 daha 17 n\u0259f\u0259rin \u00f6ld\u00fcy\u00fc t\u0259sdiql\u0259nib. M\u0259lumata g\u00f6r\u0259, bununla h\u0259lak olanlar\u0131n \u00fcmumi say\u0131 53-\u0259 \u00e7at\u0131b. \u015etat qubernatoru Co\u015f Qrin bu say\u0131n artaca\u011f\u0131n\u0131 istisna etmir. Qeyd ed\u0259k ki, me\u015f\u0259 yan\u011f\u0131nlar\u0131 Havay\u0131n ke\u00e7mi\u015f paytaxt\u0131 Lahaina \u015f\u0259h\u0259rini m\u0259hv edib. \u015e\u0259h\u0259r xaos i\u00e7ind\u0259dir, y\u00fczl\u0259rl\u0259 ail\u0259 did\u0259rgin d\u00fc\u015f\u00fcb v\u0259 onlarla m\u00fc\u0259ssis\u0259 yan\u0131b. M\u0259nb\u0259: rg.ru","_links":{"self":[{"href":"https:\/\/arantv.az\/index.php?rest_route=\/wp\/v2\/posts\/618348"}],"collection":[{"href":"https:\/\/arantv.az\/index.php?rest_route=\/wp\/v2\/posts"}],"about":[{"href":"https:\/\/arantv.az\/index.php?rest_route=\/wp\/v2\/types\/post"}],"author":[{"embeddable":true,"href":"https:\/\/arantv.az\/index.php?rest_route=\/wp\/v2\/users\/2"}],"replies":[{"embeddable":true,"href":"https:\/\/arantv.az\/index.php?rest_route=%2Fwp%2Fv2%2Fcomments&post=618348"}],"version-history":[{"count":0,"href":"https:\/\/arantv.az\/index.php?rest_route=\/wp\/v2\/posts\/618348\/revisions"}],"wp:featuredmedia":[{"embeddable":true,"href":"https:\/\/arantv.az\/index.php?rest_route=\/wp\/v2\/media\/618349"}],"wp:attachment":[{"href":"https:\/\/arantv.az\/index.php?rest_route=%2Fwp%2Fv2%2Fmedia&parent=618348"}],"wp:term":[{"taxonomy":"category","embeddable":true,"href":"https:\/\/arantv.az\/index.php?rest_route=%2Fwp%2Fv2%2Fcategories&post=618348"},{"taxonomy":"post_tag","embeddable":true,"href":"https:\/\/arantv.az\/index.php?rest_route=%2Fwp%2Fv2%2Ftags&post=618348"}],"curies":[{"name":"wp","href":"https:\/\/api.w.org\/{rel}","templated":true}]}}