{"id":618380,"date":"2023-08-11T12:03:23","date_gmt":"2023-08-11T08:03:23","guid":{"rendered":"https:\/\/arantv.az\/?p=618380"},"modified":"2023-08-11T12:03:23","modified_gmt":"2023-08-11T08:03:23","slug":"az%c9%99rbaycanda-guclu-yeralti-t%c9%99kan-gozl%c9%99nilir-aciqlama-foto","status":"publish","type":"post","link":"https:\/\/arantv.az\/?p=618380","title":{"rendered":"Az\u0259rbaycanda g\u00fccl\u00fc yeralt\u0131 t\u0259kan g\u00f6zl\u0259nilir? &#8211; A\u00c7IQLAMA + FOTO"},"content":{"rendered":"<p>\u201cT\u00fcrkiy\u0259nin Malatya vilay\u0259tind\u0259\u00a0ba\u015f ver\u0259n yeralt\u0131 t\u0259kanlar\u0131n Az\u0259rbaycana he\u00e7 bir t\u0259siri g\u00f6zl\u0259nilmir. \u0130nsanlar aras\u0131nda narahatl\u0131q yaratma\u011fa \u0259sas yoxdur\u201d.<\/p>\n<p>Bunu\u00a0<strong>Oxu.Az<\/strong>-a a\u00e7\u0131qlamas\u0131nda Seysmoloji Xidm\u0259t M\u0259rk\u0259zinin ba\u015f direktoru\u00a0<strong>Qurban Yetirmi\u015fli\u00a0<\/strong>deyib. Onun s\u00f6zl\u0259rin\u0259 g\u00f6r\u0259, z\u0259lz\u0259l\u0259nin Az\u0259rbaycan \u00fc\u00e7\u00fcn da\u011f\u0131d\u0131c\u0131 f\u0259sadlar\u0131 g\u00f6zl\u0259nilmir:<\/p>\n<p><img src=\"https:\/\/cdn.oxu.az\/uploads\/W1siZiIsIjIwMjMvMDgvMTEvMTEvNTIvNTgvNDYzYmU0Y2MtMjkwMi00MTZmLTgyYTktZDNlOTg5NzE4YzEwL3lXaTJrUkhZYktYT0ZQTXNqWkVyWHFGVFV1eHdUYklhS2hDZ0JTU00uanBnIl0sWyJwIiwiZW5jb2RlIiwianBnIiwiLXF1YWxpdHkgODAiXSxbInAiLCJ0aHVtYiIsIjU5MHg1OTBcdTAwM2UiXV0?sha=6c2d314f16cdc016\" alt=\"\" \/><\/p>\n<p>\u201cRespublikada g\u00fccl\u00fc, da\u011f\u0131d\u0131c\u0131 z\u0259lz\u0259l\u0259 olmayacaq. Haradasa bunun\u00a0g\u00f6zl\u0259ntisi var, dey\u0259 bilm\u0259rik. X\u0131rda t\u0259kanlar olur, olacaq da. Arabir bu t\u0259kanlar \u0259hali t\u0259r\u0259find\u0259n hiss olunur. Lakin he\u00e7 bir halda bu, a\u011f\u0131r f\u0259sadlara v\u0259 ya b\u0259db\u0259xt hadis\u0259l\u0259r\u0259 g\u0259tirib \u00e7\u0131xara bilm\u0259z. \u018fhali aras\u0131nda bu m\u00f6vzuda h\u0259r hans\u0131 ajiotaj yaradacaq m\u0259lumatlar b\u00f6l\u00fc\u015f\u00fclm\u0259sin\u201d.<\/p>\n","protected":false},"excerpt":{"rendered":"<p>\u201cT\u00fcrkiy\u0259nin Malatya vilay\u0259tind\u0259\u00a0ba\u015f ver\u0259n yeralt\u0131 t\u0259kanlar\u0131n Az\u0259rbaycana he\u00e7 bir t\u0259siri g\u00f6zl\u0259nilmir. \u0130nsanlar aras\u0131nda narahatl\u0131q yaratma\u011fa \u0259sas yoxdur\u201d. Bunu\u00a0Oxu.Az-a a\u00e7\u0131qlamas\u0131nda Seysmoloji Xidm\u0259t M\u0259rk\u0259zinin ba\u015f direktoru\u00a0Qurban Yetirmi\u015fli\u00a0deyib. Onun s\u00f6zl\u0259rin\u0259 g\u00f6r\u0259, z\u0259lz\u0259l\u0259nin Az\u0259rbaycan \u00fc\u00e7\u00fcn da\u011f\u0131d\u0131c\u0131 f\u0259sadlar\u0131 g\u00f6zl\u0259nilmir: \u201cRespublikada g\u00fccl\u00fc, da\u011f\u0131d\u0131c\u0131 z\u0259lz\u0259l\u0259 olmayacaq. Haradasa bunun\u00a0g\u00f6zl\u0259ntisi var, dey\u0259 bilm\u0259rik. X\u0131rda t\u0259kanlar olur, olacaq da. Arabir bu t\u0259kanlar \u0259hali t\u0259r\u0259find\u0259n hiss olunur. Lakin he\u00e7 bir halda bu, a\u011f\u0131r f\u0259sadlara v\u0259 ya b\u0259db\u0259xt hadis\u0259l\u0259r\u0259 g\u0259tirib \u00e7\u0131xara bilm\u0259z. \u018fhali aras\u0131nda bu m\u00f6vzuda h\u0259r hans\u0131 ajiotaj yaradacaq m\u0259lumatlar b\u00f6l\u00fc\u015f\u00fclm\u0259sin\u201d.<\/p>\n","protected":false},"author":2,"featured_media":618381,"comment_status":"closed","ping_status":"closed","sticky":false,"template":"","format":"standard","meta":{"om_disable_all_campaigns":false,"_monsterinsights_skip_tracking":false,"_monsterinsights_sitenote_active":false,"_monsterinsights_sitenote_note":"","_monsterinsights_sitenote_category":0},"categories":[1],"tags":[],"aioseo_notices":[],"gutentor_comment":0,"rttpg_featured_image_url":{"full":["https:\/\/arantv.az\/wp-content\/uploads\/2023\/08\/zelzele-1.jpg",620,413,false],"landscape":["https:\/\/arantv.az\/wp-content\/uploads\/2023\/08\/zelzele-1.jpg",620,413,false],"portraits":["https:\/\/arantv.az\/wp-content\/uploads\/2023\/08\/zelzele-1.jpg",620,413,false],"thumbnail":["https:\/\/arantv.az\/wp-content\/uploads\/2023\/08\/zelzele-1-500x280.jpg",500,280,true],"medium":["https:\/\/arantv.az\/wp-content\/uploads\/2023\/08\/zelzele-1-548x365.jpg",548,365,true],"large":["https:\/\/arantv.az\/wp-content\/uploads\/2023\/08\/zelzele-1.jpg",620,413,false],"1536x1536":["https:\/\/arantv.az\/wp-content\/uploads\/2023\/08\/zelzele-1.jpg",620,413,false],"2048x2048":["https:\/\/arantv.az\/wp-content\/uploads\/2023\/08\/zelzele-1.jpg",620,413,false],"post-thumbnail":["https:\/\/arantv.az\/wp-content\/uploads\/2023\/08\/zelzele-1-240x172.jpg",240,172,true],"advps-thumb-one":["https:\/\/arantv.az\/wp-content\/uploads\/2023\/08\/zelzele-1.jpg",620,413,false]},"rttpg_author":{"display_name":"V\u00fcsal Rafiqo\u011flu","author_link":"https:\/\/arantv.az\/?author=2"},"rttpg_comment":0,"rttpg_category":"<a href=\"https:\/\/arantv.az\/?cat=1\" rel=\"category\">C\u0259miyy\u0259t<\/a>","rttpg_excerpt":"\u201cT\u00fcrkiy\u0259nin Malatya vilay\u0259tind\u0259\u00a0ba\u015f ver\u0259n yeralt\u0131 t\u0259kanlar\u0131n Az\u0259rbaycana he\u00e7 bir t\u0259siri g\u00f6zl\u0259nilmir. \u0130nsanlar aras\u0131nda narahatl\u0131q yaratma\u011fa \u0259sas yoxdur\u201d. Bunu\u00a0Oxu.Az-a a\u00e7\u0131qlamas\u0131nda Seysmoloji Xidm\u0259t M\u0259rk\u0259zinin ba\u015f direktoru\u00a0Qurban Yetirmi\u015fli\u00a0deyib. Onun s\u00f6zl\u0259rin\u0259 g\u00f6r\u0259, z\u0259lz\u0259l\u0259nin Az\u0259rbaycan \u00fc\u00e7\u00fcn da\u011f\u0131d\u0131c\u0131 f\u0259sadlar\u0131 g\u00f6zl\u0259nilmir: \u201cRespublikada g\u00fccl\u00fc, da\u011f\u0131d\u0131c\u0131 z\u0259lz\u0259l\u0259 olmayacaq. Haradasa bunun\u00a0g\u00f6zl\u0259ntisi var, dey\u0259 bilm\u0259rik. X\u0131rda t\u0259kanlar olur, olacaq da. Arabir bu t\u0259kanlar \u0259hali t\u0259r\u0259find\u0259n hiss&hellip;","_links":{"self":[{"href":"https:\/\/arantv.az\/index.php?rest_route=\/wp\/v2\/posts\/618380"}],"collection":[{"href":"https:\/\/arantv.az\/index.php?rest_route=\/wp\/v2\/posts"}],"about":[{"href":"https:\/\/arantv.az\/index.php?rest_route=\/wp\/v2\/types\/post"}],"author":[{"embeddable":true,"href":"https:\/\/arantv.az\/index.php?rest_route=\/wp\/v2\/users\/2"}],"replies":[{"embeddable":true,"href":"https:\/\/arantv.az\/index.php?rest_route=%2Fwp%2Fv2%2Fcomments&post=618380"}],"version-history":[{"count":0,"href":"https:\/\/arantv.az\/index.php?rest_route=\/wp\/v2\/posts\/618380\/revisions"}],"wp:featuredmedia":[{"embeddable":true,"href":"https:\/\/arantv.az\/index.php?rest_route=\/wp\/v2\/media\/618381"}],"wp:attachment":[{"href":"https:\/\/arantv.az\/index.php?rest_route=%2Fwp%2Fv2%2Fmedia&parent=618380"}],"wp:term":[{"taxonomy":"category","embeddable":true,"href":"https:\/\/arantv.az\/index.php?rest_route=%2Fwp%2Fv2%2Fcategories&post=618380"},{"taxonomy":"post_tag","embeddable":true,"href":"https:\/\/arantv.az\/index.php?rest_route=%2Fwp%2Fv2%2Ftags&post=618380"}],"curies":[{"name":"wp","href":"https:\/\/api.w.org\/{rel}","templated":true}]}}