{"id":618386,"date":"2023-08-11T12:05:43","date_gmt":"2023-08-11T08:05:43","guid":{"rendered":"https:\/\/arantv.az\/?p=618386"},"modified":"2023-08-11T12:05:43","modified_gmt":"2023-08-11T08:05:43","slug":"az%c9%99rbaycandan-abs-y%c9%99-qayidan-jurnalist-qarabagda-bas-ver%c9%99nl%c9%99r-dunyanin-hec-yerind%c9%99-yasanmamalidir-foto","status":"publish","type":"post","link":"https:\/\/arantv.az\/?p=618386","title":{"rendered":"Az\u0259rbaycandan AB\u015e-y\u0259 qay\u0131dan jurnalist: \u201cQaraba\u011fda ba\u015f ver\u0259nl\u0259r d\u00fcnyan\u0131n he\u00e7 yerind\u0259 ya\u015fanmamal\u0131d\u0131r\u201d &#8211; FOTO"},"content":{"rendered":"<p>\u201cMina t\u0259hl\u00fck\u0259sizliyi s\u0259b\u0259bi il\u0259 Qaraba\u011fda insanlar\u0131n h\u0259yatlar\u0131n\u0131n t\u0259hl\u00fck\u0259 alt\u0131nda oldu\u011funu, da\u011f\u0131nt\u0131lar\u0131n miqyas\u0131n\u0131 g\u00f6rm\u0259k v\u0259 Az\u0259rbaycan xalq\u0131 il\u0259 \u00fcnsiyy\u0259t\u0259 olmaq m\u0259n\u0259, h\u0259qiq\u0259t\u0259n, bu m\u00fcnaqi\u015f\u0259nin n\u0259 q\u0259d\u0259r ciddi oldu\u011funu ba\u015fa d\u00fc\u015fm\u0259y\u0259 k\u00f6m\u0259k etdi\u201d.<\/p>\n<p>Bunu \u201cReport\u201dun AB\u015e b\u00fcrosuna a\u00e7\u0131qlamas\u0131nda Az\u0259rbaycan\u0131n i\u015f\u011faldan azad edil\u0259n \u0259razil\u0259rind\u0259n yenic\u0259 s\u0259f\u0259rd\u0259n d\u00f6n\u0259n amerikal\u0131 jurnalist, Va\u015finqtonda BBC, CNN v\u0259 \u201c\u018fl C\u0259zir\u0259\u201d kimi kanallarda AB\u015e siyas\u0259ti v\u0259 beyn\u0259lxalq m\u0259s\u0259l\u0259l\u0259rl\u0259 ba\u011fl\u0131 m\u00fcnt\u0259z\u0259m olaraq siyasi \u015f\u0259rh\u00e7i kimi aktiv f\u0259aliyy\u0259t g\u00f6st\u0259r\u0259n Kalvin Dark deyib.<\/p>\n<p>S\u0259f\u0259rl\u0259 ba\u011fl\u0131 t\u0259\u0259ss\u00fcrat\u0131n\u0131 b\u00f6l\u00fc\u015f\u0259n amerikal\u0131 jurnalist bildirib ki, m\u00fcnaqi\u015f\u0259 il\u0259 ba\u011fl\u0131 Amerikadan g\u00f6r\u00fcn\u0259n m\u0259nz\u0259r\u0259 f\u0259rqlidir:<\/p>\n<p>\u201cAmerikada Erm\u0259nistan v\u0259 Az\u0259rbaycan aras\u0131nda uzun ill\u0259r davam etmi\u015f konflikt bar\u0259sind\u0259 m\u00fct\u0259madi olaraq oxusan\u0131z, \u00e7oxsayl\u0131 x\u0259b\u0259rl\u0259r izl\u0259s\u0259niz bel\u0259, h\u0259qiq\u0259ti g\u00f6rm\u0259k \u00e7ox \u00e7\u0259tindir. Orada, videolarda v\u0259 x\u0259b\u0259rl\u0259rd\u0259 oxuduqlar\u0131m\u0131 deyil, m\u00fcnaqi\u015f\u0259nin tamamil\u0259 f\u0259rqli \u00fcz\u00fcn\u00fc g\u00f6rd\u00fcm. Qaraba\u011fa s\u0259f\u0259r etm\u0259k ba\u015f ver\u0259nl\u0259ri daha d\u0259qiq anlama\u011fa k\u00f6m\u0259k etdi. B\u00f6lg\u0259d\u0259 oldu\u011fumuz zaman i\u015f\u011faldan azad olunmu\u015f \u0259razil\u0259ri ba\u015fdan-ba\u015fa g\u0259zm\u0259k v\u0259 ba\u015f ver\u0259nl\u0259ri yax\u0131ndan izl\u0259m\u0259k biz\u0259 konfliktl\u0259 ba\u011fl\u0131 n\u0259z\u0259ri deyil, praktik d\u00fc\u015f\u00fcnm\u0259y\u0259 k\u00f6m\u0259k etdi.<\/p>\n<p><img src=\"https:\/\/cdn.oxu.az\/uploads\/W1siZiIsIjIwMjMvMDgvMTEvMDkvNDcvNDYvOTk2OGY0MmQtMTUyYy00NWJkLWFmMzAtYjgyNjdlOTBiOGNhL2U3MTEzMDk5LWFhZjMtM2JmOC05YWQ3LTQ1ODg5NDAyODc4Ny5qcGciXSxbInAiLCJlbmNvZGUiLCJqcGciLCItcXVhbGl0eSA4MCJdLFsicCIsInRodW1iIiwiNTkweDU5MFx1MDAzZSJdXQ?sha=fa8dd9850e7d80ba\" alt=\"\" \/><\/p>\n<p>Da\u011f\u0131nt\u0131lar\u0131n miqyas\u0131 m\u0259ni \u015foka sald\u0131 v\u0259 v\u0259ziyy\u0259tin bu q\u0259d\u0259r ac\u0131nacaql\u0131 oldu\u011funu d\u00fc\u015f\u00fcnm\u00fcrd\u00fcm. \u018fn \u0259h\u0259miyy\u0259tlisi is\u0259 bu konfliktd\u0259 s\u00fclh\u00fcn vacibliyini v\u0259 m\u00fcnaqi\u015f\u0259nin s\u00fclh yolu il\u0259 h\u0259llinin n\u0259 q\u0259d\u0259r vacib oldu\u011funu daha d\u0259rind\u0259n anlad\u0131m. Qaraba\u011fda ba\u015f ver\u0259nl\u0259r d\u00fcnyan\u0131n he\u00e7 bir yerind\u0259 ya\u015fanmamal\u0131d\u0131r&#8221;.<\/p>\n<p>Jurnalist G\u0259nc\u0259 \u015f\u0259h\u0259rin\u0259 s\u0259f\u0259ri zaman\u0131 qar\u015f\u0131la\u015fd\u0131\u011f\u0131 m\u0259nz\u0259r\u0259d\u0259n d\u0259rin k\u0259d\u0259r hissi ke\u00e7irdiyini deyib:<\/p>\n<p>\u201cG\u0259nc\u0259 \u015f\u0259h\u0259rind\u0259 Erm\u0259nistan\u0131n gec\u0259 vaxt\u0131 g\u00fcnahs\u0131z insanlar\u0131 raketl\u0259 h\u0259d\u0259f ald\u0131\u011f\u0131 \u0259razini ziyar\u0259t etdiyimiz zaman orada ya\u015fananlar\u0131n oldu\u011fu kimi saxlan\u0131lmas\u0131 m\u0259ni \u00e7ox t\u0259sirl\u0259ndirdi. Darmada\u011f\u0131n olan evl\u0259rin v\u0259 \u0259razinin oldu\u011fu kimi m\u00fchafiz\u0259 olunmas\u0131 insana ba\u015f ver\u0259nl\u0259ri daha t\u0259miz g\u00f6rm\u0259y\u0259 v\u0259 hiss etm\u0259y\u0259 k\u00f6m\u0259k edir. Da\u011f\u0131nt\u0131n\u0131n sah\u0259si hadis\u0259nin n\u0259 q\u0259d\u0259r d\u0259h\u015f\u0259tli oldu\u011funu ortaya qoyur.<\/p>\n<p><img src=\"https:\/\/cdn.oxu.az\/uploads\/W1siZiIsIjIwMjMvMDgvMTEvMDkvNDcvNDYvMTk2ZGYxZDktOGE4Ni00ZDM5LWExNTctZTE3N2FiYjM3NzEwL2VhMDFjMWNhLTM5MjYtMzViNS05OGI4LTBiY2QzMGMzYjEyZS5qcGciXSxbInAiLCJlbmNvZGUiLCJqcGciLCItcXVhbGl0eSA4MCJdLFsicCIsInRodW1iIiwiNTkweDU5MFx1MDAzZSJdXQ?sha=48ddc381bb6bac10\" alt=\"\" \/><\/p>\n<p>D\u00fc\u015f\u00fcn\u00fcr\u0259m ki, s\u0259b\u0259b n\u0259 olursa-olsun, m\u00fclk\u00fc \u015f\u0259xsl\u0259r h\u0259d\u0259f se\u00e7ilm\u0259m\u0259li, qurban olaraq g\u00f6r\u00fclm\u0259m\u0259lidirl\u0259r. X\u00fcsusil\u0259, raketl\u0259rin d\u00fc\u015fd\u00fcy\u00fc evl\u0259rin i\u00e7ind\u0259 \u0259m\u0259l\u0259 g\u0259l\u0259n n\u0259h\u0259ng bo\u015fluqlar\u0131, \u0259trafa s\u0259p\u0259l\u0259nmi\u015f u\u015faq oyuncaqlar\u0131n\u0131 g\u00f6rd\u00fcy\u00fcm zaman, h\u0259qiq\u0259t\u0259n, Erm\u0259nistan\u0131n niy\u0259 h\u0259min \u0259razini h\u0259d\u0259f olaraq se\u00e7diyin\u0259 \u0259sla anlam ver\u0259 bilm\u0259dim v\u0259 d\u00fc\u015f\u00fcnd\u00fcm ki, m\u00fcnaqi\u015f\u0259nin ortas\u0131nda bel\u0259, bu hadis\u0259 \u0259sla olmamal\u0131 idi.<\/p>\n<p>Orada \u00f6ld\u00fcr\u00fcl\u0259n insanlar\u0131n, x\u00fcsus\u0259n d\u0259 u\u015faqlar\u0131n he\u00e7 bir g\u00fcnah\u0131 yox idi. Onlar h\u0259d\u0259f\u0259 al\u0131n\u0131blar. Bunu s\u00f6yl\u0259m\u0259k, sad\u0259c\u0259, bir xat\u0131rlatmad\u0131r ki, bu add\u0131m beyn\u0259lxalq h\u00fcquqa ziddir v\u0259 q\u0259bulolunmazd\u0131r\u201d.<\/p>\n<p><img src=\"https:\/\/cdn.oxu.az\/uploads\/W1siZiIsIjIwMjMvMDgvMTEvMDkvNDcvNDYvNmE1ZTcwNzItZDZiNy00NzE4LThlNDItMWRlODNkMWRmMTE0LzY4ZTk4YzA3LWQ1Y2ItMzg5YS1iMzNmLWEzYjE2NmIyZWViOS5qcGciXSxbInAiLCJlbmNvZGUiLCJqcGciLCItcXVhbGl0eSA4MCJdLFsicCIsInRodW1iIiwiNTkweDU5MFx1MDAzZSJdXQ?sha=fcf1f713a42f91e7\" alt=\"\" \/><\/p>\n<p>D\u00fcnyan\u0131n bir \u00e7ox yerl\u0259rind\u0259 m\u00fcnaqi\u015f\u0259 b\u00f6lg\u0259l\u0259rini ziyar\u0259t ed\u0259n K.Dark Erm\u0259nistan\u0131n mina x\u0259rit\u0259l\u0259rinin Az\u0259rbaycana t\u0259hvil verm\u0259sinin vacibliyin\u0259 diqq\u0259t \u00e7\u0259kib:<\/p>\n<p>\u201cQaraba\u011fa s\u0259f\u0259rd\u0259 ilk d\u0259f\u0259 idi ki, m\u0259n minalar\u0131n z\u0259r\u0259rsizl\u0259\u015fdirilm\u0259si prosesini yax\u0131ndan izl\u0259dim. Bir t\u0259r\u0259fd\u0259n, bu prosesin n\u0259 q\u0259d\u0259r t\u0259hl\u00fck\u0259li oldu\u011funu, dig\u0259r t\u0259r\u0259fd\u0259n is\u0259 b\u00f6lg\u0259nin erm\u0259nil\u0259r t\u0259r\u0259find\u0259n basd\u0131r\u0131lm\u0131\u015f minalardan t\u0259mizl\u0259nm\u0259sinin vacib oldu\u011funu d\u00fc\u015f\u00fcnd\u00fcm. G\u00f6rd\u00fckl\u0259rim \u00e7ox t\u0259sirli idi v\u0259 bu minalarla ba\u011fl\u0131 h\u0259r hans\u0131 bir insan itkisi d\u0259h\u015f\u0259tlidir. Hesab edir\u0259m ki, n\u0259 olursa-olsun, mina x\u0259rit\u0259l\u0259ri verilm\u0259lidir. Az\u0259rbaycan r\u0259smil\u0259ri Erm\u0259nistanda mina x\u0259rit\u0259l\u0259rinin oldu\u011funu deyirl\u0259r v\u0259 b\u00f6lg\u0259d\u0259 mina t\u0259hl\u00fck\u0259sizliyinin b\u0259rpas\u0131 \u00fc\u00e7\u00fcn Erm\u0259nistan\u0131n h\u0259min x\u0259rit\u0259l\u0259ri Az\u0259rbaycan t\u0259r\u0259fin\u0259 verm\u0259si vacibdir.<\/p>\n<p>Minalar s\u0259b\u0259bi il\u0259 Qaraba\u011fda ya\u015fayan v\u0259 oraya g\u0259l\u0259c\u0259k insanlar\u0131n h\u0259yat\u0131 t\u0259hl\u00fck\u0259d\u0259dir. B\u00f6lg\u0259d\u0259ki v\u0259ziyy\u0259t insanlar\u0131n h\u0259yat\u0131n\u0131 t\u0259hdid edir. Az\u0259rbaycan d\u00f6vl\u0259tinin r\u0259smil\u0259ri b\u00f6lg\u0259nin minalardan t\u0259mizl\u0259nm\u0259sinin uzun ill\u0259r \u00e7\u0259k\u0259c\u0259yini deyirl\u0259r. D\u00f6vl\u0259t r\u0259smil\u0259ri v\u0259 yerli xalqla s\u00f6hb\u0259tl\u0259rimd\u0259n yola \u00e7\u0131xaraq onu dey\u0259 bil\u0259r\u0259m ki, t\u0259cili olaraq b\u00f6lg\u0259d\u0259 qal\u0131c\u0131 s\u00fclh yarad\u0131lmal\u0131d\u0131r.<\/p>\n<p><img src=\"https:\/\/cdn.oxu.az\/uploads\/W1siZiIsIjIwMjMvMDgvMTEvMDkvNDcvNDYvNmE1ZTcwNzItZDZiNy00NzE4LThlNDItMWRlODNkMWRmMTE0LzY4ZTk4YzA3LWQ1Y2ItMzg5YS1iMzNmLWEzYjE2NmIyZWViOS5qcGciXSxbInAiLCJlbmNvZGUiLCJqcGciLCItcXVhbGl0eSA4MCJdLFsicCIsInRodW1iIiwiNTkweDU5MFx1MDAzZSJdXQ?sha=fcf1f713a42f91e7\" alt=\"\" \/><\/p>\n<p>Bunun bir q\u0259d\u0259r m\u00fcr\u0259kk\u0259b m\u0259s\u0259l\u0259 oldu\u011funun v\u0259 h\u0259r iki t\u0259r\u0259fin bir \u00e7ox m\u00f6vzularda ortaq raz\u0131l\u0131qlara g\u0259lm\u0259sinin t\u0259l\u0259b olundu\u011funun f\u0259rqind\u0259y\u0259m. H\u0259r bir m\u00fcnaqi\u015f\u0259 f\u0259rqlidir, ancaq orada m\u0259nim diqq\u0259timi \u00e7\u0259k\u0259n \u0259sas m\u0259qam ondan ibar\u0259t oldu ki, m\u00fcharib\u0259 bits\u0259 d\u0259, b\u00f6lg\u0259 aktiv v\u0259ziyy\u0259t\u0259 malikdir. Az\u0259rbaycan v\u0259 Erm\u0259nistan aras\u0131nda ba\u015f ver\u0259n m\u00fcnaqi\u015f\u0259d\u0259 x\u00fcsusil\u0259 m\u00fclki insanlar\u0131n h\u0259d\u0259fd\u0259 olmas\u0131 m\u00fcnaqi\u015f\u0259nin ciddiliyini art\u0131r\u0131r. Ona g\u00f6r\u0259 d\u0259 hesab edir\u0259m ki, t\u0259cili s\u00fclh raz\u0131la\u015fmas\u0131 vacibdir\u201d.<\/p>\n<p>B\u00f6lg\u0259d\u0259 davam ed\u0259n yenid\u0259nqurma i\u015fl\u0259rind\u0259n d\u0259 s\u00f6z a\u00e7an K.Dark deyir ki, prosesin s\u00fcr\u0259tl\u0259nm\u0259si v\u0259 xalq\u0131n \u00f6z yurd-yuvas\u0131na qay\u0131tmas\u0131 \u00fc\u00e7\u00fcn mina probleminin s\u00fcr\u0259tli h\u0259lli vacibdir:<\/p>\n<p>\u201cBiz b\u00f6lg\u0259d\u0259 davam ed\u0259n yenid\u0259nqurma i\u015fl\u0259ri il\u0259 d\u0259 tan\u0131\u015f olduq. Prosesin s\u00fcr\u0259tl\u0259ndirilm\u0259si \u00fc\u00e7\u00fcn t\u0259r\u0259fl\u0259r \u00f6z \u00f6hd\u0259likl\u0259rin\u0259 \u0259m\u0259l etm\u0259li, mina x\u0259rit\u0259l\u0259ri \u0259ld\u0259 olunmal\u0131, \u0259n \u0259sas\u0131 &#8211; insanlar\u0131 t\u0259hl\u00fck\u0259sizliyi t\u0259min olunmal\u0131d\u0131r\u201d.<\/p>\n<p><img src=\"https:\/\/cdn.oxu.az\/uploads\/W1siZiIsIjIwMjMvMDgvMTEvMDkvNDcvNDUvMDQ4YWUzYTctMTg3OS00NDE0LTk3YmUtNTQ4ZDUxMTdkMjcyLzgwOWEzYThlLTliNjktM2RkNi04YmI2LWQxOTE5MGUxN2MzZi5qcGciXSxbInAiLCJlbmNvZGUiLCJqcGciLCItcXVhbGl0eSA4MCJdLFsicCIsInRodW1iIiwiNTkweDU5MFx1MDAzZSJdXQ?sha=f7d52c2acfded69f\" alt=\"\" \/><\/p>\n","protected":false},"excerpt":{"rendered":"<p>\u201cMina t\u0259hl\u00fck\u0259sizliyi s\u0259b\u0259bi il\u0259 Qaraba\u011fda insanlar\u0131n h\u0259yatlar\u0131n\u0131n t\u0259hl\u00fck\u0259 alt\u0131nda oldu\u011funu, da\u011f\u0131nt\u0131lar\u0131n miqyas\u0131n\u0131 g\u00f6rm\u0259k v\u0259 Az\u0259rbaycan xalq\u0131 il\u0259 \u00fcnsiyy\u0259t\u0259 olmaq m\u0259n\u0259, h\u0259qiq\u0259t\u0259n, bu m\u00fcnaqi\u015f\u0259nin n\u0259 q\u0259d\u0259r ciddi oldu\u011funu ba\u015fa d\u00fc\u015fm\u0259y\u0259 k\u00f6m\u0259k etdi\u201d. Bunu \u201cReport\u201dun AB\u015e b\u00fcrosuna a\u00e7\u0131qlamas\u0131nda Az\u0259rbaycan\u0131n i\u015f\u011faldan azad edil\u0259n \u0259razil\u0259rind\u0259n yenic\u0259 s\u0259f\u0259rd\u0259n d\u00f6n\u0259n amerikal\u0131 jurnalist, Va\u015finqtonda BBC, CNN v\u0259 \u201c\u018fl C\u0259zir\u0259\u201d kimi kanallarda AB\u015e siyas\u0259ti v\u0259 beyn\u0259lxalq m\u0259s\u0259l\u0259l\u0259rl\u0259 ba\u011fl\u0131 m\u00fcnt\u0259z\u0259m olaraq siyasi \u015f\u0259rh\u00e7i kimi aktiv f\u0259aliyy\u0259t g\u00f6st\u0259r\u0259n Kalvin Dark deyib. S\u0259f\u0259rl\u0259 ba\u011fl\u0131 t\u0259\u0259ss\u00fcrat\u0131n\u0131 b\u00f6l\u00fc\u015f\u0259n amerikal\u0131 jurnalist bildirib ki, m\u00fcnaqi\u015f\u0259 il\u0259 ba\u011fl\u0131 Amerikadan g\u00f6r\u00fcn\u0259n m\u0259nz\u0259r\u0259 f\u0259rqlidir: \u201cAmerikada Erm\u0259nistan v\u0259 Az\u0259rbaycan&hellip;<\/p>\n","protected":false},"author":2,"featured_media":618387,"comment_status":"closed","ping_status":"closed","sticky":false,"template":"","format":"standard","meta":{"om_disable_all_campaigns":false,"_monsterinsights_skip_tracking":false,"_monsterinsights_sitenote_active":false,"_monsterinsights_sitenote_note":"","_monsterinsights_sitenote_category":0},"categories":[4],"tags":[],"aioseo_notices":[],"gutentor_comment":0,"rttpg_featured_image_url":{"full":["https:\/\/arantv.az\/wp-content\/uploads\/2023\/08\/56b9808e-4c0f-3e31-90d8-110b0437dd48_850.jpg",620,413,false],"landscape":["https:\/\/arantv.az\/wp-content\/uploads\/2023\/08\/56b9808e-4c0f-3e31-90d8-110b0437dd48_850.jpg",620,413,false],"portraits":["https:\/\/arantv.az\/wp-content\/uploads\/2023\/08\/56b9808e-4c0f-3e31-90d8-110b0437dd48_850.jpg",620,413,false],"thumbnail":["https:\/\/arantv.az\/wp-content\/uploads\/2023\/08\/56b9808e-4c0f-3e31-90d8-110b0437dd48_850-500x280.jpg",500,280,true],"medium":["https:\/\/arantv.az\/wp-content\/uploads\/2023\/08\/56b9808e-4c0f-3e31-90d8-110b0437dd48_850-548x365.jpg",548,365,true],"large":["https:\/\/arantv.az\/wp-content\/uploads\/2023\/08\/56b9808e-4c0f-3e31-90d8-110b0437dd48_850.jpg",620,413,false],"1536x1536":["https:\/\/arantv.az\/wp-content\/uploads\/2023\/08\/56b9808e-4c0f-3e31-90d8-110b0437dd48_850.jpg",620,413,false],"2048x2048":["https:\/\/arantv.az\/wp-content\/uploads\/2023\/08\/56b9808e-4c0f-3e31-90d8-110b0437dd48_850.jpg",620,413,false],"post-thumbnail":["https:\/\/arantv.az\/wp-content\/uploads\/2023\/08\/56b9808e-4c0f-3e31-90d8-110b0437dd48_850-240x172.jpg",240,172,true],"advps-thumb-one":["https:\/\/arantv.az\/wp-content\/uploads\/2023\/08\/56b9808e-4c0f-3e31-90d8-110b0437dd48_850.jpg",620,413,false]},"rttpg_author":{"display_name":"V\u00fcsal Rafiqo\u011flu","author_link":"https:\/\/arantv.az\/?author=2"},"rttpg_comment":0,"rttpg_category":"<a href=\"https:\/\/arantv.az\/?cat=4\" rel=\"category\">Siyas\u0259t<\/a>","rttpg_excerpt":"\u201cMina t\u0259hl\u00fck\u0259sizliyi s\u0259b\u0259bi il\u0259 Qaraba\u011fda insanlar\u0131n h\u0259yatlar\u0131n\u0131n t\u0259hl\u00fck\u0259 alt\u0131nda oldu\u011funu, da\u011f\u0131nt\u0131lar\u0131n miqyas\u0131n\u0131 g\u00f6rm\u0259k v\u0259 Az\u0259rbaycan xalq\u0131 il\u0259 \u00fcnsiyy\u0259t\u0259 olmaq m\u0259n\u0259, h\u0259qiq\u0259t\u0259n, bu m\u00fcnaqi\u015f\u0259nin n\u0259 q\u0259d\u0259r ciddi oldu\u011funu ba\u015fa d\u00fc\u015fm\u0259y\u0259 k\u00f6m\u0259k etdi\u201d. Bunu \u201cReport\u201dun AB\u015e b\u00fcrosuna a\u00e7\u0131qlamas\u0131nda Az\u0259rbaycan\u0131n i\u015f\u011faldan azad edil\u0259n \u0259razil\u0259rind\u0259n yenic\u0259 s\u0259f\u0259rd\u0259n d\u00f6n\u0259n amerikal\u0131 jurnalist, Va\u015finqtonda BBC, CNN v\u0259 \u201c\u018fl C\u0259zir\u0259\u201d kimi kanallarda AB\u015e&hellip;","_links":{"self":[{"href":"https:\/\/arantv.az\/index.php?rest_route=\/wp\/v2\/posts\/618386"}],"collection":[{"href":"https:\/\/arantv.az\/index.php?rest_route=\/wp\/v2\/posts"}],"about":[{"href":"https:\/\/arantv.az\/index.php?rest_route=\/wp\/v2\/types\/post"}],"author":[{"embeddable":true,"href":"https:\/\/arantv.az\/index.php?rest_route=\/wp\/v2\/users\/2"}],"replies":[{"embeddable":true,"href":"https:\/\/arantv.az\/index.php?rest_route=%2Fwp%2Fv2%2Fcomments&post=618386"}],"version-history":[{"count":0,"href":"https:\/\/arantv.az\/index.php?rest_route=\/wp\/v2\/posts\/618386\/revisions"}],"wp:featuredmedia":[{"embeddable":true,"href":"https:\/\/arantv.az\/index.php?rest_route=\/wp\/v2\/media\/618387"}],"wp:attachment":[{"href":"https:\/\/arantv.az\/index.php?rest_route=%2Fwp%2Fv2%2Fmedia&parent=618386"}],"wp:term":[{"taxonomy":"category","embeddable":true,"href":"https:\/\/arantv.az\/index.php?rest_route=%2Fwp%2Fv2%2Fcategories&post=618386"},{"taxonomy":"post_tag","embeddable":true,"href":"https:\/\/arantv.az\/index.php?rest_route=%2Fwp%2Fv2%2Ftags&post=618386"}],"curies":[{"name":"wp","href":"https:\/\/api.w.org\/{rel}","templated":true}]}}