{"id":618409,"date":"2023-08-11T13:32:21","date_gmt":"2023-08-11T09:32:21","guid":{"rendered":"https:\/\/arantv.az\/?p=618409"},"modified":"2023-08-11T13:32:21","modified_gmt":"2023-08-11T09:32:21","slug":"vaqnerin-belarusdan-cixmasi-iddiasi-kremlin-m%c9%99xfi-seyfind%c9%99ki-ssenaril%c9%99r-t%c9%99hlil","status":"publish","type":"post","link":"https:\/\/arantv.az\/?p=618409","title":{"rendered":"\u201cVaqner\u201din Belarusdan \u00e7\u0131xmas\u0131 iddias\u0131: Kremlin \u201cm\u0259xfi seyfi\u201dnd\u0259ki ssenaril\u0259r &#8211; T\u018fHL\u0130L"},"content":{"rendered":"<p>\u201cVaqner\u201d Rusiya hakimiyy\u0259tin\u0259 qar\u015f\u0131 qiyama qalxd\u0131qdan v\u0259 neytralla\u015fd\u0131r\u0131ld\u0131qdan sonra onun h\u0259r\u0259k\u0259t trayektoriyas\u0131 \u0259traf\u0131nda qeyri-m\u00fc\u0259yy\u0259n izl\u0259r qal\u0131r.<\/p>\n<p>Birc\u0259 bu d\u0259qiqdir ki, \u201cVaqner\u201d r\u0259hb\u0259ri Yevgeni Priqojinin xeyir-duas\u0131 alt\u0131nda Belarusa yerl\u0259\u015fib, ancaq bu yax\u0131nlarda muzdlular\u0131n Belarusu t\u0259rk etdiyin\u0259 dair d\u0259 informasiyalar yay\u0131ld\u0131.<\/p>\n<p>\u201cVaqner\u201din Belarusdak\u0131 izl\u0259rinin hans\u0131 geosiyasi riskl\u0259r yarada bil\u0259c\u0259yi bar\u0259d\u0259 yaz\u0131m\u0131z olub (<a href=\"https:\/\/oxu.az\/politics\/759971\" target=\"_blank\" rel=\"noopener\">buradan<\/a>\u00a0oxuya bil\u0259rsiniz), bu d\u0259f\u0259 is\u0259 Priqojinin s\u0259daq\u0259tli \u0259sg\u0259rl\u0259rinin h\u0259r\u0259k\u0259t mar\u015frutunda d\u0259yi\u015fiklik edib yenid\u0259n Rusiyaya yerl\u0259\u015f\u0259 bil\u0259c\u0259kl\u0259ri bar\u0259d\u0259ki informasiyalar\u0131 \u015f\u0259rh etm\u0259y\u0259 \u00e7al\u0131\u015faca\u011f\u0131q.<\/p>\n<p>\u201cVaqner\u201d qrupunun Belarusdan \u00e7\u0131xmas\u0131 bar\u0259d\u0259ki iddialar v\u0259 ya f\u0259rziyy\u0259l\u0259rin m\u00f6vcudlu\u011fu Rusiya-Belarus-\u201cVaqner\u201d oxundak\u0131 s\u00f6vd\u0259l\u0259\u015fm\u0259 aspektl\u0259rinin tam \u015f\u0259kild\u0259 yerin\u0259 yetirilm\u0259diyin\u0259 d\u0259lal\u0259t edir.<\/p>\n<p>Bu, AB\u015e v\u0259 B\u00f6y\u00fck Britaniya k\u0259\u015ffiyyatlar\u0131n\u0131n birg\u0259 \u201c\u0259l i\u015fi\u201d kimi ortaya \u00e7\u0131xar\u0131lan m\u0259lumatlar kimi g\u00f6r\u00fcn\u00fcr v\u0259 h\u0259qiqiliyi bar\u0259d\u0259 \u015f\u00fcbh\u0259l\u0259r o q\u0259d\u0259r d\u0259 y\u00fcks\u0259k s\u0259viyy\u0259d\u0259 deyil. H\u0259r\u00e7\u0259nd ki, Rusiya m\u0259nb\u0259l\u0259rind\u0259 d\u0259 analoji informasiyalar d\u00f6vriyy\u0259d\u0259dir \u2013 h\u0259r halda, kim \u0259lini hans\u0131 gizli seyf\u0259 sal\u0131b, oradan n\u0259 \u00e7\u0131xar\u0131b, d\u0259qiq deyil.<\/p>\n<p>Ara\u015fd\u0131rmalarla is\u0259 cari v\u0259ziyy\u0259td\u0259 \u201cVaqner\u201d qrupunun Belarusu t\u0259rk etm\u0259diyi, \u0259ksin\u0259, orada f\u0259alla\u015fmas\u0131n\u0131n m\u00fc\u015fahid\u0259 edildiyi \u00fcz\u0259 \u00e7\u0131x\u0131r.<\/p>\n<p>Ancaq ist\u0259nil\u0259n bir v\u0259ziyy\u0259td\u0259 \u201cVaqner\u201din g\u0259l\u0259c\u0259yi sual alt\u0131ndad\u0131r, onun haraya yerl\u0259\u015f\u0259c\u0259yi, hans\u0131 missiyalar yerin\u0259 yetir\u0259c\u0259yi, bunlar olmasa is\u0259 l\u0259\u011fvi m\u00fczakir\u0259 edil\u0259n ssenaril\u0259r s\u0131ras\u0131ndad\u0131r.<\/p>\n<p>Birc\u0259 bu ayd\u0131n g\u00f6z\u0259 \u00e7arp\u0131r ki, Rusiya Prezidenti Vladimir Putin \u201cVaqner\u201di format etm\u0259k s\u0259yl\u0259rini davam etdirir, lakin muzdlular\u0131n lideri Priqojin d\u0259 Kremlin c\u0131zd\u0131\u011f\u0131 ssenari \u00fczr\u0259 bo\u015fluqlara d\u00fc\u015f\u00fcb \u00e7abalamaq ist\u0259mir.<\/p>\n<p>Putin \u201cVaqner\u201d personal\u0131n\u0131 Rusiya-Ukrayna m\u00fcharib\u0259sinin \u201c\u00f6vlad\u0131\u201d olan Pol\u015fa-Belarus g\u0259rginliyinin \u00fcz\u0259rin\u0259 k\u00f6\u00e7\u00fcr\u00fcb, Q\u0259rb\u0259 qar\u015f\u0131 \u015fantaj vasit\u0259si kimi b\u00f6y\u00fctm\u0259y\u0259 c\u0259hd g\u00f6st\u0259r\u0259 bil\u0259r.<\/p>\n<p>Rusiya m\u00fcmk\u00fcn Pol\u015fa-Belarus eskalasiyas\u0131 zaman\u0131 Rusiyan\u0131n regiona m\u00fcdaxil\u0259 imkanlar\u0131n\u0131 art\u0131rmaq \u00fc\u00e7\u00fcn \u201cVaqner\u201di Pol\u015fa \u201c\u00fcz\u0259rin\u0259 s\u0259lib y\u00fcr\u00fc\u015f\u00fcn\u0259 haz\u0131rlamaqda\u201d maraql\u0131 g\u00f6r\u00fcn\u00fcr, bunun izind\u0259 is\u0259 ortaya ba\u015fqa bir sual da \u00e7\u0131x\u0131r.<\/p>\n<p>G\u00f6r\u0259s\u0259n, Rusiya Belarus \u0259razisind\u0259n Kiyev\u0259 yenid\u0259n h\u00fccuma haz\u0131rla\u015f\u0131rm\u0131? Bunun a\u015fkar \u0259lam\u0259tl\u0259ri g\u00f6z\u0259 \u00e7arpm\u0131r, \u00fcmumiyy\u0259tl\u0259, Moskvan\u0131n Ukrayna paytaxt\u0131na yenid\u0259n h\u00fccumu onun itkil\u0259ri fonunda real g\u00f6r\u00fcnm\u00fcr, ancaq gedi\u015fatlar oxlar\u0131 d\u0259yi\u015f\u0259 d\u0259 bil\u0259r.<\/p>\n<p>H\u0259r bir v\u0259ziyy\u0259td\u0259 Rusiyan\u0131n \u201cVaqner\u201d personal\u0131 \u00fc\u00e7\u00fcn m\u00fc\u0259yy\u0259n kurs ir\u0259li s\u00fcrd\u00fcy\u00fcn\u00fc qeyd etm\u0259k olar. Bu v\u0259ziyy\u0259t Priqojinin ip\u0259-sapa yatmamas\u0131 fonunda getdikc\u0259 m\u00fcr\u0259kk\u0259bl\u0259\u015f\u0259n dinamik h\u0259r\u0259k\u0259tl\u0259ri meydana \u00e7\u0131xarmaq g\u00fcc\u00fcnd\u0259dir. \u00c7\u00fcnki Priqojinin Rusiya m\u00fcdafi\u0259 naziri Sergey \u015eoyqu v\u0259 ba\u015f q\u0259rargah r\u0259isi Valeri Gerasimova qar\u015f\u0131 temperamentin\u0259 uy\u011fun olaraq Putin t\u0259r\u0259find\u0259n h\u0259lledici add\u0131m at\u0131lmay\u0131b.<\/p>\n<p>\u00dcmumilikd\u0259 Moskva Rusiya-Belarus-\u201cVaqner\u201d oxunda yarana bil\u0259c\u0259k xaotik durumu \u00f6z\u00fc t\u0259r\u0259find\u0259n idar\u0259edil\u0259n s\u0259viyy\u0259d\u0259 saxlamaq \u00fc\u00e7\u00fcn planlar\u0131 da u\u00e7urumdan a\u015fa\u011f\u0131 yuvarlamay\u0131b.<\/p>\n<p>\u201cVaqner\u201d format\u0131 il\u0259 ba\u011fl\u0131 uzunm\u00fcdd\u0259tli d\u00f6vr \u00fc\u00e7\u00fcn proqnoz s\u0259sl\u0259ndirm\u0259k \u00e7\u0259tin olsa da, cari v\u0259ziyy\u0259td\u0259n \u00e7\u0131x\u0131\u015f edib yax\u0131n vaxtlar \u00fc\u00e7\u00fcn m\u00fc\u0259yy\u0259n fikirl\u0259r s\u00f6yl\u0259m\u0259k m\u00fcmk\u00fcnd\u00fcr.<\/p>\n<p>B\u00f6y\u00fck ehtimalla \u201cVaqner\u201d Belarusda m\u00f6vcudlu\u011funu davam etdir\u0259r\u0259k Moskva-Minsk ittifaq\u0131n\u0131n Pol\u015faya qar\u015f\u0131 \u015fantaj elementi kimi qalacaq.<\/p>\n<p><img src=\"https:\/\/cdn.oxu.az\/uploads\/W1siZiIsIjIwMjMvMDgvMTEvMTEvMzMvMDAvZWFkOGExNTMtNzRjOC00OGY0LWJkYjMtNmEzMWFlYTgyMDc2L19SVUYwODM3bG9nby5qcGciXSxbInAiLCJlbmNvZGUiLCJqcGciLCItcXVhbGl0eSA4MCJdLFsicCIsInRodW1iIiwiNTkweDU5MFx1MDAzZSJdXQ?sha=9c1ea1f1c3c586dc\" alt=\"\" \/><\/p>\n","protected":false},"excerpt":{"rendered":"<p>\u201cVaqner\u201d Rusiya hakimiyy\u0259tin\u0259 qar\u015f\u0131 qiyama qalxd\u0131qdan v\u0259 neytralla\u015fd\u0131r\u0131ld\u0131qdan sonra onun h\u0259r\u0259k\u0259t trayektoriyas\u0131 \u0259traf\u0131nda qeyri-m\u00fc\u0259yy\u0259n izl\u0259r qal\u0131r. Birc\u0259 bu d\u0259qiqdir ki, \u201cVaqner\u201d r\u0259hb\u0259ri Yevgeni Priqojinin xeyir-duas\u0131 alt\u0131nda Belarusa yerl\u0259\u015fib, ancaq bu yax\u0131nlarda muzdlular\u0131n Belarusu t\u0259rk etdiyin\u0259 dair d\u0259 informasiyalar yay\u0131ld\u0131. \u201cVaqner\u201din Belarusdak\u0131 izl\u0259rinin hans\u0131 geosiyasi riskl\u0259r yarada bil\u0259c\u0259yi bar\u0259d\u0259 yaz\u0131m\u0131z olub (buradan\u00a0oxuya bil\u0259rsiniz), bu d\u0259f\u0259 is\u0259 Priqojinin s\u0259daq\u0259tli \u0259sg\u0259rl\u0259rinin h\u0259r\u0259k\u0259t mar\u015frutunda d\u0259yi\u015fiklik edib yenid\u0259n Rusiyaya yerl\u0259\u015f\u0259 bil\u0259c\u0259kl\u0259ri bar\u0259d\u0259ki informasiyalar\u0131 \u015f\u0259rh etm\u0259y\u0259 \u00e7al\u0131\u015faca\u011f\u0131q. \u201cVaqner\u201d qrupunun Belarusdan \u00e7\u0131xmas\u0131 bar\u0259d\u0259ki iddialar v\u0259 ya f\u0259rziyy\u0259l\u0259rin m\u00f6vcudlu\u011fu Rusiya-Belarus-\u201cVaqner\u201d oxundak\u0131 s\u00f6vd\u0259l\u0259\u015fm\u0259 aspektl\u0259rinin tam \u015f\u0259kild\u0259 yerin\u0259 yetirilm\u0259diyin\u0259 d\u0259lal\u0259t&hellip;<\/p>\n","protected":false},"author":2,"featured_media":618411,"comment_status":"closed","ping_status":"closed","sticky":false,"template":"","format":"standard","meta":{"om_disable_all_campaigns":false,"_monsterinsights_skip_tracking":false,"_monsterinsights_sitenote_active":false,"_monsterinsights_sitenote_note":"","_monsterinsights_sitenote_category":0},"categories":[4],"tags":[],"aioseo_notices":[],"gutentor_comment":0,"rttpg_featured_image_url":{"full":["https:\/\/arantv.az\/wp-content\/uploads\/2023\/08\/FotoJet-35.jpg",620,413,false],"landscape":["https:\/\/arantv.az\/wp-content\/uploads\/2023\/08\/FotoJet-35.jpg",620,413,false],"portraits":["https:\/\/arantv.az\/wp-content\/uploads\/2023\/08\/FotoJet-35.jpg",620,413,false],"thumbnail":["https:\/\/arantv.az\/wp-content\/uploads\/2023\/08\/FotoJet-35-500x280.jpg",500,280,true],"medium":["https:\/\/arantv.az\/wp-content\/uploads\/2023\/08\/FotoJet-35-548x365.jpg",548,365,true],"large":["https:\/\/arantv.az\/wp-content\/uploads\/2023\/08\/FotoJet-35.jpg",620,413,false],"1536x1536":["https:\/\/arantv.az\/wp-content\/uploads\/2023\/08\/FotoJet-35.jpg",620,413,false],"2048x2048":["https:\/\/arantv.az\/wp-content\/uploads\/2023\/08\/FotoJet-35.jpg",620,413,false],"post-thumbnail":["https:\/\/arantv.az\/wp-content\/uploads\/2023\/08\/FotoJet-35-240x172.jpg",240,172,true],"advps-thumb-one":["https:\/\/arantv.az\/wp-content\/uploads\/2023\/08\/FotoJet-35.jpg",620,413,false]},"rttpg_author":{"display_name":"V\u00fcsal Rafiqo\u011flu","author_link":"https:\/\/arantv.az\/?author=2"},"rttpg_comment":0,"rttpg_category":"<a href=\"https:\/\/arantv.az\/?cat=4\" rel=\"category\">Siyas\u0259t<\/a>","rttpg_excerpt":"\u201cVaqner\u201d Rusiya hakimiyy\u0259tin\u0259 qar\u015f\u0131 qiyama qalxd\u0131qdan v\u0259 neytralla\u015fd\u0131r\u0131ld\u0131qdan sonra onun h\u0259r\u0259k\u0259t trayektoriyas\u0131 \u0259traf\u0131nda qeyri-m\u00fc\u0259yy\u0259n izl\u0259r qal\u0131r. Birc\u0259 bu d\u0259qiqdir ki, \u201cVaqner\u201d r\u0259hb\u0259ri Yevgeni Priqojinin xeyir-duas\u0131 alt\u0131nda Belarusa yerl\u0259\u015fib, ancaq bu yax\u0131nlarda muzdlular\u0131n Belarusu t\u0259rk etdiyin\u0259 dair d\u0259 informasiyalar yay\u0131ld\u0131. \u201cVaqner\u201din Belarusdak\u0131 izl\u0259rinin hans\u0131 geosiyasi riskl\u0259r yarada bil\u0259c\u0259yi bar\u0259d\u0259 yaz\u0131m\u0131z olub (buradan\u00a0oxuya bil\u0259rsiniz), bu d\u0259f\u0259 is\u0259&hellip;","_links":{"self":[{"href":"https:\/\/arantv.az\/index.php?rest_route=\/wp\/v2\/posts\/618409"}],"collection":[{"href":"https:\/\/arantv.az\/index.php?rest_route=\/wp\/v2\/posts"}],"about":[{"href":"https:\/\/arantv.az\/index.php?rest_route=\/wp\/v2\/types\/post"}],"author":[{"embeddable":true,"href":"https:\/\/arantv.az\/index.php?rest_route=\/wp\/v2\/users\/2"}],"replies":[{"embeddable":true,"href":"https:\/\/arantv.az\/index.php?rest_route=%2Fwp%2Fv2%2Fcomments&post=618409"}],"version-history":[{"count":0,"href":"https:\/\/arantv.az\/index.php?rest_route=\/wp\/v2\/posts\/618409\/revisions"}],"wp:featuredmedia":[{"embeddable":true,"href":"https:\/\/arantv.az\/index.php?rest_route=\/wp\/v2\/media\/618411"}],"wp:attachment":[{"href":"https:\/\/arantv.az\/index.php?rest_route=%2Fwp%2Fv2%2Fmedia&parent=618409"}],"wp:term":[{"taxonomy":"category","embeddable":true,"href":"https:\/\/arantv.az\/index.php?rest_route=%2Fwp%2Fv2%2Fcategories&post=618409"},{"taxonomy":"post_tag","embeddable":true,"href":"https:\/\/arantv.az\/index.php?rest_route=%2Fwp%2Fv2%2Ftags&post=618409"}],"curies":[{"name":"wp","href":"https:\/\/api.w.org\/{rel}","templated":true}]}}